{"id":27477,"date":"2013-12-17T02:49:41","date_gmt":"2013-12-17T07:49:41","guid":{"rendered":"http:\/\/akunq.net\/tr\/?p=27477"},"modified":"2013-12-17T02:49:41","modified_gmt":"2013-12-17T07:49:41","slug":"rektor-bizans-hamami-uzerine-ek-bina-yapmak-istiyor","status":"publish","type":"post","link":"https:\/\/akunq.net\/tr\/?p=27477","title":{"rendered":"Rekt\u00f6r, Bizans hamam\u0131 \u00fczerine ek bina yapmak istiyor"},"content":{"rendered":"<p style=\"text-align: justify;\"><b><i><a href=\"http:\/\/akunq.net\/tr\/wp-content\/uploads\/2013\/12\/Bizans-hamam\u0131.jpg\"><img loading=\"lazy\" decoding=\"async\" class=\"alignright size-medium wp-image-27478\" alt=\"Bizans hamam\u0131\" src=\"http:\/\/akunq.net\/tr\/wp-content\/uploads\/2013\/12\/Bizans-hamam\u0131-300x217.jpg\" width=\"300\" height=\"217\" srcset=\"https:\/\/akunq.net\/tr\/wp-content\/uploads\/sites\/6\/2013\/12\/Bizans-hamam\u0131-300x217.jpg 300w, https:\/\/akunq.net\/tr\/wp-content\/uploads\/sites\/6\/2013\/12\/Bizans-hamam\u0131.jpg 552w\" sizes=\"auto, (max-width: 300px) 100vw, 300px\" \/><\/a>Tophane\u2019de Mimar Sinan G\u00fczel Sanatlar \u00dcniversitesi\u2019ne ek bina yap\u0131lmak istenen arsada 6-7. y\u00fczy\u0131l Bizans hamam\u0131 bulundu. Rekt\u00f6r Karaya\u011f\u0131z, \u201cLahit d\u0131\u015f\u0131nda bir \u015fey \u00e7\u0131kmad\u0131, ondan da memleketin her taraf\u0131nda var\u201d dedi. Arkeologlar Derne\u011fi ise alan\u0131n arkeo-park olarak korunmas\u0131 i\u00e7in kampanya ba\u015flatt\u0131.<\/i><\/b><\/p>\n<p style=\"text-align: justify;\">Radikal gazetesinden Elif \u0130nce\u2019nin haberine g\u00f6re, Tophane\u2019de 1946\u2019da y\u0131k\u0131lan \u2018\u0130malat-\u0131 Harbiye Usta Mektebi\u2019 binas\u0131n\u0131n ihya edilmek istendi\u011fi arsada ge\u00e7en yazdan beri \u0130stanbul Arkeoloji M\u00fczesi taraf\u0131ndan s\u00fcrd\u00fcr\u00fclen kaz\u0131, \u00e7\u00f6kme tehlikesine kar\u015f\u0131 g\u00fc\u00e7lendirme yap\u0131lmas\u0131 i\u00e7in durduruldu. Top\u00e7u K\u0131\u015flas\u0131 benzeri tart\u0131\u015fmal\u0131 ihya projesi tamamland\u0131\u011f\u0131nda Mimar Sinan G\u00fczel Sanatlar \u00dcniversitesi\u2019nin (MSGS\u00dc) kullan\u0131m\u0131na sunulacak ve i\u00e7inde Mimar Sinan\u2019\u0131n eserlerinin maketleri sergilenecekti. \u0130n\u015faat\u0131n yap\u0131l\u0131p yap\u0131lmayaca\u011f\u0131n\u0131n kesinle\u015fmesi i\u00e7in kaz\u0131n\u0131n sonlanmas\u0131 ve Koruma Kurulu\u2019nun karar\u0131 bekleniyordu. Hen\u00fcz yakla\u015f\u0131k \u00fc\u00e7te biri kaz\u0131labilen araziden 6-7. y\u00fczy\u0131l Erken Bizans\u2019tan kalma bir hamama ait oldu\u011fu d\u00fc\u015f\u00fcn\u00fclen beyaz mermer d\u00f6\u015feli bir havuz, hamam\u0131 \u0131s\u0131tmak i\u00e7in kullan\u0131lan \u2018k\u00fclhan\u2019 ve at\u0131ksu kanallar\u0131 bulundu. Yap\u0131n\u0131n duvarlar\u0131ndan birinin i\u00e7ine g\u00f6m\u00fcl\u00fc vaziyette 4-5. y\u00fczy\u0131ldan kalma mermer bir Bizans lahti de bulunmu\u015ftu.<\/p>\n<p style=\"text-align: justify;\"><b>\u2018Kaz\u0131lacak bir \u015fey yok\u2019<\/b><\/p>\n<p style=\"text-align: justify;\">\u0130stanbul Arkeoloji M\u00fczesi, \u00e7\u00f6kme tehlikesi oldu\u011fu anla\u015f\u0131lan arazide kaz\u0131ya devam etmek i\u00e7in koruma kurulundan g\u00fc\u00e7lendirme onay\u0131 beklerken MSGS\u00dc Rekt\u00f6r\u00fc Prof. Dr. Yal\u00e7\u0131n Karaya\u011f\u0131z, kaz\u0131n\u0131n bitti\u011fi y\u00f6n\u00fcnde bilgilendirdi\u011fini \u00f6ne s\u00fcrd\u00fc.<\/p>\n<p style=\"text-align: justify;\">Karaya\u011f\u0131z, \u201cBana s\u00f6ylenen arkeolojik kaz\u0131 tamamland\u0131. \u00c7al\u0131\u015fmalar durunca \u2018Ne oldu?\u2019 diye sordum, \u2018Kaz\u0131lacak bir yer yok, arkeoloji bilimi a\u00e7\u0131s\u0131ndan heyecans\u0131z bir kaz\u0131 yapt\u0131k, lahit d\u0131\u015f\u0131nda hi\u00e7bir \u015fey \u00e7\u0131kmad\u0131\u2019 dedi arkeologlar. Bir yaygara g\u00fcr\u00fclt\u00fc koptu, \u2018Rekt\u00f6r nereden biliyor, kendi alan\u0131 d\u0131\u015f\u0131nda konu\u015fuyor\u2019 dediler. Kilise de yok konak saray da bilmem ne de yok, hi\u00e7bir \u015fey yok. Evet, bir tane lahit \u00e7\u0131kt\u0131. O lahit memleketin her taraf\u0131nda da\u011f ba\u015flar\u0131nda da var. Arkeologlar \u015fimdi kendilerini sorgulas\u0131nlar\u201d dedi.<\/p>\n<p style=\"text-align: justify;\">Frans\u0131z Anadolu Ara\u015ft\u0131rmalar\u0131 Enstit\u00fcs\u00fc\u2019nden (IFEA) Arkeolog Aksel Tibet ise, sahan\u0131n kaz\u0131lmayan \u00fc\u00e7te ikilik b\u00f6l\u00fcm\u00fcnde yap\u0131n\u0131n devam\u0131na ait duvar ve tonozlar\u0131n g\u00f6r\u00fcld\u00fc\u011f\u00fcn\u00fc belirterek buraya in\u015faat yap\u0131lmas\u0131n\u0131n uluslararas\u0131 koruma anla\u015fmalar\u0131n\u0131n ihlali olaca\u011f\u0131n\u0131 s\u00f6yledi.<\/p>\n<p style=\"text-align: justify;\">Tibet, \u201cYar\u0131mada d\u0131\u015f\u0131nda bilinen az say\u0131daki Bizans kal\u0131nt\u0131lar\u0131ndan biri s\u00f6z konusu. Kaz\u0131lmayan b\u00f6l\u00fcmde toprak \u00fcst\u00fcnde g\u00f6rebildi\u011fimiz duvar ve tonozlar b\u00fcy\u00fck olas\u0131l\u0131kla hamam\u0131n dahil oldu\u011fu bir yap\u0131 kompleksine, manast\u0131r, b\u00fcy\u00fck konut ya da k\u00f6\u015fke i\u015faret ediyor. Bu kal\u0131nt\u0131lar \u00fczerinde in\u015faat \u00e7al\u0131\u015fmas\u0131na giri\u015filmesi T\u00fcrkiye\u2019nin imzalad\u0131\u011f\u0131 b\u00fct\u00fcn uluslararas\u0131 s\u00f6zle\u015fmelere ayk\u0131r\u0131 olur. Bunun \u00fcniversite eliyle yap\u0131lmas\u0131 da tam bir rezalet olur\u2019\u2019 diye konu\u015ftu.<\/p>\n<p style=\"text-align: justify;\">\u0130n\u015faata okuldan da tepki var. MSGS\u00dc \u00d6\u011fretim \u00dcyesi, \u015eehir Planlama B\u00f6l\u00fcm\u00fc Ba\u015fkan\u0131 Prof. G\u00fcl\u015fah \u00d6zayd\u0131n b\u00f6lgenin arkeolojik alan oldu\u011funu belirterek \u201c2009 tarihli Beyo\u011flu Kentsel S\u0130T Alan\u0131 Koruma Ama\u00e7l\u0131 Uygulama \u0130mar Plan\u0131\u2019nda b\u00f6lge, arkeolojik park i\u00e7inde yer al\u0131yor. Arkeolojik bir alanda b\u00f6yle bir yap\u0131n\u0131n y\u00fckselmesi ve bunun imar plan\u0131na i\u015flenmesi yanl\u0131\u015ft\u0131r\u201d dedi. MSGS\u00dc Sanat Tarihi Kul\u00fcb\u00fc \u00f6\u011frencileri de bir bas\u0131n a\u00e7\u0131klamas\u0131 yay\u0131mlayarak alan\u0131n arkeo-park olarak kullan\u0131lmas\u0131n\u0131 talep etti.<\/p>\n<p style=\"text-align: justify;\"><b>\u2018Erken Bizans yap\u0131s\u0131\u2019<\/b><\/p>\n<p style=\"text-align: justify;\">MSGS\u00dc \u00d6\u011fretim G\u00f6revlisi Aykut K\u00f6ksal \u201cTophane\u2019deki kaz\u0131larda, Erken Bizans d\u00f6nemine tarihlenen ve \u00f6nemli bir kompleksin par\u00e7as\u0131 olan bir su yap\u0131s\u0131 ortaya \u00e7\u0131kar\u0131lm\u0131\u015ft\u0131r. Hi\u00e7 ku\u015fkusuz, kaz\u0131lar\u0131n devam\u0131 halinde, bu yap\u0131n\u0131n ait oldu\u011fu komplekse ili\u015fkin de bulgular elde edilecektir. Bu alan\u0131n, koruma plan\u0131nda da tan\u0131mland\u0131\u011f\u0131 gibi \u2018arkeolojik park\u2019 olarak korunup d\u00fczenlenmesi gerekir\u201d dedi.<\/p>\n<p style=\"text-align: justify;\"><b>Arkeo-park olmas\u0131 i\u00e7in imza kampanyas\u0131 ba\u015flat\u0131ld\u0131<\/b><\/p>\n<p style=\"text-align: justify;\">Arkeologlar Derne\u011fi \u0130stanbul \u015eubesi change.org \u00fczerinden bir imza kampanyas\u0131 ba\u015flatarak \u0130malat-\u0131 Harbiye Mektebi projesinden vazge\u00e7ilmesini ve alan\u0131n bir arkeolojik park olarak d\u00fczenlenmesini talep etti. Dernek, arazinin tarihi yar\u0131mada d\u0131\u015f\u0131nda arkeolojik kal\u0131nt\u0131lar\u0131n bulundu\u011fu, arkeoloji biliminin y\u00f6ntemleri ile ara\u015ft\u0131rma yap\u0131labilecek az say\u0131da yerden biri oldu\u011funu belirterek buradan \u00e7\u0131kan bilginin toplumsalla\u015ft\u0131r\u0131lmas\u0131 gerekti\u011fini belirtti. A\u00e7\u0131klamada alan\u0131n merkezi konumu, \u00e7evresinde \u00fcniversite ve park gibi ili\u015fkilenebilece\u011fi birimlerin bulunmas\u0131 da arkeo-park kullan\u0131m\u0131n\u0131 destekleyen avantajlar olarak de\u011ferlendirildi.<\/p>\n<p style=\"text-align: justify;\"><b>Kaz\u0131dan \u00f6nce ihale verildi<\/b><\/p>\n<p style=\"text-align: justify;\">Tophane\u2019deki Silah Fabrikalar\u0131 kompleksinin par\u00e7as\u0131 olan \u0130malat-\u0131 Harbiye Usta Mektebi ihyas\u0131, ayn\u0131 Top\u00e7u K\u0131\u015flas\u0131 gibi elde yap\u0131ya dair yeterince belge bulunmad\u0131\u011f\u0131 i\u00e7in ele\u015ftiriliyor. Bina yolun geni\u015fletilmesi s\u0131ras\u0131nda y\u0131k\u0131ld\u0131\u011f\u0131 ve taban alan\u0131n\u0131n bir k\u0131sm\u0131 bug\u00fcnk\u00fc Meclis-i Mebusan Caddesi \u00fczerinde kald\u0131\u011f\u0131 i\u00e7in ayn\u0131 boyutlarda in\u015fa edilmesi de imk\u00e2ns\u0131z.<\/p>\n<p style=\"text-align: justify;\">MSGS\u00dc Rekt\u00f6r\u00fc Karaya\u011f\u0131z, kaz\u0131 sonu\u00e7land\u0131ktan sonra koruma kurulundan in\u015faata onay \u00e7\u0131ksa bile son s\u00f6z\u00fcn \u00fcniversitede olaca\u011f\u0131n\u0131 s\u00f6ylemi\u015f, kal\u0131nt\u0131lar\u0131n \u00fcniversite b\u00fcnyesinde 5 ki\u015fiden olu\u015fan \u00f6zel bir bilim kurulu taraf\u0131ndan de\u011ferlendirilece\u011fini belirtmi\u015fti. \u0130stanbul \u0130l \u00d6zel \u0130daresi\u2019nce y\u00fcr\u00fct\u00fclen projenin ihalesinin kaz\u0131 sonu\u00e7lanmadan aylar \u00f6nce Reskon \u0130n\u015faat firmas\u0131na 13.700.000 kar\u015f\u0131l\u0131\u011f\u0131nda verilmesi de ele\u015ftirilmi\u015fti. 2010\u2019da yenileme kuruluna sunulan projenin mimar\u0131 Halil Onur, ayn\u0131 zamanda Top\u00e7u K\u0131\u015flas\u0131 projesinin de mimar\u0131 ve \u0130stanbul S\u0130T alanlar\u0131 alan y\u00f6netimi ba\u015fkan\u0131.<\/p>\n<p style=\"text-align: justify;\"><b><i>http:\/\/www.agos.com.tr\/haber.php?seo=rektor-bizans-hamami-uzerine-ek-bina-yapmak-istiyor&amp;haberid=6292<\/i><\/b><\/p>\n","protected":false},"excerpt":{"rendered":"<p>Tophane\u2019de Mimar Sinan G\u00fczel Sanatlar \u00dcniversitesi\u2019ne ek bina yap\u0131lmak istenen arsada 6-7. y\u00fczy\u0131l Bizans hamam\u0131 bulundu. Rekt\u00f6r Karaya\u011f\u0131z, \u201cLahit d\u0131\u015f\u0131nda bir \u015fey \u00e7\u0131kmad\u0131, ondan da memleketin her taraf\u0131nda var\u201d dedi. Arkeologlar Derne\u011fi ise alan\u0131n arkeo-park olarak korunmas\u0131 i\u00e7in kampanya ba\u015flatt\u0131. Radikal gazetesinden Elif \u0130nce\u2019nin haberine g\u00f6re, Tophane\u2019de 1946\u2019da y\u0131k\u0131lan \u2018\u0130malat-\u0131 Harbiye Usta Mektebi\u2019 binas\u0131n\u0131n ihya [&hellip;]<\/p>\n","protected":false},"author":7,"featured_media":0,"comment_status":"open","ping_status":"open","sticky":false,"template":"","format":"standard","meta":{"footnotes":""},"categories":[1],"tags":[],"class_list":["post-27477","post","type-post","status-publish","format-standard","hentry","category-haberler"],"yoast_head":"<!-- This site is optimized with the Yoast SEO plugin v27.4 - https:\/\/yoast.com\/product\/yoast-seo-wordpress\/ -->\n<title>Rekt\u00f6r, Bizans hamam\u0131 \u00fczerine ek bina yapmak istiyor - Bati Ermenistan Ve Bati Ermenileri Sorunlari Ara\u015ftirmalar Merkezi<\/title>\n<meta name=\"robots\" content=\"index, follow, max-snippet:-1, max-image-preview:large, max-video-preview:-1\" \/>\n<link rel=\"canonical\" href=\"https:\/\/akunq.net\/tr\/?p=27477\" \/>\n<meta property=\"og:locale\" content=\"en_US\" \/>\n<meta property=\"og:type\" content=\"article\" \/>\n<meta property=\"og:title\" content=\"Rekt\u00f6r, Bizans hamam\u0131 \u00fczerine ek bina yapmak istiyor - Bati Ermenistan Ve Bati Ermenileri Sorunlari Ara\u015ftirmalar Merkezi\" \/>\n<meta property=\"og:description\" content=\"Tophane\u2019de Mimar Sinan G\u00fczel Sanatlar \u00dcniversitesi\u2019ne ek bina yap\u0131lmak istenen arsada 6-7. y\u00fczy\u0131l Bizans hamam\u0131 bulundu. Rekt\u00f6r Karaya\u011f\u0131z, \u201cLahit d\u0131\u015f\u0131nda bir \u015fey \u00e7\u0131kmad\u0131, ondan da memleketin her taraf\u0131nda var\u201d dedi. Arkeologlar Derne\u011fi ise alan\u0131n arkeo-park olarak korunmas\u0131 i\u00e7in kampanya ba\u015flatt\u0131. Radikal gazetesinden Elif \u0130nce\u2019nin haberine g\u00f6re, Tophane\u2019de 1946\u2019da y\u0131k\u0131lan \u2018\u0130malat-\u0131 Harbiye Usta Mektebi\u2019 binas\u0131n\u0131n ihya [&hellip;]\" \/>\n<meta property=\"og:url\" content=\"https:\/\/akunq.net\/tr\/?p=27477\" \/>\n<meta property=\"og:site_name\" content=\"Bati Ermenistan Ve Bati Ermenileri Sorunlari Ara\u015ftirmalar Merkezi\" \/>\n<meta property=\"article:published_time\" content=\"2013-12-17T07:49:41+00:00\" \/>\n<meta name=\"author\" content=\"admin\" \/>\n<meta name=\"twitter:card\" content=\"summary_large_image\" \/>\n<meta name=\"twitter:label1\" content=\"Written by\" \/>\n\t<meta name=\"twitter:data1\" content=\"admin\" \/>\n\t<meta name=\"twitter:label2\" content=\"Est. reading time\" \/>\n\t<meta name=\"twitter:data2\" content=\"5 minutes\" \/>\n<script type=\"application\/ld+json\" class=\"yoast-schema-graph\">{\"@context\":\"https:\\\/\\\/schema.org\",\"@graph\":[{\"@type\":\"Article\",\"@id\":\"https:\\\/\\\/akunq.net\\\/tr\\\/?p=27477#article\",\"isPartOf\":{\"@id\":\"https:\\\/\\\/akunq.net\\\/tr\\\/?p=27477\"},\"author\":{\"name\":\"admin\",\"@id\":\"https:\\\/\\\/akunq.net\\\/tr\\\/#\\\/schema\\\/person\\\/096f1d38a12cce57fb855b485ed24c9e\"},\"headline\":\"Rekt\u00f6r, Bizans hamam\u0131 \u00fczerine ek bina yapmak istiyor\",\"datePublished\":\"2013-12-17T07:49:41+00:00\",\"mainEntityOfPage\":{\"@id\":\"https:\\\/\\\/akunq.net\\\/tr\\\/?p=27477\"},\"wordCount\":1004,\"commentCount\":0,\"articleSection\":[\"Haberler\"],\"inLanguage\":\"en-US\",\"potentialAction\":[{\"@type\":\"CommentAction\",\"name\":\"Comment\",\"target\":[\"https:\\\/\\\/akunq.net\\\/tr\\\/?p=27477#respond\"]}]},{\"@type\":\"WebPage\",\"@id\":\"https:\\\/\\\/akunq.net\\\/tr\\\/?p=27477\",\"url\":\"https:\\\/\\\/akunq.net\\\/tr\\\/?p=27477\",\"name\":\"Rekt\u00f6r, Bizans hamam\u0131 \u00fczerine ek bina yapmak istiyor - Bati Ermenistan Ve Bati Ermenileri Sorunlari Ara\u015ftirmalar Merkezi\",\"isPartOf\":{\"@id\":\"https:\\\/\\\/akunq.net\\\/tr\\\/#website\"},\"datePublished\":\"2013-12-17T07:49:41+00:00\",\"author\":{\"@id\":\"https:\\\/\\\/akunq.net\\\/tr\\\/#\\\/schema\\\/person\\\/096f1d38a12cce57fb855b485ed24c9e\"},\"breadcrumb\":{\"@id\":\"https:\\\/\\\/akunq.net\\\/tr\\\/?p=27477#breadcrumb\"},\"inLanguage\":\"en-US\",\"potentialAction\":[{\"@type\":\"ReadAction\",\"target\":[\"https:\\\/\\\/akunq.net\\\/tr\\\/?p=27477\"]}]},{\"@type\":\"BreadcrumbList\",\"@id\":\"https:\\\/\\\/akunq.net\\\/tr\\\/?p=27477#breadcrumb\",\"itemListElement\":[{\"@type\":\"ListItem\",\"position\":1,\"name\":\"Home\",\"item\":\"https:\\\/\\\/akunq.net\\\/tr\"},{\"@type\":\"ListItem\",\"position\":2,\"name\":\"Rekt\u00f6r, Bizans hamam\u0131 \u00fczerine ek bina yapmak istiyor\"}]},{\"@type\":\"WebSite\",\"@id\":\"https:\\\/\\\/akunq.net\\\/tr\\\/#website\",\"url\":\"https:\\\/\\\/akunq.net\\\/tr\\\/\",\"name\":\"Bati Ermenistan Ve Bati Ermenileri Sorunlari Ara\u015ftirmalar Merkezi\",\"description\":\"\",\"potentialAction\":[{\"@type\":\"SearchAction\",\"target\":{\"@type\":\"EntryPoint\",\"urlTemplate\":\"https:\\\/\\\/akunq.net\\\/tr\\\/?s={search_term_string}\"},\"query-input\":{\"@type\":\"PropertyValueSpecification\",\"valueRequired\":true,\"valueName\":\"search_term_string\"}}],\"inLanguage\":\"en-US\"},{\"@type\":\"Person\",\"@id\":\"https:\\\/\\\/akunq.net\\\/tr\\\/#\\\/schema\\\/person\\\/096f1d38a12cce57fb855b485ed24c9e\",\"name\":\"admin\",\"url\":\"https:\\\/\\\/akunq.net\\\/tr\\\/?author=7\"}]}<\/script>\n<!-- \/ Yoast SEO plugin. -->","yoast_head_json":{"title":"Rekt\u00f6r, Bizans hamam\u0131 \u00fczerine ek bina yapmak istiyor - Bati Ermenistan Ve Bati Ermenileri Sorunlari Ara\u015ftirmalar Merkezi","robots":{"index":"index","follow":"follow","max-snippet":"max-snippet:-1","max-image-preview":"max-image-preview:large","max-video-preview":"max-video-preview:-1"},"canonical":"https:\/\/akunq.net\/tr\/?p=27477","og_locale":"en_US","og_type":"article","og_title":"Rekt\u00f6r, Bizans hamam\u0131 \u00fczerine ek bina yapmak istiyor - Bati Ermenistan Ve Bati Ermenileri Sorunlari Ara\u015ftirmalar Merkezi","og_description":"Tophane\u2019de Mimar Sinan G\u00fczel Sanatlar \u00dcniversitesi\u2019ne ek bina yap\u0131lmak istenen arsada 6-7. y\u00fczy\u0131l Bizans hamam\u0131 bulundu. Rekt\u00f6r Karaya\u011f\u0131z, \u201cLahit d\u0131\u015f\u0131nda bir \u015fey \u00e7\u0131kmad\u0131, ondan da memleketin her taraf\u0131nda var\u201d dedi. Arkeologlar Derne\u011fi ise alan\u0131n arkeo-park olarak korunmas\u0131 i\u00e7in kampanya ba\u015flatt\u0131. Radikal gazetesinden Elif \u0130nce\u2019nin haberine g\u00f6re, Tophane\u2019de 1946\u2019da y\u0131k\u0131lan \u2018\u0130malat-\u0131 Harbiye Usta Mektebi\u2019 binas\u0131n\u0131n ihya [&hellip;]","og_url":"https:\/\/akunq.net\/tr\/?p=27477","og_site_name":"Bati Ermenistan Ve Bati Ermenileri Sorunlari Ara\u015ftirmalar Merkezi","article_published_time":"2013-12-17T07:49:41+00:00","author":"admin","twitter_card":"summary_large_image","twitter_misc":{"Written by":"admin","Est. reading time":"5 minutes"},"schema":{"@context":"https:\/\/schema.org","@graph":[{"@type":"Article","@id":"https:\/\/akunq.net\/tr\/?p=27477#article","isPartOf":{"@id":"https:\/\/akunq.net\/tr\/?p=27477"},"author":{"name":"admin","@id":"https:\/\/akunq.net\/tr\/#\/schema\/person\/096f1d38a12cce57fb855b485ed24c9e"},"headline":"Rekt\u00f6r, Bizans hamam\u0131 \u00fczerine ek bina yapmak istiyor","datePublished":"2013-12-17T07:49:41+00:00","mainEntityOfPage":{"@id":"https:\/\/akunq.net\/tr\/?p=27477"},"wordCount":1004,"commentCount":0,"articleSection":["Haberler"],"inLanguage":"en-US","potentialAction":[{"@type":"CommentAction","name":"Comment","target":["https:\/\/akunq.net\/tr\/?p=27477#respond"]}]},{"@type":"WebPage","@id":"https:\/\/akunq.net\/tr\/?p=27477","url":"https:\/\/akunq.net\/tr\/?p=27477","name":"Rekt\u00f6r, Bizans hamam\u0131 \u00fczerine ek bina yapmak istiyor - Bati Ermenistan Ve Bati Ermenileri Sorunlari Ara\u015ftirmalar Merkezi","isPartOf":{"@id":"https:\/\/akunq.net\/tr\/#website"},"datePublished":"2013-12-17T07:49:41+00:00","author":{"@id":"https:\/\/akunq.net\/tr\/#\/schema\/person\/096f1d38a12cce57fb855b485ed24c9e"},"breadcrumb":{"@id":"https:\/\/akunq.net\/tr\/?p=27477#breadcrumb"},"inLanguage":"en-US","potentialAction":[{"@type":"ReadAction","target":["https:\/\/akunq.net\/tr\/?p=27477"]}]},{"@type":"BreadcrumbList","@id":"https:\/\/akunq.net\/tr\/?p=27477#breadcrumb","itemListElement":[{"@type":"ListItem","position":1,"name":"Home","item":"https:\/\/akunq.net\/tr"},{"@type":"ListItem","position":2,"name":"Rekt\u00f6r, Bizans hamam\u0131 \u00fczerine ek bina yapmak istiyor"}]},{"@type":"WebSite","@id":"https:\/\/akunq.net\/tr\/#website","url":"https:\/\/akunq.net\/tr\/","name":"Bati Ermenistan Ve Bati Ermenileri Sorunlari Ara\u015ftirmalar Merkezi","description":"","potentialAction":[{"@type":"SearchAction","target":{"@type":"EntryPoint","urlTemplate":"https:\/\/akunq.net\/tr\/?s={search_term_string}"},"query-input":{"@type":"PropertyValueSpecification","valueRequired":true,"valueName":"search_term_string"}}],"inLanguage":"en-US"},{"@type":"Person","@id":"https:\/\/akunq.net\/tr\/#\/schema\/person\/096f1d38a12cce57fb855b485ed24c9e","name":"admin","url":"https:\/\/akunq.net\/tr\/?author=7"}]}},"_links":{"self":[{"href":"https:\/\/akunq.net\/tr\/index.php?rest_route=\/wp\/v2\/posts\/27477","targetHints":{"allow":["GET"]}}],"collection":[{"href":"https:\/\/akunq.net\/tr\/index.php?rest_route=\/wp\/v2\/posts"}],"about":[{"href":"https:\/\/akunq.net\/tr\/index.php?rest_route=\/wp\/v2\/types\/post"}],"author":[{"embeddable":true,"href":"https:\/\/akunq.net\/tr\/index.php?rest_route=\/wp\/v2\/users\/7"}],"replies":[{"embeddable":true,"href":"https:\/\/akunq.net\/tr\/index.php?rest_route=%2Fwp%2Fv2%2Fcomments&post=27477"}],"version-history":[{"count":1,"href":"https:\/\/akunq.net\/tr\/index.php?rest_route=\/wp\/v2\/posts\/27477\/revisions"}],"predecessor-version":[{"id":27479,"href":"https:\/\/akunq.net\/tr\/index.php?rest_route=\/wp\/v2\/posts\/27477\/revisions\/27479"}],"wp:attachment":[{"href":"https:\/\/akunq.net\/tr\/index.php?rest_route=%2Fwp%2Fv2%2Fmedia&parent=27477"}],"wp:term":[{"taxonomy":"category","embeddable":true,"href":"https:\/\/akunq.net\/tr\/index.php?rest_route=%2Fwp%2Fv2%2Fcategories&post=27477"},{"taxonomy":"post_tag","embeddable":true,"href":"https:\/\/akunq.net\/tr\/index.php?rest_route=%2Fwp%2Fv2%2Ftags&post=27477"}],"curies":[{"name":"wp","href":"https:\/\/api.w.org\/{rel}","templated":true}]}}