{"id":27474,"date":"2013-12-17T02:40:14","date_gmt":"2013-12-17T07:40:14","guid":{"rendered":"http:\/\/akunq.net\/tr\/?p=27474"},"modified":"2013-12-17T02:40:14","modified_gmt":"2013-12-17T07:40:14","slug":"aihmnin-ocalan-karari-haftaya","status":"publish","type":"post","link":"https:\/\/akunq.net\/tr\/?p=27474","title":{"rendered":"A\u0130HM&#8217;nin \u00d6calan karar\u0131 haftaya"},"content":{"rendered":"<div>\n<p style=\"text-align: justify;\"><strong><i><a href=\"http:\/\/akunq.net\/tr\/wp-content\/uploads\/2013\/12\/\u00d6calan.jpg\"><img loading=\"lazy\" decoding=\"async\" class=\"alignright size-full wp-image-27475\" alt=\"\u00d6calan\" src=\"http:\/\/akunq.net\/tr\/wp-content\/uploads\/2013\/12\/\u00d6calan.jpg\" width=\"200\" height=\"200\" srcset=\"https:\/\/akunq.net\/tr\/wp-content\/uploads\/sites\/6\/2013\/12\/\u00d6calan.jpg 200w, https:\/\/akunq.net\/tr\/wp-content\/uploads\/sites\/6\/2013\/12\/\u00d6calan-150x150.jpg 150w\" sizes=\"auto, (max-width: 200px) 100vw, 200px\" \/><\/a>A\u0130HM&#8217;nin Abdullah \u00d6calan&#8217;\u0131n &#8220;ceza indirimi&#8221; talebiyle yapt\u0131\u011f\u0131 ba\u015fvuruyu \u00f6n\u00fcm\u00fczdeki hafta karara ba\u011flamas\u0131 bekleniyor.<\/i><\/strong><\/p>\n<\/div>\n<p style=\"text-align: justify;\">Avrupa \u0130nsan Haklar\u0131 Mahkemesi&#8217;nin (A\u0130HM), ter\u00f6r \u00f6rg\u00fct\u00fc PKK&#8217;n\u0131n lideri Abdullah \u00d6calan&#8217;\u0131n &#8220;cezas\u0131n\u0131n indirilmesi&#8221; ba\u015fvurusu ile ilgili \u00f6n\u00fcm\u00fczdeki g\u00fcnlerde karar verme beklentisi Ankara&#8217;y\u0131 tedirgin etti. A\u0130HM, ETA \u00fcyesi \u0130nes del Rio i\u00e7in ter\u00f6r mahkumlar\u0131n\u0131n ceza indiriminden yararlanmas\u0131na karar vermi\u015fti. \u00d6calan i\u00e7in de ayn\u0131 y\u00f6nde karar \u00e7\u0131karsa, T\u00fcrkiye, infaza ili\u015fkin yeni bir d\u00fczenleme yapmak durumunda kalabilecek.<br \/>\n<b><br \/>\nKR\u0130T\u0130K KARAR <\/b><br \/>\n10 y\u0131ld\u0131r A\u0130HM g\u00fcndeminde bulunan \u00d6calan&#8217;\u0131n infaz s\u00fcresine ili\u015fkin davan\u0131n k\u0131sa s\u00fcrede sonu\u00e7land\u0131r\u0131p, karar\u0131n a\u00e7\u0131klanabilece\u011fi belirtiliyor. A\u0130HM, daha \u00f6ncekilere benzer bir karar\u0131 \u00d6calan i\u00e7in de verirse, T\u00fcrkiye buna paralel olarak bir de\u011fi\u015fiklik yapmak durumunda kalacak. Ter\u00f6r su\u00e7undan mahkum olanlar\u0131n cezalar\u0131ndan indirime gidilmesi g\u00fcndeme gelebilecek. Ancak bu indirimin \u00d6calan&#8217;\u0131n cezaevinden \u00e7\u0131kmas\u0131n\u0131n yolunu a\u00e7mayaca\u011f\u0131 belirtiliyor. A\u0130HM, daha \u00f6nce de\u011ferlendirdi\u011fi ba\u015fvurular sonunda iki \u00f6rnek karar vermi\u015fti. ETA \u00fcyesi \u0130nes del Rio&#8217;nun ba\u015fvurusu hakl\u0131 bulunmu\u015f ve &#8220;ter\u00f6r zanl\u0131s\u0131 mahkumlar\u0131n birden fazla cinayet i\u015flemesi halinde de ceza indiriminden yararlanabilece\u011fine&#8221; karar vermi\u015fti. Rio&#8217;nun &#8220;serbest b\u0131rak\u0131lmas\u0131&#8221; kararla\u015ft\u0131r\u0131lm\u0131\u015ft\u0131. \u0130ngiltere&#8217;yi ise &#8220;baz\u0131 su\u00e7lardan m\u00fcebbet alanlar\u0131n \u00f6lene kadar cezaevinde kalacaklar\u0131na ili\u015fkin kanun&#8221; nedeniyle mahk\u00fbm eden A\u0130HM, &#8220;en vahim su\u00e7 i\u015fleyeni bile \u00f6lene kadar cezaevinde b\u0131rakman\u0131n yani hi\u00e7bir zaman serbest b\u0131rak\u0131lma ihtimalinin olmamas\u0131n\u0131n cezaland\u0131rma ilkelerine ayk\u0131r\u0131 buldu\u011fununu&#8221; belirtmi\u015fti. A\u0130HM&#8217;nin infazla ilgili bu iki karar\u0131 \u00d6calan&#8217;\u0131n infaz s\u00fcresi ile ilgili davas\u0131n\u0131 yeniden g\u00fcndeme getirdi. Bu iki karara paralel olarak, \u00d6calan&#8217;\u0131n talebi do\u011frultusunda, infaz s\u00fcresiyle ilgili yeni hesaplama yap\u0131lmas\u0131 karar\u0131 \u00e7\u0131kabilir, b\u00f6ylece s\u00fcre\u00e7 yeniden ba\u015flayabilir. \u00d6calan&#8217;\u0131n cezas\u0131 ile ilgili yap\u0131lacak bu hesaplamadan cezaevinde bulunan t\u00fcm ter\u00f6r su\u00e7undan a\u011f\u0131rla\u015ft\u0131r\u0131lm\u0131\u015f m\u00fcebbet hapis cezas\u0131 alanlar yararlanacak.<br \/>\n<b><br \/>\n<strong>\u0130DAM KALDIRILMI\u015eTI <\/strong><br \/>\n<\/b>\u00d6calan&#8217;\u0131n 1999&#8217;daki yarg\u0131lamadan sonra ald\u0131\u011f\u0131 idam cezas\u0131, 2002&#8217;de kald\u0131r\u0131l\u0131p a\u011f\u0131rla\u015ft\u0131r\u0131lm\u0131\u015f m\u00fcebbet hapse \u00e7evrilmi\u015fti. Ter\u00f6r su\u00e7undan bu cezay\u0131 alanlar\u0131n \u00f6lene kadar cezaevinde kalaca\u011f\u0131 h\u00fckme ba\u011flanm\u0131\u015ft\u0131. \u0130nfaz\u0131n eski yasaya g\u00f6re hesaplanmas\u0131n\u0131 isteyen \u00d6calan&#8217;\u0131n avukatlar\u0131 A\u0130HM&#8217;ye ba\u015fvurmu\u015ftu.<\/p>\n<p style=\"text-align: justify;\"><b><i>http:\/\/www.sabah.com.tr\/Gundem\/2013\/12\/16\/aihmnin-ocalan-karari-haftaya<\/i><\/b><\/p>\n","protected":false},"excerpt":{"rendered":"<p>A\u0130HM&#8217;nin Abdullah \u00d6calan&#8217;\u0131n &#8220;ceza indirimi&#8221; talebiyle yapt\u0131\u011f\u0131 ba\u015fvuruyu \u00f6n\u00fcm\u00fczdeki hafta karara ba\u011flamas\u0131 bekleniyor. Avrupa \u0130nsan Haklar\u0131 Mahkemesi&#8217;nin (A\u0130HM), ter\u00f6r \u00f6rg\u00fct\u00fc PKK&#8217;n\u0131n lideri Abdullah \u00d6calan&#8217;\u0131n &#8220;cezas\u0131n\u0131n indirilmesi&#8221; ba\u015fvurusu ile ilgili \u00f6n\u00fcm\u00fczdeki g\u00fcnlerde karar verme beklentisi Ankara&#8217;y\u0131 tedirgin etti. A\u0130HM, ETA \u00fcyesi \u0130nes del Rio i\u00e7in ter\u00f6r mahkumlar\u0131n\u0131n ceza indiriminden yararlanmas\u0131na karar vermi\u015fti. \u00d6calan i\u00e7in de ayn\u0131 [&hellip;]<\/p>\n","protected":false},"author":7,"featured_media":0,"comment_status":"open","ping_status":"open","sticky":false,"template":"","format":"standard","meta":{"footnotes":""},"categories":[1],"tags":[],"class_list":["post-27474","post","type-post","status-publish","format-standard","hentry","category-haberler"],"yoast_head":"<!-- This site is optimized with the Yoast SEO plugin v27.4 - https:\/\/yoast.com\/product\/yoast-seo-wordpress\/ -->\n<title>A\u0130HM&#039;nin \u00d6calan karar\u0131 haftaya - Bati Ermenistan Ve Bati Ermenileri Sorunlari Ara\u015ftirmalar Merkezi<\/title>\n<meta name=\"robots\" content=\"index, follow, max-snippet:-1, max-image-preview:large, max-video-preview:-1\" \/>\n<link rel=\"canonical\" href=\"https:\/\/akunq.net\/tr\/?p=27474\" \/>\n<meta property=\"og:locale\" content=\"en_US\" \/>\n<meta property=\"og:type\" content=\"article\" \/>\n<meta property=\"og:title\" content=\"A\u0130HM&#039;nin \u00d6calan karar\u0131 haftaya - Bati Ermenistan Ve Bati Ermenileri Sorunlari Ara\u015ftirmalar Merkezi\" \/>\n<meta property=\"og:description\" content=\"A\u0130HM&#8217;nin Abdullah \u00d6calan&#8217;\u0131n &#8220;ceza indirimi&#8221; talebiyle yapt\u0131\u011f\u0131 ba\u015fvuruyu \u00f6n\u00fcm\u00fczdeki hafta karara ba\u011flamas\u0131 bekleniyor. Avrupa \u0130nsan Haklar\u0131 Mahkemesi&#8217;nin (A\u0130HM), ter\u00f6r \u00f6rg\u00fct\u00fc PKK&#8217;n\u0131n lideri Abdullah \u00d6calan&#8217;\u0131n &#8220;cezas\u0131n\u0131n indirilmesi&#8221; ba\u015fvurusu ile ilgili \u00f6n\u00fcm\u00fczdeki g\u00fcnlerde karar verme beklentisi Ankara&#8217;y\u0131 tedirgin etti. A\u0130HM, ETA \u00fcyesi \u0130nes del Rio i\u00e7in ter\u00f6r mahkumlar\u0131n\u0131n ceza indiriminden yararlanmas\u0131na karar vermi\u015fti. \u00d6calan i\u00e7in de ayn\u0131 [&hellip;]\" \/>\n<meta property=\"og:url\" content=\"https:\/\/akunq.net\/tr\/?p=27474\" \/>\n<meta property=\"og:site_name\" content=\"Bati Ermenistan Ve Bati Ermenileri Sorunlari Ara\u015ftirmalar Merkezi\" \/>\n<meta property=\"article:published_time\" content=\"2013-12-17T07:40:14+00:00\" \/>\n<meta name=\"author\" content=\"admin\" \/>\n<meta name=\"twitter:card\" content=\"summary_large_image\" \/>\n<meta name=\"twitter:label1\" content=\"Written by\" \/>\n\t<meta name=\"twitter:data1\" content=\"admin\" \/>\n\t<meta name=\"twitter:label2\" content=\"Est. reading time\" \/>\n\t<meta name=\"twitter:data2\" content=\"2 minutes\" \/>\n<script type=\"application\/ld+json\" class=\"yoast-schema-graph\">{\"@context\":\"https:\\\/\\\/schema.org\",\"@graph\":[{\"@type\":\"Article\",\"@id\":\"https:\\\/\\\/akunq.net\\\/tr\\\/?p=27474#article\",\"isPartOf\":{\"@id\":\"https:\\\/\\\/akunq.net\\\/tr\\\/?p=27474\"},\"author\":{\"name\":\"admin\",\"@id\":\"https:\\\/\\\/akunq.net\\\/tr\\\/#\\\/schema\\\/person\\\/096f1d38a12cce57fb855b485ed24c9e\"},\"headline\":\"A\u0130HM&#8217;nin \u00d6calan karar\u0131 haftaya\",\"datePublished\":\"2013-12-17T07:40:14+00:00\",\"mainEntityOfPage\":{\"@id\":\"https:\\\/\\\/akunq.net\\\/tr\\\/?p=27474\"},\"wordCount\":441,\"commentCount\":0,\"articleSection\":[\"Haberler\"],\"inLanguage\":\"en-US\",\"potentialAction\":[{\"@type\":\"CommentAction\",\"name\":\"Comment\",\"target\":[\"https:\\\/\\\/akunq.net\\\/tr\\\/?p=27474#respond\"]}]},{\"@type\":\"WebPage\",\"@id\":\"https:\\\/\\\/akunq.net\\\/tr\\\/?p=27474\",\"url\":\"https:\\\/\\\/akunq.net\\\/tr\\\/?p=27474\",\"name\":\"A\u0130HM'nin \u00d6calan karar\u0131 haftaya - Bati Ermenistan Ve Bati Ermenileri Sorunlari Ara\u015ftirmalar Merkezi\",\"isPartOf\":{\"@id\":\"https:\\\/\\\/akunq.net\\\/tr\\\/#website\"},\"datePublished\":\"2013-12-17T07:40:14+00:00\",\"author\":{\"@id\":\"https:\\\/\\\/akunq.net\\\/tr\\\/#\\\/schema\\\/person\\\/096f1d38a12cce57fb855b485ed24c9e\"},\"breadcrumb\":{\"@id\":\"https:\\\/\\\/akunq.net\\\/tr\\\/?p=27474#breadcrumb\"},\"inLanguage\":\"en-US\",\"potentialAction\":[{\"@type\":\"ReadAction\",\"target\":[\"https:\\\/\\\/akunq.net\\\/tr\\\/?p=27474\"]}]},{\"@type\":\"BreadcrumbList\",\"@id\":\"https:\\\/\\\/akunq.net\\\/tr\\\/?p=27474#breadcrumb\",\"itemListElement\":[{\"@type\":\"ListItem\",\"position\":1,\"name\":\"Home\",\"item\":\"https:\\\/\\\/akunq.net\\\/tr\"},{\"@type\":\"ListItem\",\"position\":2,\"name\":\"A\u0130HM&#8217;nin \u00d6calan karar\u0131 haftaya\"}]},{\"@type\":\"WebSite\",\"@id\":\"https:\\\/\\\/akunq.net\\\/tr\\\/#website\",\"url\":\"https:\\\/\\\/akunq.net\\\/tr\\\/\",\"name\":\"Bati Ermenistan Ve Bati Ermenileri Sorunlari Ara\u015ftirmalar Merkezi\",\"description\":\"\",\"potentialAction\":[{\"@type\":\"SearchAction\",\"target\":{\"@type\":\"EntryPoint\",\"urlTemplate\":\"https:\\\/\\\/akunq.net\\\/tr\\\/?s={search_term_string}\"},\"query-input\":{\"@type\":\"PropertyValueSpecification\",\"valueRequired\":true,\"valueName\":\"search_term_string\"}}],\"inLanguage\":\"en-US\"},{\"@type\":\"Person\",\"@id\":\"https:\\\/\\\/akunq.net\\\/tr\\\/#\\\/schema\\\/person\\\/096f1d38a12cce57fb855b485ed24c9e\",\"name\":\"admin\",\"url\":\"https:\\\/\\\/akunq.net\\\/tr\\\/?author=7\"}]}<\/script>\n<!-- \/ Yoast SEO plugin. -->","yoast_head_json":{"title":"A\u0130HM'nin \u00d6calan karar\u0131 haftaya - Bati Ermenistan Ve Bati Ermenileri Sorunlari Ara\u015ftirmalar Merkezi","robots":{"index":"index","follow":"follow","max-snippet":"max-snippet:-1","max-image-preview":"max-image-preview:large","max-video-preview":"max-video-preview:-1"},"canonical":"https:\/\/akunq.net\/tr\/?p=27474","og_locale":"en_US","og_type":"article","og_title":"A\u0130HM'nin \u00d6calan karar\u0131 haftaya - Bati Ermenistan Ve Bati Ermenileri Sorunlari Ara\u015ftirmalar Merkezi","og_description":"A\u0130HM&#8217;nin Abdullah \u00d6calan&#8217;\u0131n &#8220;ceza indirimi&#8221; talebiyle yapt\u0131\u011f\u0131 ba\u015fvuruyu \u00f6n\u00fcm\u00fczdeki hafta karara ba\u011flamas\u0131 bekleniyor. Avrupa \u0130nsan Haklar\u0131 Mahkemesi&#8217;nin (A\u0130HM), ter\u00f6r \u00f6rg\u00fct\u00fc PKK&#8217;n\u0131n lideri Abdullah \u00d6calan&#8217;\u0131n &#8220;cezas\u0131n\u0131n indirilmesi&#8221; ba\u015fvurusu ile ilgili \u00f6n\u00fcm\u00fczdeki g\u00fcnlerde karar verme beklentisi Ankara&#8217;y\u0131 tedirgin etti. A\u0130HM, ETA \u00fcyesi \u0130nes del Rio i\u00e7in ter\u00f6r mahkumlar\u0131n\u0131n ceza indiriminden yararlanmas\u0131na karar vermi\u015fti. \u00d6calan i\u00e7in de ayn\u0131 [&hellip;]","og_url":"https:\/\/akunq.net\/tr\/?p=27474","og_site_name":"Bati Ermenistan Ve Bati Ermenileri Sorunlari Ara\u015ftirmalar Merkezi","article_published_time":"2013-12-17T07:40:14+00:00","author":"admin","twitter_card":"summary_large_image","twitter_misc":{"Written by":"admin","Est. reading time":"2 minutes"},"schema":{"@context":"https:\/\/schema.org","@graph":[{"@type":"Article","@id":"https:\/\/akunq.net\/tr\/?p=27474#article","isPartOf":{"@id":"https:\/\/akunq.net\/tr\/?p=27474"},"author":{"name":"admin","@id":"https:\/\/akunq.net\/tr\/#\/schema\/person\/096f1d38a12cce57fb855b485ed24c9e"},"headline":"A\u0130HM&#8217;nin \u00d6calan karar\u0131 haftaya","datePublished":"2013-12-17T07:40:14+00:00","mainEntityOfPage":{"@id":"https:\/\/akunq.net\/tr\/?p=27474"},"wordCount":441,"commentCount":0,"articleSection":["Haberler"],"inLanguage":"en-US","potentialAction":[{"@type":"CommentAction","name":"Comment","target":["https:\/\/akunq.net\/tr\/?p=27474#respond"]}]},{"@type":"WebPage","@id":"https:\/\/akunq.net\/tr\/?p=27474","url":"https:\/\/akunq.net\/tr\/?p=27474","name":"A\u0130HM'nin \u00d6calan karar\u0131 haftaya - Bati Ermenistan Ve Bati Ermenileri Sorunlari Ara\u015ftirmalar Merkezi","isPartOf":{"@id":"https:\/\/akunq.net\/tr\/#website"},"datePublished":"2013-12-17T07:40:14+00:00","author":{"@id":"https:\/\/akunq.net\/tr\/#\/schema\/person\/096f1d38a12cce57fb855b485ed24c9e"},"breadcrumb":{"@id":"https:\/\/akunq.net\/tr\/?p=27474#breadcrumb"},"inLanguage":"en-US","potentialAction":[{"@type":"ReadAction","target":["https:\/\/akunq.net\/tr\/?p=27474"]}]},{"@type":"BreadcrumbList","@id":"https:\/\/akunq.net\/tr\/?p=27474#breadcrumb","itemListElement":[{"@type":"ListItem","position":1,"name":"Home","item":"https:\/\/akunq.net\/tr"},{"@type":"ListItem","position":2,"name":"A\u0130HM&#8217;nin \u00d6calan karar\u0131 haftaya"}]},{"@type":"WebSite","@id":"https:\/\/akunq.net\/tr\/#website","url":"https:\/\/akunq.net\/tr\/","name":"Bati Ermenistan Ve Bati Ermenileri Sorunlari Ara\u015ftirmalar Merkezi","description":"","potentialAction":[{"@type":"SearchAction","target":{"@type":"EntryPoint","urlTemplate":"https:\/\/akunq.net\/tr\/?s={search_term_string}"},"query-input":{"@type":"PropertyValueSpecification","valueRequired":true,"valueName":"search_term_string"}}],"inLanguage":"en-US"},{"@type":"Person","@id":"https:\/\/akunq.net\/tr\/#\/schema\/person\/096f1d38a12cce57fb855b485ed24c9e","name":"admin","url":"https:\/\/akunq.net\/tr\/?author=7"}]}},"_links":{"self":[{"href":"https:\/\/akunq.net\/tr\/index.php?rest_route=\/wp\/v2\/posts\/27474","targetHints":{"allow":["GET"]}}],"collection":[{"href":"https:\/\/akunq.net\/tr\/index.php?rest_route=\/wp\/v2\/posts"}],"about":[{"href":"https:\/\/akunq.net\/tr\/index.php?rest_route=\/wp\/v2\/types\/post"}],"author":[{"embeddable":true,"href":"https:\/\/akunq.net\/tr\/index.php?rest_route=\/wp\/v2\/users\/7"}],"replies":[{"embeddable":true,"href":"https:\/\/akunq.net\/tr\/index.php?rest_route=%2Fwp%2Fv2%2Fcomments&post=27474"}],"version-history":[{"count":1,"href":"https:\/\/akunq.net\/tr\/index.php?rest_route=\/wp\/v2\/posts\/27474\/revisions"}],"predecessor-version":[{"id":27476,"href":"https:\/\/akunq.net\/tr\/index.php?rest_route=\/wp\/v2\/posts\/27474\/revisions\/27476"}],"wp:attachment":[{"href":"https:\/\/akunq.net\/tr\/index.php?rest_route=%2Fwp%2Fv2%2Fmedia&parent=27474"}],"wp:term":[{"taxonomy":"category","embeddable":true,"href":"https:\/\/akunq.net\/tr\/index.php?rest_route=%2Fwp%2Fv2%2Fcategories&post=27474"},{"taxonomy":"post_tag","embeddable":true,"href":"https:\/\/akunq.net\/tr\/index.php?rest_route=%2Fwp%2Fv2%2Ftags&post=27474"}],"curies":[{"name":"wp","href":"https:\/\/api.w.org\/{rel}","templated":true}]}}