{"id":27463,"date":"2013-12-17T01:52:34","date_gmt":"2013-12-17T06:52:34","guid":{"rendered":"http:\/\/akunq.net\/tr\/?p=27463"},"modified":"2013-12-17T01:52:53","modified_gmt":"2013-12-17T06:52:53","slug":"bakan-yilmazdan-kurdistan-tepkisi","status":"publish","type":"post","link":"https:\/\/akunq.net\/tr\/?p=27463","title":{"rendered":"Bakan Y\u0131lmaz&#8217;dan &#8216;K\u00fcrdistan&#8217; tepkisi"},"content":{"rendered":"<p style=\"text-align: justify;\"><b><i><a href=\"http:\/\/akunq.net\/tr\/wp-content\/uploads\/2013\/12\/\u0130smet-Y\u0131lmaz.jpg\"><img loading=\"lazy\" decoding=\"async\" class=\"alignright size-medium wp-image-27464\" alt=\"\u0130smet Y\u0131lmaz\" src=\"http:\/\/akunq.net\/tr\/wp-content\/uploads\/2013\/12\/\u0130smet-Y\u0131lmaz-300x168.jpg\" width=\"300\" height=\"168\" srcset=\"https:\/\/akunq.net\/tr\/wp-content\/uploads\/sites\/6\/2013\/12\/\u0130smet-Y\u0131lmaz-300x168.jpg 300w, https:\/\/akunq.net\/tr\/wp-content\/uploads\/sites\/6\/2013\/12\/\u0130smet-Y\u0131lmaz-600x336.jpg 600w, https:\/\/akunq.net\/tr\/wp-content\/uploads\/sites\/6\/2013\/12\/\u0130smet-Y\u0131lmaz.jpg 606w\" sizes=\"auto, (max-width: 300px) 100vw, 300px\" \/><\/a>&#8220;Daha \u00f6nceleri bunu T\u00fcrkiye&#8217;de \u00e7ok yapt\u0131lar&#8221;.<\/i><\/b><\/p>\n<p style=\"text-align: justify;\">Milli Savunma Bakan\u0131 \u0130smet Y\u0131lmaz Kuzey Irak&#8217;ta Barzani&#8217;ye yak\u0131n yay\u0131n yapan Rudaw TV&#8217;nin meteoroloji haberlerinde T\u00fcrkiye&#8217;den 7 ili &#8216;K\u00fcrdistan&#8217; s\u0131n\u0131rlar\u0131 i\u00e7inde g\u00f6stermesine tepki g\u00f6stererek, <b>&#8220;Bunu ciddiye al\u0131nacak bir husus olarak g\u00f6rm\u00fcyorum&#8221; <\/b>dedi.<\/p>\n<p style=\"text-align: justify;\">Milli Savunma Bakan\u0131 \u0130smet Y\u0131lmaz, a\u00e7\u0131l\u0131\u015f ve temel atma t\u00f6renlerine kat\u0131lmak \u00fczere bu sabah karayolu ile Sivas&#8217;\u0131n Gemerek \u0130l\u00e7esi&#8217;ne geldi. Bakan Y\u0131lmaz, il\u00e7edeki Gemerek Meslek Y\u00fcksek Okulu \u00f6n\u00fcnde Vali Z\u00fcbeyir Kemelek, \u0130l\u00e7e Kaymakam\u0131 Yusuf \u00d6zbey, \u0130l\u00e7e Belediye Ba\u015fkan\u0131 \u0130rfan Sa\u011f\u0131rkaya, \u0130l Jandarma Komutan\u0131 Albay Ok\u015fin Ak\u015fit, \u0130l Emniyet M\u00fcd\u00fcr\u00fc Sel\u00e7uk K\u0131z\u0131lay, Rekt\u00f6r Prof.Dr. Faruk Kocac\u0131k ile partililer ve \u00e7ok say\u0131da ki\u015fi ;taraf\u0131ndan kar\u015f\u0131land\u0131. Gemerek Meslek Y\u00fcksek Okulu Yemek Salonu&#8217;nda kendisini dinlemeye gelenlere hitap eden bakan Y\u0131lmaz, &#8220;Faiz \u00f6demedi\u011fimiz i\u00e7in bu paralar\u0131 sizlere harc\u0131yoruz. Bunun i\u00e7in g\u00fc\u00e7l\u00fc bir \u00fclke haline geldik&#8221; dedi. Milli Savunma Bakan\u0131 \u0130smet Y\u0131lmaz, \u015f\u00f6yle devam etti:<br \/>\n&#8220;Bu kadar paray\u0131 faize \u00f6demedi\u011fimiz i\u00e7in ;kendi Altay tank\u0131m\u0131z\u0131 \u00fcretir hale geldik. Bu kadar paray\u0131 faize vermedi\u011fimiz i\u00e7in, halka harcad\u0131\u011f\u0131m\u0131z i\u00e7in kendi tank\u0131m\u0131z olan Altay&#8217;\u0131 yapt\u0131k. Bu kadar paray\u0131 faize harcamad\u0131\u011f\u0131m\u0131z i\u00e7in insans\u0131z hava arac\u0131 Anka&#8217;y\u0131 \u00fcretebildik. Bu faizi de alan \u00fc\u00e7 be\u015f ki\u015fidir. O rantiye denilen kesim vard\u0131 ya biz faize vermedi\u011fimiz parayla da milli gemimiz bir gemiyi yapt\u0131k. Biz faize vermedi\u011fimiz parayla da Atak helikopterimizi yapt\u0131k. \u0130n\u015fallah bunlar d\u00fcnyan\u0131n en g\u00fc\u00e7l\u00fc ordusu olan T\u00fcrk Silahl\u0131 Kuvvetlerini de \u00e7ok daha g\u00fc\u00e7l\u00fc bir hale getirecektir. 21&#8217;inci y\u00fczy\u0131lda g\u00fc\u00e7l\u00fc T\u00fcrkiye&#8217;nin g\u00fc\u00e7l\u00fc ordusu olacakt\u0131r. Ordumuz g\u00fc\u00e7l\u00fc oldu\u011fu zaman o zaman bizim ba\u015f\u0131m\u0131z dik, aln\u0131m\u0131z a\u00e7\u0131k, sesimiz daha g\u00fcr \u00e7\u0131kacakt\u0131r.&#8221;<\/p>\n<p style=\"text-align: justify;\"><b>&#8220;S\u00d6YLENMEMES\u0130 GEREK\u0130RD\u0130&#8221;<\/b><br \/>\nKuzey Irak&#8217;ta B\u00f6lgesel K\u00fcrt Y\u00f6netimi Ba\u015fkan\u0131 Mesut Barzani&#8217;ye yak\u0131n yay\u0131n yapan Rudaw TV&#8217;nin metoroloj haberlerinde T\u00fcrkiye&#8217;den 7 ili &#8216;K\u00fcrdistan s\u0131n\u0131rlar\u0131&#8217; i\u00e7inde g\u00f6stermesine tepki g\u00f6steren bakan Y\u0131lmaz, \u015f\u00f6yle devam etti:<br \/>\n&#8220;Herkes her istedi\u011fini s\u00f6yleyebilir ama bunu s\u00f6ylerken de s\u00f6yledi\u011finin arkas\u0131nda durabilmesi laz\u0131m. O yap\u0131lar\u0131n bu s\u00f6yledi\u011finin arkas\u0131nda durabilece\u011fine inanan kimse var m\u0131? Yok. Yapamayaca\u011f\u0131 bir \u015feyin arkas\u0131nda duramayaca\u011f\u0131 bir \u015feyin ki\u015filerin s\u00f6ylememesi laz\u0131m. Dolay\u0131s\u0131yla biz s\u00f6ylenmemesi gerekirdi diye d\u00fc\u015f\u00fcn\u00fcyoruz. O s\u00f6yledi tamam bizim de ciddiye almamam\u0131z gerekiyor. \u00d6z\u00fc de bu. Ciddiye ald\u0131\u011f\u0131m\u0131z s\u00fcrece o yapm\u0131\u015f oldu\u011fu \u015feyin do\u011fru oldu\u011funu d\u00fc\u015f\u00fcn\u00fcr. Biz ciddiye almazsak bu s\u00f6z kendi yapt\u0131\u011f\u0131 ile kal\u0131r. Laf\u0131 sahibi \u00e7o\u011falt\u0131r derler. Bizim \u015fimdi bu \u015feyi konu\u015fmakla hatta ona cevap vermekle hatta ona ilave bir de \u00f6nem akdediyoruz. Dolay\u0131s\u0131yla ciddiye almazsan\u0131z ciddi g\u00f6r\u00fclecek bir husus de\u011fildir. Kendi kabu\u011funda, kendi \u00e7evresinde kal\u0131r diye d\u00fc\u015f\u00fcn\u00fcyorum.<\/p>\n<p style=\"text-align: justify;\"><b>&#8220;DAHA \u00d6NCELER\u0130 DE YAPTILAR&#8221;<\/b><\/p>\n<p style=\"text-align: justify;\">Daha \u00f6nceleri bunu T\u00fcrkiye&#8217;de \u00e7ok yapt\u0131lar. Hatay&#8217;\u0131 Suriye g\u00f6stermi\u015flerdir. \u0130stanbul&#8217;u bir ba\u015fka yer g\u00f6stermi\u015flerdir. Herkesin kendince bir k\u0131z\u0131l elmas\u0131, bir hedefi vard\u0131r. Ama bunu yapabilmek i\u00e7in bu s\u00f6z\u00fcn arkas\u0131nda durabilmek gerekir. Biz T\u00fcrkiye olarak kendi topraklar\u0131m\u0131zdan hari\u00e7 hi\u00e7 kimsenin bir kar\u0131\u015f topra\u011f\u0131nda g\u00f6z\u00fcm\u00fcz yok. Bunun i\u00e7in biz yurtta bar\u0131\u015f d\u00fcnyada bar\u0131\u015f istiyoruz. Bunu da samimi olarak s\u00f6yl\u00fcyoruz. Bu co\u011frafyan\u0131n da en g\u00fc\u00e7l\u00fc devletiyiz. Dolay\u0131s\u0131yla biz kom\u015fular\u0131m\u0131z\u0131n da bar\u0131\u015f\u00e7\u0131l, dost, karde\u015f\u00e7e yakla\u015f\u0131m g\u00f6stermesi gerekti\u011fini d\u00fc\u015f\u00fcn\u00fcyoruz. Bu yap\u0131lanlar dostlu\u011fa, karde\u015fli\u011fe yak\u0131\u015f\u0131r m\u0131. Uygun olur mu. Hadi o kendisi yap\u0131yor; ama d\u0131\u015far\u0131da ne alg\u0131lan\u0131r diye d\u00fc\u015f\u00fcnmesi laz\u0131m ve ona g\u00f6re davranmas\u0131 laz\u0131m. Ben bunu ciddiye al\u0131nacak bir husus olarak g\u00f6rm\u00fcyorum.&#8221;<\/p>\n<p style=\"text-align: justify;\"><b><i>(DHA)<\/i><\/b><\/p>\n<p style=\"text-align: justify;\"><b><i>http:\/\/www.haberturk.com\/medya\/haber\/903448-bakan-yilmazdan-kurdistan-tepkisi<\/i><\/b><\/p>\n","protected":false},"excerpt":{"rendered":"<p>&#8220;Daha \u00f6nceleri bunu T\u00fcrkiye&#8217;de \u00e7ok yapt\u0131lar&#8221;. Milli Savunma Bakan\u0131 \u0130smet Y\u0131lmaz Kuzey Irak&#8217;ta Barzani&#8217;ye yak\u0131n yay\u0131n yapan Rudaw TV&#8217;nin meteoroloji haberlerinde T\u00fcrkiye&#8217;den 7 ili &#8216;K\u00fcrdistan&#8217; s\u0131n\u0131rlar\u0131 i\u00e7inde g\u00f6stermesine tepki g\u00f6stererek, &#8220;Bunu ciddiye al\u0131nacak bir husus olarak g\u00f6rm\u00fcyorum&#8221; dedi. Milli Savunma Bakan\u0131 \u0130smet Y\u0131lmaz, a\u00e7\u0131l\u0131\u015f ve temel atma t\u00f6renlerine kat\u0131lmak \u00fczere bu sabah karayolu ile Sivas&#8217;\u0131n [&hellip;]<\/p>\n","protected":false},"author":7,"featured_media":0,"comment_status":"open","ping_status":"open","sticky":false,"template":"","format":"standard","meta":{"footnotes":""},"categories":[1],"tags":[],"class_list":["post-27463","post","type-post","status-publish","format-standard","hentry","category-haberler"],"yoast_head":"<!-- This site is optimized with the Yoast SEO plugin v27.4 - https:\/\/yoast.com\/product\/yoast-seo-wordpress\/ -->\n<title>Bakan Y\u0131lmaz&#039;dan &#039;K\u00fcrdistan&#039; tepkisi - Bati Ermenistan Ve Bati Ermenileri Sorunlari Ara\u015ftirmalar Merkezi<\/title>\n<meta name=\"robots\" content=\"index, follow, max-snippet:-1, max-image-preview:large, max-video-preview:-1\" \/>\n<link rel=\"canonical\" href=\"https:\/\/akunq.net\/tr\/?p=27463\" \/>\n<meta property=\"og:locale\" content=\"en_US\" \/>\n<meta property=\"og:type\" content=\"article\" \/>\n<meta property=\"og:title\" content=\"Bakan Y\u0131lmaz&#039;dan &#039;K\u00fcrdistan&#039; tepkisi - Bati Ermenistan Ve Bati Ermenileri Sorunlari Ara\u015ftirmalar Merkezi\" \/>\n<meta property=\"og:description\" content=\"&#8220;Daha \u00f6nceleri bunu T\u00fcrkiye&#8217;de \u00e7ok yapt\u0131lar&#8221;. Milli Savunma Bakan\u0131 \u0130smet Y\u0131lmaz Kuzey Irak&#8217;ta Barzani&#8217;ye yak\u0131n yay\u0131n yapan Rudaw TV&#8217;nin meteoroloji haberlerinde T\u00fcrkiye&#8217;den 7 ili &#8216;K\u00fcrdistan&#8217; s\u0131n\u0131rlar\u0131 i\u00e7inde g\u00f6stermesine tepki g\u00f6stererek, &#8220;Bunu ciddiye al\u0131nacak bir husus olarak g\u00f6rm\u00fcyorum&#8221; dedi. Milli Savunma Bakan\u0131 \u0130smet Y\u0131lmaz, a\u00e7\u0131l\u0131\u015f ve temel atma t\u00f6renlerine kat\u0131lmak \u00fczere bu sabah karayolu ile Sivas&#8217;\u0131n [&hellip;]\" \/>\n<meta property=\"og:url\" content=\"https:\/\/akunq.net\/tr\/?p=27463\" \/>\n<meta property=\"og:site_name\" content=\"Bati Ermenistan Ve Bati Ermenileri Sorunlari Ara\u015ftirmalar Merkezi\" \/>\n<meta property=\"article:published_time\" content=\"2013-12-17T06:52:34+00:00\" \/>\n<meta property=\"article:modified_time\" content=\"2013-12-17T06:52:53+00:00\" \/>\n<meta name=\"author\" content=\"admin\" \/>\n<meta name=\"twitter:card\" content=\"summary_large_image\" \/>\n<meta name=\"twitter:label1\" content=\"Written by\" \/>\n\t<meta name=\"twitter:data1\" content=\"admin\" \/>\n\t<meta name=\"twitter:label2\" content=\"Est. reading time\" \/>\n\t<meta name=\"twitter:data2\" content=\"4 minutes\" \/>\n<script type=\"application\/ld+json\" class=\"yoast-schema-graph\">{\"@context\":\"https:\\\/\\\/schema.org\",\"@graph\":[{\"@type\":\"Article\",\"@id\":\"https:\\\/\\\/akunq.net\\\/tr\\\/?p=27463#article\",\"isPartOf\":{\"@id\":\"https:\\\/\\\/akunq.net\\\/tr\\\/?p=27463\"},\"author\":{\"name\":\"admin\",\"@id\":\"https:\\\/\\\/akunq.net\\\/tr\\\/#\\\/schema\\\/person\\\/096f1d38a12cce57fb855b485ed24c9e\"},\"headline\":\"Bakan Y\u0131lmaz&#8217;dan &#8216;K\u00fcrdistan&#8217; tepkisi\",\"datePublished\":\"2013-12-17T06:52:34+00:00\",\"dateModified\":\"2013-12-17T06:52:53+00:00\",\"mainEntityOfPage\":{\"@id\":\"https:\\\/\\\/akunq.net\\\/tr\\\/?p=27463\"},\"wordCount\":717,\"commentCount\":0,\"articleSection\":[\"Haberler\"],\"inLanguage\":\"en-US\",\"potentialAction\":[{\"@type\":\"CommentAction\",\"name\":\"Comment\",\"target\":[\"https:\\\/\\\/akunq.net\\\/tr\\\/?p=27463#respond\"]}]},{\"@type\":\"WebPage\",\"@id\":\"https:\\\/\\\/akunq.net\\\/tr\\\/?p=27463\",\"url\":\"https:\\\/\\\/akunq.net\\\/tr\\\/?p=27463\",\"name\":\"Bakan Y\u0131lmaz'dan 'K\u00fcrdistan' tepkisi - Bati Ermenistan Ve Bati Ermenileri Sorunlari Ara\u015ftirmalar Merkezi\",\"isPartOf\":{\"@id\":\"https:\\\/\\\/akunq.net\\\/tr\\\/#website\"},\"datePublished\":\"2013-12-17T06:52:34+00:00\",\"dateModified\":\"2013-12-17T06:52:53+00:00\",\"author\":{\"@id\":\"https:\\\/\\\/akunq.net\\\/tr\\\/#\\\/schema\\\/person\\\/096f1d38a12cce57fb855b485ed24c9e\"},\"breadcrumb\":{\"@id\":\"https:\\\/\\\/akunq.net\\\/tr\\\/?p=27463#breadcrumb\"},\"inLanguage\":\"en-US\",\"potentialAction\":[{\"@type\":\"ReadAction\",\"target\":[\"https:\\\/\\\/akunq.net\\\/tr\\\/?p=27463\"]}]},{\"@type\":\"BreadcrumbList\",\"@id\":\"https:\\\/\\\/akunq.net\\\/tr\\\/?p=27463#breadcrumb\",\"itemListElement\":[{\"@type\":\"ListItem\",\"position\":1,\"name\":\"Home\",\"item\":\"https:\\\/\\\/akunq.net\\\/tr\"},{\"@type\":\"ListItem\",\"position\":2,\"name\":\"Bakan Y\u0131lmaz&#8217;dan &#8216;K\u00fcrdistan&#8217; tepkisi\"}]},{\"@type\":\"WebSite\",\"@id\":\"https:\\\/\\\/akunq.net\\\/tr\\\/#website\",\"url\":\"https:\\\/\\\/akunq.net\\\/tr\\\/\",\"name\":\"Bati Ermenistan Ve Bati Ermenileri Sorunlari Ara\u015ftirmalar Merkezi\",\"description\":\"\",\"potentialAction\":[{\"@type\":\"SearchAction\",\"target\":{\"@type\":\"EntryPoint\",\"urlTemplate\":\"https:\\\/\\\/akunq.net\\\/tr\\\/?s={search_term_string}\"},\"query-input\":{\"@type\":\"PropertyValueSpecification\",\"valueRequired\":true,\"valueName\":\"search_term_string\"}}],\"inLanguage\":\"en-US\"},{\"@type\":\"Person\",\"@id\":\"https:\\\/\\\/akunq.net\\\/tr\\\/#\\\/schema\\\/person\\\/096f1d38a12cce57fb855b485ed24c9e\",\"name\":\"admin\",\"url\":\"https:\\\/\\\/akunq.net\\\/tr\\\/?author=7\"}]}<\/script>\n<!-- \/ Yoast SEO plugin. -->","yoast_head_json":{"title":"Bakan Y\u0131lmaz'dan 'K\u00fcrdistan' tepkisi - Bati Ermenistan Ve Bati Ermenileri Sorunlari Ara\u015ftirmalar Merkezi","robots":{"index":"index","follow":"follow","max-snippet":"max-snippet:-1","max-image-preview":"max-image-preview:large","max-video-preview":"max-video-preview:-1"},"canonical":"https:\/\/akunq.net\/tr\/?p=27463","og_locale":"en_US","og_type":"article","og_title":"Bakan Y\u0131lmaz'dan 'K\u00fcrdistan' tepkisi - Bati Ermenistan Ve Bati Ermenileri Sorunlari Ara\u015ftirmalar Merkezi","og_description":"&#8220;Daha \u00f6nceleri bunu T\u00fcrkiye&#8217;de \u00e7ok yapt\u0131lar&#8221;. Milli Savunma Bakan\u0131 \u0130smet Y\u0131lmaz Kuzey Irak&#8217;ta Barzani&#8217;ye yak\u0131n yay\u0131n yapan Rudaw TV&#8217;nin meteoroloji haberlerinde T\u00fcrkiye&#8217;den 7 ili &#8216;K\u00fcrdistan&#8217; s\u0131n\u0131rlar\u0131 i\u00e7inde g\u00f6stermesine tepki g\u00f6stererek, &#8220;Bunu ciddiye al\u0131nacak bir husus olarak g\u00f6rm\u00fcyorum&#8221; dedi. Milli Savunma Bakan\u0131 \u0130smet Y\u0131lmaz, a\u00e7\u0131l\u0131\u015f ve temel atma t\u00f6renlerine kat\u0131lmak \u00fczere bu sabah karayolu ile Sivas&#8217;\u0131n [&hellip;]","og_url":"https:\/\/akunq.net\/tr\/?p=27463","og_site_name":"Bati Ermenistan Ve Bati Ermenileri Sorunlari Ara\u015ftirmalar Merkezi","article_published_time":"2013-12-17T06:52:34+00:00","article_modified_time":"2013-12-17T06:52:53+00:00","author":"admin","twitter_card":"summary_large_image","twitter_misc":{"Written by":"admin","Est. reading time":"4 minutes"},"schema":{"@context":"https:\/\/schema.org","@graph":[{"@type":"Article","@id":"https:\/\/akunq.net\/tr\/?p=27463#article","isPartOf":{"@id":"https:\/\/akunq.net\/tr\/?p=27463"},"author":{"name":"admin","@id":"https:\/\/akunq.net\/tr\/#\/schema\/person\/096f1d38a12cce57fb855b485ed24c9e"},"headline":"Bakan Y\u0131lmaz&#8217;dan &#8216;K\u00fcrdistan&#8217; tepkisi","datePublished":"2013-12-17T06:52:34+00:00","dateModified":"2013-12-17T06:52:53+00:00","mainEntityOfPage":{"@id":"https:\/\/akunq.net\/tr\/?p=27463"},"wordCount":717,"commentCount":0,"articleSection":["Haberler"],"inLanguage":"en-US","potentialAction":[{"@type":"CommentAction","name":"Comment","target":["https:\/\/akunq.net\/tr\/?p=27463#respond"]}]},{"@type":"WebPage","@id":"https:\/\/akunq.net\/tr\/?p=27463","url":"https:\/\/akunq.net\/tr\/?p=27463","name":"Bakan Y\u0131lmaz'dan 'K\u00fcrdistan' tepkisi - Bati Ermenistan Ve Bati Ermenileri Sorunlari Ara\u015ftirmalar Merkezi","isPartOf":{"@id":"https:\/\/akunq.net\/tr\/#website"},"datePublished":"2013-12-17T06:52:34+00:00","dateModified":"2013-12-17T06:52:53+00:00","author":{"@id":"https:\/\/akunq.net\/tr\/#\/schema\/person\/096f1d38a12cce57fb855b485ed24c9e"},"breadcrumb":{"@id":"https:\/\/akunq.net\/tr\/?p=27463#breadcrumb"},"inLanguage":"en-US","potentialAction":[{"@type":"ReadAction","target":["https:\/\/akunq.net\/tr\/?p=27463"]}]},{"@type":"BreadcrumbList","@id":"https:\/\/akunq.net\/tr\/?p=27463#breadcrumb","itemListElement":[{"@type":"ListItem","position":1,"name":"Home","item":"https:\/\/akunq.net\/tr"},{"@type":"ListItem","position":2,"name":"Bakan Y\u0131lmaz&#8217;dan &#8216;K\u00fcrdistan&#8217; tepkisi"}]},{"@type":"WebSite","@id":"https:\/\/akunq.net\/tr\/#website","url":"https:\/\/akunq.net\/tr\/","name":"Bati Ermenistan Ve Bati Ermenileri Sorunlari Ara\u015ftirmalar Merkezi","description":"","potentialAction":[{"@type":"SearchAction","target":{"@type":"EntryPoint","urlTemplate":"https:\/\/akunq.net\/tr\/?s={search_term_string}"},"query-input":{"@type":"PropertyValueSpecification","valueRequired":true,"valueName":"search_term_string"}}],"inLanguage":"en-US"},{"@type":"Person","@id":"https:\/\/akunq.net\/tr\/#\/schema\/person\/096f1d38a12cce57fb855b485ed24c9e","name":"admin","url":"https:\/\/akunq.net\/tr\/?author=7"}]}},"_links":{"self":[{"href":"https:\/\/akunq.net\/tr\/index.php?rest_route=\/wp\/v2\/posts\/27463","targetHints":{"allow":["GET"]}}],"collection":[{"href":"https:\/\/akunq.net\/tr\/index.php?rest_route=\/wp\/v2\/posts"}],"about":[{"href":"https:\/\/akunq.net\/tr\/index.php?rest_route=\/wp\/v2\/types\/post"}],"author":[{"embeddable":true,"href":"https:\/\/akunq.net\/tr\/index.php?rest_route=\/wp\/v2\/users\/7"}],"replies":[{"embeddable":true,"href":"https:\/\/akunq.net\/tr\/index.php?rest_route=%2Fwp%2Fv2%2Fcomments&post=27463"}],"version-history":[{"count":2,"href":"https:\/\/akunq.net\/tr\/index.php?rest_route=\/wp\/v2\/posts\/27463\/revisions"}],"predecessor-version":[{"id":27466,"href":"https:\/\/akunq.net\/tr\/index.php?rest_route=\/wp\/v2\/posts\/27463\/revisions\/27466"}],"wp:attachment":[{"href":"https:\/\/akunq.net\/tr\/index.php?rest_route=%2Fwp%2Fv2%2Fmedia&parent=27463"}],"wp:term":[{"taxonomy":"category","embeddable":true,"href":"https:\/\/akunq.net\/tr\/index.php?rest_route=%2Fwp%2Fv2%2Fcategories&post=27463"},{"taxonomy":"post_tag","embeddable":true,"href":"https:\/\/akunq.net\/tr\/index.php?rest_route=%2Fwp%2Fv2%2Ftags&post=27463"}],"curies":[{"name":"wp","href":"https:\/\/api.w.org\/{rel}","templated":true}]}}