{"id":27449,"date":"2013-12-16T02:26:32","date_gmt":"2013-12-16T07:26:32","guid":{"rendered":"http:\/\/akunq.net\/tr\/?p=27449"},"modified":"2013-12-16T02:26:32","modified_gmt":"2013-12-16T07:26:32","slug":"ermenistan-ile-biraraya-gelmemiz-suc-degil","status":"publish","type":"post","link":"https:\/\/akunq.net\/tr\/?p=27449","title":{"rendered":"Ermenistan ile biraraya gelmemiz su\u00e7 de\u011fil"},"content":{"rendered":"<p style=\"text-align: justify;\"><b><i><a href=\"http:\/\/akunq.net\/tr\/wp-content\/uploads\/2013\/12\/D\u0131\u015fi\u015fleri-Bakan\u0131-Davuto\u011flu.jpg\"><img loading=\"lazy\" decoding=\"async\" class=\"alignright size-medium wp-image-27450\" alt=\"D\u0131\u015fi\u015fleri Bakan\u0131 Davuto\u011flu\" src=\"http:\/\/akunq.net\/tr\/wp-content\/uploads\/2013\/12\/D\u0131\u015fi\u015fleri-Bakan\u0131-Davuto\u011flu-300x203.jpg\" width=\"300\" height=\"203\" srcset=\"https:\/\/akunq.net\/tr\/wp-content\/uploads\/sites\/6\/2013\/12\/D\u0131\u015fi\u015fleri-Bakan\u0131-Davuto\u011flu-300x203.jpg 300w, https:\/\/akunq.net\/tr\/wp-content\/uploads\/sites\/6\/2013\/12\/D\u0131\u015fi\u015fleri-Bakan\u0131-Davuto\u011flu-600x407.jpg 600w, https:\/\/akunq.net\/tr\/wp-content\/uploads\/sites\/6\/2013\/12\/D\u0131\u015fi\u015fleri-Bakan\u0131-Davuto\u011flu.jpg 625w\" sizes=\"auto, (max-width: 300px) 100vw, 300px\" \/><\/a>D\u0131\u015fi\u015fleri Bakan\u0131 Davuto\u011flu, &#8220;Ermeniler ile adil haf\u0131za \u00e7er\u00e7evesinde biraraya gelmemiz su\u00e7 de\u011fil, yap\u0131lmas\u0131 gereken davran\u0131\u015ft\u0131r&#8221; dedi.<\/i><\/b><\/p>\n<p style=\"text-align: justify;\">D\u0131\u015fi\u015fleri Bakan\u0131 Ahmet Davuto\u011flu,\u00a0bakanl\u0131\u011f\u0131n\u0131n 2014 y\u0131l\u0131 <a href=\"http:\/\/www.aa.com.tr\/tr\/mod\/tag\/butce\">b\u00fct\u00e7e<\/a> tasar\u0131s\u0131 \u00fczerinde TBMM Genel Kurulu&#8217;nda yapt\u0131\u011f\u0131 konu\u015fmada, b\u00fct\u00e7elerin y\u0131ll\u0131k bir muhasebe niteli\u011fi ta\u015f\u0131d\u0131\u011f\u0131n\u0131 s\u00f6yledi.<\/p>\n<p style=\"text-align: justify;\">Davuto\u011flu, sadece 2013 de\u011fil, son on y\u0131llar\u0131n de\u011fi\u015fim s\u00fcre\u00e7lerine bak\u0131ld\u0131\u011f\u0131nda, uluslararas\u0131 konjonkt\u00fcrdeki k\u00f6kl\u00fc de\u011fi\u015fimi, bu k\u00f6kl\u00fc de\u011fi\u015fimin getirdi\u011fi yeni meydan okumalar\u0131 anlamadan\u00a0T\u00fcrk d\u0131\u015f politikas\u0131n\u0131n yeni paradigmas\u0131n\u0131n da anla\u015f\u0131lmayaca\u011f\u0131n\u0131 kaydetti.<\/p>\n<p style=\"text-align: justify;\">Kritik bir d\u00f6nemde, k\u00fcresel ekonomi politik yap\u0131 b\u00fcy\u00fck bir de\u011fi\u015fim ya\u015farken, \u00e7evre b\u00f6lgelerde ciddi sosyal, ekonomik, siyasi hareketlilikler ya\u015fan\u0131rken\u00a0T\u00fcrkiye&#8217;nin son 10 y\u0131lda \u00e7ok k\u00f6kl\u00fc restorasyon\u00a0ger\u00e7ekle\u015ftirmeyi ba\u015fard\u0131\u011f\u0131n\u0131 belirten\u00a0Davuto\u011flu, bu restorasyonun\u00a0\u00fc\u00e7 temel aya\u011f\u0131 bulundu\u011funu anlatt\u0131.\u00a0Davuto\u011flu, &#8220;Biri halk\u0131n iradesine dayanan\u00a0demokratik yap\u0131lar\u0131n g\u00fc\u00e7lendirilmesi, ikincisi \u00fclkenin ve milletin onurlu \u015fekilde d\u00fcnya kar\u015f\u0131s\u0131nda ayakta durmas\u0131n\u0131 sa\u011flayacak \u015fekilde kendi kendine yeten, kendine yetti\u011fi gibi ihtiya\u00e7 hisseden dost ve karde\u015f topluluklara yard\u0131m edebilecek kudrette ekonomik altyap\u0131, \u00fc\u00e7\u00fcnc\u00fcs\u00fc ise bu demokrasiden g\u00fc\u00e7 alan, bu ekonomik altyap\u0131n\u0131n imkanlar\u0131n\u0131 geni\u015fletmeyi hedef edinen bir d\u0131\u015f politika restorasyonu&#8221; dedi.<\/p>\n<p style=\"text-align: justify;\">\u00a0Bu restorasyonun sonu\u00e7lar\u0131n\u0131 g\u00f6rd\u00fcklerini kaydeden Davuto\u011flu, T\u00fcrkiye&#8217;nin, k\u00fcresel \u00fclkeler hiyerar\u015fisinde gittik\u00e7e artan bir rol ve \u00f6nem kazand\u0131\u011f\u0131n\u0131 dile getirdi.<\/p>\n<p style=\"text-align: justify;\"><strong>&#8220;\u0130li\u015fkiler daha da derinle\u015fti&#8221;<\/strong><\/p>\n<p style=\"text-align: justify;\">Bakan Davuto\u011flu, s\u00f6zlerini \u015f\u00f6yle s\u00fcrd\u00fcrd\u00fc:<\/p>\n<p style=\"text-align: justify;\">&#8220;D\u0131\u015f politikadaki geli\u015fmeleri, d\u00f6rt temel ana sacaya\u011f\u0131 \u00fczerinde payla\u015fmak istiyorum. Birincisi, Avrupa ve transatlantik hatt\u0131ndaki geli\u015fmeler ve T\u00fcrkiye&#8217;nin Avrupa-transatlantik hatt\u0131nda son d\u00f6nemde, son bir y\u0131l i\u00e7inde ya\u015fad\u0131klar\u0131. So\u011fuk sava\u015f d\u00f6neminde k\u00f6kl\u00fc ili\u015fkilerle in\u015fa etti\u011fimiz, NATO \u00a0ve AB ile\u00a0olan ili\u015fkilerimiz bu d\u00f6nemde,\u00a0iktidarlar\u0131m\u0131z d\u00f6neminde daha da derinle\u015fmi\u015f ve AB ile ili\u015fkilerimiz m\u00fczakere s\u00fcrecinde tam entegrasyona y\u00f6nelik bir perspektifle s\u00fcrd\u00fcr\u00fclm\u00fc\u015ft\u00fcr. Bu y\u0131l i\u00e7inde, son 2\u00a0y\u0131lda t\u0131kanan m\u00fczakere s\u00fcreci, 20. fasl\u0131n a\u00e7\u0131lmas\u0131na paralel olarak yeni bir ivme kazand\u0131. Yeni fas\u0131llar\u0131n a\u00e7\u0131lmas\u0131 i\u00e7in yo\u011fun bir \u015fekilde \u00e7aba sarf ediyoruz.\u00a0<\/p>\n<p style=\"text-align: justify;\">AB i\u00e7inde vize muafiyetiyle ilgili att\u0131\u011f\u0131m\u0131z son ad\u0131m, asl\u0131nda, AB-T\u00fcrkiye ili\u015fkilerini k\u00f6kten, paradigmatik bir anlamda de\u011fi\u015ftirecek unsurlar bar\u0131nd\u0131r\u0131yor. \u0130n\u015fallah, Say\u0131n Ba\u015fbakan\u0131m\u0131z\u0131n huzurunda, AB ile vize mutabakat\u0131n\u0131 ve Geri Kabul Anla\u015fmas\u0131&#8217;n\u0131 imzalayaca\u011f\u0131z. B\u00f6ylece, elli y\u0131l\u0131n r\u00fcyas\u0131 ger\u00e7ekle\u015fmi\u015f olacak ve T\u00fcrkiye Cumhuriyeti vatanda\u015flar\u0131, Schengen i\u00e7inde olan AB\u00a0\u00fcyelerine vizesiz olarak seyahat etme imkan\u0131na kavu\u015facaklar.\u00a0Bu, asl\u0131nda, bizim G\u00fcmr\u00fck Birli\u011fi ile birlikte elde etmemiz gereken bir hakt\u0131. Ancak, uzun m\u00fccadeleler ve zorlu m\u00fczakereler sonucunda son d\u00f6rt y\u0131l i\u00e7inde ger\u00e7ekten AB\u00a0taraf\u0131n\u0131n da i\u015fbirli\u011fi i\u00e7inde mutlu bir sona ula\u015fmaktan b\u00fcy\u00fck bir memnuniyet duyuyoruz. \u0130n\u015fallah, en ge\u00e7 \u00f6n\u00fcm\u00fczdeki \u00fc\u00e7 bu\u00e7uk y\u0131l i\u00e7inde b\u00fct\u00fcn bu m\u00fczakere s\u00fcre\u00e7leri tamamlanacak ve T\u00fcrk vatanda\u015flar\u0131 AB i\u00e7inde serbest\u00e7e seyahat etme imkan\u0131na kavu\u015facaklar.&#8221;<\/p>\n<p style=\"text-align: justify;\"><strong>K\u0131br\u0131s<\/strong><\/p>\n<p style=\"text-align: justify;\">K\u0131br\u0131s sorunu ve davas\u0131n\u0131n hakl\u0131 bir seyirde, haklar\u0131n\u0131\u00a0koruyacak \u015fekilde y\u00fcr\u00fcmesinin 3 ana aya\u011f\u0131n\u0131n bulundu\u011funu dile getiren Davuto\u011flu, birincisinin, m\u00fczakerelerde kararl\u0131,\u00a0evrensel bir dil kullanarak psikolojik \u00fcst\u00fcnl\u00fc\u011f\u00fc elde tutmak oldu\u011funu kaydetti. \u00a02004 B\u00fcrgenstock g\u00f6r\u00fc\u015fmelerine kadar, uluslararas\u0131 her platformda T\u00fcrkiye ve K\u0131br\u0131s T\u00fcrklerinin, k\u00f6\u015feye s\u0131k\u0131\u015ft\u0131r\u0131l\u0131p,\u00a0su\u00e7luluk psikolojisiyle davranmas\u0131 i\u00e7in bask\u0131lar uyguland\u0131\u011f\u0131n\u0131 anlatan Davuto\u011flu,\u00a0 ancak\u00a0son 10 y\u0131l i\u00e7inde s\u00fcrekli olarak kar\u015f\u0131 taraf\u0131 m\u00fczakere masas\u0131na getirmek i\u00e7in zorlayan taraf\u0131n, T\u00fcrkiye ve KKTC oldu\u011funu vurgulad\u0131.<\/p>\n<p style=\"text-align: justify;\">Davuto\u011flu,\u00a02008 ile\u00a02012 y\u0131llar\u0131 aras\u0131nda s\u00fcren m\u00fczakerelerde bu anlay\u0131\u015fla hareket edildi\u011fini dile getirdi.\u00a0<\/p>\n<p style=\"text-align: justify;\"><strong>&#8220;Her zamankinden daha fazla hakl\u0131 pozisyonday\u0131z&#8221;<\/strong><\/p>\n<p style=\"text-align: justify;\">T\u00fcrkiye&#8217;nin yakla\u015f\u0131m\u0131, KKTC halk\u0131na duydu\u011fu g\u00fcven ve sayg\u0131n\u0131n, bu m\u00fczakerelerin en b\u00fcy\u00fck g\u00fcc\u00fc oldu\u011funa i\u015faret eden Davuto\u011flu, &#8220;Bug\u00fcn m\u00fczakerelerde her zamankinden daha fazla hakl\u0131 pozisyonday\u0131z. M\u00fczakereleri y\u00fcr\u00fctme kabiliyeti, kapasitesi a\u00e7\u0131s\u0131ndan K\u0131br\u0131s T\u00fcrkleri her zamankinden daha g\u00fc\u00e7l\u00fcd\u00fcr&#8221; dedi.<\/p>\n<p style=\"text-align: justify;\">KKTC&#8217;nin tan\u0131nmas\u0131 ve\u00a0uluslaras\u0131 alanda g\u00f6r\u00fcn\u00fcr k\u0131l\u0131nmas\u0131n\u0131n \u00f6nemine i\u015faret eden Davuto\u011flu, KKTC&#8217;nin\u00a020 \u00fclkede temsilcisi oldu\u011funu, 21&#8217;incisinin\u00a0a\u00e7\u0131lmak \u00fczere oldu\u011funu kaydetti. Bunlar\u0131n \u00e7o\u011funun kendi iktidarlar\u0131 d\u00f6neminde a\u00e7\u0131ld\u0131\u011f\u0131n\u0131 belirten Davuto\u011flu, KKTC&#8217;nin Ekonomik \u0130\u015fbirli\u011fi Te\u015fkilat\u0131&#8217;na g\u00f6zlemci \u00fcye oldu\u011funu an\u0131msatt\u0131. Davuto\u011flu,\u00a0iktidara geldiklerinde KKTC&#8217;nin\u00a0hi\u00e7bir uluslararas\u0131 \u00f6rg\u00fctte tan\u0131nmad\u0131\u011f\u0131n\u0131 dile getirerek, KKTC&#8217;nin g\u00f6r\u00fcn\u00fcr olmas\u0131, tan\u0131nmas\u0131\u00a0i\u00e7in her t\u00fcrl\u00fc \u00e7abay\u0131 g\u00f6stereceklerini vurgulayarak, e\u011fer\u00a0bir halk uluslararas\u0131 alanda tan\u0131nacaksa \u00f6nce kendi ayaklar\u0131 \u00fczerinde durmas\u0131 ve herkesin de ona sayg\u0131 g\u00f6stermesi gerekti\u011fini anlatt\u0131.<\/p>\n<p style=\"text-align: justify;\">Davuto\u011flu, \u00fc\u00e7\u00fcnc\u00fc aya\u011f\u0131n, KKTC halk\u0131n\u0131n onurla, ba\u015f\u0131n\u0131n dik durmas\u0131 oldu\u011funu dile getirdi. KKTC&#8217;de 2002&#8217;de ki\u015fi ba\u015f\u0131na 4 bin 409 dolar milli gelir d\u00fc\u015ferken, G\u00fcney K\u0131br\u0131s Rum Y\u00f6netimi&#8217;nde ise\u00a014 bin 836 avro oldu\u011funu dile getiren\u00a0Davuto\u011flu, &#8220;\u015eimdi ise KKTC&#8217;de bu rakam 15 bin 492 dolard\u0131r. E\u011fer bir halk\u0131n uluslararas\u0131 alanda\u00a0ba\u015f\u0131n\u0131 dik tutacaksan\u0131z \u00f6nce onun ekonomisini g\u00fc\u00e7l\u00fc tutacaks\u0131n\u0131z, kimseye muhta\u00e7 eylemeyeceksiniz. T\u00fcrkiye&#8217;nin kudret eli, K\u0131br\u0131s T\u00fcrk halk\u0131n\u0131n \u00fczerindedir. Nisan ay\u0131nda Say\u0131n Ba\u015fbakan\u0131m\u0131z\u0131n kat\u0131l\u0131m\u0131yla Anadolu, K\u0131br\u0131s&#8217;a bir yolla daha ba\u011flan\u0131yor. Denizalt\u0131ndan aziz Anadolu suyunun, \u00a0aziz K\u0131br\u0131s&#8217;a akmas\u0131yla&#8221; diye konu\u015ftu.<\/p>\n<p style=\"text-align: justify;\"><strong>&#8220;Adil haf\u0131za&#8221;<\/strong>\u00a0<\/p>\n<p style=\"text-align: justify;\">Davuto\u011flu,\u00a0kom\u015fu \u00fclkeler ve b\u00f6lgelerle ili\u015fkilerde, \u00f6zel bir mekanizma geli\u015ftirdiklerini,\u00a0y\u00fcksek d\u00fczeyli stratejik i\u015fbirli\u011fi konseyleri olu\u015fturduklar\u0131n\u0131 s\u00f6yledi.<\/p>\n<p style=\"text-align: justify;\">Ziyaretlerde hal hat\u0131r sormad\u0131klar\u0131n\u0131 dile getiren Davuto\u011flu,\u00a0her ziyaretin saatlerce s\u00fcren\u00a0i\u015fbirli\u011fi anlay\u0131\u015f\u0131 i\u00e7inde imzalanan anla\u015fmalarla ta\u00e7lanan\u00a0diplomatik hamleler oldu\u011funu anlatt\u0131.<\/p>\n<p style=\"text-align: justify;\">Davuto\u011flu, T\u00fcrk Konseyi&#8217;ni kurduklar\u0131n\u0131, Orta Asya, Balkanlar&#8217;da\u00a0tarihi eserlere sahip \u00e7\u0131kt\u0131klar\u0131n\u0131 ifade etti.<\/p>\n<p style=\"text-align: justify;\">Adil haf\u0131zay\u0131 kulland\u0131\u011f\u0131n\u0131 dile getiren Davuto\u011flu, bilimadam\u0131 olarak tarihin\u00a0ancak adil haf\u0131zayla in\u015fa edilece\u011fine inand\u0131\u011f\u0131n\u0131 kaydetti. Davuto\u011flu,\u00a0&#8220;Kapal\u0131 kap\u0131lar ard\u0131nda birbirimize propaganda yaparak tarihi meseleleri \u00e7\u00f6zemeyiz. Al\u0131\u015f\u0131lm\u0131\u015f ezberleri her yerde s\u00fcrd\u00fcrerek de \u00e7\u00f6zemeyiz&#8221; dedi.<\/p>\n<p style=\"text-align: justify;\">Davuto\u011flu, <a href=\"http:\/\/www.aa.com.tr\/tr\/mod\/tag\/ermenistan\">Ermenistan<\/a> ile g\u00f6r\u00fc\u015fmelerinin su\u00e7 olmad\u0131\u011f\u0131n\u0131 dile getirerek, &#8220;Bizim <a href=\"http:\/\/www.aa.com.tr\/tr\/mod\/tag\/ermenistan\">Ermenistan<\/a> ve Ermeniler ile adil haf\u0131za \u00e7er\u00e7evesinde biraraya gelmemiz de su\u00e7 de\u011fil, yap\u0131lmas\u0131 gereken davran\u0131\u015ft\u0131r&#8221; diye konu\u015ftu.<\/p>\n<p style=\"text-align: justify;\"><a href=\"http:\/\/www.aa.com.tr\/tr\/mod\/tag\/butce\">B\u00fct\u00e7e<\/a> \u00fczerinde CHP Grubu ad\u0131na konu\u015fan \u0130stanbul Milletvekili Osman Korut\u00fcrk&#8217;e de seslenen Davuto\u011flu, s\u00f6zlerini, &#8220;Suriye konusunda bir kere de Esad&#8217;\u0131n zulm\u00fcnden bahsedin. Bu konu\u015fman\u0131zdan Esad ve T\u00fcrkiye d\u00fc\u015fmanlar\u0131 memnun olur. Bu\u00a0devlete, bu h\u00fck\u00fcmete hakaret\u00a0edemezsiniz. Video, filmlere, Halep&#8217;in, \u015eam&#8217;\u0131n haline bak\u0131n. Kim bombalad\u0131, sizin savundu\u011funuz Esad&#8217;\u0131n u\u00e7aklar\u0131 bombalad\u0131. Gelin burada, bu zulm\u00fc\u00a0lanetleyin&#8221; diye s\u00fcrd\u00fcrd\u00fc.<\/p>\n<p style=\"text-align: justify;\">Davuto\u011flu, kendisinden \u00f6nce konu\u015fan MHP Ankara Milletvekili Tu\u011frul T\u00fcrke\u015f&#8217;e y\u00f6nelik olarak ise &#8220;Size Suriye rejimini aklamak d\u00fc\u015fmez. CHP&#8217;yi\u00a0anlayabilirim\u00a0ama sizi anlam\u0131yorum&#8221; dedi.<\/p>\n<p style=\"text-align: justify;\"><strong>&#8220;Zirvedeyken b\u0131rak\u0131n&#8221;<\/strong>\u00a0<\/p>\n<p style=\"text-align: justify;\">Sata\u015fma gerek\u00e7esiyle s\u00f6z alan\u00a0T\u00fcrke\u015f, K\u0131br\u0131s&#8217;\u0131n bir tak\u0131m kurulu\u015flara\u00a0g\u00f6zlemci olmas\u0131ndan ziyade temsil edilmesinin \u00f6nemli oldu\u011funu belirtti.<\/p>\n<p style=\"text-align: justify;\">Korut\u00fcrk de sata\u015fma gerek\u00e7esiyle Davuto\u011flu&#8217;na yan\u0131t verdi. Davuto\u011flu&#8217;nun,\u00a0\u00a0ba\u015far\u0131s\u0131z oldu\u011funu savunan Korut\u00fcrk,\u00a0&#8220;Gelmi\u015f ge\u00e7mi\u015f bakanlar i\u00e7inde\u00a0memlekete sizin kadar zarar veren ba\u015fka bakan yok. Bir bakan s\u00f6yledi\u011fi s\u00f6z\u00fcn arkas\u0131nda durabilmeli. Madem ba\u015far\u0131l\u0131s\u0131n\u0131z, tebrik ediyorum o zaman\u00a0zirvedeyken bu i\u015fi b\u0131rakman\u0131z\u0131 diliyorum&#8221; diye konu\u015ftu.<\/p>\n<p style=\"text-align: justify;\"><a href=\"http:\/\/www.aa.com.tr\/tr\/mod\/tag\/davutoglu\">Davuto\u011flu<\/a> ise\u00a0Korut\u00fcrk&#8217;\u00fcn kendisini\u00a0ba\u015far\u0131s\u0131z bulabilece\u011fini ancak \u00f6nemli olan\u0131n milletin ba\u015far\u0131l\u0131 bulmas\u0131 oldu\u011funu dile getirdi.\u00a0<\/p>\n<p style=\"text-align: justify;\"><b><i>http:\/\/www.aa.com.tr\/tr\/haberler\/263244&#8211;ermenistan-ile-biraraya-gelmemiz-suc-degil<\/i><\/b><\/p>\n","protected":false},"excerpt":{"rendered":"<p>D\u0131\u015fi\u015fleri Bakan\u0131 Davuto\u011flu, &#8220;Ermeniler ile adil haf\u0131za \u00e7er\u00e7evesinde biraraya gelmemiz su\u00e7 de\u011fil, yap\u0131lmas\u0131 gereken davran\u0131\u015ft\u0131r&#8221; dedi. D\u0131\u015fi\u015fleri Bakan\u0131 Ahmet Davuto\u011flu,\u00a0bakanl\u0131\u011f\u0131n\u0131n 2014 y\u0131l\u0131 b\u00fct\u00e7e tasar\u0131s\u0131 \u00fczerinde TBMM Genel Kurulu&#8217;nda yapt\u0131\u011f\u0131 konu\u015fmada, b\u00fct\u00e7elerin y\u0131ll\u0131k bir muhasebe niteli\u011fi ta\u015f\u0131d\u0131\u011f\u0131n\u0131 s\u00f6yledi. Davuto\u011flu, sadece 2013 de\u011fil, son on y\u0131llar\u0131n de\u011fi\u015fim s\u00fcre\u00e7lerine bak\u0131ld\u0131\u011f\u0131nda, uluslararas\u0131 konjonkt\u00fcrdeki k\u00f6kl\u00fc de\u011fi\u015fimi, bu k\u00f6kl\u00fc de\u011fi\u015fimin getirdi\u011fi [&hellip;]<\/p>\n","protected":false},"author":7,"featured_media":0,"comment_status":"open","ping_status":"open","sticky":false,"template":"","format":"standard","meta":{"footnotes":""},"categories":[1],"tags":[],"class_list":["post-27449","post","type-post","status-publish","format-standard","hentry","category-haberler"],"yoast_head":"<!-- This site is optimized with the Yoast SEO plugin v27.4 - https:\/\/yoast.com\/product\/yoast-seo-wordpress\/ -->\n<title>Ermenistan ile biraraya gelmemiz su\u00e7 de\u011fil - Bati Ermenistan Ve Bati Ermenileri Sorunlari Ara\u015ftirmalar Merkezi<\/title>\n<meta name=\"robots\" content=\"index, follow, max-snippet:-1, max-image-preview:large, max-video-preview:-1\" \/>\n<link rel=\"canonical\" href=\"https:\/\/akunq.net\/tr\/?p=27449\" \/>\n<meta property=\"og:locale\" content=\"en_US\" \/>\n<meta property=\"og:type\" content=\"article\" \/>\n<meta property=\"og:title\" content=\"Ermenistan ile biraraya gelmemiz su\u00e7 de\u011fil - Bati Ermenistan Ve Bati Ermenileri Sorunlari Ara\u015ftirmalar Merkezi\" \/>\n<meta property=\"og:description\" content=\"D\u0131\u015fi\u015fleri Bakan\u0131 Davuto\u011flu, &#8220;Ermeniler ile adil haf\u0131za \u00e7er\u00e7evesinde biraraya gelmemiz su\u00e7 de\u011fil, yap\u0131lmas\u0131 gereken davran\u0131\u015ft\u0131r&#8221; dedi. D\u0131\u015fi\u015fleri Bakan\u0131 Ahmet Davuto\u011flu,\u00a0bakanl\u0131\u011f\u0131n\u0131n 2014 y\u0131l\u0131 b\u00fct\u00e7e tasar\u0131s\u0131 \u00fczerinde TBMM Genel Kurulu&#8217;nda yapt\u0131\u011f\u0131 konu\u015fmada, b\u00fct\u00e7elerin y\u0131ll\u0131k bir muhasebe niteli\u011fi ta\u015f\u0131d\u0131\u011f\u0131n\u0131 s\u00f6yledi. Davuto\u011flu, sadece 2013 de\u011fil, son on y\u0131llar\u0131n de\u011fi\u015fim s\u00fcre\u00e7lerine bak\u0131ld\u0131\u011f\u0131nda, uluslararas\u0131 konjonkt\u00fcrdeki k\u00f6kl\u00fc de\u011fi\u015fimi, bu k\u00f6kl\u00fc de\u011fi\u015fimin getirdi\u011fi [&hellip;]\" \/>\n<meta property=\"og:url\" content=\"https:\/\/akunq.net\/tr\/?p=27449\" \/>\n<meta property=\"og:site_name\" content=\"Bati Ermenistan Ve Bati Ermenileri Sorunlari Ara\u015ftirmalar Merkezi\" \/>\n<meta property=\"article:published_time\" content=\"2013-12-16T07:26:32+00:00\" \/>\n<meta name=\"author\" content=\"admin\" \/>\n<meta name=\"twitter:card\" content=\"summary_large_image\" \/>\n<meta name=\"twitter:label1\" content=\"Written by\" \/>\n\t<meta name=\"twitter:data1\" content=\"admin\" \/>\n\t<meta name=\"twitter:label2\" content=\"Est. reading time\" \/>\n\t<meta name=\"twitter:data2\" content=\"7 minutes\" \/>\n<script type=\"application\/ld+json\" class=\"yoast-schema-graph\">{\"@context\":\"https:\\\/\\\/schema.org\",\"@graph\":[{\"@type\":\"Article\",\"@id\":\"https:\\\/\\\/akunq.net\\\/tr\\\/?p=27449#article\",\"isPartOf\":{\"@id\":\"https:\\\/\\\/akunq.net\\\/tr\\\/?p=27449\"},\"author\":{\"name\":\"admin\",\"@id\":\"https:\\\/\\\/akunq.net\\\/tr\\\/#\\\/schema\\\/person\\\/096f1d38a12cce57fb855b485ed24c9e\"},\"headline\":\"Ermenistan ile biraraya gelmemiz su\u00e7 de\u011fil\",\"datePublished\":\"2013-12-16T07:26:32+00:00\",\"mainEntityOfPage\":{\"@id\":\"https:\\\/\\\/akunq.net\\\/tr\\\/?p=27449\"},\"wordCount\":1470,\"commentCount\":0,\"articleSection\":[\"Haberler\"],\"inLanguage\":\"en-US\",\"potentialAction\":[{\"@type\":\"CommentAction\",\"name\":\"Comment\",\"target\":[\"https:\\\/\\\/akunq.net\\\/tr\\\/?p=27449#respond\"]}]},{\"@type\":\"WebPage\",\"@id\":\"https:\\\/\\\/akunq.net\\\/tr\\\/?p=27449\",\"url\":\"https:\\\/\\\/akunq.net\\\/tr\\\/?p=27449\",\"name\":\"Ermenistan ile biraraya gelmemiz su\u00e7 de\u011fil - Bati Ermenistan Ve Bati Ermenileri Sorunlari Ara\u015ftirmalar Merkezi\",\"isPartOf\":{\"@id\":\"https:\\\/\\\/akunq.net\\\/tr\\\/#website\"},\"datePublished\":\"2013-12-16T07:26:32+00:00\",\"author\":{\"@id\":\"https:\\\/\\\/akunq.net\\\/tr\\\/#\\\/schema\\\/person\\\/096f1d38a12cce57fb855b485ed24c9e\"},\"breadcrumb\":{\"@id\":\"https:\\\/\\\/akunq.net\\\/tr\\\/?p=27449#breadcrumb\"},\"inLanguage\":\"en-US\",\"potentialAction\":[{\"@type\":\"ReadAction\",\"target\":[\"https:\\\/\\\/akunq.net\\\/tr\\\/?p=27449\"]}]},{\"@type\":\"BreadcrumbList\",\"@id\":\"https:\\\/\\\/akunq.net\\\/tr\\\/?p=27449#breadcrumb\",\"itemListElement\":[{\"@type\":\"ListItem\",\"position\":1,\"name\":\"Home\",\"item\":\"https:\\\/\\\/akunq.net\\\/tr\"},{\"@type\":\"ListItem\",\"position\":2,\"name\":\"Ermenistan ile biraraya gelmemiz su\u00e7 de\u011fil\"}]},{\"@type\":\"WebSite\",\"@id\":\"https:\\\/\\\/akunq.net\\\/tr\\\/#website\",\"url\":\"https:\\\/\\\/akunq.net\\\/tr\\\/\",\"name\":\"Bati Ermenistan Ve Bati Ermenileri Sorunlari Ara\u015ftirmalar Merkezi\",\"description\":\"\",\"potentialAction\":[{\"@type\":\"SearchAction\",\"target\":{\"@type\":\"EntryPoint\",\"urlTemplate\":\"https:\\\/\\\/akunq.net\\\/tr\\\/?s={search_term_string}\"},\"query-input\":{\"@type\":\"PropertyValueSpecification\",\"valueRequired\":true,\"valueName\":\"search_term_string\"}}],\"inLanguage\":\"en-US\"},{\"@type\":\"Person\",\"@id\":\"https:\\\/\\\/akunq.net\\\/tr\\\/#\\\/schema\\\/person\\\/096f1d38a12cce57fb855b485ed24c9e\",\"name\":\"admin\",\"url\":\"https:\\\/\\\/akunq.net\\\/tr\\\/?author=7\"}]}<\/script>\n<!-- \/ Yoast SEO plugin. -->","yoast_head_json":{"title":"Ermenistan ile biraraya gelmemiz su\u00e7 de\u011fil - Bati Ermenistan Ve Bati Ermenileri Sorunlari Ara\u015ftirmalar Merkezi","robots":{"index":"index","follow":"follow","max-snippet":"max-snippet:-1","max-image-preview":"max-image-preview:large","max-video-preview":"max-video-preview:-1"},"canonical":"https:\/\/akunq.net\/tr\/?p=27449","og_locale":"en_US","og_type":"article","og_title":"Ermenistan ile biraraya gelmemiz su\u00e7 de\u011fil - Bati Ermenistan Ve Bati Ermenileri Sorunlari Ara\u015ftirmalar Merkezi","og_description":"D\u0131\u015fi\u015fleri Bakan\u0131 Davuto\u011flu, &#8220;Ermeniler ile adil haf\u0131za \u00e7er\u00e7evesinde biraraya gelmemiz su\u00e7 de\u011fil, yap\u0131lmas\u0131 gereken davran\u0131\u015ft\u0131r&#8221; dedi. D\u0131\u015fi\u015fleri Bakan\u0131 Ahmet Davuto\u011flu,\u00a0bakanl\u0131\u011f\u0131n\u0131n 2014 y\u0131l\u0131 b\u00fct\u00e7e tasar\u0131s\u0131 \u00fczerinde TBMM Genel Kurulu&#8217;nda yapt\u0131\u011f\u0131 konu\u015fmada, b\u00fct\u00e7elerin y\u0131ll\u0131k bir muhasebe niteli\u011fi ta\u015f\u0131d\u0131\u011f\u0131n\u0131 s\u00f6yledi. Davuto\u011flu, sadece 2013 de\u011fil, son on y\u0131llar\u0131n de\u011fi\u015fim s\u00fcre\u00e7lerine bak\u0131ld\u0131\u011f\u0131nda, uluslararas\u0131 konjonkt\u00fcrdeki k\u00f6kl\u00fc de\u011fi\u015fimi, bu k\u00f6kl\u00fc de\u011fi\u015fimin getirdi\u011fi [&hellip;]","og_url":"https:\/\/akunq.net\/tr\/?p=27449","og_site_name":"Bati Ermenistan Ve Bati Ermenileri Sorunlari Ara\u015ftirmalar Merkezi","article_published_time":"2013-12-16T07:26:32+00:00","author":"admin","twitter_card":"summary_large_image","twitter_misc":{"Written by":"admin","Est. reading time":"7 minutes"},"schema":{"@context":"https:\/\/schema.org","@graph":[{"@type":"Article","@id":"https:\/\/akunq.net\/tr\/?p=27449#article","isPartOf":{"@id":"https:\/\/akunq.net\/tr\/?p=27449"},"author":{"name":"admin","@id":"https:\/\/akunq.net\/tr\/#\/schema\/person\/096f1d38a12cce57fb855b485ed24c9e"},"headline":"Ermenistan ile biraraya gelmemiz su\u00e7 de\u011fil","datePublished":"2013-12-16T07:26:32+00:00","mainEntityOfPage":{"@id":"https:\/\/akunq.net\/tr\/?p=27449"},"wordCount":1470,"commentCount":0,"articleSection":["Haberler"],"inLanguage":"en-US","potentialAction":[{"@type":"CommentAction","name":"Comment","target":["https:\/\/akunq.net\/tr\/?p=27449#respond"]}]},{"@type":"WebPage","@id":"https:\/\/akunq.net\/tr\/?p=27449","url":"https:\/\/akunq.net\/tr\/?p=27449","name":"Ermenistan ile biraraya gelmemiz su\u00e7 de\u011fil - Bati Ermenistan Ve Bati Ermenileri Sorunlari Ara\u015ftirmalar Merkezi","isPartOf":{"@id":"https:\/\/akunq.net\/tr\/#website"},"datePublished":"2013-12-16T07:26:32+00:00","author":{"@id":"https:\/\/akunq.net\/tr\/#\/schema\/person\/096f1d38a12cce57fb855b485ed24c9e"},"breadcrumb":{"@id":"https:\/\/akunq.net\/tr\/?p=27449#breadcrumb"},"inLanguage":"en-US","potentialAction":[{"@type":"ReadAction","target":["https:\/\/akunq.net\/tr\/?p=27449"]}]},{"@type":"BreadcrumbList","@id":"https:\/\/akunq.net\/tr\/?p=27449#breadcrumb","itemListElement":[{"@type":"ListItem","position":1,"name":"Home","item":"https:\/\/akunq.net\/tr"},{"@type":"ListItem","position":2,"name":"Ermenistan ile biraraya gelmemiz su\u00e7 de\u011fil"}]},{"@type":"WebSite","@id":"https:\/\/akunq.net\/tr\/#website","url":"https:\/\/akunq.net\/tr\/","name":"Bati Ermenistan Ve Bati Ermenileri Sorunlari Ara\u015ftirmalar Merkezi","description":"","potentialAction":[{"@type":"SearchAction","target":{"@type":"EntryPoint","urlTemplate":"https:\/\/akunq.net\/tr\/?s={search_term_string}"},"query-input":{"@type":"PropertyValueSpecification","valueRequired":true,"valueName":"search_term_string"}}],"inLanguage":"en-US"},{"@type":"Person","@id":"https:\/\/akunq.net\/tr\/#\/schema\/person\/096f1d38a12cce57fb855b485ed24c9e","name":"admin","url":"https:\/\/akunq.net\/tr\/?author=7"}]}},"_links":{"self":[{"href":"https:\/\/akunq.net\/tr\/index.php?rest_route=\/wp\/v2\/posts\/27449","targetHints":{"allow":["GET"]}}],"collection":[{"href":"https:\/\/akunq.net\/tr\/index.php?rest_route=\/wp\/v2\/posts"}],"about":[{"href":"https:\/\/akunq.net\/tr\/index.php?rest_route=\/wp\/v2\/types\/post"}],"author":[{"embeddable":true,"href":"https:\/\/akunq.net\/tr\/index.php?rest_route=\/wp\/v2\/users\/7"}],"replies":[{"embeddable":true,"href":"https:\/\/akunq.net\/tr\/index.php?rest_route=%2Fwp%2Fv2%2Fcomments&post=27449"}],"version-history":[{"count":1,"href":"https:\/\/akunq.net\/tr\/index.php?rest_route=\/wp\/v2\/posts\/27449\/revisions"}],"predecessor-version":[{"id":27451,"href":"https:\/\/akunq.net\/tr\/index.php?rest_route=\/wp\/v2\/posts\/27449\/revisions\/27451"}],"wp:attachment":[{"href":"https:\/\/akunq.net\/tr\/index.php?rest_route=%2Fwp%2Fv2%2Fmedia&parent=27449"}],"wp:term":[{"taxonomy":"category","embeddable":true,"href":"https:\/\/akunq.net\/tr\/index.php?rest_route=%2Fwp%2Fv2%2Fcategories&post=27449"},{"taxonomy":"post_tag","embeddable":true,"href":"https:\/\/akunq.net\/tr\/index.php?rest_route=%2Fwp%2Fv2%2Ftags&post=27449"}],"curies":[{"name":"wp","href":"https:\/\/api.w.org\/{rel}","templated":true}]}}