{"id":27446,"date":"2013-12-16T02:15:17","date_gmt":"2013-12-16T07:15:17","guid":{"rendered":"http:\/\/akunq.net\/tr\/?p=27446"},"modified":"2013-12-16T02:15:17","modified_gmt":"2013-12-16T07:15:17","slug":"yassiadanin-ismi-resmen-degisti","status":"publish","type":"post","link":"https:\/\/akunq.net\/tr\/?p=27446","title":{"rendered":"Yass\u0131ada&#8217;n\u0131n ismi resmen de\u011fi\u015fti"},"content":{"rendered":"<p style=\"text-align: justify;\"><a href=\"http:\/\/akunq.net\/tr\/wp-content\/uploads\/2013\/12\/Yass\u0131ada.jpg\"><img loading=\"lazy\" decoding=\"async\" class=\"alignright size-medium wp-image-27447\" alt=\"Yass\u0131ada\" src=\"http:\/\/akunq.net\/tr\/wp-content\/uploads\/2013\/12\/Yass\u0131ada-300x186.jpg\" width=\"300\" height=\"186\" srcset=\"https:\/\/akunq.net\/tr\/wp-content\/uploads\/sites\/6\/2013\/12\/Yass\u0131ada-300x186.jpg 300w, https:\/\/akunq.net\/tr\/wp-content\/uploads\/sites\/6\/2013\/12\/Yass\u0131ada.jpg 563w\" sizes=\"auto, (max-width: 300px) 100vw, 300px\" \/><\/a>Yass\u0131ada\u2019n\u0131n isim de\u011fi\u015fikli\u011fi Resmi Gazete\u2019de yay\u0131mland\u0131. \u0130\u00e7i\u015fleri Bakanl\u0131\u011f\u0131 taraf\u0131ndan y\u00fcr\u00fct\u00fclen karara g\u00f6re Yass\u0131ada\u2019n\u0131n isminin &#8216;Demokrasi ve \u00d6zg\u00fcrl\u00fckler Adas\u0131&#8217; olarak de\u011fi\u015ftirilmesine, 5442 say\u0131l\u0131 \u0130l \u0130daresi Kanunu&#8217;nun 2. maddesinin (B) ve (D) bentlerine g\u00f6re uygun g\u00f6r\u00fcld\u00fc\u011f\u00fc bildirildi.<\/p>\n<p style=\"text-align: justify;\"><b><i>AHMET \u015e\u0130NOFORO\u011eLU &#8211; <\/i><\/b><b><i>ANKARA <\/i><\/b><\/p>\n<p style=\"text-align: justify;\"><b><i>http:\/\/www.zaman.com.tr\/gundem_yassiadanin-ismi-resmen-degisti_2182952.html<\/i><\/b><\/p>\n","protected":false},"excerpt":{"rendered":"<p>Yass\u0131ada\u2019n\u0131n isim de\u011fi\u015fikli\u011fi Resmi Gazete\u2019de yay\u0131mland\u0131. \u0130\u00e7i\u015fleri Bakanl\u0131\u011f\u0131 taraf\u0131ndan y\u00fcr\u00fct\u00fclen karara g\u00f6re Yass\u0131ada\u2019n\u0131n isminin &#8216;Demokrasi ve \u00d6zg\u00fcrl\u00fckler Adas\u0131&#8217; olarak de\u011fi\u015ftirilmesine, 5442 say\u0131l\u0131 \u0130l \u0130daresi Kanunu&#8217;nun 2. maddesinin (B) ve (D) bentlerine g\u00f6re uygun g\u00f6r\u00fcld\u00fc\u011f\u00fc bildirildi. AHMET \u015e\u0130NOFORO\u011eLU &#8211; ANKARA http:\/\/www.zaman.com.tr\/gundem_yassiadanin-ismi-resmen-degisti_2182952.html<\/p>\n","protected":false},"author":7,"featured_media":0,"comment_status":"open","ping_status":"open","sticky":false,"template":"","format":"standard","meta":{"footnotes":""},"categories":[1],"tags":[],"class_list":["post-27446","post","type-post","status-publish","format-standard","hentry","category-haberler"],"yoast_head":"<!-- This site is optimized with the Yoast SEO plugin v27.4 - https:\/\/yoast.com\/product\/yoast-seo-wordpress\/ -->\n<title>Yass\u0131ada&#039;n\u0131n ismi resmen de\u011fi\u015fti - Bati Ermenistan Ve Bati Ermenileri Sorunlari Ara\u015ftirmalar Merkezi<\/title>\n<meta name=\"robots\" content=\"index, follow, max-snippet:-1, max-image-preview:large, max-video-preview:-1\" \/>\n<link rel=\"canonical\" href=\"https:\/\/akunq.net\/tr\/?p=27446\" \/>\n<meta property=\"og:locale\" content=\"en_US\" \/>\n<meta property=\"og:type\" content=\"article\" \/>\n<meta property=\"og:title\" content=\"Yass\u0131ada&#039;n\u0131n ismi resmen de\u011fi\u015fti - Bati Ermenistan Ve Bati Ermenileri Sorunlari Ara\u015ftirmalar Merkezi\" \/>\n<meta property=\"og:description\" content=\"Yass\u0131ada\u2019n\u0131n isim de\u011fi\u015fikli\u011fi Resmi Gazete\u2019de yay\u0131mland\u0131. \u0130\u00e7i\u015fleri Bakanl\u0131\u011f\u0131 taraf\u0131ndan y\u00fcr\u00fct\u00fclen karara g\u00f6re Yass\u0131ada\u2019n\u0131n isminin &#8216;Demokrasi ve \u00d6zg\u00fcrl\u00fckler Adas\u0131&#8217; olarak de\u011fi\u015ftirilmesine, 5442 say\u0131l\u0131 \u0130l \u0130daresi Kanunu&#8217;nun 2. maddesinin (B) ve (D) bentlerine g\u00f6re uygun g\u00f6r\u00fcld\u00fc\u011f\u00fc bildirildi. AHMET \u015e\u0130NOFORO\u011eLU &#8211; ANKARA http:\/\/www.zaman.com.tr\/gundem_yassiadanin-ismi-resmen-degisti_2182952.html\" \/>\n<meta property=\"og:url\" content=\"https:\/\/akunq.net\/tr\/?p=27446\" \/>\n<meta property=\"og:site_name\" content=\"Bati Ermenistan Ve Bati Ermenileri Sorunlari Ara\u015ftirmalar Merkezi\" \/>\n<meta property=\"article:published_time\" content=\"2013-12-16T07:15:17+00:00\" \/>\n<meta name=\"author\" content=\"admin\" \/>\n<meta name=\"twitter:card\" content=\"summary_large_image\" \/>\n<meta name=\"twitter:label1\" content=\"Written by\" \/>\n\t<meta name=\"twitter:data1\" content=\"admin\" \/>\n<script type=\"application\/ld+json\" class=\"yoast-schema-graph\">{\"@context\":\"https:\\\/\\\/schema.org\",\"@graph\":[{\"@type\":\"Article\",\"@id\":\"https:\\\/\\\/akunq.net\\\/tr\\\/?p=27446#article\",\"isPartOf\":{\"@id\":\"https:\\\/\\\/akunq.net\\\/tr\\\/?p=27446\"},\"author\":{\"name\":\"admin\",\"@id\":\"https:\\\/\\\/akunq.net\\\/tr\\\/#\\\/schema\\\/person\\\/096f1d38a12cce57fb855b485ed24c9e\"},\"headline\":\"Yass\u0131ada&#8217;n\u0131n ismi resmen de\u011fi\u015fti\",\"datePublished\":\"2013-12-16T07:15:17+00:00\",\"mainEntityOfPage\":{\"@id\":\"https:\\\/\\\/akunq.net\\\/tr\\\/?p=27446\"},\"wordCount\":80,\"commentCount\":0,\"articleSection\":[\"Haberler\"],\"inLanguage\":\"en-US\",\"potentialAction\":[{\"@type\":\"CommentAction\",\"name\":\"Comment\",\"target\":[\"https:\\\/\\\/akunq.net\\\/tr\\\/?p=27446#respond\"]}]},{\"@type\":\"WebPage\",\"@id\":\"https:\\\/\\\/akunq.net\\\/tr\\\/?p=27446\",\"url\":\"https:\\\/\\\/akunq.net\\\/tr\\\/?p=27446\",\"name\":\"Yass\u0131ada'n\u0131n ismi resmen de\u011fi\u015fti - Bati Ermenistan Ve Bati Ermenileri Sorunlari Ara\u015ftirmalar Merkezi\",\"isPartOf\":{\"@id\":\"https:\\\/\\\/akunq.net\\\/tr\\\/#website\"},\"datePublished\":\"2013-12-16T07:15:17+00:00\",\"author\":{\"@id\":\"https:\\\/\\\/akunq.net\\\/tr\\\/#\\\/schema\\\/person\\\/096f1d38a12cce57fb855b485ed24c9e\"},\"breadcrumb\":{\"@id\":\"https:\\\/\\\/akunq.net\\\/tr\\\/?p=27446#breadcrumb\"},\"inLanguage\":\"en-US\",\"potentialAction\":[{\"@type\":\"ReadAction\",\"target\":[\"https:\\\/\\\/akunq.net\\\/tr\\\/?p=27446\"]}]},{\"@type\":\"BreadcrumbList\",\"@id\":\"https:\\\/\\\/akunq.net\\\/tr\\\/?p=27446#breadcrumb\",\"itemListElement\":[{\"@type\":\"ListItem\",\"position\":1,\"name\":\"Home\",\"item\":\"https:\\\/\\\/akunq.net\\\/tr\"},{\"@type\":\"ListItem\",\"position\":2,\"name\":\"Yass\u0131ada&#8217;n\u0131n ismi resmen de\u011fi\u015fti\"}]},{\"@type\":\"WebSite\",\"@id\":\"https:\\\/\\\/akunq.net\\\/tr\\\/#website\",\"url\":\"https:\\\/\\\/akunq.net\\\/tr\\\/\",\"name\":\"Bati Ermenistan Ve Bati Ermenileri Sorunlari Ara\u015ftirmalar Merkezi\",\"description\":\"\",\"potentialAction\":[{\"@type\":\"SearchAction\",\"target\":{\"@type\":\"EntryPoint\",\"urlTemplate\":\"https:\\\/\\\/akunq.net\\\/tr\\\/?s={search_term_string}\"},\"query-input\":{\"@type\":\"PropertyValueSpecification\",\"valueRequired\":true,\"valueName\":\"search_term_string\"}}],\"inLanguage\":\"en-US\"},{\"@type\":\"Person\",\"@id\":\"https:\\\/\\\/akunq.net\\\/tr\\\/#\\\/schema\\\/person\\\/096f1d38a12cce57fb855b485ed24c9e\",\"name\":\"admin\",\"url\":\"https:\\\/\\\/akunq.net\\\/tr\\\/?author=7\"}]}<\/script>\n<!-- \/ Yoast SEO plugin. -->","yoast_head_json":{"title":"Yass\u0131ada'n\u0131n ismi resmen de\u011fi\u015fti - Bati Ermenistan Ve Bati Ermenileri Sorunlari Ara\u015ftirmalar Merkezi","robots":{"index":"index","follow":"follow","max-snippet":"max-snippet:-1","max-image-preview":"max-image-preview:large","max-video-preview":"max-video-preview:-1"},"canonical":"https:\/\/akunq.net\/tr\/?p=27446","og_locale":"en_US","og_type":"article","og_title":"Yass\u0131ada'n\u0131n ismi resmen de\u011fi\u015fti - Bati Ermenistan Ve Bati Ermenileri Sorunlari Ara\u015ftirmalar Merkezi","og_description":"Yass\u0131ada\u2019n\u0131n isim de\u011fi\u015fikli\u011fi Resmi Gazete\u2019de yay\u0131mland\u0131. \u0130\u00e7i\u015fleri Bakanl\u0131\u011f\u0131 taraf\u0131ndan y\u00fcr\u00fct\u00fclen karara g\u00f6re Yass\u0131ada\u2019n\u0131n isminin &#8216;Demokrasi ve \u00d6zg\u00fcrl\u00fckler Adas\u0131&#8217; olarak de\u011fi\u015ftirilmesine, 5442 say\u0131l\u0131 \u0130l \u0130daresi Kanunu&#8217;nun 2. maddesinin (B) ve (D) bentlerine g\u00f6re uygun g\u00f6r\u00fcld\u00fc\u011f\u00fc bildirildi. AHMET \u015e\u0130NOFORO\u011eLU &#8211; ANKARA http:\/\/www.zaman.com.tr\/gundem_yassiadanin-ismi-resmen-degisti_2182952.html","og_url":"https:\/\/akunq.net\/tr\/?p=27446","og_site_name":"Bati Ermenistan Ve Bati Ermenileri Sorunlari Ara\u015ftirmalar Merkezi","article_published_time":"2013-12-16T07:15:17+00:00","author":"admin","twitter_card":"summary_large_image","twitter_misc":{"Written by":"admin"},"schema":{"@context":"https:\/\/schema.org","@graph":[{"@type":"Article","@id":"https:\/\/akunq.net\/tr\/?p=27446#article","isPartOf":{"@id":"https:\/\/akunq.net\/tr\/?p=27446"},"author":{"name":"admin","@id":"https:\/\/akunq.net\/tr\/#\/schema\/person\/096f1d38a12cce57fb855b485ed24c9e"},"headline":"Yass\u0131ada&#8217;n\u0131n ismi resmen de\u011fi\u015fti","datePublished":"2013-12-16T07:15:17+00:00","mainEntityOfPage":{"@id":"https:\/\/akunq.net\/tr\/?p=27446"},"wordCount":80,"commentCount":0,"articleSection":["Haberler"],"inLanguage":"en-US","potentialAction":[{"@type":"CommentAction","name":"Comment","target":["https:\/\/akunq.net\/tr\/?p=27446#respond"]}]},{"@type":"WebPage","@id":"https:\/\/akunq.net\/tr\/?p=27446","url":"https:\/\/akunq.net\/tr\/?p=27446","name":"Yass\u0131ada'n\u0131n ismi resmen de\u011fi\u015fti - Bati Ermenistan Ve Bati Ermenileri Sorunlari Ara\u015ftirmalar Merkezi","isPartOf":{"@id":"https:\/\/akunq.net\/tr\/#website"},"datePublished":"2013-12-16T07:15:17+00:00","author":{"@id":"https:\/\/akunq.net\/tr\/#\/schema\/person\/096f1d38a12cce57fb855b485ed24c9e"},"breadcrumb":{"@id":"https:\/\/akunq.net\/tr\/?p=27446#breadcrumb"},"inLanguage":"en-US","potentialAction":[{"@type":"ReadAction","target":["https:\/\/akunq.net\/tr\/?p=27446"]}]},{"@type":"BreadcrumbList","@id":"https:\/\/akunq.net\/tr\/?p=27446#breadcrumb","itemListElement":[{"@type":"ListItem","position":1,"name":"Home","item":"https:\/\/akunq.net\/tr"},{"@type":"ListItem","position":2,"name":"Yass\u0131ada&#8217;n\u0131n ismi resmen de\u011fi\u015fti"}]},{"@type":"WebSite","@id":"https:\/\/akunq.net\/tr\/#website","url":"https:\/\/akunq.net\/tr\/","name":"Bati Ermenistan Ve Bati Ermenileri Sorunlari Ara\u015ftirmalar Merkezi","description":"","potentialAction":[{"@type":"SearchAction","target":{"@type":"EntryPoint","urlTemplate":"https:\/\/akunq.net\/tr\/?s={search_term_string}"},"query-input":{"@type":"PropertyValueSpecification","valueRequired":true,"valueName":"search_term_string"}}],"inLanguage":"en-US"},{"@type":"Person","@id":"https:\/\/akunq.net\/tr\/#\/schema\/person\/096f1d38a12cce57fb855b485ed24c9e","name":"admin","url":"https:\/\/akunq.net\/tr\/?author=7"}]}},"_links":{"self":[{"href":"https:\/\/akunq.net\/tr\/index.php?rest_route=\/wp\/v2\/posts\/27446","targetHints":{"allow":["GET"]}}],"collection":[{"href":"https:\/\/akunq.net\/tr\/index.php?rest_route=\/wp\/v2\/posts"}],"about":[{"href":"https:\/\/akunq.net\/tr\/index.php?rest_route=\/wp\/v2\/types\/post"}],"author":[{"embeddable":true,"href":"https:\/\/akunq.net\/tr\/index.php?rest_route=\/wp\/v2\/users\/7"}],"replies":[{"embeddable":true,"href":"https:\/\/akunq.net\/tr\/index.php?rest_route=%2Fwp%2Fv2%2Fcomments&post=27446"}],"version-history":[{"count":1,"href":"https:\/\/akunq.net\/tr\/index.php?rest_route=\/wp\/v2\/posts\/27446\/revisions"}],"predecessor-version":[{"id":27448,"href":"https:\/\/akunq.net\/tr\/index.php?rest_route=\/wp\/v2\/posts\/27446\/revisions\/27448"}],"wp:attachment":[{"href":"https:\/\/akunq.net\/tr\/index.php?rest_route=%2Fwp%2Fv2%2Fmedia&parent=27446"}],"wp:term":[{"taxonomy":"category","embeddable":true,"href":"https:\/\/akunq.net\/tr\/index.php?rest_route=%2Fwp%2Fv2%2Fcategories&post=27446"},{"taxonomy":"post_tag","embeddable":true,"href":"https:\/\/akunq.net\/tr\/index.php?rest_route=%2Fwp%2Fv2%2Ftags&post=27446"}],"curies":[{"name":"wp","href":"https:\/\/api.w.org\/{rel}","templated":true}]}}