{"id":27440,"date":"2013-12-16T01:46:20","date_gmt":"2013-12-16T06:46:20","guid":{"rendered":"http:\/\/akunq.net\/tr\/?p=27440"},"modified":"2013-12-16T01:46:20","modified_gmt":"2013-12-16T06:46:20","slug":"tanrikulu-basbakan-recep-tayyip-erdogana-ermeni-meselesi-uzerine-calisan-ogrencilerin-isimleri-calisma-basliklari-ve-iletisim-bilgileri-ttk-mi-yok-mu-talep-etmistir","status":"publish","type":"post","link":"https:\/\/akunq.net\/tr\/?p=27440","title":{"rendered":"Tanr\u0131kulu, Ba\u015fbakan Recep Tayyip Erdo\u011fan&#8217;a, &#8220;Ermeni meselesi \u00fczerine \u00e7al\u0131\u015fan \u00f6\u011frencilerin isimleri, \u00e7al\u0131\u015fma ba\u015fl\u0131klar\u0131 ve ileti\u015fim bilgileri TTK m\u0131, Y\u00d6K m\u00fc talep etmi\u015ftir?"},"content":{"rendered":"<p style=\"text-align: justify;\"><b><i><a href=\"http:\/\/akunq.net\/tr\/wp-content\/uploads\/2013\/12\/\u054d\u0565\u0566\u0563\u056b\u0576-\u0539\u0561\u0576\u0580\u0568\u0584\u0578\u0582\u056c\u0578\u0582.jpg\"><img loading=\"lazy\" decoding=\"async\" class=\"alignright size-medium wp-image-27441\" alt=\"\u054d\u0565\u0566\u0563\u056b\u0576 \u0539\u0561\u0576\u0580\u0568\u0584\u0578\u0582\u056c\u0578\u0582\" src=\"http:\/\/akunq.net\/tr\/wp-content\/uploads\/2013\/12\/\u054d\u0565\u0566\u0563\u056b\u0576-\u0539\u0561\u0576\u0580\u0568\u0584\u0578\u0582\u056c\u0578\u0582-300x206.jpg\" width=\"300\" height=\"206\" srcset=\"https:\/\/akunq.net\/tr\/wp-content\/uploads\/sites\/6\/2013\/12\/\u054d\u0565\u0566\u0563\u056b\u0576-\u0539\u0561\u0576\u0580\u0568\u0584\u0578\u0582\u056c\u0578\u0582-300x206.jpg 300w, https:\/\/akunq.net\/tr\/wp-content\/uploads\/sites\/6\/2013\/12\/\u054d\u0565\u0566\u0563\u056b\u0576-\u0539\u0561\u0576\u0580\u0568\u0584\u0578\u0582\u056c\u0578\u0582.jpg 307w\" sizes=\"auto, (max-width: 300px) 100vw, 300px\" \/><\/a>CHP \u0130stanbul milletvekili Sezgin Tanr\u0131kulu, Ba\u015fbakan Recep Tayyip Erdo\u011fan&#8217;a, &#8220;Ermeni meselesi \u00fczerine \u00e7al\u0131\u015fan \u00f6\u011frencilerin isimleri, \u00e7al\u0131\u015fma ba\u015fl\u0131klar\u0131 ve ileti\u015fim bilgileri TTK m\u0131, Y\u00d6K m\u00fc talep etmi\u015ftir?&#8221; diye sordu.<br \/>\n<\/i><\/b>Tanr\u0131kulu, Ba\u015fbakan&#8217;\u0131n yan\u0131tlamas\u0131 istemiyle TBMM Ba\u015fkanl\u0131\u011f\u0131na sundu\u011fu soru \u00f6nergesinde, T\u00fcrk Tarih Kurumu&#8217;nun Ermeni meselesini ara\u015ft\u0131ran \u00f6\u011frencileri fi\u015fledi\u011fi iddialar\u0131n\u0131n bas\u0131na yans\u0131d\u0131\u011f\u0131n\u0131 belirterek \u015f\u00f6yle dedi:<\/p>\n<p style=\"text-align: justify;\">&#8220;1915&#8217;in y\u00fcz\u00fcnc\u00fc y\u0131l\u0131na yakla\u015f\u0131l\u0131rken, bu alanda yap\u0131lan akademik \u00e7al\u0131\u015fmalar\u0131n resm\u00ee iddialar\u0131 kuvvetlendirmesi y\u00f6n\u00fcnde \u00f6\u011frencilere bask\u0131 yap\u0131lmakta m\u0131d\u0131r?<\/p>\n<p style=\"text-align: justify;\">\u00dcniversiteler, s\u00f6z konusu ba\u015fl\u0131kta \u00e7al\u0131\u015fma y\u00fcr\u00fcten ka\u00e7 \u00f6\u011frencinin bilgilerini Y\u00d6K&#8217;le payla\u015fm\u0131\u015ft\u0131r? Bu bilgiler hangi maksatla talep edilmi\u015ftir?<\/p>\n<p style=\"text-align: justify;\">Y\u00d6K, daha \u00f6nce de farkl\u0131 sorunlar \u00fczerine \u00e7al\u0131\u015fma yapan \u00f6\u011frencilerin isimlerini, \u00e7al\u0131\u015fma ba\u015fl\u0131klar\u0131n\u0131 ve ileti\u015fim bilgilerini istemi\u015f midir?<\/p>\n<p style=\"text-align: justify;\">\u0130leti\u015fim bilgileri al\u0131nan \u00f6\u011frencilerle herhangi bir temas kurulmu\u015f mudur? Kurulmu\u015fsa, kimler, hangi maksatla \u00f6\u011frencilerle g\u00f6r\u00fc\u015fm\u00fc\u015ft\u00fcr? G\u00f6r\u00fc\u015f\u00fclmediyse, ileti\u015fim bilgileri hangi maksatla temin edilmi\u015f veya edilmek istenmi\u015ftir?<\/p>\n<p style=\"text-align: justify;\">1915&#8217;i Ermeni soyk\u0131r\u0131m\u0131 olarak kabul eden \u00f6\u011frencilere TTK&#8217;n\u0131n burs vermemesi s\u00f6z konusu mudur? Fiilen b\u00f6yle bir uygulamaya gidilmi\u015f midir? Gidilmi\u015fse, ka\u00e7 \u00f6\u011frencinin burs talebi bu sebeple reddedilmi\u015ftir?<\/p>\n<p style=\"text-align: justify;\">Muhtelif a\u00e7\u0131klamalar\u0131n\u0131zda 1915&#8217;in tarih\u00e7ilere havale edilmesi gerekti\u011fini ifade etti\u011finiz halde, tarih\u00e7ilerin bu konuda \u00f6zg\u00fcrce \u00e7al\u0131\u015fma yapabilmesi i\u00e7in gerekli olanaklar sa\u011flanmakta m\u0131d\u0131r?&#8221;<\/p>\n<p style=\"text-align: justify;\"><b><i>http:\/\/www.chpistanbul.org.tr\/haber\/tanrikulu-basbakan-recep-tayyip-erdogana-ermeni-meselesi-uzerine-calisan-ogrencilerin-isimleri<\/i><\/b><\/p>\n","protected":false},"excerpt":{"rendered":"<p>CHP \u0130stanbul milletvekili Sezgin Tanr\u0131kulu, Ba\u015fbakan Recep Tayyip Erdo\u011fan&#8217;a, &#8220;Ermeni meselesi \u00fczerine \u00e7al\u0131\u015fan \u00f6\u011frencilerin isimleri, \u00e7al\u0131\u015fma ba\u015fl\u0131klar\u0131 ve ileti\u015fim bilgileri TTK m\u0131, Y\u00d6K m\u00fc talep etmi\u015ftir?&#8221; diye sordu. Tanr\u0131kulu, Ba\u015fbakan&#8217;\u0131n yan\u0131tlamas\u0131 istemiyle TBMM Ba\u015fkanl\u0131\u011f\u0131na sundu\u011fu soru \u00f6nergesinde, T\u00fcrk Tarih Kurumu&#8217;nun Ermeni meselesini ara\u015ft\u0131ran \u00f6\u011frencileri fi\u015fledi\u011fi iddialar\u0131n\u0131n bas\u0131na yans\u0131d\u0131\u011f\u0131n\u0131 belirterek \u015f\u00f6yle dedi: &#8220;1915&#8217;in y\u00fcz\u00fcnc\u00fc y\u0131l\u0131na yakla\u015f\u0131l\u0131rken, [&hellip;]<\/p>\n","protected":false},"author":7,"featured_media":0,"comment_status":"open","ping_status":"open","sticky":false,"template":"","format":"standard","meta":{"footnotes":""},"categories":[1],"tags":[],"class_list":["post-27440","post","type-post","status-publish","format-standard","hentry","category-haberler"],"yoast_head":"<!-- This site is optimized with the Yoast SEO plugin v27.4 - https:\/\/yoast.com\/product\/yoast-seo-wordpress\/ -->\n<title>Tanr\u0131kulu, Ba\u015fbakan Recep Tayyip Erdo\u011fan&#039;a, &quot;Ermeni meselesi \u00fczerine \u00e7al\u0131\u015fan \u00f6\u011frencilerin isimleri, \u00e7al\u0131\u015fma ba\u015fl\u0131klar\u0131 ve ileti\u015fim bilgileri TTK m\u0131, Y\u00d6K m\u00fc talep etmi\u015ftir? - Bati Ermenistan Ve Bati Ermenileri Sorunlari Ara\u015ftirmalar Merkezi<\/title>\n<meta name=\"robots\" content=\"index, follow, max-snippet:-1, max-image-preview:large, max-video-preview:-1\" \/>\n<link rel=\"canonical\" href=\"https:\/\/akunq.net\/tr\/?p=27440\" \/>\n<meta property=\"og:locale\" content=\"en_US\" \/>\n<meta property=\"og:type\" content=\"article\" \/>\n<meta property=\"og:title\" content=\"Tanr\u0131kulu, Ba\u015fbakan Recep Tayyip Erdo\u011fan&#039;a, &quot;Ermeni meselesi \u00fczerine \u00e7al\u0131\u015fan \u00f6\u011frencilerin isimleri, \u00e7al\u0131\u015fma ba\u015fl\u0131klar\u0131 ve ileti\u015fim bilgileri TTK m\u0131, Y\u00d6K m\u00fc talep etmi\u015ftir? - Bati Ermenistan Ve Bati Ermenileri Sorunlari Ara\u015ftirmalar Merkezi\" \/>\n<meta property=\"og:description\" content=\"CHP \u0130stanbul milletvekili Sezgin Tanr\u0131kulu, Ba\u015fbakan Recep Tayyip Erdo\u011fan&#8217;a, &#8220;Ermeni meselesi \u00fczerine \u00e7al\u0131\u015fan \u00f6\u011frencilerin isimleri, \u00e7al\u0131\u015fma ba\u015fl\u0131klar\u0131 ve ileti\u015fim bilgileri TTK m\u0131, Y\u00d6K m\u00fc talep etmi\u015ftir?&#8221; diye sordu. Tanr\u0131kulu, Ba\u015fbakan&#8217;\u0131n yan\u0131tlamas\u0131 istemiyle TBMM Ba\u015fkanl\u0131\u011f\u0131na sundu\u011fu soru \u00f6nergesinde, T\u00fcrk Tarih Kurumu&#8217;nun Ermeni meselesini ara\u015ft\u0131ran \u00f6\u011frencileri fi\u015fledi\u011fi iddialar\u0131n\u0131n bas\u0131na yans\u0131d\u0131\u011f\u0131n\u0131 belirterek \u015f\u00f6yle dedi: &#8220;1915&#8217;in y\u00fcz\u00fcnc\u00fc y\u0131l\u0131na yakla\u015f\u0131l\u0131rken, [&hellip;]\" \/>\n<meta property=\"og:url\" content=\"https:\/\/akunq.net\/tr\/?p=27440\" \/>\n<meta property=\"og:site_name\" content=\"Bati Ermenistan Ve Bati Ermenileri Sorunlari Ara\u015ftirmalar Merkezi\" \/>\n<meta property=\"article:published_time\" content=\"2013-12-16T06:46:20+00:00\" \/>\n<meta name=\"author\" content=\"admin\" \/>\n<meta name=\"twitter:card\" content=\"summary_large_image\" \/>\n<meta name=\"twitter:label1\" content=\"Written by\" \/>\n\t<meta name=\"twitter:data1\" content=\"admin\" \/>\n\t<meta name=\"twitter:label2\" content=\"Est. reading time\" \/>\n\t<meta name=\"twitter:data2\" content=\"1 minute\" \/>\n<script type=\"application\/ld+json\" class=\"yoast-schema-graph\">{\"@context\":\"https:\\\/\\\/schema.org\",\"@graph\":[{\"@type\":\"Article\",\"@id\":\"https:\\\/\\\/akunq.net\\\/tr\\\/?p=27440#article\",\"isPartOf\":{\"@id\":\"https:\\\/\\\/akunq.net\\\/tr\\\/?p=27440\"},\"author\":{\"name\":\"admin\",\"@id\":\"https:\\\/\\\/akunq.net\\\/tr\\\/#\\\/schema\\\/person\\\/096f1d38a12cce57fb855b485ed24c9e\"},\"headline\":\"Tanr\u0131kulu, Ba\u015fbakan Recep Tayyip Erdo\u011fan&#8217;a, &#8220;Ermeni meselesi \u00fczerine \u00e7al\u0131\u015fan \u00f6\u011frencilerin isimleri, \u00e7al\u0131\u015fma ba\u015fl\u0131klar\u0131 ve ileti\u015fim bilgileri TTK m\u0131, Y\u00d6K m\u00fc talep etmi\u015ftir?\",\"datePublished\":\"2013-12-16T06:46:20+00:00\",\"mainEntityOfPage\":{\"@id\":\"https:\\\/\\\/akunq.net\\\/tr\\\/?p=27440\"},\"wordCount\":305,\"commentCount\":0,\"articleSection\":[\"Haberler\"],\"inLanguage\":\"en-US\",\"potentialAction\":[{\"@type\":\"CommentAction\",\"name\":\"Comment\",\"target\":[\"https:\\\/\\\/akunq.net\\\/tr\\\/?p=27440#respond\"]}]},{\"@type\":\"WebPage\",\"@id\":\"https:\\\/\\\/akunq.net\\\/tr\\\/?p=27440\",\"url\":\"https:\\\/\\\/akunq.net\\\/tr\\\/?p=27440\",\"name\":\"Tanr\u0131kulu, Ba\u015fbakan Recep Tayyip Erdo\u011fan'a, \\\"Ermeni meselesi \u00fczerine \u00e7al\u0131\u015fan \u00f6\u011frencilerin isimleri, \u00e7al\u0131\u015fma ba\u015fl\u0131klar\u0131 ve ileti\u015fim bilgileri TTK m\u0131, Y\u00d6K m\u00fc talep etmi\u015ftir? - Bati Ermenistan Ve Bati Ermenileri Sorunlari Ara\u015ftirmalar Merkezi\",\"isPartOf\":{\"@id\":\"https:\\\/\\\/akunq.net\\\/tr\\\/#website\"},\"datePublished\":\"2013-12-16T06:46:20+00:00\",\"author\":{\"@id\":\"https:\\\/\\\/akunq.net\\\/tr\\\/#\\\/schema\\\/person\\\/096f1d38a12cce57fb855b485ed24c9e\"},\"breadcrumb\":{\"@id\":\"https:\\\/\\\/akunq.net\\\/tr\\\/?p=27440#breadcrumb\"},\"inLanguage\":\"en-US\",\"potentialAction\":[{\"@type\":\"ReadAction\",\"target\":[\"https:\\\/\\\/akunq.net\\\/tr\\\/?p=27440\"]}]},{\"@type\":\"BreadcrumbList\",\"@id\":\"https:\\\/\\\/akunq.net\\\/tr\\\/?p=27440#breadcrumb\",\"itemListElement\":[{\"@type\":\"ListItem\",\"position\":1,\"name\":\"Home\",\"item\":\"https:\\\/\\\/akunq.net\\\/tr\"},{\"@type\":\"ListItem\",\"position\":2,\"name\":\"Tanr\u0131kulu, Ba\u015fbakan Recep Tayyip Erdo\u011fan&#8217;a, &#8220;Ermeni meselesi \u00fczerine \u00e7al\u0131\u015fan \u00f6\u011frencilerin isimleri, \u00e7al\u0131\u015fma ba\u015fl\u0131klar\u0131 ve ileti\u015fim bilgileri TTK m\u0131, Y\u00d6K m\u00fc talep etmi\u015ftir?\"}]},{\"@type\":\"WebSite\",\"@id\":\"https:\\\/\\\/akunq.net\\\/tr\\\/#website\",\"url\":\"https:\\\/\\\/akunq.net\\\/tr\\\/\",\"name\":\"Bati Ermenistan Ve Bati Ermenileri Sorunlari Ara\u015ftirmalar Merkezi\",\"description\":\"\",\"potentialAction\":[{\"@type\":\"SearchAction\",\"target\":{\"@type\":\"EntryPoint\",\"urlTemplate\":\"https:\\\/\\\/akunq.net\\\/tr\\\/?s={search_term_string}\"},\"query-input\":{\"@type\":\"PropertyValueSpecification\",\"valueRequired\":true,\"valueName\":\"search_term_string\"}}],\"inLanguage\":\"en-US\"},{\"@type\":\"Person\",\"@id\":\"https:\\\/\\\/akunq.net\\\/tr\\\/#\\\/schema\\\/person\\\/096f1d38a12cce57fb855b485ed24c9e\",\"name\":\"admin\",\"url\":\"https:\\\/\\\/akunq.net\\\/tr\\\/?author=7\"}]}<\/script>\n<!-- \/ Yoast SEO plugin. -->","yoast_head_json":{"title":"Tanr\u0131kulu, Ba\u015fbakan Recep Tayyip Erdo\u011fan'a, \"Ermeni meselesi \u00fczerine \u00e7al\u0131\u015fan \u00f6\u011frencilerin isimleri, \u00e7al\u0131\u015fma ba\u015fl\u0131klar\u0131 ve ileti\u015fim bilgileri TTK m\u0131, Y\u00d6K m\u00fc talep etmi\u015ftir? - Bati Ermenistan Ve Bati Ermenileri Sorunlari Ara\u015ftirmalar Merkezi","robots":{"index":"index","follow":"follow","max-snippet":"max-snippet:-1","max-image-preview":"max-image-preview:large","max-video-preview":"max-video-preview:-1"},"canonical":"https:\/\/akunq.net\/tr\/?p=27440","og_locale":"en_US","og_type":"article","og_title":"Tanr\u0131kulu, Ba\u015fbakan Recep Tayyip Erdo\u011fan'a, \"Ermeni meselesi \u00fczerine \u00e7al\u0131\u015fan \u00f6\u011frencilerin isimleri, \u00e7al\u0131\u015fma ba\u015fl\u0131klar\u0131 ve ileti\u015fim bilgileri TTK m\u0131, Y\u00d6K m\u00fc talep etmi\u015ftir? - Bati Ermenistan Ve Bati Ermenileri Sorunlari Ara\u015ftirmalar Merkezi","og_description":"CHP \u0130stanbul milletvekili Sezgin Tanr\u0131kulu, Ba\u015fbakan Recep Tayyip Erdo\u011fan&#8217;a, &#8220;Ermeni meselesi \u00fczerine \u00e7al\u0131\u015fan \u00f6\u011frencilerin isimleri, \u00e7al\u0131\u015fma ba\u015fl\u0131klar\u0131 ve ileti\u015fim bilgileri TTK m\u0131, Y\u00d6K m\u00fc talep etmi\u015ftir?&#8221; diye sordu. Tanr\u0131kulu, Ba\u015fbakan&#8217;\u0131n yan\u0131tlamas\u0131 istemiyle TBMM Ba\u015fkanl\u0131\u011f\u0131na sundu\u011fu soru \u00f6nergesinde, T\u00fcrk Tarih Kurumu&#8217;nun Ermeni meselesini ara\u015ft\u0131ran \u00f6\u011frencileri fi\u015fledi\u011fi iddialar\u0131n\u0131n bas\u0131na yans\u0131d\u0131\u011f\u0131n\u0131 belirterek \u015f\u00f6yle dedi: &#8220;1915&#8217;in y\u00fcz\u00fcnc\u00fc y\u0131l\u0131na yakla\u015f\u0131l\u0131rken, [&hellip;]","og_url":"https:\/\/akunq.net\/tr\/?p=27440","og_site_name":"Bati Ermenistan Ve Bati Ermenileri Sorunlari Ara\u015ftirmalar Merkezi","article_published_time":"2013-12-16T06:46:20+00:00","author":"admin","twitter_card":"summary_large_image","twitter_misc":{"Written by":"admin","Est. reading time":"1 minute"},"schema":{"@context":"https:\/\/schema.org","@graph":[{"@type":"Article","@id":"https:\/\/akunq.net\/tr\/?p=27440#article","isPartOf":{"@id":"https:\/\/akunq.net\/tr\/?p=27440"},"author":{"name":"admin","@id":"https:\/\/akunq.net\/tr\/#\/schema\/person\/096f1d38a12cce57fb855b485ed24c9e"},"headline":"Tanr\u0131kulu, Ba\u015fbakan Recep Tayyip Erdo\u011fan&#8217;a, &#8220;Ermeni meselesi \u00fczerine \u00e7al\u0131\u015fan \u00f6\u011frencilerin isimleri, \u00e7al\u0131\u015fma ba\u015fl\u0131klar\u0131 ve ileti\u015fim bilgileri TTK m\u0131, Y\u00d6K m\u00fc talep etmi\u015ftir?","datePublished":"2013-12-16T06:46:20+00:00","mainEntityOfPage":{"@id":"https:\/\/akunq.net\/tr\/?p=27440"},"wordCount":305,"commentCount":0,"articleSection":["Haberler"],"inLanguage":"en-US","potentialAction":[{"@type":"CommentAction","name":"Comment","target":["https:\/\/akunq.net\/tr\/?p=27440#respond"]}]},{"@type":"WebPage","@id":"https:\/\/akunq.net\/tr\/?p=27440","url":"https:\/\/akunq.net\/tr\/?p=27440","name":"Tanr\u0131kulu, Ba\u015fbakan Recep Tayyip Erdo\u011fan'a, \"Ermeni meselesi \u00fczerine \u00e7al\u0131\u015fan \u00f6\u011frencilerin isimleri, \u00e7al\u0131\u015fma ba\u015fl\u0131klar\u0131 ve ileti\u015fim bilgileri TTK m\u0131, Y\u00d6K m\u00fc talep etmi\u015ftir? - Bati Ermenistan Ve Bati Ermenileri Sorunlari Ara\u015ftirmalar Merkezi","isPartOf":{"@id":"https:\/\/akunq.net\/tr\/#website"},"datePublished":"2013-12-16T06:46:20+00:00","author":{"@id":"https:\/\/akunq.net\/tr\/#\/schema\/person\/096f1d38a12cce57fb855b485ed24c9e"},"breadcrumb":{"@id":"https:\/\/akunq.net\/tr\/?p=27440#breadcrumb"},"inLanguage":"en-US","potentialAction":[{"@type":"ReadAction","target":["https:\/\/akunq.net\/tr\/?p=27440"]}]},{"@type":"BreadcrumbList","@id":"https:\/\/akunq.net\/tr\/?p=27440#breadcrumb","itemListElement":[{"@type":"ListItem","position":1,"name":"Home","item":"https:\/\/akunq.net\/tr"},{"@type":"ListItem","position":2,"name":"Tanr\u0131kulu, Ba\u015fbakan Recep Tayyip Erdo\u011fan&#8217;a, &#8220;Ermeni meselesi \u00fczerine \u00e7al\u0131\u015fan \u00f6\u011frencilerin isimleri, \u00e7al\u0131\u015fma ba\u015fl\u0131klar\u0131 ve ileti\u015fim bilgileri TTK m\u0131, Y\u00d6K m\u00fc talep etmi\u015ftir?"}]},{"@type":"WebSite","@id":"https:\/\/akunq.net\/tr\/#website","url":"https:\/\/akunq.net\/tr\/","name":"Bati Ermenistan Ve Bati Ermenileri Sorunlari Ara\u015ftirmalar Merkezi","description":"","potentialAction":[{"@type":"SearchAction","target":{"@type":"EntryPoint","urlTemplate":"https:\/\/akunq.net\/tr\/?s={search_term_string}"},"query-input":{"@type":"PropertyValueSpecification","valueRequired":true,"valueName":"search_term_string"}}],"inLanguage":"en-US"},{"@type":"Person","@id":"https:\/\/akunq.net\/tr\/#\/schema\/person\/096f1d38a12cce57fb855b485ed24c9e","name":"admin","url":"https:\/\/akunq.net\/tr\/?author=7"}]}},"_links":{"self":[{"href":"https:\/\/akunq.net\/tr\/index.php?rest_route=\/wp\/v2\/posts\/27440","targetHints":{"allow":["GET"]}}],"collection":[{"href":"https:\/\/akunq.net\/tr\/index.php?rest_route=\/wp\/v2\/posts"}],"about":[{"href":"https:\/\/akunq.net\/tr\/index.php?rest_route=\/wp\/v2\/types\/post"}],"author":[{"embeddable":true,"href":"https:\/\/akunq.net\/tr\/index.php?rest_route=\/wp\/v2\/users\/7"}],"replies":[{"embeddable":true,"href":"https:\/\/akunq.net\/tr\/index.php?rest_route=%2Fwp%2Fv2%2Fcomments&post=27440"}],"version-history":[{"count":1,"href":"https:\/\/akunq.net\/tr\/index.php?rest_route=\/wp\/v2\/posts\/27440\/revisions"}],"predecessor-version":[{"id":27442,"href":"https:\/\/akunq.net\/tr\/index.php?rest_route=\/wp\/v2\/posts\/27440\/revisions\/27442"}],"wp:attachment":[{"href":"https:\/\/akunq.net\/tr\/index.php?rest_route=%2Fwp%2Fv2%2Fmedia&parent=27440"}],"wp:term":[{"taxonomy":"category","embeddable":true,"href":"https:\/\/akunq.net\/tr\/index.php?rest_route=%2Fwp%2Fv2%2Fcategories&post=27440"},{"taxonomy":"post_tag","embeddable":true,"href":"https:\/\/akunq.net\/tr\/index.php?rest_route=%2Fwp%2Fv2%2Ftags&post=27440"}],"curies":[{"name":"wp","href":"https:\/\/api.w.org\/{rel}","templated":true}]}}