{"id":27437,"date":"2013-12-16T01:35:42","date_gmt":"2013-12-16T06:35:42","guid":{"rendered":"http:\/\/akunq.net\/tr\/?p=27437"},"modified":"2013-12-16T01:35:42","modified_gmt":"2013-12-16T06:35:42","slug":"oktay-vuraldan-sok-iddia","status":"publish","type":"post","link":"https:\/\/akunq.net\/tr\/?p=27437","title":{"rendered":"Oktay Vural\u2019dan \u015fok iddia!"},"content":{"rendered":"<p style=\"text-align: justify;\"><strong><i><a href=\"http:\/\/akunq.net\/tr\/wp-content\/uploads\/2013\/12\/\u0555\u0584\u0569\u0561\u0575-\u054e\u0578\u0582\u0580\u0561\u056c.jpg\"><img loading=\"lazy\" decoding=\"async\" class=\"alignright size-medium wp-image-27438\" alt=\"\u0555\u0584\u0569\u0561\u0575 \u054e\u0578\u0582\u0580\u0561\u056c\" src=\"http:\/\/akunq.net\/tr\/wp-content\/uploads\/2013\/12\/\u0555\u0584\u0569\u0561\u0575-\u054e\u0578\u0582\u0580\u0561\u056c-300x217.jpg\" width=\"300\" height=\"217\" srcset=\"https:\/\/akunq.net\/tr\/wp-content\/uploads\/sites\/6\/2013\/12\/\u0555\u0584\u0569\u0561\u0575-\u054e\u0578\u0582\u0580\u0561\u056c-300x217.jpg 300w, https:\/\/akunq.net\/tr\/wp-content\/uploads\/sites\/6\/2013\/12\/\u0555\u0584\u0569\u0561\u0575-\u054e\u0578\u0582\u0580\u0561\u056c.jpg 320w\" sizes=\"auto, (max-width: 300px) 100vw, 300px\" \/><\/a>MHP Grup Ba\u015fkan Vekili Oktay Vural, &#8216;\u0130ddia ediyorum, AK Parti 200 bin Ermeni\u2019yi getirerek onlara toprak verme \u00e7al\u0131\u015fmas\u0131 i\u00e7erisindedir&#8217; ifadelerini kulland\u0131.<\/i><\/strong><\/p>\n<p style=\"text-align: justify;\">TBMM\u2019de d\u00fczenledi\u011fi bas\u0131n toplant\u0131s\u0131nda T\u00fcrkiye\u2019de 2002 y\u0131l\u0131nda son verilen OHAL uygulamas\u0131n\u0131n Ba\u015fbakan\u0131n ziyaret etti\u011fi illerde uyguland\u0131\u011f\u0131n\u0131 s\u00f6yleyen <strong>MHP Grup Ba\u015fkan Vekili Oktay Vural<\/strong>, bunun zorba bir uygulama oldu\u011funu belirtti. \u201cHangi demokratik \u00fclkede b\u00f6yle bir uygulama vard\u0131r?\u201d diye soran Vural, bu zihniyetin darbeci bir zihniyet oldu\u011funu savunarak vatanda\u015flara yap\u0131lan zulm\u00fc k\u0131nad\u0131\u011f\u0131n\u0131 ifade etti.<\/p>\n<p style=\"text-align: justify;\">Barzani\u2019ye ait bir televizyon kanal\u0131nda hava durumu sunulurken g\u00f6sterilen haritay\u0131 gazetecilere g\u00f6sterip h\u00fck\u00fcmeti ele\u015ftiren Vural, \u201cKu\u015fatma derindir, ku\u015fatma AK Parti taraf\u0131ndan me\u015frula\u015ft\u0131r\u0131lmaktad\u0131r\u201d diye konu\u015ftu.<\/p>\n<p style=\"text-align: justify;\">Bo\u011fazi\u00e7i \u00dcniversitesi\u2019nin Fener Rum Patri\u011fi\u2019ne \u201cek\u00fcmenik\u201d s\u0131fat\u0131n\u0131 vermesini ele\u015ftiren Vural, \u201cSen kim oluyorsun? \u00dcniversiteye bu s\u0131fat verilmesine iktidar taraf\u0131ndan onay verilmi\u015f. Bu s\u0131fat\u0131 milletimize hazmettirmek istiyorlar. T\u00fcrk milletini i\u00e7eriden \u00e7\u00f6kertme \u00e7al\u0131\u015fmalar\u0131 AK Parti\u2019nin \u00f6nderli\u011finde devam ediyor\u201d iddialar\u0131nda bulundu.<\/p>\n<p style=\"text-align: justify;\"><strong>ERMEN\u0130LERE TOPRAK \u0130DD\u0130ASI<\/strong><\/p>\n<p style=\"text-align: justify;\"><strong>D\u0131\u015fi\u015fleri Bakan\u0131 Ahmet Davuto\u011flu<\/strong>\u2019nu Ermenistan\u2019da Ermeni a\u011fz\u0131 ile konu\u015fmakla su\u00e7layan Vural, \u201cBu taraf kim, sen arabulucu musun? Tehcirin hangi \u015fartlarda oldu\u011funu, T\u00fcrk milletinin nas\u0131l bakt\u0131\u011f\u0131n\u0131 anlatmak yerine, bu milletin ge\u00e7mi\u015fini sat\u0131yorsun. AK Parti soyk\u0131r\u0131m\u0131 tan\u0131maya haz\u0131rlanmaktad\u0131r. Bu ifadelerle Ermenilere, \u2018Hakl\u0131s\u0131n\u2019 diyorsun ve me\u015frula\u015ft\u0131r\u0131yorsun. T\u00fcrkiye art\u0131k savunmaktan vazge\u00e7mi\u015ftir, teslimiyet i\u00e7in malzeme aramaktad\u0131r. \u0130ddia ediyorum, AK Parti toprak vermek i\u00e7in bir projenin pe\u015findedir. 200 bin Ermeni\u2019yi getirerek onlara toprak verme \u00e7al\u0131\u015fmalar\u0131 i\u00e7indeler\u201d ifadelerini kulland\u0131.<\/p>\n<p style=\"text-align: justify;\"><strong>\u201cB\u0130NAL\u0130 YILDIRIM 2011 YILINDAN BER\u0130 SE\u00c7\u0130M \u00c7ALI\u015eMALARI YAPIYORDU\u201d<\/strong><\/p>\n<p style=\"text-align: justify;\">Ba\u015fbakan Recep Tayyip Erdo\u011fan\u2019\u0131n \u0130zmir B\u00fcy\u00fck\u015fehir Belediye Ba\u015fkan\u0131 olarak a\u00e7\u0131klad\u0131\u011f\u0131 Bakan Binali Y\u0131ld\u0131r\u0131m\u2019\u0131n belediye ba\u015fkanl\u0131\u011f\u0131 promosyonu ile 2011 y\u0131l\u0131ndan bu yana zaten \u0130zmir\u2019de se\u00e7im kampanyas\u0131 y\u00fcr\u00fctt\u00fc\u011f\u00fcn\u00fc iddia eden Vural, \u201c2011 y\u0131l\u0131ndan bu yana Say\u0131n Binali Y\u0131ld\u0131r\u0131m \u0130zmir\u2019de belediye se\u00e7imleri i\u00e7in \u00e7al\u0131\u015f\u0131yordu. T\u00fcrk milletinin ve Cumhuriyet\u2019in birli\u011fine, b\u00fct\u00fcnl\u00fc\u011f\u00fcne sahip \u00e7\u0131kan \u0130zmirliler AK Parti\u2019ye yol vermeyecek, kendisine hizmet etmeyen CHP\u2019ye de yol vermeyecek. \u0130zmir ne AK Parti\u2019ye mecbur ne CHP\u2019ye mahkumdur\u201d a\u00e7\u0131klamas\u0131n\u0131 yapt\u0131.<\/p>\n<p style=\"text-align: justify;\">Ba\u015fbakan <strong>Erdo\u011fan<\/strong>\u2019\u0131n \u0130zmir\u2019de \u00e7ocuklara Noel bebek da\u011f\u0131tt\u0131\u011f\u0131n\u0131 s\u00f6yleyen Vural, \u201cNoel kutlamas\u0131 yap\u0131yor mu yapm\u0131yor mu bilmiyorum ama Noel bebek da\u011f\u0131t\u0131yor\u201d dedi.<\/p>\n<p style=\"text-align: justify;\"><strong>VURAL\u2019DAN SAYI\u015eTAY VE VER\u0130 G\u00dcVENL\u0130\u011e\u0130 ELE\u015eT\u0130R\u0130S\u0130<\/strong><\/p>\n<p style=\"text-align: justify;\">Eski bir Say\u0131\u015ftay \u00fcyesinin, \u201cH\u00fck\u00fcmetin g\u00f6lgesi Dan\u0131\u015ftay\u2019\u0131n \u00fczerinde\u201d \u015feklindeki a\u00e7\u0131klamas\u0131n\u0131n sorulmas\u0131 \u00fczerine, \u201cSay\u0131\u015ftay <b>TBMM<\/b>\u2019nin denetim organ\u0131yken, <b>TBMM<\/b> ad\u0131na denetim yapmas\u0131 gerekirken y\u00fcr\u00fctme erkiyle sindirilmekte, korkutulmakta ve kanun ile birlikte eli aya\u011f\u0131 kesilmektedir. Siyasi bir bask\u0131 vard\u0131r. Demokratik \u00fclkelerde b\u00f6yle bir giri\u015fim yapanlar herkes taraf\u0131ndan mahkum edilirken, bu konunun yeterince g\u00fcndeme getirilmemesi \u00e7ok \u00f6nemli demokrasi a\u00e7\u0131\u011f\u0131m\u0131zd\u0131r\u201d ifadelerini kullanan Vural, T\u00fcrkiye\u2019de ki\u015fisel verilerin herkesin elinde oldu\u011funu, telefonlar\u0131n dinlendi\u011fini, partilerin izlendi\u011fini s\u00f6yleyerek, \u201cDevlet Denetleme Kurumu kevgire d\u00f6nd\u00fc zaten. Ki\u015fisel verilerimizin hepsi maalesef ortal\u0131ktad\u0131r. <strong>PTT<\/strong> bize ait b\u00fct\u00fcn g\u00f6nderileri M\u0130T\u2019e adresleriyle birlikte vermektedir. Telekom elindeki imkanlar\u0131 d\u0131\u015far\u0131ya pazarlamaktad\u0131r, ger\u00e7ekten adrese dayal\u0131 n\u00fcfus kay\u0131t sistemi uyar\u0131nca verilen bilgiler, herkesin T.C. numaras\u0131 dahil olmak \u00fczere veri g\u00fcvenli\u011fi sa\u011flanmamaktad\u0131r\u201d diye konu\u015ftu.<\/p>\n<p style=\"text-align: justify;\">MHP\u2019nin izlendi\u011fi konusunda sorulan sorulara cevap veren Vural, \u201cSonu\u00e7 al\u0131nmad\u0131\u011f\u0131na g\u00f6re almayanlar m\u0131 yapt\u0131 acaba? Bizim bireysel olarak \u00f6zg\u00fcrl\u00fc\u011f\u00fcm\u00fcz\u00fc garanti etmesi gereken devlet de\u011fil mi? Bir devlet haberle\u015fme \u00f6zg\u00fcrl\u00fc\u011f\u00fcm\u00fcz\u00fc ihlal edenleri \u00e7\u0131kartm\u0131yorsa, o zaman bu devletin demokrasi ekseninde y\u00f6netildi\u011fini s\u00f6yleyebilir miyiz? Demokrasiye darbe vurulmu\u015ftur. Yasa d\u0131\u015f\u0131 dinleme ve izleme derin AK Parti taraf\u0131ndan yap\u0131lmaktad\u0131r. Hakimler kod ad\u0131yla dinleniyor. Hi\u00e7 kimse haberle\u015fmesinden ve bulundu\u011fu ortam\u0131n kendine \u00f6zel olmas\u0131ndan emin de\u011fildir. Tehdidin ba\u015f\u0131 da h\u00fck\u00fcmetin, derin AK Parti\u2019nin unsurlar\u0131d\u0131r\u201d iddialar\u0131nda bulundu.<\/p>\n<p style=\"text-align: justify;\"><b><i>http:\/\/www.iha.com.tr\/oktay-vuraldan-sok-iddia-politika-317027<\/i><\/b><\/p>\n","protected":false},"excerpt":{"rendered":"<p>MHP Grup Ba\u015fkan Vekili Oktay Vural, &#8216;\u0130ddia ediyorum, AK Parti 200 bin Ermeni\u2019yi getirerek onlara toprak verme \u00e7al\u0131\u015fmas\u0131 i\u00e7erisindedir&#8217; ifadelerini kulland\u0131. TBMM\u2019de d\u00fczenledi\u011fi bas\u0131n toplant\u0131s\u0131nda T\u00fcrkiye\u2019de 2002 y\u0131l\u0131nda son verilen OHAL uygulamas\u0131n\u0131n Ba\u015fbakan\u0131n ziyaret etti\u011fi illerde uyguland\u0131\u011f\u0131n\u0131 s\u00f6yleyen MHP Grup Ba\u015fkan Vekili Oktay Vural, bunun zorba bir uygulama oldu\u011funu belirtti. \u201cHangi demokratik \u00fclkede b\u00f6yle bir [&hellip;]<\/p>\n","protected":false},"author":7,"featured_media":0,"comment_status":"open","ping_status":"open","sticky":false,"template":"","format":"standard","meta":{"footnotes":""},"categories":[1],"tags":[],"class_list":["post-27437","post","type-post","status-publish","format-standard","hentry","category-haberler"],"yoast_head":"<!-- This site is optimized with the Yoast SEO plugin v27.4 - https:\/\/yoast.com\/product\/yoast-seo-wordpress\/ -->\n<title>Oktay Vural\u2019dan \u015fok iddia! - Bati Ermenistan Ve Bati Ermenileri Sorunlari Ara\u015ftirmalar Merkezi<\/title>\n<meta name=\"robots\" content=\"index, follow, max-snippet:-1, max-image-preview:large, max-video-preview:-1\" \/>\n<link rel=\"canonical\" href=\"https:\/\/akunq.net\/tr\/?p=27437\" \/>\n<meta property=\"og:locale\" content=\"en_US\" \/>\n<meta property=\"og:type\" content=\"article\" \/>\n<meta property=\"og:title\" content=\"Oktay Vural\u2019dan \u015fok iddia! - Bati Ermenistan Ve Bati Ermenileri Sorunlari Ara\u015ftirmalar Merkezi\" \/>\n<meta property=\"og:description\" content=\"MHP Grup Ba\u015fkan Vekili Oktay Vural, &#8216;\u0130ddia ediyorum, AK Parti 200 bin Ermeni\u2019yi getirerek onlara toprak verme \u00e7al\u0131\u015fmas\u0131 i\u00e7erisindedir&#8217; ifadelerini kulland\u0131. TBMM\u2019de d\u00fczenledi\u011fi bas\u0131n toplant\u0131s\u0131nda T\u00fcrkiye\u2019de 2002 y\u0131l\u0131nda son verilen OHAL uygulamas\u0131n\u0131n Ba\u015fbakan\u0131n ziyaret etti\u011fi illerde uyguland\u0131\u011f\u0131n\u0131 s\u00f6yleyen MHP Grup Ba\u015fkan Vekili Oktay Vural, bunun zorba bir uygulama oldu\u011funu belirtti. \u201cHangi demokratik \u00fclkede b\u00f6yle bir [&hellip;]\" \/>\n<meta property=\"og:url\" content=\"https:\/\/akunq.net\/tr\/?p=27437\" \/>\n<meta property=\"og:site_name\" content=\"Bati Ermenistan Ve Bati Ermenileri Sorunlari Ara\u015ftirmalar Merkezi\" \/>\n<meta property=\"article:published_time\" content=\"2013-12-16T06:35:42+00:00\" \/>\n<meta name=\"author\" content=\"admin\" \/>\n<meta name=\"twitter:card\" content=\"summary_large_image\" \/>\n<meta name=\"twitter:label1\" content=\"Written by\" \/>\n\t<meta name=\"twitter:data1\" content=\"admin\" \/>\n\t<meta name=\"twitter:label2\" content=\"Est. reading time\" \/>\n\t<meta name=\"twitter:data2\" content=\"4 minutes\" \/>\n<script type=\"application\/ld+json\" class=\"yoast-schema-graph\">{\"@context\":\"https:\\\/\\\/schema.org\",\"@graph\":[{\"@type\":\"Article\",\"@id\":\"https:\\\/\\\/akunq.net\\\/tr\\\/?p=27437#article\",\"isPartOf\":{\"@id\":\"https:\\\/\\\/akunq.net\\\/tr\\\/?p=27437\"},\"author\":{\"name\":\"admin\",\"@id\":\"https:\\\/\\\/akunq.net\\\/tr\\\/#\\\/schema\\\/person\\\/096f1d38a12cce57fb855b485ed24c9e\"},\"headline\":\"Oktay Vural\u2019dan \u015fok iddia!\",\"datePublished\":\"2013-12-16T06:35:42+00:00\",\"mainEntityOfPage\":{\"@id\":\"https:\\\/\\\/akunq.net\\\/tr\\\/?p=27437\"},\"wordCount\":766,\"commentCount\":0,\"articleSection\":[\"Haberler\"],\"inLanguage\":\"en-US\",\"potentialAction\":[{\"@type\":\"CommentAction\",\"name\":\"Comment\",\"target\":[\"https:\\\/\\\/akunq.net\\\/tr\\\/?p=27437#respond\"]}]},{\"@type\":\"WebPage\",\"@id\":\"https:\\\/\\\/akunq.net\\\/tr\\\/?p=27437\",\"url\":\"https:\\\/\\\/akunq.net\\\/tr\\\/?p=27437\",\"name\":\"Oktay Vural\u2019dan \u015fok iddia! - Bati Ermenistan Ve Bati Ermenileri Sorunlari Ara\u015ftirmalar Merkezi\",\"isPartOf\":{\"@id\":\"https:\\\/\\\/akunq.net\\\/tr\\\/#website\"},\"datePublished\":\"2013-12-16T06:35:42+00:00\",\"author\":{\"@id\":\"https:\\\/\\\/akunq.net\\\/tr\\\/#\\\/schema\\\/person\\\/096f1d38a12cce57fb855b485ed24c9e\"},\"breadcrumb\":{\"@id\":\"https:\\\/\\\/akunq.net\\\/tr\\\/?p=27437#breadcrumb\"},\"inLanguage\":\"en-US\",\"potentialAction\":[{\"@type\":\"ReadAction\",\"target\":[\"https:\\\/\\\/akunq.net\\\/tr\\\/?p=27437\"]}]},{\"@type\":\"BreadcrumbList\",\"@id\":\"https:\\\/\\\/akunq.net\\\/tr\\\/?p=27437#breadcrumb\",\"itemListElement\":[{\"@type\":\"ListItem\",\"position\":1,\"name\":\"Home\",\"item\":\"https:\\\/\\\/akunq.net\\\/tr\"},{\"@type\":\"ListItem\",\"position\":2,\"name\":\"Oktay Vural\u2019dan \u015fok iddia!\"}]},{\"@type\":\"WebSite\",\"@id\":\"https:\\\/\\\/akunq.net\\\/tr\\\/#website\",\"url\":\"https:\\\/\\\/akunq.net\\\/tr\\\/\",\"name\":\"Bati Ermenistan Ve Bati Ermenileri Sorunlari Ara\u015ftirmalar Merkezi\",\"description\":\"\",\"potentialAction\":[{\"@type\":\"SearchAction\",\"target\":{\"@type\":\"EntryPoint\",\"urlTemplate\":\"https:\\\/\\\/akunq.net\\\/tr\\\/?s={search_term_string}\"},\"query-input\":{\"@type\":\"PropertyValueSpecification\",\"valueRequired\":true,\"valueName\":\"search_term_string\"}}],\"inLanguage\":\"en-US\"},{\"@type\":\"Person\",\"@id\":\"https:\\\/\\\/akunq.net\\\/tr\\\/#\\\/schema\\\/person\\\/096f1d38a12cce57fb855b485ed24c9e\",\"name\":\"admin\",\"url\":\"https:\\\/\\\/akunq.net\\\/tr\\\/?author=7\"}]}<\/script>\n<!-- \/ Yoast SEO plugin. -->","yoast_head_json":{"title":"Oktay Vural\u2019dan \u015fok iddia! - Bati Ermenistan Ve Bati Ermenileri Sorunlari Ara\u015ftirmalar Merkezi","robots":{"index":"index","follow":"follow","max-snippet":"max-snippet:-1","max-image-preview":"max-image-preview:large","max-video-preview":"max-video-preview:-1"},"canonical":"https:\/\/akunq.net\/tr\/?p=27437","og_locale":"en_US","og_type":"article","og_title":"Oktay Vural\u2019dan \u015fok iddia! - Bati Ermenistan Ve Bati Ermenileri Sorunlari Ara\u015ftirmalar Merkezi","og_description":"MHP Grup Ba\u015fkan Vekili Oktay Vural, &#8216;\u0130ddia ediyorum, AK Parti 200 bin Ermeni\u2019yi getirerek onlara toprak verme \u00e7al\u0131\u015fmas\u0131 i\u00e7erisindedir&#8217; ifadelerini kulland\u0131. TBMM\u2019de d\u00fczenledi\u011fi bas\u0131n toplant\u0131s\u0131nda T\u00fcrkiye\u2019de 2002 y\u0131l\u0131nda son verilen OHAL uygulamas\u0131n\u0131n Ba\u015fbakan\u0131n ziyaret etti\u011fi illerde uyguland\u0131\u011f\u0131n\u0131 s\u00f6yleyen MHP Grup Ba\u015fkan Vekili Oktay Vural, bunun zorba bir uygulama oldu\u011funu belirtti. \u201cHangi demokratik \u00fclkede b\u00f6yle bir [&hellip;]","og_url":"https:\/\/akunq.net\/tr\/?p=27437","og_site_name":"Bati Ermenistan Ve Bati Ermenileri Sorunlari Ara\u015ftirmalar Merkezi","article_published_time":"2013-12-16T06:35:42+00:00","author":"admin","twitter_card":"summary_large_image","twitter_misc":{"Written by":"admin","Est. reading time":"4 minutes"},"schema":{"@context":"https:\/\/schema.org","@graph":[{"@type":"Article","@id":"https:\/\/akunq.net\/tr\/?p=27437#article","isPartOf":{"@id":"https:\/\/akunq.net\/tr\/?p=27437"},"author":{"name":"admin","@id":"https:\/\/akunq.net\/tr\/#\/schema\/person\/096f1d38a12cce57fb855b485ed24c9e"},"headline":"Oktay Vural\u2019dan \u015fok iddia!","datePublished":"2013-12-16T06:35:42+00:00","mainEntityOfPage":{"@id":"https:\/\/akunq.net\/tr\/?p=27437"},"wordCount":766,"commentCount":0,"articleSection":["Haberler"],"inLanguage":"en-US","potentialAction":[{"@type":"CommentAction","name":"Comment","target":["https:\/\/akunq.net\/tr\/?p=27437#respond"]}]},{"@type":"WebPage","@id":"https:\/\/akunq.net\/tr\/?p=27437","url":"https:\/\/akunq.net\/tr\/?p=27437","name":"Oktay Vural\u2019dan \u015fok iddia! - Bati Ermenistan Ve Bati Ermenileri Sorunlari Ara\u015ftirmalar Merkezi","isPartOf":{"@id":"https:\/\/akunq.net\/tr\/#website"},"datePublished":"2013-12-16T06:35:42+00:00","author":{"@id":"https:\/\/akunq.net\/tr\/#\/schema\/person\/096f1d38a12cce57fb855b485ed24c9e"},"breadcrumb":{"@id":"https:\/\/akunq.net\/tr\/?p=27437#breadcrumb"},"inLanguage":"en-US","potentialAction":[{"@type":"ReadAction","target":["https:\/\/akunq.net\/tr\/?p=27437"]}]},{"@type":"BreadcrumbList","@id":"https:\/\/akunq.net\/tr\/?p=27437#breadcrumb","itemListElement":[{"@type":"ListItem","position":1,"name":"Home","item":"https:\/\/akunq.net\/tr"},{"@type":"ListItem","position":2,"name":"Oktay Vural\u2019dan \u015fok iddia!"}]},{"@type":"WebSite","@id":"https:\/\/akunq.net\/tr\/#website","url":"https:\/\/akunq.net\/tr\/","name":"Bati Ermenistan Ve Bati Ermenileri Sorunlari Ara\u015ftirmalar Merkezi","description":"","potentialAction":[{"@type":"SearchAction","target":{"@type":"EntryPoint","urlTemplate":"https:\/\/akunq.net\/tr\/?s={search_term_string}"},"query-input":{"@type":"PropertyValueSpecification","valueRequired":true,"valueName":"search_term_string"}}],"inLanguage":"en-US"},{"@type":"Person","@id":"https:\/\/akunq.net\/tr\/#\/schema\/person\/096f1d38a12cce57fb855b485ed24c9e","name":"admin","url":"https:\/\/akunq.net\/tr\/?author=7"}]}},"_links":{"self":[{"href":"https:\/\/akunq.net\/tr\/index.php?rest_route=\/wp\/v2\/posts\/27437","targetHints":{"allow":["GET"]}}],"collection":[{"href":"https:\/\/akunq.net\/tr\/index.php?rest_route=\/wp\/v2\/posts"}],"about":[{"href":"https:\/\/akunq.net\/tr\/index.php?rest_route=\/wp\/v2\/types\/post"}],"author":[{"embeddable":true,"href":"https:\/\/akunq.net\/tr\/index.php?rest_route=\/wp\/v2\/users\/7"}],"replies":[{"embeddable":true,"href":"https:\/\/akunq.net\/tr\/index.php?rest_route=%2Fwp%2Fv2%2Fcomments&post=27437"}],"version-history":[{"count":1,"href":"https:\/\/akunq.net\/tr\/index.php?rest_route=\/wp\/v2\/posts\/27437\/revisions"}],"predecessor-version":[{"id":27439,"href":"https:\/\/akunq.net\/tr\/index.php?rest_route=\/wp\/v2\/posts\/27437\/revisions\/27439"}],"wp:attachment":[{"href":"https:\/\/akunq.net\/tr\/index.php?rest_route=%2Fwp%2Fv2%2Fmedia&parent=27437"}],"wp:term":[{"taxonomy":"category","embeddable":true,"href":"https:\/\/akunq.net\/tr\/index.php?rest_route=%2Fwp%2Fv2%2Fcategories&post=27437"},{"taxonomy":"post_tag","embeddable":true,"href":"https:\/\/akunq.net\/tr\/index.php?rest_route=%2Fwp%2Fv2%2Ftags&post=27437"}],"curies":[{"name":"wp","href":"https:\/\/api.w.org\/{rel}","templated":true}]}}