{"id":27428,"date":"2013-12-14T02:56:06","date_gmt":"2013-12-14T07:56:06","guid":{"rendered":"http:\/\/akunq.net\/tr\/?p=27428"},"modified":"2013-12-14T02:56:06","modified_gmt":"2013-12-14T07:56:06","slug":"tbmmde-bir-ilk","status":"publish","type":"post","link":"https:\/\/akunq.net\/tr\/?p=27428","title":{"rendered":"TBMM&#8217;de bir ilk"},"content":{"rendered":"<p style=\"text-align: justify;\"><strong><i><a href=\"http:\/\/akunq.net\/tr\/wp-content\/uploads\/2013\/12\/Candemir-\u00c7elik.jpg\"><img loading=\"lazy\" decoding=\"async\" class=\"alignright size-medium wp-image-27429\" alt=\"Candemir \u00c7elik\" src=\"http:\/\/akunq.net\/tr\/wp-content\/uploads\/2013\/12\/Candemir-\u00c7elik-300x156.jpg\" width=\"300\" height=\"156\" srcset=\"https:\/\/akunq.net\/tr\/wp-content\/uploads\/sites\/6\/2013\/12\/Candemir-\u00c7elik-300x156.jpg 300w, https:\/\/akunq.net\/tr\/wp-content\/uploads\/sites\/6\/2013\/12\/Candemir-\u00c7elik-600x313.jpg 600w, https:\/\/akunq.net\/tr\/wp-content\/uploads\/sites\/6\/2013\/12\/Candemir-\u00c7elik.jpg 650w\" sizes=\"auto, (max-width: 300px) 100vw, 300px\" \/><\/a>AK Parti Bursa Milletvekili Canan Candemir \u00c7elik, b\u00fct\u00e7e g\u00f6r\u00fc\u015fmeleri s\u0131ras\u0131nda yapt\u0131\u011f\u0131 konu\u015fmada TBMM Genel Kurulu k\u00fcrs\u00fcs\u00fcnden ba\u015f\u00f6rt\u00fcs\u00fcyle hitap eden ilk milletvekili oldu.<\/i><\/strong><\/p>\n<p style=\"text-align: justify;\">AK Parti Bursa Milletvekili Canan Candemir \u00c7elik, T\u00fcrkiye ve Ortado\u011fu Amme \u0130daresi Enstit\u00fcs\u00fc b\u00fct\u00e7esi \u00fczerinde yapt\u0131\u011f\u0131 konu\u015fmayla TBMM Genel Kurulu k\u00fcrs\u00fcs\u00fcnden ba\u015f\u00f6rt\u00fcs\u00fcyle hitap eden ilk milletvekili oldu.<\/p>\n<p style=\"text-align: justify;\">Ula\u015ft\u0131rma Denizcilik ve Haberle\u015fme Bakanl\u0131\u011f\u0131 ile \u00c7al\u0131\u015fma ve Sosyal G\u00fcvenlik Bakanl\u0131\u011f\u0131&#8217;n\u0131n TBMM Genel Kurulu&#8217;ndaki b\u00fct\u00e7e g\u00f6r\u00fc\u015fmeleri devam ediyor.<\/p>\n<p style=\"text-align: justify;\">AK Parti Gaziantep Milletvekili Derya Bakbak, T\u00fcrkiye&#8217;nin jeostratejik konumuna dikkati \u00e7ekerek, bu durumun ula\u015ft\u0131rma yat\u0131r\u0131mlar\u0131n\u0131 daha \u00f6nemli hale getirdi\u011fini ifade etti.<\/p>\n<p style=\"text-align: justify;\">T\u00fcrkiye&#8217;ye 2003&#8217;ten bu yana 212,5 milyar liral\u0131k ula\u015ft\u0131rma yat\u0131r\u0131m\u0131 yap\u0131ld\u0131\u011f\u0131n\u0131 anlatan Bakbak, 133 milyarl\u0131k yat\u0131r\u0131m\u0131 do\u011frudan bakanl\u0131\u011f\u0131n yapt\u0131\u011f\u0131n\u0131 kaydetti. Bakbak, &#8220;Bu yat\u0131r\u0131mlar \u00fclkemize ula\u015ft\u0131rma, denizcilik ve haberle\u015fmede ger\u00e7ek anlamda \u00e7a\u011f atlatm\u0131\u015ft\u0131r&#8221; dedi.<\/p>\n<p style=\"text-align: justify;\">AK Parti \u0130zmir Milletvekili R\u0131fat Sait ise ula\u015ft\u0131rma alan\u0131nda \u0130zmir&#8217;e yap\u0131lan yat\u0131r\u0131mlardan bahsetti. Sait&#8217;in \u0130zmir&#8217;deki projeleri dile getirmesi muhalefet milletvekillerinin tepkisine neden oldu. CHP ve MHP&#8217;li milletvekilleri, Ula\u015ft\u0131rma Denizcilik ve Haberle\u015fme Bakan\u0131 Binali Y\u0131ld\u0131r\u0131m&#8217;\u0131n \u0130zmir B\u00fcy\u00fck\u015fehir Belediye Ba\u015fkanl\u0131\u011f\u0131&#8217;na aday olaca\u011f\u0131n\u0131 ifade ederek, Genel Kurul salonunda se\u00e7im propagandas\u0131 yap\u0131ld\u0131\u011f\u0131n\u0131 \u00f6ne s\u00fcrd\u00fcler. CHP Grup Ba\u015fkanvekili Muharrem \u0130nce, &#8220;Bence Say\u0131n Bakan&#8217;\u0131n adayl\u0131\u011f\u0131n\u0131 Genel Kurul salonunda a\u00e7\u0131klay\u0131n&#8221; diye konu\u015ftu.<\/p>\n<p style=\"text-align: justify;\"><b><i>http:\/\/haber.stargazete.com\/politika\/tbmmde-bir-ilk\/haber-815836<\/i><\/b><\/p>\n","protected":false},"excerpt":{"rendered":"<p>AK Parti Bursa Milletvekili Canan Candemir \u00c7elik, b\u00fct\u00e7e g\u00f6r\u00fc\u015fmeleri s\u0131ras\u0131nda yapt\u0131\u011f\u0131 konu\u015fmada TBMM Genel Kurulu k\u00fcrs\u00fcs\u00fcnden ba\u015f\u00f6rt\u00fcs\u00fcyle hitap eden ilk milletvekili oldu. AK Parti Bursa Milletvekili Canan Candemir \u00c7elik, T\u00fcrkiye ve Ortado\u011fu Amme \u0130daresi Enstit\u00fcs\u00fc b\u00fct\u00e7esi \u00fczerinde yapt\u0131\u011f\u0131 konu\u015fmayla TBMM Genel Kurulu k\u00fcrs\u00fcs\u00fcnden ba\u015f\u00f6rt\u00fcs\u00fcyle hitap eden ilk milletvekili oldu. Ula\u015ft\u0131rma Denizcilik ve Haberle\u015fme Bakanl\u0131\u011f\u0131 ile [&hellip;]<\/p>\n","protected":false},"author":7,"featured_media":0,"comment_status":"open","ping_status":"open","sticky":false,"template":"","format":"standard","meta":{"footnotes":""},"categories":[1],"tags":[],"class_list":["post-27428","post","type-post","status-publish","format-standard","hentry","category-haberler"],"yoast_head":"<!-- This site is optimized with the Yoast SEO plugin v27.4 - https:\/\/yoast.com\/product\/yoast-seo-wordpress\/ -->\n<title>TBMM&#039;de bir ilk - Bati Ermenistan Ve Bati Ermenileri Sorunlari Ara\u015ftirmalar Merkezi<\/title>\n<meta name=\"robots\" content=\"index, follow, max-snippet:-1, max-image-preview:large, max-video-preview:-1\" \/>\n<link rel=\"canonical\" href=\"https:\/\/akunq.net\/tr\/?p=27428\" \/>\n<meta property=\"og:locale\" content=\"en_US\" \/>\n<meta property=\"og:type\" content=\"article\" \/>\n<meta property=\"og:title\" content=\"TBMM&#039;de bir ilk - Bati Ermenistan Ve Bati Ermenileri Sorunlari Ara\u015ftirmalar Merkezi\" \/>\n<meta property=\"og:description\" content=\"AK Parti Bursa Milletvekili Canan Candemir \u00c7elik, b\u00fct\u00e7e g\u00f6r\u00fc\u015fmeleri s\u0131ras\u0131nda yapt\u0131\u011f\u0131 konu\u015fmada TBMM Genel Kurulu k\u00fcrs\u00fcs\u00fcnden ba\u015f\u00f6rt\u00fcs\u00fcyle hitap eden ilk milletvekili oldu. AK Parti Bursa Milletvekili Canan Candemir \u00c7elik, T\u00fcrkiye ve Ortado\u011fu Amme \u0130daresi Enstit\u00fcs\u00fc b\u00fct\u00e7esi \u00fczerinde yapt\u0131\u011f\u0131 konu\u015fmayla TBMM Genel Kurulu k\u00fcrs\u00fcs\u00fcnden ba\u015f\u00f6rt\u00fcs\u00fcyle hitap eden ilk milletvekili oldu. Ula\u015ft\u0131rma Denizcilik ve Haberle\u015fme Bakanl\u0131\u011f\u0131 ile [&hellip;]\" \/>\n<meta property=\"og:url\" content=\"https:\/\/akunq.net\/tr\/?p=27428\" \/>\n<meta property=\"og:site_name\" content=\"Bati Ermenistan Ve Bati Ermenileri Sorunlari Ara\u015ftirmalar Merkezi\" \/>\n<meta property=\"article:published_time\" content=\"2013-12-14T07:56:06+00:00\" \/>\n<meta name=\"author\" content=\"admin\" \/>\n<meta name=\"twitter:card\" content=\"summary_large_image\" \/>\n<meta name=\"twitter:label1\" content=\"Written by\" \/>\n\t<meta name=\"twitter:data1\" content=\"admin\" \/>\n\t<meta name=\"twitter:label2\" content=\"Est. reading time\" \/>\n\t<meta name=\"twitter:data2\" content=\"1 minute\" \/>\n<script type=\"application\/ld+json\" class=\"yoast-schema-graph\">{\"@context\":\"https:\\\/\\\/schema.org\",\"@graph\":[{\"@type\":\"Article\",\"@id\":\"https:\\\/\\\/akunq.net\\\/tr\\\/?p=27428#article\",\"isPartOf\":{\"@id\":\"https:\\\/\\\/akunq.net\\\/tr\\\/?p=27428\"},\"author\":{\"name\":\"admin\",\"@id\":\"https:\\\/\\\/akunq.net\\\/tr\\\/#\\\/schema\\\/person\\\/096f1d38a12cce57fb855b485ed24c9e\"},\"headline\":\"TBMM&#8217;de bir ilk\",\"datePublished\":\"2013-12-14T07:56:06+00:00\",\"mainEntityOfPage\":{\"@id\":\"https:\\\/\\\/akunq.net\\\/tr\\\/?p=27428\"},\"wordCount\":290,\"commentCount\":0,\"articleSection\":[\"Haberler\"],\"inLanguage\":\"en-US\",\"potentialAction\":[{\"@type\":\"CommentAction\",\"name\":\"Comment\",\"target\":[\"https:\\\/\\\/akunq.net\\\/tr\\\/?p=27428#respond\"]}]},{\"@type\":\"WebPage\",\"@id\":\"https:\\\/\\\/akunq.net\\\/tr\\\/?p=27428\",\"url\":\"https:\\\/\\\/akunq.net\\\/tr\\\/?p=27428\",\"name\":\"TBMM'de bir ilk - Bati Ermenistan Ve Bati Ermenileri Sorunlari Ara\u015ftirmalar Merkezi\",\"isPartOf\":{\"@id\":\"https:\\\/\\\/akunq.net\\\/tr\\\/#website\"},\"datePublished\":\"2013-12-14T07:56:06+00:00\",\"author\":{\"@id\":\"https:\\\/\\\/akunq.net\\\/tr\\\/#\\\/schema\\\/person\\\/096f1d38a12cce57fb855b485ed24c9e\"},\"breadcrumb\":{\"@id\":\"https:\\\/\\\/akunq.net\\\/tr\\\/?p=27428#breadcrumb\"},\"inLanguage\":\"en-US\",\"potentialAction\":[{\"@type\":\"ReadAction\",\"target\":[\"https:\\\/\\\/akunq.net\\\/tr\\\/?p=27428\"]}]},{\"@type\":\"BreadcrumbList\",\"@id\":\"https:\\\/\\\/akunq.net\\\/tr\\\/?p=27428#breadcrumb\",\"itemListElement\":[{\"@type\":\"ListItem\",\"position\":1,\"name\":\"Home\",\"item\":\"https:\\\/\\\/akunq.net\\\/tr\"},{\"@type\":\"ListItem\",\"position\":2,\"name\":\"TBMM&#8217;de bir ilk\"}]},{\"@type\":\"WebSite\",\"@id\":\"https:\\\/\\\/akunq.net\\\/tr\\\/#website\",\"url\":\"https:\\\/\\\/akunq.net\\\/tr\\\/\",\"name\":\"Bati Ermenistan Ve Bati Ermenileri Sorunlari Ara\u015ftirmalar Merkezi\",\"description\":\"\",\"potentialAction\":[{\"@type\":\"SearchAction\",\"target\":{\"@type\":\"EntryPoint\",\"urlTemplate\":\"https:\\\/\\\/akunq.net\\\/tr\\\/?s={search_term_string}\"},\"query-input\":{\"@type\":\"PropertyValueSpecification\",\"valueRequired\":true,\"valueName\":\"search_term_string\"}}],\"inLanguage\":\"en-US\"},{\"@type\":\"Person\",\"@id\":\"https:\\\/\\\/akunq.net\\\/tr\\\/#\\\/schema\\\/person\\\/096f1d38a12cce57fb855b485ed24c9e\",\"name\":\"admin\",\"url\":\"https:\\\/\\\/akunq.net\\\/tr\\\/?author=7\"}]}<\/script>\n<!-- \/ Yoast SEO plugin. -->","yoast_head_json":{"title":"TBMM'de bir ilk - Bati Ermenistan Ve Bati Ermenileri Sorunlari Ara\u015ftirmalar Merkezi","robots":{"index":"index","follow":"follow","max-snippet":"max-snippet:-1","max-image-preview":"max-image-preview:large","max-video-preview":"max-video-preview:-1"},"canonical":"https:\/\/akunq.net\/tr\/?p=27428","og_locale":"en_US","og_type":"article","og_title":"TBMM'de bir ilk - Bati Ermenistan Ve Bati Ermenileri Sorunlari Ara\u015ftirmalar Merkezi","og_description":"AK Parti Bursa Milletvekili Canan Candemir \u00c7elik, b\u00fct\u00e7e g\u00f6r\u00fc\u015fmeleri s\u0131ras\u0131nda yapt\u0131\u011f\u0131 konu\u015fmada TBMM Genel Kurulu k\u00fcrs\u00fcs\u00fcnden ba\u015f\u00f6rt\u00fcs\u00fcyle hitap eden ilk milletvekili oldu. AK Parti Bursa Milletvekili Canan Candemir \u00c7elik, T\u00fcrkiye ve Ortado\u011fu Amme \u0130daresi Enstit\u00fcs\u00fc b\u00fct\u00e7esi \u00fczerinde yapt\u0131\u011f\u0131 konu\u015fmayla TBMM Genel Kurulu k\u00fcrs\u00fcs\u00fcnden ba\u015f\u00f6rt\u00fcs\u00fcyle hitap eden ilk milletvekili oldu. Ula\u015ft\u0131rma Denizcilik ve Haberle\u015fme Bakanl\u0131\u011f\u0131 ile [&hellip;]","og_url":"https:\/\/akunq.net\/tr\/?p=27428","og_site_name":"Bati Ermenistan Ve Bati Ermenileri Sorunlari Ara\u015ftirmalar Merkezi","article_published_time":"2013-12-14T07:56:06+00:00","author":"admin","twitter_card":"summary_large_image","twitter_misc":{"Written by":"admin","Est. reading time":"1 minute"},"schema":{"@context":"https:\/\/schema.org","@graph":[{"@type":"Article","@id":"https:\/\/akunq.net\/tr\/?p=27428#article","isPartOf":{"@id":"https:\/\/akunq.net\/tr\/?p=27428"},"author":{"name":"admin","@id":"https:\/\/akunq.net\/tr\/#\/schema\/person\/096f1d38a12cce57fb855b485ed24c9e"},"headline":"TBMM&#8217;de bir ilk","datePublished":"2013-12-14T07:56:06+00:00","mainEntityOfPage":{"@id":"https:\/\/akunq.net\/tr\/?p=27428"},"wordCount":290,"commentCount":0,"articleSection":["Haberler"],"inLanguage":"en-US","potentialAction":[{"@type":"CommentAction","name":"Comment","target":["https:\/\/akunq.net\/tr\/?p=27428#respond"]}]},{"@type":"WebPage","@id":"https:\/\/akunq.net\/tr\/?p=27428","url":"https:\/\/akunq.net\/tr\/?p=27428","name":"TBMM'de bir ilk - Bati Ermenistan Ve Bati Ermenileri Sorunlari Ara\u015ftirmalar Merkezi","isPartOf":{"@id":"https:\/\/akunq.net\/tr\/#website"},"datePublished":"2013-12-14T07:56:06+00:00","author":{"@id":"https:\/\/akunq.net\/tr\/#\/schema\/person\/096f1d38a12cce57fb855b485ed24c9e"},"breadcrumb":{"@id":"https:\/\/akunq.net\/tr\/?p=27428#breadcrumb"},"inLanguage":"en-US","potentialAction":[{"@type":"ReadAction","target":["https:\/\/akunq.net\/tr\/?p=27428"]}]},{"@type":"BreadcrumbList","@id":"https:\/\/akunq.net\/tr\/?p=27428#breadcrumb","itemListElement":[{"@type":"ListItem","position":1,"name":"Home","item":"https:\/\/akunq.net\/tr"},{"@type":"ListItem","position":2,"name":"TBMM&#8217;de bir ilk"}]},{"@type":"WebSite","@id":"https:\/\/akunq.net\/tr\/#website","url":"https:\/\/akunq.net\/tr\/","name":"Bati Ermenistan Ve Bati Ermenileri Sorunlari Ara\u015ftirmalar Merkezi","description":"","potentialAction":[{"@type":"SearchAction","target":{"@type":"EntryPoint","urlTemplate":"https:\/\/akunq.net\/tr\/?s={search_term_string}"},"query-input":{"@type":"PropertyValueSpecification","valueRequired":true,"valueName":"search_term_string"}}],"inLanguage":"en-US"},{"@type":"Person","@id":"https:\/\/akunq.net\/tr\/#\/schema\/person\/096f1d38a12cce57fb855b485ed24c9e","name":"admin","url":"https:\/\/akunq.net\/tr\/?author=7"}]}},"_links":{"self":[{"href":"https:\/\/akunq.net\/tr\/index.php?rest_route=\/wp\/v2\/posts\/27428","targetHints":{"allow":["GET"]}}],"collection":[{"href":"https:\/\/akunq.net\/tr\/index.php?rest_route=\/wp\/v2\/posts"}],"about":[{"href":"https:\/\/akunq.net\/tr\/index.php?rest_route=\/wp\/v2\/types\/post"}],"author":[{"embeddable":true,"href":"https:\/\/akunq.net\/tr\/index.php?rest_route=\/wp\/v2\/users\/7"}],"replies":[{"embeddable":true,"href":"https:\/\/akunq.net\/tr\/index.php?rest_route=%2Fwp%2Fv2%2Fcomments&post=27428"}],"version-history":[{"count":1,"href":"https:\/\/akunq.net\/tr\/index.php?rest_route=\/wp\/v2\/posts\/27428\/revisions"}],"predecessor-version":[{"id":27430,"href":"https:\/\/akunq.net\/tr\/index.php?rest_route=\/wp\/v2\/posts\/27428\/revisions\/27430"}],"wp:attachment":[{"href":"https:\/\/akunq.net\/tr\/index.php?rest_route=%2Fwp%2Fv2%2Fmedia&parent=27428"}],"wp:term":[{"taxonomy":"category","embeddable":true,"href":"https:\/\/akunq.net\/tr\/index.php?rest_route=%2Fwp%2Fv2%2Fcategories&post=27428"},{"taxonomy":"post_tag","embeddable":true,"href":"https:\/\/akunq.net\/tr\/index.php?rest_route=%2Fwp%2Fv2%2Ftags&post=27428"}],"curies":[{"name":"wp","href":"https:\/\/api.w.org\/{rel}","templated":true}]}}