{"id":27425,"date":"2013-12-14T02:20:52","date_gmt":"2013-12-14T07:20:52","guid":{"rendered":"http:\/\/akunq.net\/tr\/?p=27425"},"modified":"2013-12-14T02:20:52","modified_gmt":"2013-12-14T07:20:52","slug":"tarih-kurumu-baskani-hulagu-cark-etti","status":"publish","type":"post","link":"https:\/\/akunq.net\/tr\/?p=27425","title":{"rendered":"Tarih Kurumu Ba\u015fkan\u0131 H\u00fclag\u00fc \u00e7ark etti"},"content":{"rendered":"<p style=\"text-align: justify;\"><b><i><a href=\"http:\/\/akunq.net\/tr\/wp-content\/uploads\/2013\/12\/\u0544\u0565\u0570\u0574\u0565\u057f-\u0544\u0565\u0569\u056b\u0576-\u0540\u056b\u0582\u056c\u0561\u056f\u0578\u0582.jpg\"><img loading=\"lazy\" decoding=\"async\" class=\"alignright size-full wp-image-27426\" alt=\"\u0544\u0565\u0570\u0574\u0565\u057f \u0544\u0565\u0569\u056b\u0576 \u0540\u056b\u0582\u056c\u0561\u056f\u0578\u0582\" src=\"http:\/\/akunq.net\/tr\/wp-content\/uploads\/2013\/12\/\u0544\u0565\u0570\u0574\u0565\u057f-\u0544\u0565\u0569\u056b\u0576-\u0540\u056b\u0582\u056c\u0561\u056f\u0578\u0582.jpg\" width=\"300\" height=\"155\" \/><\/a>Agos\u2019a konu\u015fan TTK Ba\u015fkan\u0131 H\u00fclag\u00fc, Y\u00d6K\u2019\u00fcn kendilerinden habersiz bir \u015fekilde Ermeni meselesi \u00e7al\u0131\u015fan \u00f6\u011frencilerin bilgisini istedi\u011fini s\u00f6ylemi\u015fti. Bizzat kendi imzas\u0131n\u0131n oldu\u011fu belgeyi yay\u0131mlamam\u0131z ard\u0131ndan \u00e7ark eden H\u00fclag\u00fc, bilgileri iste\u011fini kabul etti. <\/i><\/b><\/p>\n<p style=\"text-align: justify;\"><strong><i>Agos.com.tr <\/i><\/strong><i>&#8211;<\/i> Agos\u2019tan Emre Ertani\u2019ye \u201cKesinlikle ve kesinlikle b\u00f6yle bir bilgi istemedim, Y\u00d6K bizden habersiz i\u015f yapm\u0131\u015f\u201d diyen TTK Ba\u015fkan\u0131 H\u00fclag\u00fc, Milliyet gazetesinden Ay\u015feg\u00fcl Kahvecio\u011flu\u2019na ise \u015f\u00f6yle konu\u015ftu: \u201c\u00d6\u011frencilerin bilgilerini 2015\u2019te tamamlanacak T\u00fcrk-Ermeni \u0130li\u015fkileri K\u00fclliyat\u0131\u2019nda kullan\u0131lmak \u00fczere istedik. \u2018Madem tarihimizde Ermeni meselesi var, tehcir, soyk\u0131r\u0131m iddialar\u0131 var; T\u00fcrkiye bu \u00e7al\u0131\u015fmalarda hangi noktadad\u0131r? Oraya koyal\u0131m insanlar da faydalans\u0131n\u2019 dedik.\u201d<\/p>\n<p style=\"text-align: justify;\">Ge\u00e7en ay Y\u00d6K\u2019e yazd\u0131\u011f\u0131 yaz\u0131da ise, TTK\u2019n\u0131n soyk\u0131r\u0131m\u0131n 100. y\u0131l\u0131 olan 2015\u2019e haz\u0131rl\u0131k \u00e7er\u00e7evesinde olu\u015fturdu\u011fu T\u00fcrk-Ermeni \u0130li\u015fkileri K\u00fclliyat\u0131\u2019nda kullan\u0131lmak \u00fczere \u00f6\u011frencilerin bilgilerini istedi\u011fini ifade eden H\u00fclag\u00fc, \u201c\u2018Madem tarihimizde Ermeni meselesi var, tehcir, soyk\u0131r\u0131m iddialar\u0131 var; T\u00fcrkiye bu \u00e7al\u0131\u015fmalarda hangi noktadad\u0131r? K\u00fclliyat\u0131m\u0131zda yer verelim insanlar da faydalans\u0131n\u2019 dedik. Bu k\u00fclliyata ili\u015fkin duyurular internet sitemizde de var. Kimseden gizli sakl\u0131 bir \u015fey yapm\u0131yoruz\u201d diye konu\u015ftu.<\/p>\n<p style=\"text-align: justify;\"><strong>Burs konusunu da yalanlad\u0131<\/strong><\/p>\n<p style=\"text-align: justify;\">TTK\u2019dan bir yetkili 1915\u2019i soyk\u0131r\u0131m olarak niteleyin \u00f6\u011frencilere burs verilip verilmeyece\u011fi sorusuna \u201cKurum olarak (Ermeni Soyk\u0131r\u0131m\u0131\u2019n\u0131) resmen kabul etmi\u015f de\u011filiz, onun i\u00e7in burs verilmeyebilir. Ba\u015fvuru yapabilirler ama olumlu sonu\u00e7 \u00e7\u0131kmayabilir\u201d demi\u015fti.<\/p>\n<p style=\"text-align: justify;\">H\u00fclag\u00fc, bu konuda ise TTK yetkilisini yalanlayan \u015fu a\u00e7\u0131klamay\u0131 yapt\u0131: \u201cBiz tarih alan\u0131nda \u00e7al\u0131\u015fma yapan \u00f6\u011frencilere burs veriyoruz. \u00d6\u011frencinin yazd\u0131\u011f\u0131 tezi vs., tezde neyi savundu\u011funu inceleyemem ki. Ben sadece ara\u015ft\u0131rma yapan \u00f6\u011frenciye maddi destek veririm. \u00d6\u011frencinin bana kar\u015f\u0131 bu anlamda hi\u00e7bir sorumlulu\u011fu yok.\u201d<\/p>\n<p style=\"text-align: justify;\"><b><i>http:\/\/www.agos.com.tr\/haber.php?seo=tarih-kurumu-baskani-hulagu-cark-etti&amp;haberid=6275<\/i><\/b><\/p>\n","protected":false},"excerpt":{"rendered":"<p>Agos\u2019a konu\u015fan TTK Ba\u015fkan\u0131 H\u00fclag\u00fc, Y\u00d6K\u2019\u00fcn kendilerinden habersiz bir \u015fekilde Ermeni meselesi \u00e7al\u0131\u015fan \u00f6\u011frencilerin bilgisini istedi\u011fini s\u00f6ylemi\u015fti. Bizzat kendi imzas\u0131n\u0131n oldu\u011fu belgeyi yay\u0131mlamam\u0131z ard\u0131ndan \u00e7ark eden H\u00fclag\u00fc, bilgileri iste\u011fini kabul etti. Agos.com.tr &#8211; Agos\u2019tan Emre Ertani\u2019ye \u201cKesinlikle ve kesinlikle b\u00f6yle bir bilgi istemedim, Y\u00d6K bizden habersiz i\u015f yapm\u0131\u015f\u201d diyen TTK Ba\u015fkan\u0131 H\u00fclag\u00fc, Milliyet gazetesinden Ay\u015feg\u00fcl [&hellip;]<\/p>\n","protected":false},"author":7,"featured_media":0,"comment_status":"open","ping_status":"open","sticky":false,"template":"","format":"standard","meta":{"footnotes":""},"categories":[1],"tags":[],"class_list":["post-27425","post","type-post","status-publish","format-standard","hentry","category-haberler"],"yoast_head":"<!-- This site is optimized with the Yoast SEO plugin v27.4 - https:\/\/yoast.com\/product\/yoast-seo-wordpress\/ -->\n<title>Tarih Kurumu Ba\u015fkan\u0131 H\u00fclag\u00fc \u00e7ark etti - Bati Ermenistan Ve Bati Ermenileri Sorunlari Ara\u015ftirmalar Merkezi<\/title>\n<meta name=\"robots\" content=\"index, follow, max-snippet:-1, max-image-preview:large, max-video-preview:-1\" \/>\n<link rel=\"canonical\" href=\"https:\/\/akunq.net\/tr\/?p=27425\" \/>\n<meta property=\"og:locale\" content=\"en_US\" \/>\n<meta property=\"og:type\" content=\"article\" \/>\n<meta property=\"og:title\" content=\"Tarih Kurumu Ba\u015fkan\u0131 H\u00fclag\u00fc \u00e7ark etti - Bati Ermenistan Ve Bati Ermenileri Sorunlari Ara\u015ftirmalar Merkezi\" \/>\n<meta property=\"og:description\" content=\"Agos\u2019a konu\u015fan TTK Ba\u015fkan\u0131 H\u00fclag\u00fc, Y\u00d6K\u2019\u00fcn kendilerinden habersiz bir \u015fekilde Ermeni meselesi \u00e7al\u0131\u015fan \u00f6\u011frencilerin bilgisini istedi\u011fini s\u00f6ylemi\u015fti. Bizzat kendi imzas\u0131n\u0131n oldu\u011fu belgeyi yay\u0131mlamam\u0131z ard\u0131ndan \u00e7ark eden H\u00fclag\u00fc, bilgileri iste\u011fini kabul etti. Agos.com.tr &#8211; Agos\u2019tan Emre Ertani\u2019ye \u201cKesinlikle ve kesinlikle b\u00f6yle bir bilgi istemedim, Y\u00d6K bizden habersiz i\u015f yapm\u0131\u015f\u201d diyen TTK Ba\u015fkan\u0131 H\u00fclag\u00fc, Milliyet gazetesinden Ay\u015feg\u00fcl [&hellip;]\" \/>\n<meta property=\"og:url\" content=\"https:\/\/akunq.net\/tr\/?p=27425\" \/>\n<meta property=\"og:site_name\" content=\"Bati Ermenistan Ve Bati Ermenileri Sorunlari Ara\u015ftirmalar Merkezi\" \/>\n<meta property=\"article:published_time\" content=\"2013-12-14T07:20:52+00:00\" \/>\n<meta name=\"author\" content=\"admin\" \/>\n<meta name=\"twitter:card\" content=\"summary_large_image\" \/>\n<meta name=\"twitter:label1\" content=\"Written by\" \/>\n\t<meta name=\"twitter:data1\" content=\"admin\" \/>\n\t<meta name=\"twitter:label2\" content=\"Est. reading time\" \/>\n\t<meta name=\"twitter:data2\" content=\"2 minutes\" \/>\n<script type=\"application\/ld+json\" class=\"yoast-schema-graph\">{\"@context\":\"https:\\\/\\\/schema.org\",\"@graph\":[{\"@type\":\"Article\",\"@id\":\"https:\\\/\\\/akunq.net\\\/tr\\\/?p=27425#article\",\"isPartOf\":{\"@id\":\"https:\\\/\\\/akunq.net\\\/tr\\\/?p=27425\"},\"author\":{\"name\":\"admin\",\"@id\":\"https:\\\/\\\/akunq.net\\\/tr\\\/#\\\/schema\\\/person\\\/096f1d38a12cce57fb855b485ed24c9e\"},\"headline\":\"Tarih Kurumu Ba\u015fkan\u0131 H\u00fclag\u00fc \u00e7ark etti\",\"datePublished\":\"2013-12-14T07:20:52+00:00\",\"mainEntityOfPage\":{\"@id\":\"https:\\\/\\\/akunq.net\\\/tr\\\/?p=27425\"},\"wordCount\":346,\"commentCount\":0,\"articleSection\":[\"Haberler\"],\"inLanguage\":\"en-US\",\"potentialAction\":[{\"@type\":\"CommentAction\",\"name\":\"Comment\",\"target\":[\"https:\\\/\\\/akunq.net\\\/tr\\\/?p=27425#respond\"]}]},{\"@type\":\"WebPage\",\"@id\":\"https:\\\/\\\/akunq.net\\\/tr\\\/?p=27425\",\"url\":\"https:\\\/\\\/akunq.net\\\/tr\\\/?p=27425\",\"name\":\"Tarih Kurumu Ba\u015fkan\u0131 H\u00fclag\u00fc \u00e7ark etti - Bati Ermenistan Ve Bati Ermenileri Sorunlari Ara\u015ftirmalar Merkezi\",\"isPartOf\":{\"@id\":\"https:\\\/\\\/akunq.net\\\/tr\\\/#website\"},\"datePublished\":\"2013-12-14T07:20:52+00:00\",\"author\":{\"@id\":\"https:\\\/\\\/akunq.net\\\/tr\\\/#\\\/schema\\\/person\\\/096f1d38a12cce57fb855b485ed24c9e\"},\"breadcrumb\":{\"@id\":\"https:\\\/\\\/akunq.net\\\/tr\\\/?p=27425#breadcrumb\"},\"inLanguage\":\"en-US\",\"potentialAction\":[{\"@type\":\"ReadAction\",\"target\":[\"https:\\\/\\\/akunq.net\\\/tr\\\/?p=27425\"]}]},{\"@type\":\"BreadcrumbList\",\"@id\":\"https:\\\/\\\/akunq.net\\\/tr\\\/?p=27425#breadcrumb\",\"itemListElement\":[{\"@type\":\"ListItem\",\"position\":1,\"name\":\"Home\",\"item\":\"https:\\\/\\\/akunq.net\\\/tr\"},{\"@type\":\"ListItem\",\"position\":2,\"name\":\"Tarih Kurumu Ba\u015fkan\u0131 H\u00fclag\u00fc \u00e7ark etti\"}]},{\"@type\":\"WebSite\",\"@id\":\"https:\\\/\\\/akunq.net\\\/tr\\\/#website\",\"url\":\"https:\\\/\\\/akunq.net\\\/tr\\\/\",\"name\":\"Bati Ermenistan Ve Bati Ermenileri Sorunlari Ara\u015ftirmalar Merkezi\",\"description\":\"\",\"potentialAction\":[{\"@type\":\"SearchAction\",\"target\":{\"@type\":\"EntryPoint\",\"urlTemplate\":\"https:\\\/\\\/akunq.net\\\/tr\\\/?s={search_term_string}\"},\"query-input\":{\"@type\":\"PropertyValueSpecification\",\"valueRequired\":true,\"valueName\":\"search_term_string\"}}],\"inLanguage\":\"en-US\"},{\"@type\":\"Person\",\"@id\":\"https:\\\/\\\/akunq.net\\\/tr\\\/#\\\/schema\\\/person\\\/096f1d38a12cce57fb855b485ed24c9e\",\"name\":\"admin\",\"url\":\"https:\\\/\\\/akunq.net\\\/tr\\\/?author=7\"}]}<\/script>\n<!-- \/ Yoast SEO plugin. -->","yoast_head_json":{"title":"Tarih Kurumu Ba\u015fkan\u0131 H\u00fclag\u00fc \u00e7ark etti - Bati Ermenistan Ve Bati Ermenileri Sorunlari Ara\u015ftirmalar Merkezi","robots":{"index":"index","follow":"follow","max-snippet":"max-snippet:-1","max-image-preview":"max-image-preview:large","max-video-preview":"max-video-preview:-1"},"canonical":"https:\/\/akunq.net\/tr\/?p=27425","og_locale":"en_US","og_type":"article","og_title":"Tarih Kurumu Ba\u015fkan\u0131 H\u00fclag\u00fc \u00e7ark etti - Bati Ermenistan Ve Bati Ermenileri Sorunlari Ara\u015ftirmalar Merkezi","og_description":"Agos\u2019a konu\u015fan TTK Ba\u015fkan\u0131 H\u00fclag\u00fc, Y\u00d6K\u2019\u00fcn kendilerinden habersiz bir \u015fekilde Ermeni meselesi \u00e7al\u0131\u015fan \u00f6\u011frencilerin bilgisini istedi\u011fini s\u00f6ylemi\u015fti. Bizzat kendi imzas\u0131n\u0131n oldu\u011fu belgeyi yay\u0131mlamam\u0131z ard\u0131ndan \u00e7ark eden H\u00fclag\u00fc, bilgileri iste\u011fini kabul etti. Agos.com.tr &#8211; Agos\u2019tan Emre Ertani\u2019ye \u201cKesinlikle ve kesinlikle b\u00f6yle bir bilgi istemedim, Y\u00d6K bizden habersiz i\u015f yapm\u0131\u015f\u201d diyen TTK Ba\u015fkan\u0131 H\u00fclag\u00fc, Milliyet gazetesinden Ay\u015feg\u00fcl [&hellip;]","og_url":"https:\/\/akunq.net\/tr\/?p=27425","og_site_name":"Bati Ermenistan Ve Bati Ermenileri Sorunlari Ara\u015ftirmalar Merkezi","article_published_time":"2013-12-14T07:20:52+00:00","author":"admin","twitter_card":"summary_large_image","twitter_misc":{"Written by":"admin","Est. reading time":"2 minutes"},"schema":{"@context":"https:\/\/schema.org","@graph":[{"@type":"Article","@id":"https:\/\/akunq.net\/tr\/?p=27425#article","isPartOf":{"@id":"https:\/\/akunq.net\/tr\/?p=27425"},"author":{"name":"admin","@id":"https:\/\/akunq.net\/tr\/#\/schema\/person\/096f1d38a12cce57fb855b485ed24c9e"},"headline":"Tarih Kurumu Ba\u015fkan\u0131 H\u00fclag\u00fc \u00e7ark etti","datePublished":"2013-12-14T07:20:52+00:00","mainEntityOfPage":{"@id":"https:\/\/akunq.net\/tr\/?p=27425"},"wordCount":346,"commentCount":0,"articleSection":["Haberler"],"inLanguage":"en-US","potentialAction":[{"@type":"CommentAction","name":"Comment","target":["https:\/\/akunq.net\/tr\/?p=27425#respond"]}]},{"@type":"WebPage","@id":"https:\/\/akunq.net\/tr\/?p=27425","url":"https:\/\/akunq.net\/tr\/?p=27425","name":"Tarih Kurumu Ba\u015fkan\u0131 H\u00fclag\u00fc \u00e7ark etti - Bati Ermenistan Ve Bati Ermenileri Sorunlari Ara\u015ftirmalar Merkezi","isPartOf":{"@id":"https:\/\/akunq.net\/tr\/#website"},"datePublished":"2013-12-14T07:20:52+00:00","author":{"@id":"https:\/\/akunq.net\/tr\/#\/schema\/person\/096f1d38a12cce57fb855b485ed24c9e"},"breadcrumb":{"@id":"https:\/\/akunq.net\/tr\/?p=27425#breadcrumb"},"inLanguage":"en-US","potentialAction":[{"@type":"ReadAction","target":["https:\/\/akunq.net\/tr\/?p=27425"]}]},{"@type":"BreadcrumbList","@id":"https:\/\/akunq.net\/tr\/?p=27425#breadcrumb","itemListElement":[{"@type":"ListItem","position":1,"name":"Home","item":"https:\/\/akunq.net\/tr"},{"@type":"ListItem","position":2,"name":"Tarih Kurumu Ba\u015fkan\u0131 H\u00fclag\u00fc \u00e7ark etti"}]},{"@type":"WebSite","@id":"https:\/\/akunq.net\/tr\/#website","url":"https:\/\/akunq.net\/tr\/","name":"Bati Ermenistan Ve Bati Ermenileri Sorunlari Ara\u015ftirmalar Merkezi","description":"","potentialAction":[{"@type":"SearchAction","target":{"@type":"EntryPoint","urlTemplate":"https:\/\/akunq.net\/tr\/?s={search_term_string}"},"query-input":{"@type":"PropertyValueSpecification","valueRequired":true,"valueName":"search_term_string"}}],"inLanguage":"en-US"},{"@type":"Person","@id":"https:\/\/akunq.net\/tr\/#\/schema\/person\/096f1d38a12cce57fb855b485ed24c9e","name":"admin","url":"https:\/\/akunq.net\/tr\/?author=7"}]}},"_links":{"self":[{"href":"https:\/\/akunq.net\/tr\/index.php?rest_route=\/wp\/v2\/posts\/27425","targetHints":{"allow":["GET"]}}],"collection":[{"href":"https:\/\/akunq.net\/tr\/index.php?rest_route=\/wp\/v2\/posts"}],"about":[{"href":"https:\/\/akunq.net\/tr\/index.php?rest_route=\/wp\/v2\/types\/post"}],"author":[{"embeddable":true,"href":"https:\/\/akunq.net\/tr\/index.php?rest_route=\/wp\/v2\/users\/7"}],"replies":[{"embeddable":true,"href":"https:\/\/akunq.net\/tr\/index.php?rest_route=%2Fwp%2Fv2%2Fcomments&post=27425"}],"version-history":[{"count":1,"href":"https:\/\/akunq.net\/tr\/index.php?rest_route=\/wp\/v2\/posts\/27425\/revisions"}],"predecessor-version":[{"id":27427,"href":"https:\/\/akunq.net\/tr\/index.php?rest_route=\/wp\/v2\/posts\/27425\/revisions\/27427"}],"wp:attachment":[{"href":"https:\/\/akunq.net\/tr\/index.php?rest_route=%2Fwp%2Fv2%2Fmedia&parent=27425"}],"wp:term":[{"taxonomy":"category","embeddable":true,"href":"https:\/\/akunq.net\/tr\/index.php?rest_route=%2Fwp%2Fv2%2Fcategories&post=27425"},{"taxonomy":"post_tag","embeddable":true,"href":"https:\/\/akunq.net\/tr\/index.php?rest_route=%2Fwp%2Fv2%2Ftags&post=27425"}],"curies":[{"name":"wp","href":"https:\/\/api.w.org\/{rel}","templated":true}]}}