{"id":27422,"date":"2013-12-14T02:07:58","date_gmt":"2013-12-14T07:07:58","guid":{"rendered":"http:\/\/akunq.net\/tr\/?p=27422"},"modified":"2013-12-14T02:07:58","modified_gmt":"2013-12-14T07:07:58","slug":"sevan-nisanyan-4-yil-hapis-yatacak","status":"publish","type":"post","link":"https:\/\/akunq.net\/tr\/?p=27422","title":{"rendered":"Sevan Ni\u015fanyan 4 y\u0131l hapis yatacak"},"content":{"rendered":"<h2 style=\"text-align: justify;\"><i><a href=\"http:\/\/akunq.net\/tr\/wp-content\/uploads\/2013\/12\/\u054d\u0587\u0561\u0576-\u0546\u056b\u0577\u0561\u0576\u0575\u0561\u0576.jpg\"><img loading=\"lazy\" decoding=\"async\" class=\"alignright size-medium wp-image-27423\" alt=\"\u054d\u0587\u0561\u0576 \u0546\u056b\u0577\u0561\u0576\u0575\u0561\u0576\" src=\"http:\/\/akunq.net\/tr\/wp-content\/uploads\/2013\/12\/\u054d\u0587\u0561\u0576-\u0546\u056b\u0577\u0561\u0576\u0575\u0561\u0576-300x206.jpg\" width=\"300\" height=\"206\" srcset=\"https:\/\/akunq.net\/tr\/wp-content\/uploads\/sites\/6\/2013\/12\/\u054d\u0587\u0561\u0576-\u0546\u056b\u0577\u0561\u0576\u0575\u0561\u0576-300x206.jpg 300w, https:\/\/akunq.net\/tr\/wp-content\/uploads\/sites\/6\/2013\/12\/\u054d\u0587\u0561\u0576-\u0546\u056b\u0577\u0561\u0576\u0575\u0561\u0576.jpg 307w\" sizes=\"auto, (max-width: 300px) 100vw, 300px\" \/><\/a>&#8216;Balbay \u00e7\u0131k\u0131nca bana yer a\u00e7\u0131ld\u0131&#8217; dedi\u2026<\/i><\/h2>\n<p style=\"text-align: justify;\">Dil bilimci yazar Sevan Ni\u015fanyan&#8217;\u0131n 4 senelik hapis cezas\u0131 kesinle\u015fti. Ni\u015fanyan karar\u0131 de\u011ferlendirdi.<\/p>\n<p style=\"text-align: justify;\">Ni\u015fanyan&#8217;\u0131n ka\u00e7ak in\u015faat yapmak iddias\u0131yla yarg\u0131land\u0131\u011f\u0131 ve hakk\u0131nda 4 y\u0131l hapis cezas\u0131 \u00f6ng\u00f6ren mahkeme karar\u0131 Yarg\u0131tay taraf\u0131ndan onand\u0131. Ni\u015fanyan, cezas\u0131n\u0131n kesinle\u015fmesi \u00fczerine haftaya cezaevine girece\u011fini twitter&#8217;dan duyurdu.<\/p>\n<p style=\"text-align: justify;\">\u0130zmir Sel\u00e7uk Asliye Ceza Mahkemesi taraf\u0131ndan ka\u00e7ak yap\u0131 yapt\u0131\u011f\u0131 iddias\u0131yla 4 y\u0131l hapse mahkum edilen Sevan Ni\u015fanyan&#8217;\u0131n davas\u0131 aradan ge\u00e7en 5 y\u0131l\u0131n ard\u0131ndan Yarg\u0131tay taraf\u0131ndan onayland\u0131.<\/p>\n<p style=\"text-align: justify;\">\u0130lyastepe \u00c7iftli\u011fi&#8217;nde kendisine ait olan araziye yapt\u0131\u011f\u0131 evi nedeniyle mahkum edilen Ni\u015fanyan cezas\u0131n\u0131n onanmas\u0131n\u0131n ard\u0131ndan Medyatava&#8217;ya konu\u015ftu.<\/p>\n<p style=\"text-align: justify;\"><b>&#8220;VATAN SA\u011e OLSUN!&#8221;<\/b><\/p>\n<p style=\"text-align: justify;\">Davan\u0131n 2008 y\u0131l\u0131ndan beri s\u00fcrd\u00fc\u011f\u00fcn\u00fc, bir\u00e7ok kez temyize gitti\u011fini ifade eden Ni\u015fanyan, dava s\u00fcrecini \u015fu s\u00f6zlerle \u00f6zetledi:<\/p>\n<p style=\"text-align: justify;\">&#8220;Bu dava \u015fimdi Matematik K\u00f6y\u00fc&#8217;n\u00fcn bulundu\u011fu \u0130lyastepe \u00c7ifli\u011fi&#8217;nde kendi m\u00fclk\u00fcm olan araziye yapt\u0131\u011f\u0131m bir kul\u00fcbe nedeniyle a\u00e7\u0131lm\u0131\u015ft\u0131. Zaten 2008 y\u0131l\u0131ndan beri s\u00fcren, temyize, Yarg\u0131tay&#8217;a gitmi\u015f bir dava dosyas\u0131yd\u0131. Karar verilmi\u015f. Haftaya hapse giriyorum, 4 sene yataca\u011f\u0131m, Balbaylar filan \u00e7\u0131k\u0131nca yer a\u00e7\u0131lm\u0131\u015f herhalde, vatan sa\u011f olsun!&#8221;<\/p>\n<p style=\"text-align: justify;\"><b><i>http:\/\/www.demokrathaber.net\/guncel\/sevan-nisanyan-4-yil-hapis-yatacak-h25892.html<\/i><\/b><\/p>\n","protected":false},"excerpt":{"rendered":"<p>&#8216;Balbay \u00e7\u0131k\u0131nca bana yer a\u00e7\u0131ld\u0131&#8217; dedi\u2026 Dil bilimci yazar Sevan Ni\u015fanyan&#8217;\u0131n 4 senelik hapis cezas\u0131 kesinle\u015fti. Ni\u015fanyan karar\u0131 de\u011ferlendirdi. Ni\u015fanyan&#8217;\u0131n ka\u00e7ak in\u015faat yapmak iddias\u0131yla yarg\u0131land\u0131\u011f\u0131 ve hakk\u0131nda 4 y\u0131l hapis cezas\u0131 \u00f6ng\u00f6ren mahkeme karar\u0131 Yarg\u0131tay taraf\u0131ndan onand\u0131. Ni\u015fanyan, cezas\u0131n\u0131n kesinle\u015fmesi \u00fczerine haftaya cezaevine girece\u011fini twitter&#8217;dan duyurdu. \u0130zmir Sel\u00e7uk Asliye Ceza Mahkemesi taraf\u0131ndan ka\u00e7ak yap\u0131 yapt\u0131\u011f\u0131 [&hellip;]<\/p>\n","protected":false},"author":7,"featured_media":0,"comment_status":"open","ping_status":"open","sticky":false,"template":"","format":"standard","meta":{"footnotes":""},"categories":[1],"tags":[],"class_list":["post-27422","post","type-post","status-publish","format-standard","hentry","category-haberler"],"yoast_head":"<!-- This site is optimized with the Yoast SEO plugin v27.4 - https:\/\/yoast.com\/product\/yoast-seo-wordpress\/ -->\n<title>Sevan Ni\u015fanyan 4 y\u0131l hapis yatacak - Bati Ermenistan Ve Bati Ermenileri Sorunlari Ara\u015ftirmalar Merkezi<\/title>\n<meta name=\"robots\" content=\"index, follow, max-snippet:-1, max-image-preview:large, max-video-preview:-1\" \/>\n<link rel=\"canonical\" href=\"https:\/\/akunq.net\/tr\/?p=27422\" \/>\n<meta property=\"og:locale\" content=\"en_US\" \/>\n<meta property=\"og:type\" content=\"article\" \/>\n<meta property=\"og:title\" content=\"Sevan Ni\u015fanyan 4 y\u0131l hapis yatacak - Bati Ermenistan Ve Bati Ermenileri Sorunlari Ara\u015ftirmalar Merkezi\" \/>\n<meta property=\"og:description\" content=\"&#8216;Balbay \u00e7\u0131k\u0131nca bana yer a\u00e7\u0131ld\u0131&#8217; dedi\u2026 Dil bilimci yazar Sevan Ni\u015fanyan&#8217;\u0131n 4 senelik hapis cezas\u0131 kesinle\u015fti. Ni\u015fanyan karar\u0131 de\u011ferlendirdi. Ni\u015fanyan&#8217;\u0131n ka\u00e7ak in\u015faat yapmak iddias\u0131yla yarg\u0131land\u0131\u011f\u0131 ve hakk\u0131nda 4 y\u0131l hapis cezas\u0131 \u00f6ng\u00f6ren mahkeme karar\u0131 Yarg\u0131tay taraf\u0131ndan onand\u0131. Ni\u015fanyan, cezas\u0131n\u0131n kesinle\u015fmesi \u00fczerine haftaya cezaevine girece\u011fini twitter&#8217;dan duyurdu. \u0130zmir Sel\u00e7uk Asliye Ceza Mahkemesi taraf\u0131ndan ka\u00e7ak yap\u0131 yapt\u0131\u011f\u0131 [&hellip;]\" \/>\n<meta property=\"og:url\" content=\"https:\/\/akunq.net\/tr\/?p=27422\" \/>\n<meta property=\"og:site_name\" content=\"Bati Ermenistan Ve Bati Ermenileri Sorunlari Ara\u015ftirmalar Merkezi\" \/>\n<meta property=\"article:published_time\" content=\"2013-12-14T07:07:58+00:00\" \/>\n<meta name=\"author\" content=\"admin\" \/>\n<meta name=\"twitter:card\" content=\"summary_large_image\" \/>\n<meta name=\"twitter:label1\" content=\"Written by\" \/>\n\t<meta name=\"twitter:data1\" content=\"admin\" \/>\n\t<meta name=\"twitter:label2\" content=\"Est. reading time\" \/>\n\t<meta name=\"twitter:data2\" content=\"1 minute\" \/>\n<script type=\"application\/ld+json\" class=\"yoast-schema-graph\">{\"@context\":\"https:\\\/\\\/schema.org\",\"@graph\":[{\"@type\":\"Article\",\"@id\":\"https:\\\/\\\/akunq.net\\\/tr\\\/?p=27422#article\",\"isPartOf\":{\"@id\":\"https:\\\/\\\/akunq.net\\\/tr\\\/?p=27422\"},\"author\":{\"name\":\"admin\",\"@id\":\"https:\\\/\\\/akunq.net\\\/tr\\\/#\\\/schema\\\/person\\\/096f1d38a12cce57fb855b485ed24c9e\"},\"headline\":\"Sevan Ni\u015fanyan 4 y\u0131l hapis yatacak\",\"datePublished\":\"2013-12-14T07:07:58+00:00\",\"mainEntityOfPage\":{\"@id\":\"https:\\\/\\\/akunq.net\\\/tr\\\/?p=27422\"},\"wordCount\":236,\"commentCount\":0,\"articleSection\":[\"Haberler\"],\"inLanguage\":\"en-US\",\"potentialAction\":[{\"@type\":\"CommentAction\",\"name\":\"Comment\",\"target\":[\"https:\\\/\\\/akunq.net\\\/tr\\\/?p=27422#respond\"]}]},{\"@type\":\"WebPage\",\"@id\":\"https:\\\/\\\/akunq.net\\\/tr\\\/?p=27422\",\"url\":\"https:\\\/\\\/akunq.net\\\/tr\\\/?p=27422\",\"name\":\"Sevan Ni\u015fanyan 4 y\u0131l hapis yatacak - Bati Ermenistan Ve Bati Ermenileri Sorunlari Ara\u015ftirmalar Merkezi\",\"isPartOf\":{\"@id\":\"https:\\\/\\\/akunq.net\\\/tr\\\/#website\"},\"datePublished\":\"2013-12-14T07:07:58+00:00\",\"author\":{\"@id\":\"https:\\\/\\\/akunq.net\\\/tr\\\/#\\\/schema\\\/person\\\/096f1d38a12cce57fb855b485ed24c9e\"},\"breadcrumb\":{\"@id\":\"https:\\\/\\\/akunq.net\\\/tr\\\/?p=27422#breadcrumb\"},\"inLanguage\":\"en-US\",\"potentialAction\":[{\"@type\":\"ReadAction\",\"target\":[\"https:\\\/\\\/akunq.net\\\/tr\\\/?p=27422\"]}]},{\"@type\":\"BreadcrumbList\",\"@id\":\"https:\\\/\\\/akunq.net\\\/tr\\\/?p=27422#breadcrumb\",\"itemListElement\":[{\"@type\":\"ListItem\",\"position\":1,\"name\":\"Home\",\"item\":\"https:\\\/\\\/akunq.net\\\/tr\"},{\"@type\":\"ListItem\",\"position\":2,\"name\":\"Sevan Ni\u015fanyan 4 y\u0131l hapis yatacak\"}]},{\"@type\":\"WebSite\",\"@id\":\"https:\\\/\\\/akunq.net\\\/tr\\\/#website\",\"url\":\"https:\\\/\\\/akunq.net\\\/tr\\\/\",\"name\":\"Bati Ermenistan Ve Bati Ermenileri Sorunlari Ara\u015ftirmalar Merkezi\",\"description\":\"\",\"potentialAction\":[{\"@type\":\"SearchAction\",\"target\":{\"@type\":\"EntryPoint\",\"urlTemplate\":\"https:\\\/\\\/akunq.net\\\/tr\\\/?s={search_term_string}\"},\"query-input\":{\"@type\":\"PropertyValueSpecification\",\"valueRequired\":true,\"valueName\":\"search_term_string\"}}],\"inLanguage\":\"en-US\"},{\"@type\":\"Person\",\"@id\":\"https:\\\/\\\/akunq.net\\\/tr\\\/#\\\/schema\\\/person\\\/096f1d38a12cce57fb855b485ed24c9e\",\"name\":\"admin\",\"url\":\"https:\\\/\\\/akunq.net\\\/tr\\\/?author=7\"}]}<\/script>\n<!-- \/ Yoast SEO plugin. -->","yoast_head_json":{"title":"Sevan Ni\u015fanyan 4 y\u0131l hapis yatacak - Bati Ermenistan Ve Bati Ermenileri Sorunlari Ara\u015ftirmalar Merkezi","robots":{"index":"index","follow":"follow","max-snippet":"max-snippet:-1","max-image-preview":"max-image-preview:large","max-video-preview":"max-video-preview:-1"},"canonical":"https:\/\/akunq.net\/tr\/?p=27422","og_locale":"en_US","og_type":"article","og_title":"Sevan Ni\u015fanyan 4 y\u0131l hapis yatacak - Bati Ermenistan Ve Bati Ermenileri Sorunlari Ara\u015ftirmalar Merkezi","og_description":"&#8216;Balbay \u00e7\u0131k\u0131nca bana yer a\u00e7\u0131ld\u0131&#8217; dedi\u2026 Dil bilimci yazar Sevan Ni\u015fanyan&#8217;\u0131n 4 senelik hapis cezas\u0131 kesinle\u015fti. Ni\u015fanyan karar\u0131 de\u011ferlendirdi. Ni\u015fanyan&#8217;\u0131n ka\u00e7ak in\u015faat yapmak iddias\u0131yla yarg\u0131land\u0131\u011f\u0131 ve hakk\u0131nda 4 y\u0131l hapis cezas\u0131 \u00f6ng\u00f6ren mahkeme karar\u0131 Yarg\u0131tay taraf\u0131ndan onand\u0131. Ni\u015fanyan, cezas\u0131n\u0131n kesinle\u015fmesi \u00fczerine haftaya cezaevine girece\u011fini twitter&#8217;dan duyurdu. \u0130zmir Sel\u00e7uk Asliye Ceza Mahkemesi taraf\u0131ndan ka\u00e7ak yap\u0131 yapt\u0131\u011f\u0131 [&hellip;]","og_url":"https:\/\/akunq.net\/tr\/?p=27422","og_site_name":"Bati Ermenistan Ve Bati Ermenileri Sorunlari Ara\u015ftirmalar Merkezi","article_published_time":"2013-12-14T07:07:58+00:00","author":"admin","twitter_card":"summary_large_image","twitter_misc":{"Written by":"admin","Est. reading time":"1 minute"},"schema":{"@context":"https:\/\/schema.org","@graph":[{"@type":"Article","@id":"https:\/\/akunq.net\/tr\/?p=27422#article","isPartOf":{"@id":"https:\/\/akunq.net\/tr\/?p=27422"},"author":{"name":"admin","@id":"https:\/\/akunq.net\/tr\/#\/schema\/person\/096f1d38a12cce57fb855b485ed24c9e"},"headline":"Sevan Ni\u015fanyan 4 y\u0131l hapis yatacak","datePublished":"2013-12-14T07:07:58+00:00","mainEntityOfPage":{"@id":"https:\/\/akunq.net\/tr\/?p=27422"},"wordCount":236,"commentCount":0,"articleSection":["Haberler"],"inLanguage":"en-US","potentialAction":[{"@type":"CommentAction","name":"Comment","target":["https:\/\/akunq.net\/tr\/?p=27422#respond"]}]},{"@type":"WebPage","@id":"https:\/\/akunq.net\/tr\/?p=27422","url":"https:\/\/akunq.net\/tr\/?p=27422","name":"Sevan Ni\u015fanyan 4 y\u0131l hapis yatacak - Bati Ermenistan Ve Bati Ermenileri Sorunlari Ara\u015ftirmalar Merkezi","isPartOf":{"@id":"https:\/\/akunq.net\/tr\/#website"},"datePublished":"2013-12-14T07:07:58+00:00","author":{"@id":"https:\/\/akunq.net\/tr\/#\/schema\/person\/096f1d38a12cce57fb855b485ed24c9e"},"breadcrumb":{"@id":"https:\/\/akunq.net\/tr\/?p=27422#breadcrumb"},"inLanguage":"en-US","potentialAction":[{"@type":"ReadAction","target":["https:\/\/akunq.net\/tr\/?p=27422"]}]},{"@type":"BreadcrumbList","@id":"https:\/\/akunq.net\/tr\/?p=27422#breadcrumb","itemListElement":[{"@type":"ListItem","position":1,"name":"Home","item":"https:\/\/akunq.net\/tr"},{"@type":"ListItem","position":2,"name":"Sevan Ni\u015fanyan 4 y\u0131l hapis yatacak"}]},{"@type":"WebSite","@id":"https:\/\/akunq.net\/tr\/#website","url":"https:\/\/akunq.net\/tr\/","name":"Bati Ermenistan Ve Bati Ermenileri Sorunlari Ara\u015ftirmalar Merkezi","description":"","potentialAction":[{"@type":"SearchAction","target":{"@type":"EntryPoint","urlTemplate":"https:\/\/akunq.net\/tr\/?s={search_term_string}"},"query-input":{"@type":"PropertyValueSpecification","valueRequired":true,"valueName":"search_term_string"}}],"inLanguage":"en-US"},{"@type":"Person","@id":"https:\/\/akunq.net\/tr\/#\/schema\/person\/096f1d38a12cce57fb855b485ed24c9e","name":"admin","url":"https:\/\/akunq.net\/tr\/?author=7"}]}},"_links":{"self":[{"href":"https:\/\/akunq.net\/tr\/index.php?rest_route=\/wp\/v2\/posts\/27422","targetHints":{"allow":["GET"]}}],"collection":[{"href":"https:\/\/akunq.net\/tr\/index.php?rest_route=\/wp\/v2\/posts"}],"about":[{"href":"https:\/\/akunq.net\/tr\/index.php?rest_route=\/wp\/v2\/types\/post"}],"author":[{"embeddable":true,"href":"https:\/\/akunq.net\/tr\/index.php?rest_route=\/wp\/v2\/users\/7"}],"replies":[{"embeddable":true,"href":"https:\/\/akunq.net\/tr\/index.php?rest_route=%2Fwp%2Fv2%2Fcomments&post=27422"}],"version-history":[{"count":1,"href":"https:\/\/akunq.net\/tr\/index.php?rest_route=\/wp\/v2\/posts\/27422\/revisions"}],"predecessor-version":[{"id":27424,"href":"https:\/\/akunq.net\/tr\/index.php?rest_route=\/wp\/v2\/posts\/27422\/revisions\/27424"}],"wp:attachment":[{"href":"https:\/\/akunq.net\/tr\/index.php?rest_route=%2Fwp%2Fv2%2Fmedia&parent=27422"}],"wp:term":[{"taxonomy":"category","embeddable":true,"href":"https:\/\/akunq.net\/tr\/index.php?rest_route=%2Fwp%2Fv2%2Fcategories&post=27422"},{"taxonomy":"post_tag","embeddable":true,"href":"https:\/\/akunq.net\/tr\/index.php?rest_route=%2Fwp%2Fv2%2Ftags&post=27422"}],"curies":[{"name":"wp","href":"https:\/\/api.w.org\/{rel}","templated":true}]}}