{"id":27408,"date":"2013-12-13T03:09:34","date_gmt":"2013-12-13T08:09:34","guid":{"rendered":"http:\/\/akunq.net\/tr\/?p=27408"},"modified":"2013-12-13T03:09:34","modified_gmt":"2013-12-13T08:09:34","slug":"cengiz-aktar-yazdi-kafkas-cephesinde-hareketlilik","status":"publish","type":"post","link":"https:\/\/akunq.net\/tr\/?p=27408","title":{"rendered":"Cengiz Aktar Yazd\u0131: Kafkas Cephesinde Hareketlilik"},"content":{"rendered":"<p style=\"text-align: justify;\"><b><i><a href=\"http:\/\/akunq.net\/tr\/wp-content\/uploads\/2013\/12\/\u054b\u0565\u0576\u0563\u056b\u0566-\u0531\u0584\u0569\u0561\u0580.jpg\"><img loading=\"lazy\" decoding=\"async\" class=\"alignright size-medium wp-image-27409\" alt=\"\u054b\u0565\u0576\u0563\u056b\u0566 \u0531\u0584\u0569\u0561\u0580\" src=\"http:\/\/akunq.net\/tr\/wp-content\/uploads\/2013\/12\/\u054b\u0565\u0576\u0563\u056b\u0566-\u0531\u0584\u0569\u0561\u0580-300x196.jpg\" width=\"300\" height=\"196\" srcset=\"https:\/\/akunq.net\/tr\/wp-content\/uploads\/sites\/6\/2013\/12\/\u054b\u0565\u0576\u0563\u056b\u0566-\u0531\u0584\u0569\u0561\u0580-300x196.jpg 300w, https:\/\/akunq.net\/tr\/wp-content\/uploads\/sites\/6\/2013\/12\/\u054b\u0565\u0576\u0563\u056b\u0566-\u0531\u0584\u0569\u0561\u0580.jpg 450w\" sizes=\"auto, (max-width: 300px) 100vw, 300px\" \/><\/a>D\u0131\u015fi\u015fleri Bakan\u0131 per\u015fembe g\u00fcn\u00fc Karadeniz Ekonomik \u0130\u015fbirli\u011fi Te\u015fkil\u00e2t\u0131\u2019n\u0131n bir toplant\u0131s\u0131na T\u00fcrkiye\u2019yi temsilen kat\u0131lmak \u00fczere Erivan\u2019a gidiyor. Normal \u015fartta ad\u00ee bir vaka say\u0131lacak bu seyahat pek\u00e7ok nedenden \u00f6t\u00fcr\u00fc ayr\u0131 bir mana ifade ediyor. \u0130ki \u00fclke aras\u0131nda diplomatik ili\u015fkilerin olmay\u0131\u015f\u0131, T\u00fcrkiye\u2019nin \u201colmayan\u201d Ermenistan politikas\u0131n\u0131 Azerbaycan\u2019a ihale etmi\u015f olmas\u0131, Ermeni Soyk\u0131r\u0131m\u0131\u2019n\u0131n y\u00fcz\u00fcnc\u00fc y\u0131l\u0131nda h\u00fck\u00fcmetin ne yapaca\u011f\u0131n\u0131 bilmiyor olmas\u0131, b\u00f6lgesel ve k\u00fcresel iddialar pe\u015finde ko\u015fmaktan kom\u015fularla genelde k\u00f6t\u00fc olan ili\u015fkileri k\u00fc\u00e7\u00fcmsemi\u015f veya savsaklam\u0131\u015f olmas\u0131 ba\u015fl\u0131ca nedenler. <\/i><\/b><\/p>\n<p style=\"text-align: justify;\">Bakan 5 aral\u0131kta Kiev\u2019de Avrupa G\u00fcvenlik ve \u0130\u015fbirli\u011fi Te\u015fkil\u00e2t\u0131\u2019n\u0131n (AG\u0130T) bakanlar toplant\u0131s\u0131 m\u00fcnasebetiyle bu haftaki ziyaretine haz\u0131rl\u0131k yapt\u0131. Azerbaycan, Ermenistan, 2014\u2019te AG\u0130T ba\u015fkan\u0131 \u0130svi\u00e7re ve Rusya d\u0131\u015fi\u015fleri bakanlar\u0131yla g\u00f6r\u00fc\u015ft\u00fc. \u00a0 \u00a0 \u00a0\u00a0<\/p>\n<p style=\"text-align: justify;\">Azer\u00ee ve Ermeni devlet ba\u015fkanlar\u0131 ise ocak 2012\u2019den sonra ilk defa ge\u00e7en kas\u0131mda bir araya geldiler. Bunu 5 aral\u0131kta Kiev\u2019de Azer\u00ee ve Ermeni bakanlar\u0131n ABD, Fransa, Rusya\u2019dan olu\u015fan Karaba\u011f m\u00fczakerecisi Minsk Grubu ile toplant\u0131s\u0131 izledi. \u0130ki has\u0131m \u00fclke yetkilileri ba\u015fkan veya bakan seviyesinde 2014 ba\u015f\u0131nda yeniden bir araya gelecekler. Her ne kadar Kafkasya\u2019da siyas\u00ee toplant\u0131 yapmak ill\u00e2 bir geli\u015fme ifade etmese de yak\u0131n zamandaki trafik Rusya\u2019n\u0131n b\u00f6lgeye ili\u015fkin stat\u00fckocu tavr\u0131nda bir de\u011fi\u015fiklik oluyor mu sorusunu sordurtuyor. Bununla ba\u011flant\u0131l\u0131 ikinci soru, b\u00f6lgede Rusya sponsorlu\u011funda bir yeni stat\u00fckoya do\u011fru mu ilerlendi\u011fi. Azerbaycan ve Ermenistan\u2019\u0131 AB\u2019nin \u00e7ekim alan\u0131ndan \u015fimdilik \u00e7ekip alan Rusya\u2019n\u0131n Karaba\u011f\u2019da kefil olaca\u011f\u0131 bir yeni durumdan s\u00f6z ediliyor. Bu, Ermeni ordusunun Karaba\u011f d\u0131\u015f\u0131nda kontrol etti\u011fi yedi Azer\u00ee b\u00f6lgesinden (reyon) tamamen bo\u015f tutulan \u00fc\u00e7\u00fcn\u00fcn Rus bar\u0131\u015f kuvvetleri denetimine verilerek Karaba\u011f d\u00fc\u011f\u00fcm\u00fcnde g\u00f6rece bir ilerleme kaydedilmesi. Azerbaycan\u2019\u0131n kazanm\u0131\u015f g\u00f6r\u00fcnece\u011fi ama Ermenistan\u2019\u0131n kaybetmeyece\u011fi bir ad\u0131m!\u00a0<\/p>\n<p style=\"text-align: justify;\">Karaba\u011f\u2019da kal\u0131c\u0131 \u00e7\u00f6z\u00fcm a\u00e7\u0131s\u0131ndan bir yere g\u00f6t\u00fcrmeyecek bu ad\u0131m daha ziyade Ankara a\u00e7\u0131s\u0131ndan \u00f6nemli. Nitekim konu\u015fulan, T\u00fcrkiye\u2019nin Karaba\u011f\u2019a y\u00f6nelik bu ad\u0131m sayesinde Kars-G\u00fcmr\u00fc-Tiflis demiryolunun Kars-G\u00fcmr\u00fc sekt\u00f6r\u00fcn\u00fc a\u00e7abilece\u011fi. Kapal\u0131 s\u0131n\u0131r\u0131 de\u011fil sadece demiryolunu a\u00e7arak Azerileri k\u0131zd\u0131rmadan Ermenilere 2015 i\u00e7in bir jest yapmak ve zevahiri kurtarmak. \u00a0 \u00a0<\/p>\n<p style=\"text-align: justify;\">Zira 2015\u2019e do\u011fru resm\u00ee T\u00fcrkiye\u2019nin uluslararas\u0131 ink\u00e2r faaliyetlerinde g\u00fcvendi\u011fi da\u011flara epeyidir kar ya\u011f\u0131yor. ABD\u2019deki Yahudi lobisine s\u0131rt\u0131n\u0131 vererek yapt\u0131\u011f\u0131 \u00e7al\u0131\u015fmalar \u0130srail\u2019le s\u00fcren so\u011fukluk dolay\u0131s\u0131yla art\u0131k pek anlaml\u0131 de\u011fil. Daha \u00f6nemlisi, bug\u00fcn art\u0131k Yahudi Soyk\u0131r\u0131m\u0131n\u0131n biricikli\u011fine istinaden Ermenilerin ba\u015f\u0131na geleni az\u0131msayan Bernard Lewis ve G\u00fcnter Levy gibi Yahudi akademisyenlerden T\u00fcrkiye\u2019nin ink\u00e2rc\u0131 tezine hay\u0131r yok. Yeni ku\u015fak Yahudi akademisyenler soyk\u0131r\u0131ma soyk\u0131r\u0131m demekle kalm\u0131yor, 2015 i\u00e7in ses getirecek i\u015flere de imza at\u0131yor.<\/p>\n<p style=\"text-align: justify;\">\u00dczerinde k\u00fcresel mutabakat olan soyk\u0131r\u0131m\u0131n reddiyesinde T\u00fcrkiye Azerbaycan\u2019la stratejik ortakl\u0131klar geli\u015ftirerek, di\u011fer yanda dev ve l\u00fczumsuz projelerini Bat\u0131l\u0131 \u015firketlere pe\u015fke\u015f \u00e7ekerek 2015\u2019i idare eder ama vicdanen kaybetmeye devam eder.<\/p>\n<p style=\"text-align: justify;\">Makro bir a\u00e7\u0131dan bakarsak, h\u00fck\u00fcmetin bug\u00fcne kadar k\u0131r\u0131p d\u00f6kt\u00fc\u011f\u00fc, savsaklad\u0131\u011f\u0131 ve k\u00fc\u00e7\u00fcmsedi\u011fi kom\u015fu ili\u015fkilerine nas\u0131l i\u015ftiyakla sar\u0131ld\u0131\u011f\u0131n\u0131 g\u00f6rmek ho\u015f do\u011frusu. Bakan Davuto\u011flu Erivan\u2019dan m\u00fcstakbel AB d\u00f6nem ba\u015fkan\u0131 Atina\u2019ya oradan da kapsaml\u0131 \u00e7\u00f6z\u00fcm aray\u0131\u015flar\u0131n\u0131n giderek y\u00fcksek sesle konu\u015fuldu\u011fu Lefko\u015fa\u2019ya ge\u00e7iyor. Zarar\u0131n neresinden d\u00f6n\u00fcl\u00fcrse k\u00e2rd\u0131r da bakal\u0131m b\u00fcy\u00fck usta ne diyecek.<\/p>\n<p style=\"text-align: justify;\"><b><i>(10.12.2013 tarihinde Taraf gazetesinde yay\u0131nlanan yaz\u0131s\u0131)<\/i><\/b><\/p>\n<p style=\"text-align: justify;\"><b><i>http:\/\/www.haberx.com\/cengiz_aktar_yazdi_kafkas_cephesinde_hareketlilik(17,n,11465287,111).aspx<\/i><\/b><\/p>\n","protected":false},"excerpt":{"rendered":"<p>D\u0131\u015fi\u015fleri Bakan\u0131 per\u015fembe g\u00fcn\u00fc Karadeniz Ekonomik \u0130\u015fbirli\u011fi Te\u015fkil\u00e2t\u0131\u2019n\u0131n bir toplant\u0131s\u0131na T\u00fcrkiye\u2019yi temsilen kat\u0131lmak \u00fczere Erivan\u2019a gidiyor. Normal \u015fartta ad\u00ee bir vaka say\u0131lacak bu seyahat pek\u00e7ok nedenden \u00f6t\u00fcr\u00fc ayr\u0131 bir mana ifade ediyor. \u0130ki \u00fclke aras\u0131nda diplomatik ili\u015fkilerin olmay\u0131\u015f\u0131, T\u00fcrkiye\u2019nin \u201colmayan\u201d Ermenistan politikas\u0131n\u0131 Azerbaycan\u2019a ihale etmi\u015f olmas\u0131, Ermeni Soyk\u0131r\u0131m\u0131\u2019n\u0131n y\u00fcz\u00fcnc\u00fc y\u0131l\u0131nda h\u00fck\u00fcmetin ne yapaca\u011f\u0131n\u0131 bilmiyor olmas\u0131, [&hellip;]<\/p>\n","protected":false},"author":7,"featured_media":0,"comment_status":"open","ping_status":"open","sticky":false,"template":"","format":"standard","meta":{"footnotes":""},"categories":[1],"tags":[],"class_list":["post-27408","post","type-post","status-publish","format-standard","hentry","category-haberler"],"yoast_head":"<!-- This site is optimized with the Yoast SEO plugin v27.4 - https:\/\/yoast.com\/product\/yoast-seo-wordpress\/ -->\n<title>Cengiz Aktar Yazd\u0131: Kafkas Cephesinde Hareketlilik  - Bati Ermenistan Ve Bati Ermenileri Sorunlari Ara\u015ftirmalar Merkezi<\/title>\n<meta name=\"robots\" content=\"index, follow, max-snippet:-1, max-image-preview:large, max-video-preview:-1\" \/>\n<link rel=\"canonical\" href=\"https:\/\/akunq.net\/tr\/?p=27408\" \/>\n<meta property=\"og:locale\" content=\"en_US\" \/>\n<meta property=\"og:type\" content=\"article\" \/>\n<meta property=\"og:title\" content=\"Cengiz Aktar Yazd\u0131: Kafkas Cephesinde Hareketlilik  - Bati Ermenistan Ve Bati Ermenileri Sorunlari Ara\u015ftirmalar Merkezi\" \/>\n<meta property=\"og:description\" content=\"D\u0131\u015fi\u015fleri Bakan\u0131 per\u015fembe g\u00fcn\u00fc Karadeniz Ekonomik \u0130\u015fbirli\u011fi Te\u015fkil\u00e2t\u0131\u2019n\u0131n bir toplant\u0131s\u0131na T\u00fcrkiye\u2019yi temsilen kat\u0131lmak \u00fczere Erivan\u2019a gidiyor. Normal \u015fartta ad\u00ee bir vaka say\u0131lacak bu seyahat pek\u00e7ok nedenden \u00f6t\u00fcr\u00fc ayr\u0131 bir mana ifade ediyor. \u0130ki \u00fclke aras\u0131nda diplomatik ili\u015fkilerin olmay\u0131\u015f\u0131, T\u00fcrkiye\u2019nin \u201colmayan\u201d Ermenistan politikas\u0131n\u0131 Azerbaycan\u2019a ihale etmi\u015f olmas\u0131, Ermeni Soyk\u0131r\u0131m\u0131\u2019n\u0131n y\u00fcz\u00fcnc\u00fc y\u0131l\u0131nda h\u00fck\u00fcmetin ne yapaca\u011f\u0131n\u0131 bilmiyor olmas\u0131, [&hellip;]\" \/>\n<meta property=\"og:url\" content=\"https:\/\/akunq.net\/tr\/?p=27408\" \/>\n<meta property=\"og:site_name\" content=\"Bati Ermenistan Ve Bati Ermenileri Sorunlari Ara\u015ftirmalar Merkezi\" \/>\n<meta property=\"article:published_time\" content=\"2013-12-13T08:09:34+00:00\" \/>\n<meta name=\"author\" content=\"admin\" \/>\n<meta name=\"twitter:card\" content=\"summary_large_image\" \/>\n<meta name=\"twitter:label1\" content=\"Written by\" \/>\n\t<meta name=\"twitter:data1\" content=\"admin\" \/>\n\t<meta name=\"twitter:label2\" content=\"Est. reading time\" \/>\n\t<meta name=\"twitter:data2\" content=\"3 minutes\" \/>\n<script type=\"application\/ld+json\" class=\"yoast-schema-graph\">{\"@context\":\"https:\\\/\\\/schema.org\",\"@graph\":[{\"@type\":\"Article\",\"@id\":\"https:\\\/\\\/akunq.net\\\/tr\\\/?p=27408#article\",\"isPartOf\":{\"@id\":\"https:\\\/\\\/akunq.net\\\/tr\\\/?p=27408\"},\"author\":{\"name\":\"admin\",\"@id\":\"https:\\\/\\\/akunq.net\\\/tr\\\/#\\\/schema\\\/person\\\/096f1d38a12cce57fb855b485ed24c9e\"},\"headline\":\"Cengiz Aktar Yazd\u0131: Kafkas Cephesinde Hareketlilik\",\"datePublished\":\"2013-12-13T08:09:34+00:00\",\"mainEntityOfPage\":{\"@id\":\"https:\\\/\\\/akunq.net\\\/tr\\\/?p=27408\"},\"wordCount\":696,\"commentCount\":0,\"articleSection\":[\"Haberler\"],\"inLanguage\":\"en-US\",\"potentialAction\":[{\"@type\":\"CommentAction\",\"name\":\"Comment\",\"target\":[\"https:\\\/\\\/akunq.net\\\/tr\\\/?p=27408#respond\"]}]},{\"@type\":\"WebPage\",\"@id\":\"https:\\\/\\\/akunq.net\\\/tr\\\/?p=27408\",\"url\":\"https:\\\/\\\/akunq.net\\\/tr\\\/?p=27408\",\"name\":\"Cengiz Aktar Yazd\u0131: Kafkas Cephesinde Hareketlilik - Bati Ermenistan Ve Bati Ermenileri Sorunlari Ara\u015ftirmalar Merkezi\",\"isPartOf\":{\"@id\":\"https:\\\/\\\/akunq.net\\\/tr\\\/#website\"},\"datePublished\":\"2013-12-13T08:09:34+00:00\",\"author\":{\"@id\":\"https:\\\/\\\/akunq.net\\\/tr\\\/#\\\/schema\\\/person\\\/096f1d38a12cce57fb855b485ed24c9e\"},\"breadcrumb\":{\"@id\":\"https:\\\/\\\/akunq.net\\\/tr\\\/?p=27408#breadcrumb\"},\"inLanguage\":\"en-US\",\"potentialAction\":[{\"@type\":\"ReadAction\",\"target\":[\"https:\\\/\\\/akunq.net\\\/tr\\\/?p=27408\"]}]},{\"@type\":\"BreadcrumbList\",\"@id\":\"https:\\\/\\\/akunq.net\\\/tr\\\/?p=27408#breadcrumb\",\"itemListElement\":[{\"@type\":\"ListItem\",\"position\":1,\"name\":\"Home\",\"item\":\"https:\\\/\\\/akunq.net\\\/tr\"},{\"@type\":\"ListItem\",\"position\":2,\"name\":\"Cengiz Aktar Yazd\u0131: Kafkas Cephesinde Hareketlilik\"}]},{\"@type\":\"WebSite\",\"@id\":\"https:\\\/\\\/akunq.net\\\/tr\\\/#website\",\"url\":\"https:\\\/\\\/akunq.net\\\/tr\\\/\",\"name\":\"Bati Ermenistan Ve Bati Ermenileri Sorunlari Ara\u015ftirmalar Merkezi\",\"description\":\"\",\"potentialAction\":[{\"@type\":\"SearchAction\",\"target\":{\"@type\":\"EntryPoint\",\"urlTemplate\":\"https:\\\/\\\/akunq.net\\\/tr\\\/?s={search_term_string}\"},\"query-input\":{\"@type\":\"PropertyValueSpecification\",\"valueRequired\":true,\"valueName\":\"search_term_string\"}}],\"inLanguage\":\"en-US\"},{\"@type\":\"Person\",\"@id\":\"https:\\\/\\\/akunq.net\\\/tr\\\/#\\\/schema\\\/person\\\/096f1d38a12cce57fb855b485ed24c9e\",\"name\":\"admin\",\"url\":\"https:\\\/\\\/akunq.net\\\/tr\\\/?author=7\"}]}<\/script>\n<!-- \/ Yoast SEO plugin. -->","yoast_head_json":{"title":"Cengiz Aktar Yazd\u0131: Kafkas Cephesinde Hareketlilik  - Bati Ermenistan Ve Bati Ermenileri Sorunlari Ara\u015ftirmalar Merkezi","robots":{"index":"index","follow":"follow","max-snippet":"max-snippet:-1","max-image-preview":"max-image-preview:large","max-video-preview":"max-video-preview:-1"},"canonical":"https:\/\/akunq.net\/tr\/?p=27408","og_locale":"en_US","og_type":"article","og_title":"Cengiz Aktar Yazd\u0131: Kafkas Cephesinde Hareketlilik  - Bati Ermenistan Ve Bati Ermenileri Sorunlari Ara\u015ftirmalar Merkezi","og_description":"D\u0131\u015fi\u015fleri Bakan\u0131 per\u015fembe g\u00fcn\u00fc Karadeniz Ekonomik \u0130\u015fbirli\u011fi Te\u015fkil\u00e2t\u0131\u2019n\u0131n bir toplant\u0131s\u0131na T\u00fcrkiye\u2019yi temsilen kat\u0131lmak \u00fczere Erivan\u2019a gidiyor. Normal \u015fartta ad\u00ee bir vaka say\u0131lacak bu seyahat pek\u00e7ok nedenden \u00f6t\u00fcr\u00fc ayr\u0131 bir mana ifade ediyor. \u0130ki \u00fclke aras\u0131nda diplomatik ili\u015fkilerin olmay\u0131\u015f\u0131, T\u00fcrkiye\u2019nin \u201colmayan\u201d Ermenistan politikas\u0131n\u0131 Azerbaycan\u2019a ihale etmi\u015f olmas\u0131, Ermeni Soyk\u0131r\u0131m\u0131\u2019n\u0131n y\u00fcz\u00fcnc\u00fc y\u0131l\u0131nda h\u00fck\u00fcmetin ne yapaca\u011f\u0131n\u0131 bilmiyor olmas\u0131, [&hellip;]","og_url":"https:\/\/akunq.net\/tr\/?p=27408","og_site_name":"Bati Ermenistan Ve Bati Ermenileri Sorunlari Ara\u015ftirmalar Merkezi","article_published_time":"2013-12-13T08:09:34+00:00","author":"admin","twitter_card":"summary_large_image","twitter_misc":{"Written by":"admin","Est. reading time":"3 minutes"},"schema":{"@context":"https:\/\/schema.org","@graph":[{"@type":"Article","@id":"https:\/\/akunq.net\/tr\/?p=27408#article","isPartOf":{"@id":"https:\/\/akunq.net\/tr\/?p=27408"},"author":{"name":"admin","@id":"https:\/\/akunq.net\/tr\/#\/schema\/person\/096f1d38a12cce57fb855b485ed24c9e"},"headline":"Cengiz Aktar Yazd\u0131: Kafkas Cephesinde Hareketlilik","datePublished":"2013-12-13T08:09:34+00:00","mainEntityOfPage":{"@id":"https:\/\/akunq.net\/tr\/?p=27408"},"wordCount":696,"commentCount":0,"articleSection":["Haberler"],"inLanguage":"en-US","potentialAction":[{"@type":"CommentAction","name":"Comment","target":["https:\/\/akunq.net\/tr\/?p=27408#respond"]}]},{"@type":"WebPage","@id":"https:\/\/akunq.net\/tr\/?p=27408","url":"https:\/\/akunq.net\/tr\/?p=27408","name":"Cengiz Aktar Yazd\u0131: Kafkas Cephesinde Hareketlilik - Bati Ermenistan Ve Bati Ermenileri Sorunlari Ara\u015ftirmalar Merkezi","isPartOf":{"@id":"https:\/\/akunq.net\/tr\/#website"},"datePublished":"2013-12-13T08:09:34+00:00","author":{"@id":"https:\/\/akunq.net\/tr\/#\/schema\/person\/096f1d38a12cce57fb855b485ed24c9e"},"breadcrumb":{"@id":"https:\/\/akunq.net\/tr\/?p=27408#breadcrumb"},"inLanguage":"en-US","potentialAction":[{"@type":"ReadAction","target":["https:\/\/akunq.net\/tr\/?p=27408"]}]},{"@type":"BreadcrumbList","@id":"https:\/\/akunq.net\/tr\/?p=27408#breadcrumb","itemListElement":[{"@type":"ListItem","position":1,"name":"Home","item":"https:\/\/akunq.net\/tr"},{"@type":"ListItem","position":2,"name":"Cengiz Aktar Yazd\u0131: Kafkas Cephesinde Hareketlilik"}]},{"@type":"WebSite","@id":"https:\/\/akunq.net\/tr\/#website","url":"https:\/\/akunq.net\/tr\/","name":"Bati Ermenistan Ve Bati Ermenileri Sorunlari Ara\u015ftirmalar Merkezi","description":"","potentialAction":[{"@type":"SearchAction","target":{"@type":"EntryPoint","urlTemplate":"https:\/\/akunq.net\/tr\/?s={search_term_string}"},"query-input":{"@type":"PropertyValueSpecification","valueRequired":true,"valueName":"search_term_string"}}],"inLanguage":"en-US"},{"@type":"Person","@id":"https:\/\/akunq.net\/tr\/#\/schema\/person\/096f1d38a12cce57fb855b485ed24c9e","name":"admin","url":"https:\/\/akunq.net\/tr\/?author=7"}]}},"_links":{"self":[{"href":"https:\/\/akunq.net\/tr\/index.php?rest_route=\/wp\/v2\/posts\/27408","targetHints":{"allow":["GET"]}}],"collection":[{"href":"https:\/\/akunq.net\/tr\/index.php?rest_route=\/wp\/v2\/posts"}],"about":[{"href":"https:\/\/akunq.net\/tr\/index.php?rest_route=\/wp\/v2\/types\/post"}],"author":[{"embeddable":true,"href":"https:\/\/akunq.net\/tr\/index.php?rest_route=\/wp\/v2\/users\/7"}],"replies":[{"embeddable":true,"href":"https:\/\/akunq.net\/tr\/index.php?rest_route=%2Fwp%2Fv2%2Fcomments&post=27408"}],"version-history":[{"count":1,"href":"https:\/\/akunq.net\/tr\/index.php?rest_route=\/wp\/v2\/posts\/27408\/revisions"}],"predecessor-version":[{"id":27410,"href":"https:\/\/akunq.net\/tr\/index.php?rest_route=\/wp\/v2\/posts\/27408\/revisions\/27410"}],"wp:attachment":[{"href":"https:\/\/akunq.net\/tr\/index.php?rest_route=%2Fwp%2Fv2%2Fmedia&parent=27408"}],"wp:term":[{"taxonomy":"category","embeddable":true,"href":"https:\/\/akunq.net\/tr\/index.php?rest_route=%2Fwp%2Fv2%2Fcategories&post=27408"},{"taxonomy":"post_tag","embeddable":true,"href":"https:\/\/akunq.net\/tr\/index.php?rest_route=%2Fwp%2Fv2%2Ftags&post=27408"}],"curies":[{"name":"wp","href":"https:\/\/api.w.org\/{rel}","templated":true}]}}