{"id":27405,"date":"2013-12-13T02:57:43","date_gmt":"2013-12-13T07:57:43","guid":{"rendered":"http:\/\/akunq.net\/tr\/?p=27405"},"modified":"2013-12-13T02:57:43","modified_gmt":"2013-12-13T07:57:43","slug":"azerbaycanda-rusvet-tepkisi","status":"publish","type":"post","link":"https:\/\/akunq.net\/tr\/?p=27405","title":{"rendered":"Azerbaycan&#8217;da r\u00fc\u015fvet tepkisi"},"content":{"rendered":"<h2 style=\"text-align: justify;\"><i><a href=\"http:\/\/akunq.net\/tr\/wp-content\/uploads\/2013\/12\/Azerbaycan.jpg\"><img loading=\"lazy\" decoding=\"async\" class=\"alignright size-medium wp-image-27406\" alt=\"AZERBAIJAN-RIGHTS-ENTERTAINMENT-EUROVISION\" src=\"http:\/\/akunq.net\/tr\/wp-content\/uploads\/2013\/12\/Azerbaycan-300x182.jpg\" width=\"300\" height=\"182\" srcset=\"https:\/\/akunq.net\/tr\/wp-content\/uploads\/sites\/6\/2013\/12\/Azerbaycan-300x182.jpg 300w, https:\/\/akunq.net\/tr\/wp-content\/uploads\/sites\/6\/2013\/12\/Azerbaycan.jpg 460w\" sizes=\"auto, (max-width: 300px) 100vw, 300px\" \/><\/a>Vergi memurlar\u0131n\u0131n &#8216;yeni r\u00fc\u015fvet tarifesinin&#8221; i\u015f adamlar\u0131n\u0131n isyan\u0131na neden olabilece\u011fi iddia ediliyor. <\/i><\/h2>\n<p style=\"text-align: justify;\">Azerbaycan\u2019da ba\u015fkent Bak\u00fc ve di\u011fer b\u00f6lgelerde yat\u0131r\u0131m yapan i\u015f adamlar\u0131n\u0131n yeni bir vergi bask\u0131s\u0131 ile kar\u015f\u0131 kar\u015f\u0131ya kald\u0131\u011f\u0131 iddia ediliyor. \u0130\u015f adamlar\u0131n\u0131n iddias\u0131na g\u00f6re, Vergiler Bakan\u0131 Fazil Memmedov\u2019un \u201ctemsilcileri y\u0131ll\u0131k r\u00fc\u015fvet kampanyas\u0131\u00a0i\u00e7in \u00e7al\u0131\u015fmalar\u0131na ba\u015flad\u0131.&#8221;<\/p>\n<p style=\"text-align: justify;\">Vergi memurlar\u0131n\u0131n i\u015fadamlar\u0131ndan 10 ila 30 bin manat (yakla\u015f\u0131k 12 \u2013 38 bin dolar) r\u00fc\u015fvet talebinde bulunman\u0131n yan\u0131 s\u0131ra yasal \u00f6demelerin de y\u00fczde 15-20 fazlas\u0131n\u0131 talep ettikleri \u00f6ne s\u00fcr\u00fcl\u00fcyor.<\/p>\n<p style=\"text-align: justify;\">Her y\u0131l &#8220;geleneksel&#8221; hale geldi\u011fi belirtilen r\u00fc\u015fvet toplama giri\u015fimlerini mafya \u00e7etelerinin tehditlerine benzeten Azeri i\u015fadamlar\u0131, r\u00fc\u015fvet \u00f6demeyi kabul etmeyenler hakk\u0131nda soru\u015fturma ba\u015flat\u0131labilece\u011fine dair \u015fantajlar yap\u0131ld\u0131\u011f\u0131n\u0131 \u00f6ne s\u00fcr\u00fcyor.<\/p>\n<p style=\"text-align: justify;\">\u0130\u015f adamlar\u0131na g\u00f6re r\u00fc\u015fvetin nakit olarak toplanmas\u0131 sistemi de de\u011fi\u015ftirilmi\u015f durumda. \u015eu anda memurlar banka hesaplar\u0131 g\u00f6sterek paralar\u0131n bu hesaplara yat\u0131r\u0131lmas\u0131n\u0131 talep ediyor.<\/p>\n<p style=\"text-align: justify;\"><strong><i>\u0130brahim Ali\/D\u00fcnya B\u00fclteni<\/i><\/strong><\/p>\n<p style=\"text-align: justify;\"><b><i>http:\/\/www.dunyabulteni.net\/haberler\/282672\/azerbaycanda-rusvet-tepkisi<\/i><\/b><\/p>\n","protected":false},"excerpt":{"rendered":"<p>Vergi memurlar\u0131n\u0131n &#8216;yeni r\u00fc\u015fvet tarifesinin&#8221; i\u015f adamlar\u0131n\u0131n isyan\u0131na neden olabilece\u011fi iddia ediliyor. Azerbaycan\u2019da ba\u015fkent Bak\u00fc ve di\u011fer b\u00f6lgelerde yat\u0131r\u0131m yapan i\u015f adamlar\u0131n\u0131n yeni bir vergi bask\u0131s\u0131 ile kar\u015f\u0131 kar\u015f\u0131ya kald\u0131\u011f\u0131 iddia ediliyor. \u0130\u015f adamlar\u0131n\u0131n iddias\u0131na g\u00f6re, Vergiler Bakan\u0131 Fazil Memmedov\u2019un \u201ctemsilcileri y\u0131ll\u0131k r\u00fc\u015fvet kampanyas\u0131\u00a0i\u00e7in \u00e7al\u0131\u015fmalar\u0131na ba\u015flad\u0131.&#8221; Vergi memurlar\u0131n\u0131n i\u015fadamlar\u0131ndan 10 ila 30 bin manat (yakla\u015f\u0131k [&hellip;]<\/p>\n","protected":false},"author":7,"featured_media":0,"comment_status":"open","ping_status":"open","sticky":false,"template":"","format":"standard","meta":{"footnotes":""},"categories":[1],"tags":[],"class_list":["post-27405","post","type-post","status-publish","format-standard","hentry","category-haberler"],"yoast_head":"<!-- This site is optimized with the Yoast SEO plugin v27.4 - https:\/\/yoast.com\/product\/yoast-seo-wordpress\/ -->\n<title>Azerbaycan&#039;da r\u00fc\u015fvet tepkisi - Bati Ermenistan Ve Bati Ermenileri Sorunlari Ara\u015ftirmalar Merkezi<\/title>\n<meta name=\"robots\" content=\"index, follow, max-snippet:-1, max-image-preview:large, max-video-preview:-1\" \/>\n<link rel=\"canonical\" href=\"https:\/\/akunq.net\/tr\/?p=27405\" \/>\n<meta property=\"og:locale\" content=\"en_US\" \/>\n<meta property=\"og:type\" content=\"article\" \/>\n<meta property=\"og:title\" content=\"Azerbaycan&#039;da r\u00fc\u015fvet tepkisi - Bati Ermenistan Ve Bati Ermenileri Sorunlari Ara\u015ftirmalar Merkezi\" \/>\n<meta property=\"og:description\" content=\"Vergi memurlar\u0131n\u0131n &#8216;yeni r\u00fc\u015fvet tarifesinin&#8221; i\u015f adamlar\u0131n\u0131n isyan\u0131na neden olabilece\u011fi iddia ediliyor. Azerbaycan\u2019da ba\u015fkent Bak\u00fc ve di\u011fer b\u00f6lgelerde yat\u0131r\u0131m yapan i\u015f adamlar\u0131n\u0131n yeni bir vergi bask\u0131s\u0131 ile kar\u015f\u0131 kar\u015f\u0131ya kald\u0131\u011f\u0131 iddia ediliyor. \u0130\u015f adamlar\u0131n\u0131n iddias\u0131na g\u00f6re, Vergiler Bakan\u0131 Fazil Memmedov\u2019un \u201ctemsilcileri y\u0131ll\u0131k r\u00fc\u015fvet kampanyas\u0131\u00a0i\u00e7in \u00e7al\u0131\u015fmalar\u0131na ba\u015flad\u0131.&#8221; Vergi memurlar\u0131n\u0131n i\u015fadamlar\u0131ndan 10 ila 30 bin manat (yakla\u015f\u0131k [&hellip;]\" \/>\n<meta property=\"og:url\" content=\"https:\/\/akunq.net\/tr\/?p=27405\" \/>\n<meta property=\"og:site_name\" content=\"Bati Ermenistan Ve Bati Ermenileri Sorunlari Ara\u015ftirmalar Merkezi\" \/>\n<meta property=\"article:published_time\" content=\"2013-12-13T07:57:43+00:00\" \/>\n<meta property=\"og:image\" content=\"http:\/\/akunq.net\/tr\/wp-content\/uploads\/2013\/12\/Azerbaycan-300x182.jpg\" \/>\n<meta name=\"author\" content=\"admin\" \/>\n<meta name=\"twitter:card\" content=\"summary_large_image\" \/>\n<meta name=\"twitter:label1\" content=\"Written by\" \/>\n\t<meta name=\"twitter:data1\" content=\"admin\" \/>\n\t<meta name=\"twitter:label2\" content=\"Est. reading time\" \/>\n\t<meta name=\"twitter:data2\" content=\"1 minute\" \/>\n<script type=\"application\/ld+json\" class=\"yoast-schema-graph\">{\"@context\":\"https:\\\/\\\/schema.org\",\"@graph\":[{\"@type\":\"Article\",\"@id\":\"https:\\\/\\\/akunq.net\\\/tr\\\/?p=27405#article\",\"isPartOf\":{\"@id\":\"https:\\\/\\\/akunq.net\\\/tr\\\/?p=27405\"},\"author\":{\"name\":\"admin\",\"@id\":\"https:\\\/\\\/akunq.net\\\/tr\\\/#\\\/schema\\\/person\\\/096f1d38a12cce57fb855b485ed24c9e\"},\"headline\":\"Azerbaycan&#8217;da r\u00fc\u015fvet tepkisi\",\"datePublished\":\"2013-12-13T07:57:43+00:00\",\"mainEntityOfPage\":{\"@id\":\"https:\\\/\\\/akunq.net\\\/tr\\\/?p=27405\"},\"wordCount\":202,\"commentCount\":0,\"image\":{\"@id\":\"https:\\\/\\\/akunq.net\\\/tr\\\/?p=27405#primaryimage\"},\"thumbnailUrl\":\"http:\\\/\\\/akunq.net\\\/tr\\\/wp-content\\\/uploads\\\/2013\\\/12\\\/Azerbaycan-300x182.jpg\",\"articleSection\":[\"Haberler\"],\"inLanguage\":\"en-US\",\"potentialAction\":[{\"@type\":\"CommentAction\",\"name\":\"Comment\",\"target\":[\"https:\\\/\\\/akunq.net\\\/tr\\\/?p=27405#respond\"]}]},{\"@type\":\"WebPage\",\"@id\":\"https:\\\/\\\/akunq.net\\\/tr\\\/?p=27405\",\"url\":\"https:\\\/\\\/akunq.net\\\/tr\\\/?p=27405\",\"name\":\"Azerbaycan'da r\u00fc\u015fvet tepkisi - Bati Ermenistan Ve Bati Ermenileri Sorunlari Ara\u015ftirmalar Merkezi\",\"isPartOf\":{\"@id\":\"https:\\\/\\\/akunq.net\\\/tr\\\/#website\"},\"primaryImageOfPage\":{\"@id\":\"https:\\\/\\\/akunq.net\\\/tr\\\/?p=27405#primaryimage\"},\"image\":{\"@id\":\"https:\\\/\\\/akunq.net\\\/tr\\\/?p=27405#primaryimage\"},\"thumbnailUrl\":\"http:\\\/\\\/akunq.net\\\/tr\\\/wp-content\\\/uploads\\\/2013\\\/12\\\/Azerbaycan-300x182.jpg\",\"datePublished\":\"2013-12-13T07:57:43+00:00\",\"author\":{\"@id\":\"https:\\\/\\\/akunq.net\\\/tr\\\/#\\\/schema\\\/person\\\/096f1d38a12cce57fb855b485ed24c9e\"},\"breadcrumb\":{\"@id\":\"https:\\\/\\\/akunq.net\\\/tr\\\/?p=27405#breadcrumb\"},\"inLanguage\":\"en-US\",\"potentialAction\":[{\"@type\":\"ReadAction\",\"target\":[\"https:\\\/\\\/akunq.net\\\/tr\\\/?p=27405\"]}]},{\"@type\":\"ImageObject\",\"inLanguage\":\"en-US\",\"@id\":\"https:\\\/\\\/akunq.net\\\/tr\\\/?p=27405#primaryimage\",\"url\":\"https:\\\/\\\/akunq.net\\\/tr\\\/wp-content\\\/uploads\\\/sites\\\/6\\\/2013\\\/12\\\/Azerbaycan.jpg\",\"contentUrl\":\"https:\\\/\\\/akunq.net\\\/tr\\\/wp-content\\\/uploads\\\/sites\\\/6\\\/2013\\\/12\\\/Azerbaycan.jpg\",\"width\":460,\"height\":280},{\"@type\":\"BreadcrumbList\",\"@id\":\"https:\\\/\\\/akunq.net\\\/tr\\\/?p=27405#breadcrumb\",\"itemListElement\":[{\"@type\":\"ListItem\",\"position\":1,\"name\":\"Home\",\"item\":\"https:\\\/\\\/akunq.net\\\/tr\"},{\"@type\":\"ListItem\",\"position\":2,\"name\":\"Azerbaycan&#8217;da r\u00fc\u015fvet tepkisi\"}]},{\"@type\":\"WebSite\",\"@id\":\"https:\\\/\\\/akunq.net\\\/tr\\\/#website\",\"url\":\"https:\\\/\\\/akunq.net\\\/tr\\\/\",\"name\":\"Bati Ermenistan Ve Bati Ermenileri Sorunlari Ara\u015ftirmalar Merkezi\",\"description\":\"\",\"potentialAction\":[{\"@type\":\"SearchAction\",\"target\":{\"@type\":\"EntryPoint\",\"urlTemplate\":\"https:\\\/\\\/akunq.net\\\/tr\\\/?s={search_term_string}\"},\"query-input\":{\"@type\":\"PropertyValueSpecification\",\"valueRequired\":true,\"valueName\":\"search_term_string\"}}],\"inLanguage\":\"en-US\"},{\"@type\":\"Person\",\"@id\":\"https:\\\/\\\/akunq.net\\\/tr\\\/#\\\/schema\\\/person\\\/096f1d38a12cce57fb855b485ed24c9e\",\"name\":\"admin\",\"url\":\"https:\\\/\\\/akunq.net\\\/tr\\\/?author=7\"}]}<\/script>\n<!-- \/ Yoast SEO plugin. -->","yoast_head_json":{"title":"Azerbaycan'da r\u00fc\u015fvet tepkisi - Bati Ermenistan Ve Bati Ermenileri Sorunlari Ara\u015ftirmalar Merkezi","robots":{"index":"index","follow":"follow","max-snippet":"max-snippet:-1","max-image-preview":"max-image-preview:large","max-video-preview":"max-video-preview:-1"},"canonical":"https:\/\/akunq.net\/tr\/?p=27405","og_locale":"en_US","og_type":"article","og_title":"Azerbaycan'da r\u00fc\u015fvet tepkisi - Bati Ermenistan Ve Bati Ermenileri Sorunlari Ara\u015ftirmalar Merkezi","og_description":"Vergi memurlar\u0131n\u0131n &#8216;yeni r\u00fc\u015fvet tarifesinin&#8221; i\u015f adamlar\u0131n\u0131n isyan\u0131na neden olabilece\u011fi iddia ediliyor. Azerbaycan\u2019da ba\u015fkent Bak\u00fc ve di\u011fer b\u00f6lgelerde yat\u0131r\u0131m yapan i\u015f adamlar\u0131n\u0131n yeni bir vergi bask\u0131s\u0131 ile kar\u015f\u0131 kar\u015f\u0131ya kald\u0131\u011f\u0131 iddia ediliyor. \u0130\u015f adamlar\u0131n\u0131n iddias\u0131na g\u00f6re, Vergiler Bakan\u0131 Fazil Memmedov\u2019un \u201ctemsilcileri y\u0131ll\u0131k r\u00fc\u015fvet kampanyas\u0131\u00a0i\u00e7in \u00e7al\u0131\u015fmalar\u0131na ba\u015flad\u0131.&#8221; Vergi memurlar\u0131n\u0131n i\u015fadamlar\u0131ndan 10 ila 30 bin manat (yakla\u015f\u0131k [&hellip;]","og_url":"https:\/\/akunq.net\/tr\/?p=27405","og_site_name":"Bati Ermenistan Ve Bati Ermenileri Sorunlari Ara\u015ftirmalar Merkezi","article_published_time":"2013-12-13T07:57:43+00:00","og_image":[{"url":"http:\/\/akunq.net\/tr\/wp-content\/uploads\/2013\/12\/Azerbaycan-300x182.jpg","type":"","width":"","height":""}],"author":"admin","twitter_card":"summary_large_image","twitter_misc":{"Written by":"admin","Est. reading time":"1 minute"},"schema":{"@context":"https:\/\/schema.org","@graph":[{"@type":"Article","@id":"https:\/\/akunq.net\/tr\/?p=27405#article","isPartOf":{"@id":"https:\/\/akunq.net\/tr\/?p=27405"},"author":{"name":"admin","@id":"https:\/\/akunq.net\/tr\/#\/schema\/person\/096f1d38a12cce57fb855b485ed24c9e"},"headline":"Azerbaycan&#8217;da r\u00fc\u015fvet tepkisi","datePublished":"2013-12-13T07:57:43+00:00","mainEntityOfPage":{"@id":"https:\/\/akunq.net\/tr\/?p=27405"},"wordCount":202,"commentCount":0,"image":{"@id":"https:\/\/akunq.net\/tr\/?p=27405#primaryimage"},"thumbnailUrl":"http:\/\/akunq.net\/tr\/wp-content\/uploads\/2013\/12\/Azerbaycan-300x182.jpg","articleSection":["Haberler"],"inLanguage":"en-US","potentialAction":[{"@type":"CommentAction","name":"Comment","target":["https:\/\/akunq.net\/tr\/?p=27405#respond"]}]},{"@type":"WebPage","@id":"https:\/\/akunq.net\/tr\/?p=27405","url":"https:\/\/akunq.net\/tr\/?p=27405","name":"Azerbaycan'da r\u00fc\u015fvet tepkisi - Bati Ermenistan Ve Bati Ermenileri Sorunlari Ara\u015ftirmalar Merkezi","isPartOf":{"@id":"https:\/\/akunq.net\/tr\/#website"},"primaryImageOfPage":{"@id":"https:\/\/akunq.net\/tr\/?p=27405#primaryimage"},"image":{"@id":"https:\/\/akunq.net\/tr\/?p=27405#primaryimage"},"thumbnailUrl":"http:\/\/akunq.net\/tr\/wp-content\/uploads\/2013\/12\/Azerbaycan-300x182.jpg","datePublished":"2013-12-13T07:57:43+00:00","author":{"@id":"https:\/\/akunq.net\/tr\/#\/schema\/person\/096f1d38a12cce57fb855b485ed24c9e"},"breadcrumb":{"@id":"https:\/\/akunq.net\/tr\/?p=27405#breadcrumb"},"inLanguage":"en-US","potentialAction":[{"@type":"ReadAction","target":["https:\/\/akunq.net\/tr\/?p=27405"]}]},{"@type":"ImageObject","inLanguage":"en-US","@id":"https:\/\/akunq.net\/tr\/?p=27405#primaryimage","url":"https:\/\/akunq.net\/tr\/wp-content\/uploads\/sites\/6\/2013\/12\/Azerbaycan.jpg","contentUrl":"https:\/\/akunq.net\/tr\/wp-content\/uploads\/sites\/6\/2013\/12\/Azerbaycan.jpg","width":460,"height":280},{"@type":"BreadcrumbList","@id":"https:\/\/akunq.net\/tr\/?p=27405#breadcrumb","itemListElement":[{"@type":"ListItem","position":1,"name":"Home","item":"https:\/\/akunq.net\/tr"},{"@type":"ListItem","position":2,"name":"Azerbaycan&#8217;da r\u00fc\u015fvet tepkisi"}]},{"@type":"WebSite","@id":"https:\/\/akunq.net\/tr\/#website","url":"https:\/\/akunq.net\/tr\/","name":"Bati Ermenistan Ve Bati Ermenileri Sorunlari Ara\u015ftirmalar Merkezi","description":"","potentialAction":[{"@type":"SearchAction","target":{"@type":"EntryPoint","urlTemplate":"https:\/\/akunq.net\/tr\/?s={search_term_string}"},"query-input":{"@type":"PropertyValueSpecification","valueRequired":true,"valueName":"search_term_string"}}],"inLanguage":"en-US"},{"@type":"Person","@id":"https:\/\/akunq.net\/tr\/#\/schema\/person\/096f1d38a12cce57fb855b485ed24c9e","name":"admin","url":"https:\/\/akunq.net\/tr\/?author=7"}]}},"_links":{"self":[{"href":"https:\/\/akunq.net\/tr\/index.php?rest_route=\/wp\/v2\/posts\/27405","targetHints":{"allow":["GET"]}}],"collection":[{"href":"https:\/\/akunq.net\/tr\/index.php?rest_route=\/wp\/v2\/posts"}],"about":[{"href":"https:\/\/akunq.net\/tr\/index.php?rest_route=\/wp\/v2\/types\/post"}],"author":[{"embeddable":true,"href":"https:\/\/akunq.net\/tr\/index.php?rest_route=\/wp\/v2\/users\/7"}],"replies":[{"embeddable":true,"href":"https:\/\/akunq.net\/tr\/index.php?rest_route=%2Fwp%2Fv2%2Fcomments&post=27405"}],"version-history":[{"count":1,"href":"https:\/\/akunq.net\/tr\/index.php?rest_route=\/wp\/v2\/posts\/27405\/revisions"}],"predecessor-version":[{"id":27407,"href":"https:\/\/akunq.net\/tr\/index.php?rest_route=\/wp\/v2\/posts\/27405\/revisions\/27407"}],"wp:attachment":[{"href":"https:\/\/akunq.net\/tr\/index.php?rest_route=%2Fwp%2Fv2%2Fmedia&parent=27405"}],"wp:term":[{"taxonomy":"category","embeddable":true,"href":"https:\/\/akunq.net\/tr\/index.php?rest_route=%2Fwp%2Fv2%2Fcategories&post=27405"},{"taxonomy":"post_tag","embeddable":true,"href":"https:\/\/akunq.net\/tr\/index.php?rest_route=%2Fwp%2Fv2%2Ftags&post=27405"}],"curies":[{"name":"wp","href":"https:\/\/api.w.org\/{rel}","templated":true}]}}