{"id":27386,"date":"2013-12-12T03:26:32","date_gmt":"2013-12-12T08:26:32","guid":{"rendered":"http:\/\/akunq.net\/tr\/?p=27386"},"modified":"2013-12-12T03:26:32","modified_gmt":"2013-12-12T08:26:32","slug":"davutoglu-ermanistanda-protesto-ile-karsilandi","status":"publish","type":"post","link":"https:\/\/akunq.net\/tr\/?p=27386","title":{"rendered":"Davuto\u011flu, Ermanistan&#8217;da protesto ile kar\u015f\u0131land\u0131"},"content":{"rendered":"<p style=\"text-align: justify;\"><a href=\"http:\/\/akunq.net\/tr\/wp-content\/uploads\/2013\/12\/\u0535\u0580\u0587\u0561\u0576\u0578\u0582\u0574-\u0581\u0578\u0582\u0575\u0581.jpg\"><img loading=\"lazy\" decoding=\"async\" class=\"alignright size-medium wp-image-27387\" alt=\"\u0535\u0580\u0587\u0561\u0576\u0578\u0582\u0574 \u0581\u0578\u0582\u0575\u0581\" src=\"http:\/\/akunq.net\/tr\/wp-content\/uploads\/2013\/12\/\u0535\u0580\u0587\u0561\u0576\u0578\u0582\u0574-\u0581\u0578\u0582\u0575\u0581-300x199.jpg\" width=\"300\" height=\"199\" srcset=\"https:\/\/akunq.net\/tr\/wp-content\/uploads\/sites\/6\/2013\/12\/\u0535\u0580\u0587\u0561\u0576\u0578\u0582\u0574-\u0581\u0578\u0582\u0575\u0581-300x199.jpg 300w, https:\/\/akunq.net\/tr\/wp-content\/uploads\/sites\/6\/2013\/12\/\u0535\u0580\u0587\u0561\u0576\u0578\u0582\u0574-\u0581\u0578\u0582\u0575\u0581-600x399.jpg 600w, https:\/\/akunq.net\/tr\/wp-content\/uploads\/sites\/6\/2013\/12\/\u0535\u0580\u0587\u0561\u0576\u0578\u0582\u0574-\u0581\u0578\u0582\u0575\u0581.jpg 634w\" sizes=\"auto, (max-width: 300px) 100vw, 300px\" \/><\/a>D\u0131\u015fi\u015fleri Bakan\u0131 Davuto\u011flu, KE\u0130 29. Bakanlar Konseyi Toplant\u0131s\u0131 i\u00e7in Erivan\u2019a geldi. Davuto\u011flu\u2019nun Erivan ziyaretine tepki g\u00f6steren \u00e7e\u015fitli gruplar, toplant\u0131n\u0131n yap\u0131laca\u011f\u0131 yere gelerek bina giri\u015finde g\u00f6steri d\u00fczenledi. Ermenice ve \u0130ngilizce pankartlar ta\u015f\u0131yan g\u00f6stericiler, zaman zaman \u015fark\u0131lar s\u00f6yledi. \u201cStop\u201d yaz\u0131l\u0131 d\u00f6vizler ise dikkat \u00e7ekti. Toplant\u0131n\u0131n yap\u0131ld\u0131\u011f\u0131 binaya gelen Davuto\u011flu, ba\u015fka kap\u0131dan i\u00e7eri girdi\u011fi i\u00e7in protestocularla kar\u015f\u0131 kar\u015f\u0131ya gelmedi. Sosyal Demokrasi Partisi\u2019ni temsil etti\u011fini s\u00f6yleyen Martirosyan, &#8220;T\u00fcrkiye\u2019nin sorun \u00e7\u0131karmas\u0131n\u0131&#8221; protesto ettiklerini s\u00f6yledi. Uzun y\u0131llard\u0131r iki \u00fclke aras\u0131nda problemler oldu\u011funa de\u011finen Martirosyan, \u201cT\u00fcrkiye ili\u015fkilerin ilerlemesi i\u00e7in hi\u00e7bir \u015fey yapm\u0131yor. Kom\u015fular\u0131m\u0131z olsun istiyoruz. Ayr\u0131ca T\u00fcrkiye soyk\u0131r\u0131m\u0131 kabul etmek istemiyor.\u201d diye konu\u015ftu. Martirosyan, \u201cT\u00fcrkiye, Azerbaycan\u2019a destek veriyor ve s\u0131n\u0131rlar\u0131m\u0131z\u0131n a\u00e7\u0131lmas\u0131na engel oluyor. Bu da olumsuz etkiliyor bizi.\u201d dedi. Protestoda \u00f6\u011frencileri temsil eden Gerasin Vartanyan, T\u00fcrkiye\u2019nin soyk\u0131r\u0131m\u0131 kabul etmesi gerekti\u011fini savundu. Vartanyan, \u201cT\u00fcrkiye kabul etmese ba\u015fka \u00fclkeler kabul ediyor. Ayr\u0131ca topraklar\u0131m\u0131z\u0131 geri istiyoruz.\u201d \u015feklinde konu\u015ftu. Vartanyan, &#8220;T\u00fcrkiye\u2019nin sorun \u00e7\u0131karmas\u0131n\u0131n Ermenistan\u2019\u0131 olumsuz etkiledi\u011fini&#8221; s\u00f6zlerine ekledi. Bakan Davuto\u011flu&#8217;nun toplant\u0131 sonras\u0131 Bulgaristan ve Ermenistan mevkida\u015flar\u0131 ile ikili g\u00f6r\u00fc\u015fme yapaca\u011f\u0131 \u00f6\u011frenildi. Ermenistan ve T\u00fcrkiye aras\u0131ndaki diplomatik ili\u015fki bulunmazken, iki \u00fclke aras\u0131ndaki s\u0131n\u0131rlar 1993\u2019ten bu yana kapal\u0131 tutuluyor.<\/p>\n<p style=\"text-align: justify;\"><b><i>(C\u0130HAN)<\/i><\/b><\/p>\n<p style=\"text-align: justify;\"><b><i>http:\/\/www.zaman.com.tr\/dunya_davutoglu-ermanistanda-protesto-ile-karsilandi_2181752.html<\/i><\/b><\/p>\n","protected":false},"excerpt":{"rendered":"<p>D\u0131\u015fi\u015fleri Bakan\u0131 Davuto\u011flu, KE\u0130 29. Bakanlar Konseyi Toplant\u0131s\u0131 i\u00e7in Erivan\u2019a geldi. Davuto\u011flu\u2019nun Erivan ziyaretine tepki g\u00f6steren \u00e7e\u015fitli gruplar, toplant\u0131n\u0131n yap\u0131laca\u011f\u0131 yere gelerek bina giri\u015finde g\u00f6steri d\u00fczenledi. Ermenice ve \u0130ngilizce pankartlar ta\u015f\u0131yan g\u00f6stericiler, zaman zaman \u015fark\u0131lar s\u00f6yledi. \u201cStop\u201d yaz\u0131l\u0131 d\u00f6vizler ise dikkat \u00e7ekti. Toplant\u0131n\u0131n yap\u0131ld\u0131\u011f\u0131 binaya gelen Davuto\u011flu, ba\u015fka kap\u0131dan i\u00e7eri girdi\u011fi i\u00e7in protestocularla kar\u015f\u0131 kar\u015f\u0131ya [&hellip;]<\/p>\n","protected":false},"author":7,"featured_media":0,"comment_status":"open","ping_status":"open","sticky":false,"template":"","format":"standard","meta":{"footnotes":""},"categories":[1],"tags":[],"class_list":["post-27386","post","type-post","status-publish","format-standard","hentry","category-haberler"],"yoast_head":"<!-- This site is optimized with the Yoast SEO plugin v27.4 - https:\/\/yoast.com\/product\/yoast-seo-wordpress\/ -->\n<title>Davuto\u011flu, Ermanistan&#039;da protesto ile kar\u015f\u0131land\u0131 - Bati Ermenistan Ve Bati Ermenileri Sorunlari Ara\u015ftirmalar Merkezi<\/title>\n<meta name=\"robots\" content=\"index, follow, max-snippet:-1, max-image-preview:large, max-video-preview:-1\" \/>\n<link rel=\"canonical\" href=\"https:\/\/akunq.net\/tr\/?p=27386\" \/>\n<meta property=\"og:locale\" content=\"en_US\" \/>\n<meta property=\"og:type\" content=\"article\" \/>\n<meta property=\"og:title\" content=\"Davuto\u011flu, Ermanistan&#039;da protesto ile kar\u015f\u0131land\u0131 - Bati Ermenistan Ve Bati Ermenileri Sorunlari Ara\u015ftirmalar Merkezi\" \/>\n<meta property=\"og:description\" content=\"D\u0131\u015fi\u015fleri Bakan\u0131 Davuto\u011flu, KE\u0130 29. Bakanlar Konseyi Toplant\u0131s\u0131 i\u00e7in Erivan\u2019a geldi. Davuto\u011flu\u2019nun Erivan ziyaretine tepki g\u00f6steren \u00e7e\u015fitli gruplar, toplant\u0131n\u0131n yap\u0131laca\u011f\u0131 yere gelerek bina giri\u015finde g\u00f6steri d\u00fczenledi. Ermenice ve \u0130ngilizce pankartlar ta\u015f\u0131yan g\u00f6stericiler, zaman zaman \u015fark\u0131lar s\u00f6yledi. \u201cStop\u201d yaz\u0131l\u0131 d\u00f6vizler ise dikkat \u00e7ekti. Toplant\u0131n\u0131n yap\u0131ld\u0131\u011f\u0131 binaya gelen Davuto\u011flu, ba\u015fka kap\u0131dan i\u00e7eri girdi\u011fi i\u00e7in protestocularla kar\u015f\u0131 kar\u015f\u0131ya [&hellip;]\" \/>\n<meta property=\"og:url\" content=\"https:\/\/akunq.net\/tr\/?p=27386\" \/>\n<meta property=\"og:site_name\" content=\"Bati Ermenistan Ve Bati Ermenileri Sorunlari Ara\u015ftirmalar Merkezi\" \/>\n<meta property=\"article:published_time\" content=\"2013-12-12T08:26:32+00:00\" \/>\n<meta name=\"author\" content=\"admin\" \/>\n<meta name=\"twitter:card\" content=\"summary_large_image\" \/>\n<meta name=\"twitter:label1\" content=\"Written by\" \/>\n\t<meta name=\"twitter:data1\" content=\"admin\" \/>\n\t<meta name=\"twitter:label2\" content=\"Est. reading time\" \/>\n\t<meta name=\"twitter:data2\" content=\"1 minute\" \/>\n<script type=\"application\/ld+json\" class=\"yoast-schema-graph\">{\"@context\":\"https:\\\/\\\/schema.org\",\"@graph\":[{\"@type\":\"Article\",\"@id\":\"https:\\\/\\\/akunq.net\\\/tr\\\/?p=27386#article\",\"isPartOf\":{\"@id\":\"https:\\\/\\\/akunq.net\\\/tr\\\/?p=27386\"},\"author\":{\"name\":\"admin\",\"@id\":\"https:\\\/\\\/akunq.net\\\/tr\\\/#\\\/schema\\\/person\\\/096f1d38a12cce57fb855b485ed24c9e\"},\"headline\":\"Davuto\u011flu, Ermanistan&#8217;da protesto ile kar\u015f\u0131land\u0131\",\"datePublished\":\"2013-12-12T08:26:32+00:00\",\"mainEntityOfPage\":{\"@id\":\"https:\\\/\\\/akunq.net\\\/tr\\\/?p=27386\"},\"wordCount\":285,\"commentCount\":0,\"articleSection\":[\"Haberler\"],\"inLanguage\":\"en-US\",\"potentialAction\":[{\"@type\":\"CommentAction\",\"name\":\"Comment\",\"target\":[\"https:\\\/\\\/akunq.net\\\/tr\\\/?p=27386#respond\"]}]},{\"@type\":\"WebPage\",\"@id\":\"https:\\\/\\\/akunq.net\\\/tr\\\/?p=27386\",\"url\":\"https:\\\/\\\/akunq.net\\\/tr\\\/?p=27386\",\"name\":\"Davuto\u011flu, Ermanistan'da protesto ile kar\u015f\u0131land\u0131 - Bati Ermenistan Ve Bati Ermenileri Sorunlari Ara\u015ftirmalar Merkezi\",\"isPartOf\":{\"@id\":\"https:\\\/\\\/akunq.net\\\/tr\\\/#website\"},\"datePublished\":\"2013-12-12T08:26:32+00:00\",\"author\":{\"@id\":\"https:\\\/\\\/akunq.net\\\/tr\\\/#\\\/schema\\\/person\\\/096f1d38a12cce57fb855b485ed24c9e\"},\"breadcrumb\":{\"@id\":\"https:\\\/\\\/akunq.net\\\/tr\\\/?p=27386#breadcrumb\"},\"inLanguage\":\"en-US\",\"potentialAction\":[{\"@type\":\"ReadAction\",\"target\":[\"https:\\\/\\\/akunq.net\\\/tr\\\/?p=27386\"]}]},{\"@type\":\"BreadcrumbList\",\"@id\":\"https:\\\/\\\/akunq.net\\\/tr\\\/?p=27386#breadcrumb\",\"itemListElement\":[{\"@type\":\"ListItem\",\"position\":1,\"name\":\"Home\",\"item\":\"https:\\\/\\\/akunq.net\\\/tr\"},{\"@type\":\"ListItem\",\"position\":2,\"name\":\"Davuto\u011flu, Ermanistan&#8217;da protesto ile kar\u015f\u0131land\u0131\"}]},{\"@type\":\"WebSite\",\"@id\":\"https:\\\/\\\/akunq.net\\\/tr\\\/#website\",\"url\":\"https:\\\/\\\/akunq.net\\\/tr\\\/\",\"name\":\"Bati Ermenistan Ve Bati Ermenileri Sorunlari Ara\u015ftirmalar Merkezi\",\"description\":\"\",\"potentialAction\":[{\"@type\":\"SearchAction\",\"target\":{\"@type\":\"EntryPoint\",\"urlTemplate\":\"https:\\\/\\\/akunq.net\\\/tr\\\/?s={search_term_string}\"},\"query-input\":{\"@type\":\"PropertyValueSpecification\",\"valueRequired\":true,\"valueName\":\"search_term_string\"}}],\"inLanguage\":\"en-US\"},{\"@type\":\"Person\",\"@id\":\"https:\\\/\\\/akunq.net\\\/tr\\\/#\\\/schema\\\/person\\\/096f1d38a12cce57fb855b485ed24c9e\",\"name\":\"admin\",\"url\":\"https:\\\/\\\/akunq.net\\\/tr\\\/?author=7\"}]}<\/script>\n<!-- \/ Yoast SEO plugin. -->","yoast_head_json":{"title":"Davuto\u011flu, Ermanistan'da protesto ile kar\u015f\u0131land\u0131 - Bati Ermenistan Ve Bati Ermenileri Sorunlari Ara\u015ftirmalar Merkezi","robots":{"index":"index","follow":"follow","max-snippet":"max-snippet:-1","max-image-preview":"max-image-preview:large","max-video-preview":"max-video-preview:-1"},"canonical":"https:\/\/akunq.net\/tr\/?p=27386","og_locale":"en_US","og_type":"article","og_title":"Davuto\u011flu, Ermanistan'da protesto ile kar\u015f\u0131land\u0131 - Bati Ermenistan Ve Bati Ermenileri Sorunlari Ara\u015ftirmalar Merkezi","og_description":"D\u0131\u015fi\u015fleri Bakan\u0131 Davuto\u011flu, KE\u0130 29. Bakanlar Konseyi Toplant\u0131s\u0131 i\u00e7in Erivan\u2019a geldi. Davuto\u011flu\u2019nun Erivan ziyaretine tepki g\u00f6steren \u00e7e\u015fitli gruplar, toplant\u0131n\u0131n yap\u0131laca\u011f\u0131 yere gelerek bina giri\u015finde g\u00f6steri d\u00fczenledi. Ermenice ve \u0130ngilizce pankartlar ta\u015f\u0131yan g\u00f6stericiler, zaman zaman \u015fark\u0131lar s\u00f6yledi. \u201cStop\u201d yaz\u0131l\u0131 d\u00f6vizler ise dikkat \u00e7ekti. Toplant\u0131n\u0131n yap\u0131ld\u0131\u011f\u0131 binaya gelen Davuto\u011flu, ba\u015fka kap\u0131dan i\u00e7eri girdi\u011fi i\u00e7in protestocularla kar\u015f\u0131 kar\u015f\u0131ya [&hellip;]","og_url":"https:\/\/akunq.net\/tr\/?p=27386","og_site_name":"Bati Ermenistan Ve Bati Ermenileri Sorunlari Ara\u015ftirmalar Merkezi","article_published_time":"2013-12-12T08:26:32+00:00","author":"admin","twitter_card":"summary_large_image","twitter_misc":{"Written by":"admin","Est. reading time":"1 minute"},"schema":{"@context":"https:\/\/schema.org","@graph":[{"@type":"Article","@id":"https:\/\/akunq.net\/tr\/?p=27386#article","isPartOf":{"@id":"https:\/\/akunq.net\/tr\/?p=27386"},"author":{"name":"admin","@id":"https:\/\/akunq.net\/tr\/#\/schema\/person\/096f1d38a12cce57fb855b485ed24c9e"},"headline":"Davuto\u011flu, Ermanistan&#8217;da protesto ile kar\u015f\u0131land\u0131","datePublished":"2013-12-12T08:26:32+00:00","mainEntityOfPage":{"@id":"https:\/\/akunq.net\/tr\/?p=27386"},"wordCount":285,"commentCount":0,"articleSection":["Haberler"],"inLanguage":"en-US","potentialAction":[{"@type":"CommentAction","name":"Comment","target":["https:\/\/akunq.net\/tr\/?p=27386#respond"]}]},{"@type":"WebPage","@id":"https:\/\/akunq.net\/tr\/?p=27386","url":"https:\/\/akunq.net\/tr\/?p=27386","name":"Davuto\u011flu, Ermanistan'da protesto ile kar\u015f\u0131land\u0131 - Bati Ermenistan Ve Bati Ermenileri Sorunlari Ara\u015ftirmalar Merkezi","isPartOf":{"@id":"https:\/\/akunq.net\/tr\/#website"},"datePublished":"2013-12-12T08:26:32+00:00","author":{"@id":"https:\/\/akunq.net\/tr\/#\/schema\/person\/096f1d38a12cce57fb855b485ed24c9e"},"breadcrumb":{"@id":"https:\/\/akunq.net\/tr\/?p=27386#breadcrumb"},"inLanguage":"en-US","potentialAction":[{"@type":"ReadAction","target":["https:\/\/akunq.net\/tr\/?p=27386"]}]},{"@type":"BreadcrumbList","@id":"https:\/\/akunq.net\/tr\/?p=27386#breadcrumb","itemListElement":[{"@type":"ListItem","position":1,"name":"Home","item":"https:\/\/akunq.net\/tr"},{"@type":"ListItem","position":2,"name":"Davuto\u011flu, Ermanistan&#8217;da protesto ile kar\u015f\u0131land\u0131"}]},{"@type":"WebSite","@id":"https:\/\/akunq.net\/tr\/#website","url":"https:\/\/akunq.net\/tr\/","name":"Bati Ermenistan Ve Bati Ermenileri Sorunlari Ara\u015ftirmalar Merkezi","description":"","potentialAction":[{"@type":"SearchAction","target":{"@type":"EntryPoint","urlTemplate":"https:\/\/akunq.net\/tr\/?s={search_term_string}"},"query-input":{"@type":"PropertyValueSpecification","valueRequired":true,"valueName":"search_term_string"}}],"inLanguage":"en-US"},{"@type":"Person","@id":"https:\/\/akunq.net\/tr\/#\/schema\/person\/096f1d38a12cce57fb855b485ed24c9e","name":"admin","url":"https:\/\/akunq.net\/tr\/?author=7"}]}},"_links":{"self":[{"href":"https:\/\/akunq.net\/tr\/index.php?rest_route=\/wp\/v2\/posts\/27386","targetHints":{"allow":["GET"]}}],"collection":[{"href":"https:\/\/akunq.net\/tr\/index.php?rest_route=\/wp\/v2\/posts"}],"about":[{"href":"https:\/\/akunq.net\/tr\/index.php?rest_route=\/wp\/v2\/types\/post"}],"author":[{"embeddable":true,"href":"https:\/\/akunq.net\/tr\/index.php?rest_route=\/wp\/v2\/users\/7"}],"replies":[{"embeddable":true,"href":"https:\/\/akunq.net\/tr\/index.php?rest_route=%2Fwp%2Fv2%2Fcomments&post=27386"}],"version-history":[{"count":1,"href":"https:\/\/akunq.net\/tr\/index.php?rest_route=\/wp\/v2\/posts\/27386\/revisions"}],"predecessor-version":[{"id":27388,"href":"https:\/\/akunq.net\/tr\/index.php?rest_route=\/wp\/v2\/posts\/27386\/revisions\/27388"}],"wp:attachment":[{"href":"https:\/\/akunq.net\/tr\/index.php?rest_route=%2Fwp%2Fv2%2Fmedia&parent=27386"}],"wp:term":[{"taxonomy":"category","embeddable":true,"href":"https:\/\/akunq.net\/tr\/index.php?rest_route=%2Fwp%2Fv2%2Fcategories&post=27386"},{"taxonomy":"post_tag","embeddable":true,"href":"https:\/\/akunq.net\/tr\/index.php?rest_route=%2Fwp%2Fv2%2Ftags&post=27386"}],"curies":[{"name":"wp","href":"https:\/\/api.w.org\/{rel}","templated":true}]}}