{"id":27377,"date":"2013-12-12T02:46:05","date_gmt":"2013-12-12T07:46:05","guid":{"rendered":"http:\/\/akunq.net\/tr\/?p=27377"},"modified":"2013-12-12T02:46:05","modified_gmt":"2013-12-12T07:46:05","slug":"fetih-zihniyetinden-kurtulmak","status":"publish","type":"post","link":"https:\/\/akunq.net\/tr\/?p=27377","title":{"rendered":"Fetih Zihniyetinden Kurtulmak"},"content":{"rendered":"<p style=\"text-align: justify;\"><a href=\"http:\/\/akunq.net\/tr\/wp-content\/uploads\/2013\/12\/Fetih-Zihniyeti.jpg\"><img loading=\"lazy\" decoding=\"async\" class=\"alignright size-medium wp-image-27378\" alt=\"Fetih Zihniyeti\" src=\"http:\/\/akunq.net\/tr\/wp-content\/uploads\/2013\/12\/Fetih-Zihniyeti-300x180.jpg\" width=\"300\" height=\"180\" srcset=\"https:\/\/akunq.net\/tr\/wp-content\/uploads\/sites\/6\/2013\/12\/Fetih-Zihniyeti-300x180.jpg 300w, https:\/\/akunq.net\/tr\/wp-content\/uploads\/sites\/6\/2013\/12\/Fetih-Zihniyeti.jpg 320w\" sizes=\"auto, (max-width: 300px) 100vw, 300px\" \/><\/a>\u00d6nceki g\u00fcn Aya \u0130rini M\u00fczesi\u2018nde ola\u011fan\u00fcst\u00fc bir etkinlik ger\u00e7ekle\u015fti. Bizans kilisesinin kurucusu ve Ek\u00fcmenik Patrikhane\u2019nin korucusu olarak an\u0131lan Aziz Andreas\u2018\u0131 anma bayram\u0131 vesilesiyle 30 Kas\u0131m\u2019da Aya \u0130rini M\u00fczesi\u2019nde g\u00f6rkemli bir konser yer ald\u0131. 2010 senesinde kurulan, Patrikhane\u2019ye ba\u011fl\u0131 olan Kuzey ve G\u00fcney Amerika Ortodoks Ba\u015fpiskoposlu\u011fu\u2019nun Bizans ilahi musiki koro tak\u0131m\u0131 \u0130stanbul\u2019da ilk defa sahneye \u00e7\u0131kt\u0131. Konser iki farkl\u0131 a\u00e7\u0131dan \u00e7ok ilgin\u00e7ti. Birincisi, \u015fimdiye kadar \u00e7ok daha \u2018alafranga\u2018 bir ilahi m\u00fczik gelene\u011fine sahip \u00e7\u0131kan ABD Rum cemaatinde art\u0131k tam Bizans gelene\u011fine sad\u0131k olan bir koronun \u00e7\u0131kmas\u0131. \u0130kincisiyse, mek\u00e2n tabii.<\/p>\n<p style=\"text-align: justify;\">Aya \u0130rini\u2019de s\u0131k s\u0131k konser ve di\u011fer sanat etkinlikleri yer almas\u0131na ra\u011fmen, eserin orijinal i\u015flevine daha yak\u0131n olan H\u0131ristiyan ilahi sanatlar etkinlikleri s\u0131f\u0131ra yak\u0131nd\u0131. Birka\u00e7 sene \u00f6nce dinler aras\u0131 diyalog \u00e7er\u00e7evesinde yap\u0131lan ortak bir \u0130slam ve H\u0131ristiyan ilahi musiki konseri d\u0131\u015f\u0131nda ba\u015fka bir etkinlik akl\u0131ma gelmez. Ayr\u0131ca Aya \u0130rini\u2018nin Ayasofya\u2018n\u0131n mevcut binas\u0131ndan daha eski oldu\u011fu ve Bizans tarihinde Ayasofya\u2019n\u0131n yan\u0131 s\u0131ra kilit \u00f6nem ta\u015f\u0131d\u0131\u011f\u0131 pek bilinmez. Bu konserin \u0130stanbul Rum cemaati i\u00e7in tarih\u00ee nitelik ta\u015f\u0131d\u0131\u011f\u0131n\u0131 s\u00f6ylersek, abart\u0131 olmaz.<\/p>\n<p style=\"text-align: justify;\">Gelgelelim, bu g\u00f6rkemli konser Bizans musikisini ve Bizans d\u00f6neminin en \u00f6nemli eserlerinden birini yine bulu\u015fturup \u0130stanbul\u2019un k\u00fclt\u00fcrel miras\u0131n\u0131 takdir ederken, di\u011fer haberler hem T\u00fcrkiye\u2019de hem yurtd\u0131\u015f\u0131nda tam z\u0131t etki yaratt\u0131. S\u00f6zkonusu etki sadece, son haftalarda AKP\u2019nin parti i\u00e7i tart\u0131\u015fmalar\u0131 s\u0131ras\u0131nda alevlenen Aya \u0130rini\u2019nin yan\u0131ndaki Ayasofya\u2019n\u0131n camiye \u00e7evrilme tart\u0131\u015fmas\u0131ndan ibaret de\u011fil. Haberlere g\u00f6re, \u00f6n\u00fcm\u00fczdeki aylarda Yedikule\u2019de bulunan Bizans d\u00f6neminin en \u00f6nemli manast\u0131r\u0131 olan Studios Manast\u0131r\u0131 harabeleri \u2018restore edilip\u2018 camiye \u00e7evrilecekti. Studios Manast\u0131r\u0131 Osmanl\u0131 d\u00f6nemine camiye \u00e7evrilip \u2018\u0130mrahor Camii\u2018 ad\u0131n\u0131 alm\u0131\u015ft\u0131, fakat m\u00fcteakip deprem ve yang\u0131n sonucunda, cami 20. y\u00fczy\u0131lda terk edilmi\u015f ve harabeye d\u00f6nm\u00fc\u015ft\u00fc. Bu habere, birka\u00e7 ay \u00f6nce kararla\u015ft\u0131r\u0131lan Trabzon Ayasofya M\u00fczesi\u2018nin camiye \u00e7evrilmesini de ekleyebiliriz. O da zincirin ilk halkas\u0131 de\u011fil. 2011 y\u0131l\u0131nda \u0130znik&#8217;te bulunan ve H\u0131ristiyanl\u0131\u011f\u0131n en tarih\u00ee ve kutsal kiliselerinden biri olarak tan\u0131nan Ayasofya da m\u00fczeden camiye \u00e7evrildi. Bundan \u00f6nce alt\u0131nc\u0131 y\u00fczy\u0131l\u0131nda yap\u0131lan ve K\u0131rklareli ilinde bulunan Vize Ayasofya\u2018s\u0131 2008 y\u0131l\u0131nda \u2018restore edilip\u2018 camiye \u00e7evrildi. T\u00fcrkiye\u2019de Bizans d\u00f6neminin en \u00f6nemli eserleri aras\u0131nda say\u0131lan bu eserler, arkeoloji ve tarih\u00ee eser restorasyon kurallar\u0131 ile hi\u00e7 \u00f6rt\u00fc\u015fmeyen \u2018d\u00f6n\u00fc\u015f\u00fcm\u2018 esnas\u0131nda ciddi hasar g\u00f6rm\u00fc\u015f.<\/p>\n<p style=\"text-align: justify;\">B\u00fct\u00fcn bu tarih\u00ee Bizans eserlerinin camiye \u00e7evirme kararlar\u0131n\u0131n \u00fclkede cami azl\u0131\u011f\u0131ndan kaynakland\u0131\u011f\u0131n\u0131 s\u00f6ylemek \u00e7ok zor. Bunun, T\u00fcrkiye\u2019nin sembolik d\u00fczeyde kalan H\u0131ristiyan az\u0131nl\u0131klar\u0131n\u0131 \u00f6tekile\u015ftirip \u2018fetih k\u00fclt\u00fcr\u00fcn\u00fc\u2018 bug\u00fcnlerde yine canland\u0131rmaktan ba\u015fka anlam\u0131 yok. Aya \u0130rini\u2019nin Osmanl\u0131 d\u00f6neminde camiye de\u011fil, cephaneye \u00e7evrilmesi, eseri son senelerdeki alevlenen din\u00ee tart\u0131\u015fmalar\u0131ndan muaf tuttu. Yani, en az \u015fimdiye kadar, m\u00fcze olarak kalmas\u0131na kimsenin itiraz\u0131 yok. H\u00e2lbuki fetih zihniyetinden kurtulup, T\u00fcrkiye\u2019nin topraklar\u0131nda bulunan k\u00fcresel k\u00fclt\u00fcrel miras ile bar\u0131\u015fmas\u0131na kadar uzanan yol, h\u00e2l\u00e2 uzun ve dar g\u00f6r\u00fcn\u00fcyor. Bu geli\u015fmeler, yaz\u0131n\u0131n ba\u015f\u0131nda anlat\u0131lan Aya \u0130rini konserinden \u00e7\u0131kan olumlu hava ile nas\u0131l ba\u011fda\u015ft\u0131r\u0131labilir? Bu \u00e7eli\u015fkililerin, en az bir s\u00fcre kadar T\u00fcrkiye siyasi ve toplumsal g\u00fcndeminin ka\u00e7\u0131n\u0131lmaz bir par\u00e7as\u0131 olmaya devam edece\u011fini s\u00f6yleyebiliriz.<\/p>\n<p style=\"text-align: justify;\"><b><i>(9 Aral\u0131k 2013 tarihinde Taraf gazetesinde yay\u0131nland\u0131)<\/i><\/b><\/p>\n<p style=\"text-align: justify;\"><a href=\"http:\/\/siyasiyorumlar.blogspot.com\/2013\/12\/ayasofya.html?m=1\"><b><i>http:\/\/siyasiyorumlar.blogspot.com\/2013\/12\/ayasofya.html?m=1<\/i><\/b><\/a><\/p>\n","protected":false},"excerpt":{"rendered":"<p>\u00d6nceki g\u00fcn Aya \u0130rini M\u00fczesi\u2018nde ola\u011fan\u00fcst\u00fc bir etkinlik ger\u00e7ekle\u015fti. Bizans kilisesinin kurucusu ve Ek\u00fcmenik Patrikhane\u2019nin korucusu olarak an\u0131lan Aziz Andreas\u2018\u0131 anma bayram\u0131 vesilesiyle 30 Kas\u0131m\u2019da Aya \u0130rini M\u00fczesi\u2019nde g\u00f6rkemli bir konser yer ald\u0131. 2010 senesinde kurulan, Patrikhane\u2019ye ba\u011fl\u0131 olan Kuzey ve G\u00fcney Amerika Ortodoks Ba\u015fpiskoposlu\u011fu\u2019nun Bizans ilahi musiki koro tak\u0131m\u0131 \u0130stanbul\u2019da ilk defa sahneye \u00e7\u0131kt\u0131. [&hellip;]<\/p>\n","protected":false},"author":7,"featured_media":0,"comment_status":"open","ping_status":"open","sticky":false,"template":"","format":"standard","meta":{"footnotes":""},"categories":[1],"tags":[],"class_list":["post-27377","post","type-post","status-publish","format-standard","hentry","category-haberler"],"yoast_head":"<!-- This site is optimized with the Yoast SEO plugin v27.4 - https:\/\/yoast.com\/product\/yoast-seo-wordpress\/ -->\n<title>Fetih Zihniyetinden Kurtulmak - Bati Ermenistan Ve Bati Ermenileri Sorunlari Ara\u015ftirmalar Merkezi<\/title>\n<meta name=\"robots\" content=\"index, follow, max-snippet:-1, max-image-preview:large, max-video-preview:-1\" \/>\n<link rel=\"canonical\" href=\"https:\/\/akunq.net\/tr\/?p=27377\" \/>\n<meta property=\"og:locale\" content=\"en_US\" \/>\n<meta property=\"og:type\" content=\"article\" \/>\n<meta property=\"og:title\" content=\"Fetih Zihniyetinden Kurtulmak - Bati Ermenistan Ve Bati Ermenileri Sorunlari Ara\u015ftirmalar Merkezi\" \/>\n<meta property=\"og:description\" content=\"\u00d6nceki g\u00fcn Aya \u0130rini M\u00fczesi\u2018nde ola\u011fan\u00fcst\u00fc bir etkinlik ger\u00e7ekle\u015fti. Bizans kilisesinin kurucusu ve Ek\u00fcmenik Patrikhane\u2019nin korucusu olarak an\u0131lan Aziz Andreas\u2018\u0131 anma bayram\u0131 vesilesiyle 30 Kas\u0131m\u2019da Aya \u0130rini M\u00fczesi\u2019nde g\u00f6rkemli bir konser yer ald\u0131. 2010 senesinde kurulan, Patrikhane\u2019ye ba\u011fl\u0131 olan Kuzey ve G\u00fcney Amerika Ortodoks Ba\u015fpiskoposlu\u011fu\u2019nun Bizans ilahi musiki koro tak\u0131m\u0131 \u0130stanbul\u2019da ilk defa sahneye \u00e7\u0131kt\u0131. [&hellip;]\" \/>\n<meta property=\"og:url\" content=\"https:\/\/akunq.net\/tr\/?p=27377\" \/>\n<meta property=\"og:site_name\" content=\"Bati Ermenistan Ve Bati Ermenileri Sorunlari Ara\u015ftirmalar Merkezi\" \/>\n<meta property=\"article:published_time\" content=\"2013-12-12T07:46:05+00:00\" \/>\n<meta property=\"og:image\" content=\"http:\/\/akunq.net\/tr\/wp-content\/uploads\/2013\/12\/Fetih-Zihniyeti-300x180.jpg\" \/>\n<meta name=\"author\" content=\"admin\" \/>\n<meta name=\"twitter:card\" content=\"summary_large_image\" \/>\n<meta name=\"twitter:label1\" content=\"Written by\" \/>\n\t<meta name=\"twitter:data1\" content=\"admin\" \/>\n\t<meta name=\"twitter:label2\" content=\"Est. reading time\" \/>\n\t<meta name=\"twitter:data2\" content=\"3 minutes\" \/>\n<script type=\"application\/ld+json\" class=\"yoast-schema-graph\">{\"@context\":\"https:\\\/\\\/schema.org\",\"@graph\":[{\"@type\":\"Article\",\"@id\":\"https:\\\/\\\/akunq.net\\\/tr\\\/?p=27377#article\",\"isPartOf\":{\"@id\":\"https:\\\/\\\/akunq.net\\\/tr\\\/?p=27377\"},\"author\":{\"name\":\"admin\",\"@id\":\"https:\\\/\\\/akunq.net\\\/tr\\\/#\\\/schema\\\/person\\\/096f1d38a12cce57fb855b485ed24c9e\"},\"headline\":\"Fetih Zihniyetinden Kurtulmak\",\"datePublished\":\"2013-12-12T07:46:05+00:00\",\"mainEntityOfPage\":{\"@id\":\"https:\\\/\\\/akunq.net\\\/tr\\\/?p=27377\"},\"wordCount\":657,\"commentCount\":0,\"image\":{\"@id\":\"https:\\\/\\\/akunq.net\\\/tr\\\/?p=27377#primaryimage\"},\"thumbnailUrl\":\"http:\\\/\\\/akunq.net\\\/tr\\\/wp-content\\\/uploads\\\/2013\\\/12\\\/Fetih-Zihniyeti-300x180.jpg\",\"articleSection\":[\"Haberler\"],\"inLanguage\":\"en-US\",\"potentialAction\":[{\"@type\":\"CommentAction\",\"name\":\"Comment\",\"target\":[\"https:\\\/\\\/akunq.net\\\/tr\\\/?p=27377#respond\"]}]},{\"@type\":\"WebPage\",\"@id\":\"https:\\\/\\\/akunq.net\\\/tr\\\/?p=27377\",\"url\":\"https:\\\/\\\/akunq.net\\\/tr\\\/?p=27377\",\"name\":\"Fetih Zihniyetinden Kurtulmak - Bati Ermenistan Ve Bati Ermenileri Sorunlari Ara\u015ftirmalar Merkezi\",\"isPartOf\":{\"@id\":\"https:\\\/\\\/akunq.net\\\/tr\\\/#website\"},\"primaryImageOfPage\":{\"@id\":\"https:\\\/\\\/akunq.net\\\/tr\\\/?p=27377#primaryimage\"},\"image\":{\"@id\":\"https:\\\/\\\/akunq.net\\\/tr\\\/?p=27377#primaryimage\"},\"thumbnailUrl\":\"http:\\\/\\\/akunq.net\\\/tr\\\/wp-content\\\/uploads\\\/2013\\\/12\\\/Fetih-Zihniyeti-300x180.jpg\",\"datePublished\":\"2013-12-12T07:46:05+00:00\",\"author\":{\"@id\":\"https:\\\/\\\/akunq.net\\\/tr\\\/#\\\/schema\\\/person\\\/096f1d38a12cce57fb855b485ed24c9e\"},\"breadcrumb\":{\"@id\":\"https:\\\/\\\/akunq.net\\\/tr\\\/?p=27377#breadcrumb\"},\"inLanguage\":\"en-US\",\"potentialAction\":[{\"@type\":\"ReadAction\",\"target\":[\"https:\\\/\\\/akunq.net\\\/tr\\\/?p=27377\"]}]},{\"@type\":\"ImageObject\",\"inLanguage\":\"en-US\",\"@id\":\"https:\\\/\\\/akunq.net\\\/tr\\\/?p=27377#primaryimage\",\"url\":\"https:\\\/\\\/akunq.net\\\/tr\\\/wp-content\\\/uploads\\\/sites\\\/6\\\/2013\\\/12\\\/Fetih-Zihniyeti.jpg\",\"contentUrl\":\"https:\\\/\\\/akunq.net\\\/tr\\\/wp-content\\\/uploads\\\/sites\\\/6\\\/2013\\\/12\\\/Fetih-Zihniyeti.jpg\",\"width\":320,\"height\":192},{\"@type\":\"BreadcrumbList\",\"@id\":\"https:\\\/\\\/akunq.net\\\/tr\\\/?p=27377#breadcrumb\",\"itemListElement\":[{\"@type\":\"ListItem\",\"position\":1,\"name\":\"Home\",\"item\":\"https:\\\/\\\/akunq.net\\\/tr\"},{\"@type\":\"ListItem\",\"position\":2,\"name\":\"Fetih Zihniyetinden Kurtulmak\"}]},{\"@type\":\"WebSite\",\"@id\":\"https:\\\/\\\/akunq.net\\\/tr\\\/#website\",\"url\":\"https:\\\/\\\/akunq.net\\\/tr\\\/\",\"name\":\"Bati Ermenistan Ve Bati Ermenileri Sorunlari Ara\u015ftirmalar Merkezi\",\"description\":\"\",\"potentialAction\":[{\"@type\":\"SearchAction\",\"target\":{\"@type\":\"EntryPoint\",\"urlTemplate\":\"https:\\\/\\\/akunq.net\\\/tr\\\/?s={search_term_string}\"},\"query-input\":{\"@type\":\"PropertyValueSpecification\",\"valueRequired\":true,\"valueName\":\"search_term_string\"}}],\"inLanguage\":\"en-US\"},{\"@type\":\"Person\",\"@id\":\"https:\\\/\\\/akunq.net\\\/tr\\\/#\\\/schema\\\/person\\\/096f1d38a12cce57fb855b485ed24c9e\",\"name\":\"admin\",\"url\":\"https:\\\/\\\/akunq.net\\\/tr\\\/?author=7\"}]}<\/script>\n<!-- \/ Yoast SEO plugin. -->","yoast_head_json":{"title":"Fetih Zihniyetinden Kurtulmak - Bati Ermenistan Ve Bati Ermenileri Sorunlari Ara\u015ftirmalar Merkezi","robots":{"index":"index","follow":"follow","max-snippet":"max-snippet:-1","max-image-preview":"max-image-preview:large","max-video-preview":"max-video-preview:-1"},"canonical":"https:\/\/akunq.net\/tr\/?p=27377","og_locale":"en_US","og_type":"article","og_title":"Fetih Zihniyetinden Kurtulmak - Bati Ermenistan Ve Bati Ermenileri Sorunlari Ara\u015ftirmalar Merkezi","og_description":"\u00d6nceki g\u00fcn Aya \u0130rini M\u00fczesi\u2018nde ola\u011fan\u00fcst\u00fc bir etkinlik ger\u00e7ekle\u015fti. Bizans kilisesinin kurucusu ve Ek\u00fcmenik Patrikhane\u2019nin korucusu olarak an\u0131lan Aziz Andreas\u2018\u0131 anma bayram\u0131 vesilesiyle 30 Kas\u0131m\u2019da Aya \u0130rini M\u00fczesi\u2019nde g\u00f6rkemli bir konser yer ald\u0131. 2010 senesinde kurulan, Patrikhane\u2019ye ba\u011fl\u0131 olan Kuzey ve G\u00fcney Amerika Ortodoks Ba\u015fpiskoposlu\u011fu\u2019nun Bizans ilahi musiki koro tak\u0131m\u0131 \u0130stanbul\u2019da ilk defa sahneye \u00e7\u0131kt\u0131. [&hellip;]","og_url":"https:\/\/akunq.net\/tr\/?p=27377","og_site_name":"Bati Ermenistan Ve Bati Ermenileri Sorunlari Ara\u015ftirmalar Merkezi","article_published_time":"2013-12-12T07:46:05+00:00","og_image":[{"url":"http:\/\/akunq.net\/tr\/wp-content\/uploads\/2013\/12\/Fetih-Zihniyeti-300x180.jpg","type":"","width":"","height":""}],"author":"admin","twitter_card":"summary_large_image","twitter_misc":{"Written by":"admin","Est. reading time":"3 minutes"},"schema":{"@context":"https:\/\/schema.org","@graph":[{"@type":"Article","@id":"https:\/\/akunq.net\/tr\/?p=27377#article","isPartOf":{"@id":"https:\/\/akunq.net\/tr\/?p=27377"},"author":{"name":"admin","@id":"https:\/\/akunq.net\/tr\/#\/schema\/person\/096f1d38a12cce57fb855b485ed24c9e"},"headline":"Fetih Zihniyetinden Kurtulmak","datePublished":"2013-12-12T07:46:05+00:00","mainEntityOfPage":{"@id":"https:\/\/akunq.net\/tr\/?p=27377"},"wordCount":657,"commentCount":0,"image":{"@id":"https:\/\/akunq.net\/tr\/?p=27377#primaryimage"},"thumbnailUrl":"http:\/\/akunq.net\/tr\/wp-content\/uploads\/2013\/12\/Fetih-Zihniyeti-300x180.jpg","articleSection":["Haberler"],"inLanguage":"en-US","potentialAction":[{"@type":"CommentAction","name":"Comment","target":["https:\/\/akunq.net\/tr\/?p=27377#respond"]}]},{"@type":"WebPage","@id":"https:\/\/akunq.net\/tr\/?p=27377","url":"https:\/\/akunq.net\/tr\/?p=27377","name":"Fetih Zihniyetinden Kurtulmak - Bati Ermenistan Ve Bati Ermenileri Sorunlari Ara\u015ftirmalar Merkezi","isPartOf":{"@id":"https:\/\/akunq.net\/tr\/#website"},"primaryImageOfPage":{"@id":"https:\/\/akunq.net\/tr\/?p=27377#primaryimage"},"image":{"@id":"https:\/\/akunq.net\/tr\/?p=27377#primaryimage"},"thumbnailUrl":"http:\/\/akunq.net\/tr\/wp-content\/uploads\/2013\/12\/Fetih-Zihniyeti-300x180.jpg","datePublished":"2013-12-12T07:46:05+00:00","author":{"@id":"https:\/\/akunq.net\/tr\/#\/schema\/person\/096f1d38a12cce57fb855b485ed24c9e"},"breadcrumb":{"@id":"https:\/\/akunq.net\/tr\/?p=27377#breadcrumb"},"inLanguage":"en-US","potentialAction":[{"@type":"ReadAction","target":["https:\/\/akunq.net\/tr\/?p=27377"]}]},{"@type":"ImageObject","inLanguage":"en-US","@id":"https:\/\/akunq.net\/tr\/?p=27377#primaryimage","url":"https:\/\/akunq.net\/tr\/wp-content\/uploads\/sites\/6\/2013\/12\/Fetih-Zihniyeti.jpg","contentUrl":"https:\/\/akunq.net\/tr\/wp-content\/uploads\/sites\/6\/2013\/12\/Fetih-Zihniyeti.jpg","width":320,"height":192},{"@type":"BreadcrumbList","@id":"https:\/\/akunq.net\/tr\/?p=27377#breadcrumb","itemListElement":[{"@type":"ListItem","position":1,"name":"Home","item":"https:\/\/akunq.net\/tr"},{"@type":"ListItem","position":2,"name":"Fetih Zihniyetinden Kurtulmak"}]},{"@type":"WebSite","@id":"https:\/\/akunq.net\/tr\/#website","url":"https:\/\/akunq.net\/tr\/","name":"Bati Ermenistan Ve Bati Ermenileri Sorunlari Ara\u015ftirmalar Merkezi","description":"","potentialAction":[{"@type":"SearchAction","target":{"@type":"EntryPoint","urlTemplate":"https:\/\/akunq.net\/tr\/?s={search_term_string}"},"query-input":{"@type":"PropertyValueSpecification","valueRequired":true,"valueName":"search_term_string"}}],"inLanguage":"en-US"},{"@type":"Person","@id":"https:\/\/akunq.net\/tr\/#\/schema\/person\/096f1d38a12cce57fb855b485ed24c9e","name":"admin","url":"https:\/\/akunq.net\/tr\/?author=7"}]}},"_links":{"self":[{"href":"https:\/\/akunq.net\/tr\/index.php?rest_route=\/wp\/v2\/posts\/27377","targetHints":{"allow":["GET"]}}],"collection":[{"href":"https:\/\/akunq.net\/tr\/index.php?rest_route=\/wp\/v2\/posts"}],"about":[{"href":"https:\/\/akunq.net\/tr\/index.php?rest_route=\/wp\/v2\/types\/post"}],"author":[{"embeddable":true,"href":"https:\/\/akunq.net\/tr\/index.php?rest_route=\/wp\/v2\/users\/7"}],"replies":[{"embeddable":true,"href":"https:\/\/akunq.net\/tr\/index.php?rest_route=%2Fwp%2Fv2%2Fcomments&post=27377"}],"version-history":[{"count":1,"href":"https:\/\/akunq.net\/tr\/index.php?rest_route=\/wp\/v2\/posts\/27377\/revisions"}],"predecessor-version":[{"id":27379,"href":"https:\/\/akunq.net\/tr\/index.php?rest_route=\/wp\/v2\/posts\/27377\/revisions\/27379"}],"wp:attachment":[{"href":"https:\/\/akunq.net\/tr\/index.php?rest_route=%2Fwp%2Fv2%2Fmedia&parent=27377"}],"wp:term":[{"taxonomy":"category","embeddable":true,"href":"https:\/\/akunq.net\/tr\/index.php?rest_route=%2Fwp%2Fv2%2Fcategories&post=27377"},{"taxonomy":"post_tag","embeddable":true,"href":"https:\/\/akunq.net\/tr\/index.php?rest_route=%2Fwp%2Fv2%2Ftags&post=27377"}],"curies":[{"name":"wp","href":"https:\/\/api.w.org\/{rel}","templated":true}]}}