{"id":27374,"date":"2013-12-12T02:25:37","date_gmt":"2013-12-12T07:25:37","guid":{"rendered":"http:\/\/akunq.net\/tr\/?p=27374"},"modified":"2013-12-12T02:25:37","modified_gmt":"2013-12-12T07:25:37","slug":"ttk-ermeni-meselesini-arastiran-ogrencileri-fislemis","status":"publish","type":"post","link":"https:\/\/akunq.net\/tr\/?p=27374","title":{"rendered":"TTK Ermeni meselesini ara\u015ft\u0131ran \u00f6\u011frencileri fi\u015flemi\u015f"},"content":{"rendered":"<p style=\"text-align: justify;\"><b><a href=\"http:\/\/akunq.net\/tr\/wp-content\/uploads\/2013\/12\/TTK-\u00f6\u011frencileri-fi\u015flemi\u015f.jpg\"><img loading=\"lazy\" decoding=\"async\" class=\"alignright size-medium wp-image-27375\" alt=\"TTK \u00f6\u011frencileri fi\u015flemi\u015f\" src=\"http:\/\/akunq.net\/tr\/wp-content\/uploads\/2013\/12\/TTK-\u00f6\u011frencileri-fi\u015flemi\u015f-300x244.jpg\" width=\"300\" height=\"244\" srcset=\"https:\/\/akunq.net\/tr\/wp-content\/uploads\/sites\/6\/2013\/12\/TTK-\u00f6\u011frencileri-fi\u015flemi\u015f-300x244.jpg 300w, https:\/\/akunq.net\/tr\/wp-content\/uploads\/sites\/6\/2013\/12\/TTK-\u00f6\u011frencileri-fi\u015flemi\u015f.jpg 550w\" sizes=\"auto, (max-width: 300px) 100vw, 300px\" \/><\/a>EMRE ERTAN\u0130<\/b><\/p>\n<p style=\"text-align: justify;\"><b><i>T\u00fcrk Tarih Kurumu\u2019nun (TTK), Y\u00fcksek \u00d6\u011fretim Kurumu (Y\u00d6K) arac\u0131l\u0131\u011f\u0131yla \u00fcniversitelere yaz\u0131 g\u00f6ndererek Ermeni meselesi \u00fczerine \u00e7al\u0131\u015fan y\u00fcksek lisans ve doktora \u00f6\u011frencilerinin isimleri, \u00e7al\u0131\u015fma ba\u015fl\u0131klar\u0131 ve ileti\u015fim bilgilerini istedi\u011fi ortaya \u00e7\u0131kt\u0131.<\/i><\/b><\/p>\n<p style=\"text-align: justify;\">T\u00fcrk Tarih Kurumu&#8217;nun (TTK), Y\u00fcksek \u00d6\u011fretim Kurumu (Y\u00d6K) arac\u0131l\u0131\u011f\u0131yla \u00fcniversitelere yaz\u0131 g\u00f6ndererek Ermeni meselesi \u00fczerine \u00e7al\u0131\u015fan y\u00fcksek lisans ve doktora \u00f6\u011frencilerinin isimleri, \u00e7al\u0131\u015fma ba\u015fl\u0131klar\u0131 ve ileti\u015fim bilgilerini istedi\u011fi ortaya \u00e7\u0131kt\u0131. Ula\u015ft\u0131\u011f\u0131m\u0131z ve bizzat TTK Ba\u015fkan\u0131 Prof. Mehmet Metin H\u00fclag\u00fc\u2019n\u00fcn imzas\u0131n\u0131 ta\u015f\u0131yan belgede, \u201cErmeni Soyk\u0131r\u0131m \u0130ddialar\u0131 konusunda yap\u0131lan \u00e7al\u0131\u015fmalarda kullan\u0131lmak \u00fczere, Ermeni Meselesi alan\u0131nda \u00e7al\u0131\u015fan y\u00fcksek lisans ve doktora \u00f6\u011frencilerinin isimleri, \u00e7al\u0131\u015fma ba\u015fl\u0131klar\u0131 ve ileti\u015fim bilgileri\u201d talep ediliyor.<\/p>\n<p style=\"text-align: justify;\">G\u00f6r\u00fc\u015f\u00fcne ba\u015fvurdu\u011fumuz Prof. H\u00fclag\u00fc, b\u00f6yle bir bilgi talep ettiklerini reddederken, TTK\u2019dan ba\u015fka bir yetkili ise, \u201cErmeni meselesi \u00e7al\u0131\u015fan \u00f6\u011frencilerin bilgilerini Ba\u015fkan Bey (Mehmet Metin H\u00fclag\u00fc) talep etti. Nerede, ne \u015fekilde kullanaca\u011f\u0131n\u0131 bilmiyoruz\u201d dedi. TTK\u2019n\u0131n 27 Ekim tarihli ve 91157493-730.10-3119 numaral\u0131 yaz\u0131s\u0131na dayanan belge, son g\u00fcnlerde ses getiren \u2018fi\u015fleme\u2019 tart\u0131\u015fmalar\u0131n\u0131n Ermeni sorunuyla ilgili olarak da g\u00fcndemde oldu\u011funu ortaya koydu.<\/p>\n<p style=\"text-align: justify;\">Hat\u0131rlanaca\u011f\u0131 \u00fczere B\u00fclent Ar\u0131n\u00e7, ge\u00e7en ay \u2018Ermeni soyk\u0131r\u0131m\u0131 iddialar\u0131\u2019na kar\u015f\u0131 ciddi \u00e7al\u0131\u015fmalar\u0131n\u0131n oldu\u011funu ifade ederek, d\u00fcnya \u00fclkelerini kamu diplomasisi a\u00e7\u0131s\u0131ndan etkileyebilecek \u00e7ok \u00f6zel faaliyetler y\u00fcr\u00fctt\u00fcklerini, Ba\u015fbakanl\u0131k\u2019ta bir kurumun \u00f6zel olarak yaln\u0131zca bu i\u015fle ilgilendi\u011fini duyurmu\u015ftu. Bu ba\u011flamda T\u00fcrk Tarih Kurumu\u2019nun da 2015 \u00e7er\u00e7evesinde gizli \u00e7al\u0131\u015fmalar yapt\u0131\u011f\u0131 ortaya \u00e7\u0131kt\u0131.<\/p>\n<p style=\"text-align: justify;\">Ba\u011flant\u0131 kurdu\u011fumuz TTK\u2019dan bir yetkili konuyla ilgili olarak Agos\u2019a yapt\u0131\u011f\u0131 a\u00e7\u0131klamada, bu bilgilerin TTK burslar\u0131yla ilgili olarak da istenmi\u015f olabilece\u011fini s\u00f6yleyerek, Ermeni meselesiyle ilgili \u00e7al\u0131\u015fmalar\u0131 bir araya getirmek gibi bir d\u00fc\u015f\u00fcncenin de olabilece\u011fini ifade etti. TTK yetkilisi, \u201cBu konu \u00f6zelinde de\u011fil de bize sosyal bilimlerde \u00e7al\u0131\u015fan b\u00fct\u00fcn \u00f6\u011frencilerin bilgilerini g\u00f6nderdiler\u201d diyerek Y\u00d6K\u2019ten istedikleri gibi geri d\u00f6n\u00fc\u015f alamad\u0131klar\u0131n\u0131 da dile getirdi.<\/p>\n<p style=\"text-align: justify;\"><b>\u2018Soyk\u0131r\u0131m var\u2019 diyene burs yok<\/b><\/p>\n<p style=\"text-align: justify;\">Burs verilirken hangi kriterlerin g\u00f6z \u00f6n\u00fcne al\u0131nd\u0131\u011f\u0131n\u0131, \u00f6rne\u011fin 1915\u2019te ya\u015fananlar\u0131 soyk\u0131r\u0131m olarak tan\u0131mlayan \u00f6\u011frencilere burs verilip verilmedi\u011fini sormam\u0131z \u00fczerine yetkili, \u201cKurum olarak (Ermeni Soyk\u0131r\u0131m\u0131\u2019n\u0131) resmen kabul etmi\u015f de\u011filiz, onun i\u00e7in burs verilmeyebilir. Ba\u015fvuru yapabilirler ama olumlu sonu\u00e7 \u00e7\u0131kmayabilir\u201d a\u00e7\u0131klamas\u0131nda bulundu.<\/p>\n<p style=\"text-align: justify;\">2015\u2019e haz\u0131rl\u0131k \u00e7er\u00e7evesinde TTK\u2019n\u0131n haz\u0131rlad\u0131\u011f\u0131 k\u00fclliyat i\u00e7in Ermeni meselesi \u00e7al\u0131\u015fan \u00f6\u011frencilerin katk\u0131s\u0131 olup olmayaca\u011f\u0131 sorumuza, yetkili \u015f\u00f6yle yan\u0131t verdi: \u201cK\u00fclliyat i\u00e7in yap\u0131lan \u00e7al\u0131\u015fman\u0131n bir komisyonu var. \u0130htiya\u00e7 halinde bu \u00f6\u011frencilerden de yard\u0131m alabilirler.\u201d\u00a0<\/p>\n<p style=\"text-align: justify;\"><b>\u2018Y\u00d6K kendi istemi\u015f\u2019<\/b><\/p>\n<p style=\"text-align: justify;\">Konuyla ilgili olarak konu\u015ftu\u011fumuz TTK Ba\u015fkan\u0131 Mehmet Metin H\u00fclag\u00fc ise, TTK yetkilisinin aksine, \u00fcniversitelerden \u00f6zel olarak Ermeni meselesi \u00e7al\u0131\u015fan \u00f6\u011frencilerin bilgilerinin istendi\u011fini yalanlad\u0131 ve s\u00f6z konusu iste\u011fin kendi bilgileri d\u0131\u015f\u0131nda Y\u00d6K taraf\u0131ndan talep edildi\u011fini \u00f6ne s\u00fcrd\u00fc: \u201cBiz sosyal bilimler alan\u0131nda hangi \u00f6\u011frenci hangi alanda \u00e7al\u0131\u015f\u0131yorsa bir y\u0131l \u00f6nce onlar\u0131n bilgisini istedik. TTK\u2019n\u0131n sitesinde yer alan Ara\u015ft\u0131rma Bilgi Sistemi\u2019nde bu bilgileri yay\u0131ml\u0131yoruz. Bundaki amac\u0131m\u0131z kim, ne \u00e7al\u0131\u015f\u0131yorsa bilinsin ve ba\u015fka \u00f6\u011frenciler de ayn\u0131 konular\u0131 \u00e7al\u0131\u015farak zaman kaybetmesinler.\u201d<\/p>\n<p style=\"text-align: justify;\"><b>2015 i\u00e7in hoplaman\u0131n anlam\u0131 yok<\/b><\/p>\n<p style=\"text-align: justify;\">\u201cVelev ki, Ermeni meselesi \u00e7al\u0131\u015fan \u00f6\u011frencilerin bilgilerini istedik, ne var bunda?\u201d diyen H\u00fclag\u00fc, \u201cB\u00f6yle bir bilgi istiyorsam da, bu me\u015frudur, gizli bir niyetim, fi\u015fleme gibi bir amac\u0131m yok. Devleti korumak benim i\u015fim de\u011fil. Y\u00d6K bizden ba\u011f\u0131ms\u0131z olarak bu bilgileri \u00fcniversiteden istemi\u015f\u201d dedi. Bin 400 farkl\u0131 konuda \u00e7al\u0131\u015fma yapt\u0131klar\u0131n\u0131 ve Ermeni meselesinin de bunun i\u00e7inde yer alan s\u0131radan bir konu oldu\u011funu s\u00f6yleyen H\u00fclag\u00fc, \u015f\u00f6yle konu\u015ftu: \u201c2015\u2019e haz\u0131rl\u0131k gibi bir amac\u0131m yok. Her y\u0131l \u00f6nemlidir, belki de di\u011fer y\u0131llara g\u00f6re 2015 \u00e7ok g\u00fczel bir y\u0131l olacak. 2015 geliyor diye hoplaman\u0131n, z\u0131plaman\u0131n anlam\u0131 yok, 2020 de gelir. 2015 deyince ben \u00c7anakkale\u2019ye bakar\u0131m, \u015fehitlerimiz akl\u0131ma gelir.\u201d<\/p>\n<p style=\"text-align: justify;\"><b>H\u00fclag\u00fc, bizzat istemi\u015f<\/b><\/p>\n<p style=\"text-align: justify;\">\u00d6te yandan T\u00fcrk Tarih Kurumu Ba\u015fkan\u0131 Mehmet Metin H\u00fclag\u00fc\u2019y\u00fc yalanlayan ve bizzat kendi imzas\u0131n\u0131 ta\u015f\u0131yan bir belge de ortaya \u00e7\u0131kt\u0131. TTK\u2019n\u0131n Y\u00d6K\u2019e g\u00f6nderdi\u011fi, \u201cErmeni meselesi konusunda \u00e7al\u0131\u015fan \u00f6\u011frenci bilgileri hk.\u201d ba\u015fl\u0131kl\u0131 yaz\u0131da \u015fu ifadeler yer al\u0131yor: \u201cKurumumuz b\u00fcnyesinde Ermeni Soyk\u0131r\u0131m \u0130ddialar\u0131 konusunda yap\u0131lan \u00e7al\u0131\u015fmalarda kullan\u0131lmak \u00fczere, \u015fu anda Ermeni Meselesi alan\u0131nda \u00e7al\u0131\u015fan y\u00fcksek lisans ve doktora \u00f6\u011frencilerinin isimleri, \u00e7al\u0131\u015fma ba\u015fl\u0131klar\u0131 ve ileti\u015fim bilgilerine ihtiya\u00e7 duyulmaktad\u0131r. Konuyla ilgili bilgilerin kurumumuza g\u00f6nderilmesini arz ederim.\u201d<\/p>\n<p style=\"text-align: justify;\"><b><i>emreertani@agos.com.tr<\/i><\/b><\/p>\n<p style=\"text-align: justify;\"><b><i>http:\/\/www.agos.com.tr\/haber.php?seo=ttk-ermeni-meselesini-arastiran-ogrencileri-fislemis&amp;haberid=6269<\/i><\/b><\/p>\n","protected":false},"excerpt":{"rendered":"<p>EMRE ERTAN\u0130 T\u00fcrk Tarih Kurumu\u2019nun (TTK), Y\u00fcksek \u00d6\u011fretim Kurumu (Y\u00d6K) arac\u0131l\u0131\u011f\u0131yla \u00fcniversitelere yaz\u0131 g\u00f6ndererek Ermeni meselesi \u00fczerine \u00e7al\u0131\u015fan y\u00fcksek lisans ve doktora \u00f6\u011frencilerinin isimleri, \u00e7al\u0131\u015fma ba\u015fl\u0131klar\u0131 ve ileti\u015fim bilgilerini istedi\u011fi ortaya \u00e7\u0131kt\u0131. T\u00fcrk Tarih Kurumu&#8217;nun (TTK), Y\u00fcksek \u00d6\u011fretim Kurumu (Y\u00d6K) arac\u0131l\u0131\u011f\u0131yla \u00fcniversitelere yaz\u0131 g\u00f6ndererek Ermeni meselesi \u00fczerine \u00e7al\u0131\u015fan y\u00fcksek lisans ve doktora \u00f6\u011frencilerinin isimleri, \u00e7al\u0131\u015fma [&hellip;]<\/p>\n","protected":false},"author":7,"featured_media":0,"comment_status":"open","ping_status":"open","sticky":false,"template":"","format":"standard","meta":{"footnotes":""},"categories":[1],"tags":[],"class_list":["post-27374","post","type-post","status-publish","format-standard","hentry","category-haberler"],"yoast_head":"<!-- This site is optimized with the Yoast SEO plugin v27.4 - https:\/\/yoast.com\/product\/yoast-seo-wordpress\/ -->\n<title>TTK Ermeni meselesini ara\u015ft\u0131ran \u00f6\u011frencileri fi\u015flemi\u015f - Bati Ermenistan Ve Bati Ermenileri Sorunlari Ara\u015ftirmalar Merkezi<\/title>\n<meta name=\"robots\" content=\"index, follow, max-snippet:-1, max-image-preview:large, max-video-preview:-1\" \/>\n<link rel=\"canonical\" href=\"https:\/\/akunq.net\/tr\/?p=27374\" \/>\n<meta property=\"og:locale\" content=\"en_US\" \/>\n<meta property=\"og:type\" content=\"article\" \/>\n<meta property=\"og:title\" content=\"TTK Ermeni meselesini ara\u015ft\u0131ran \u00f6\u011frencileri fi\u015flemi\u015f - Bati Ermenistan Ve Bati Ermenileri Sorunlari Ara\u015ftirmalar Merkezi\" \/>\n<meta property=\"og:description\" content=\"EMRE ERTAN\u0130 T\u00fcrk Tarih Kurumu\u2019nun (TTK), Y\u00fcksek \u00d6\u011fretim Kurumu (Y\u00d6K) arac\u0131l\u0131\u011f\u0131yla \u00fcniversitelere yaz\u0131 g\u00f6ndererek Ermeni meselesi \u00fczerine \u00e7al\u0131\u015fan y\u00fcksek lisans ve doktora \u00f6\u011frencilerinin isimleri, \u00e7al\u0131\u015fma ba\u015fl\u0131klar\u0131 ve ileti\u015fim bilgilerini istedi\u011fi ortaya \u00e7\u0131kt\u0131. T\u00fcrk Tarih Kurumu&#8217;nun (TTK), Y\u00fcksek \u00d6\u011fretim Kurumu (Y\u00d6K) arac\u0131l\u0131\u011f\u0131yla \u00fcniversitelere yaz\u0131 g\u00f6ndererek Ermeni meselesi \u00fczerine \u00e7al\u0131\u015fan y\u00fcksek lisans ve doktora \u00f6\u011frencilerinin isimleri, \u00e7al\u0131\u015fma [&hellip;]\" \/>\n<meta property=\"og:url\" content=\"https:\/\/akunq.net\/tr\/?p=27374\" \/>\n<meta property=\"og:site_name\" content=\"Bati Ermenistan Ve Bati Ermenileri Sorunlari Ara\u015ftirmalar Merkezi\" \/>\n<meta property=\"article:published_time\" content=\"2013-12-12T07:25:37+00:00\" \/>\n<meta name=\"author\" content=\"admin\" \/>\n<meta name=\"twitter:card\" content=\"summary_large_image\" \/>\n<meta name=\"twitter:label1\" content=\"Written by\" \/>\n\t<meta name=\"twitter:data1\" content=\"admin\" \/>\n\t<meta name=\"twitter:label2\" content=\"Est. reading time\" \/>\n\t<meta name=\"twitter:data2\" content=\"4 minutes\" \/>\n<script type=\"application\/ld+json\" class=\"yoast-schema-graph\">{\"@context\":\"https:\\\/\\\/schema.org\",\"@graph\":[{\"@type\":\"Article\",\"@id\":\"https:\\\/\\\/akunq.net\\\/tr\\\/?p=27374#article\",\"isPartOf\":{\"@id\":\"https:\\\/\\\/akunq.net\\\/tr\\\/?p=27374\"},\"author\":{\"name\":\"admin\",\"@id\":\"https:\\\/\\\/akunq.net\\\/tr\\\/#\\\/schema\\\/person\\\/096f1d38a12cce57fb855b485ed24c9e\"},\"headline\":\"TTK Ermeni meselesini ara\u015ft\u0131ran \u00f6\u011frencileri fi\u015flemi\u015f\",\"datePublished\":\"2013-12-12T07:25:37+00:00\",\"mainEntityOfPage\":{\"@id\":\"https:\\\/\\\/akunq.net\\\/tr\\\/?p=27374\"},\"wordCount\":880,\"commentCount\":0,\"articleSection\":[\"Haberler\"],\"inLanguage\":\"en-US\",\"potentialAction\":[{\"@type\":\"CommentAction\",\"name\":\"Comment\",\"target\":[\"https:\\\/\\\/akunq.net\\\/tr\\\/?p=27374#respond\"]}]},{\"@type\":\"WebPage\",\"@id\":\"https:\\\/\\\/akunq.net\\\/tr\\\/?p=27374\",\"url\":\"https:\\\/\\\/akunq.net\\\/tr\\\/?p=27374\",\"name\":\"TTK Ermeni meselesini ara\u015ft\u0131ran \u00f6\u011frencileri fi\u015flemi\u015f - Bati Ermenistan Ve Bati Ermenileri Sorunlari Ara\u015ftirmalar Merkezi\",\"isPartOf\":{\"@id\":\"https:\\\/\\\/akunq.net\\\/tr\\\/#website\"},\"datePublished\":\"2013-12-12T07:25:37+00:00\",\"author\":{\"@id\":\"https:\\\/\\\/akunq.net\\\/tr\\\/#\\\/schema\\\/person\\\/096f1d38a12cce57fb855b485ed24c9e\"},\"breadcrumb\":{\"@id\":\"https:\\\/\\\/akunq.net\\\/tr\\\/?p=27374#breadcrumb\"},\"inLanguage\":\"en-US\",\"potentialAction\":[{\"@type\":\"ReadAction\",\"target\":[\"https:\\\/\\\/akunq.net\\\/tr\\\/?p=27374\"]}]},{\"@type\":\"BreadcrumbList\",\"@id\":\"https:\\\/\\\/akunq.net\\\/tr\\\/?p=27374#breadcrumb\",\"itemListElement\":[{\"@type\":\"ListItem\",\"position\":1,\"name\":\"Home\",\"item\":\"https:\\\/\\\/akunq.net\\\/tr\"},{\"@type\":\"ListItem\",\"position\":2,\"name\":\"TTK Ermeni meselesini ara\u015ft\u0131ran \u00f6\u011frencileri fi\u015flemi\u015f\"}]},{\"@type\":\"WebSite\",\"@id\":\"https:\\\/\\\/akunq.net\\\/tr\\\/#website\",\"url\":\"https:\\\/\\\/akunq.net\\\/tr\\\/\",\"name\":\"Bati Ermenistan Ve Bati Ermenileri Sorunlari Ara\u015ftirmalar Merkezi\",\"description\":\"\",\"potentialAction\":[{\"@type\":\"SearchAction\",\"target\":{\"@type\":\"EntryPoint\",\"urlTemplate\":\"https:\\\/\\\/akunq.net\\\/tr\\\/?s={search_term_string}\"},\"query-input\":{\"@type\":\"PropertyValueSpecification\",\"valueRequired\":true,\"valueName\":\"search_term_string\"}}],\"inLanguage\":\"en-US\"},{\"@type\":\"Person\",\"@id\":\"https:\\\/\\\/akunq.net\\\/tr\\\/#\\\/schema\\\/person\\\/096f1d38a12cce57fb855b485ed24c9e\",\"name\":\"admin\",\"url\":\"https:\\\/\\\/akunq.net\\\/tr\\\/?author=7\"}]}<\/script>\n<!-- \/ Yoast SEO plugin. -->","yoast_head_json":{"title":"TTK Ermeni meselesini ara\u015ft\u0131ran \u00f6\u011frencileri fi\u015flemi\u015f - Bati Ermenistan Ve Bati Ermenileri Sorunlari Ara\u015ftirmalar Merkezi","robots":{"index":"index","follow":"follow","max-snippet":"max-snippet:-1","max-image-preview":"max-image-preview:large","max-video-preview":"max-video-preview:-1"},"canonical":"https:\/\/akunq.net\/tr\/?p=27374","og_locale":"en_US","og_type":"article","og_title":"TTK Ermeni meselesini ara\u015ft\u0131ran \u00f6\u011frencileri fi\u015flemi\u015f - Bati Ermenistan Ve Bati Ermenileri Sorunlari Ara\u015ftirmalar Merkezi","og_description":"EMRE ERTAN\u0130 T\u00fcrk Tarih Kurumu\u2019nun (TTK), Y\u00fcksek \u00d6\u011fretim Kurumu (Y\u00d6K) arac\u0131l\u0131\u011f\u0131yla \u00fcniversitelere yaz\u0131 g\u00f6ndererek Ermeni meselesi \u00fczerine \u00e7al\u0131\u015fan y\u00fcksek lisans ve doktora \u00f6\u011frencilerinin isimleri, \u00e7al\u0131\u015fma ba\u015fl\u0131klar\u0131 ve ileti\u015fim bilgilerini istedi\u011fi ortaya \u00e7\u0131kt\u0131. T\u00fcrk Tarih Kurumu&#8217;nun (TTK), Y\u00fcksek \u00d6\u011fretim Kurumu (Y\u00d6K) arac\u0131l\u0131\u011f\u0131yla \u00fcniversitelere yaz\u0131 g\u00f6ndererek Ermeni meselesi \u00fczerine \u00e7al\u0131\u015fan y\u00fcksek lisans ve doktora \u00f6\u011frencilerinin isimleri, \u00e7al\u0131\u015fma [&hellip;]","og_url":"https:\/\/akunq.net\/tr\/?p=27374","og_site_name":"Bati Ermenistan Ve Bati Ermenileri Sorunlari Ara\u015ftirmalar Merkezi","article_published_time":"2013-12-12T07:25:37+00:00","author":"admin","twitter_card":"summary_large_image","twitter_misc":{"Written by":"admin","Est. reading time":"4 minutes"},"schema":{"@context":"https:\/\/schema.org","@graph":[{"@type":"Article","@id":"https:\/\/akunq.net\/tr\/?p=27374#article","isPartOf":{"@id":"https:\/\/akunq.net\/tr\/?p=27374"},"author":{"name":"admin","@id":"https:\/\/akunq.net\/tr\/#\/schema\/person\/096f1d38a12cce57fb855b485ed24c9e"},"headline":"TTK Ermeni meselesini ara\u015ft\u0131ran \u00f6\u011frencileri fi\u015flemi\u015f","datePublished":"2013-12-12T07:25:37+00:00","mainEntityOfPage":{"@id":"https:\/\/akunq.net\/tr\/?p=27374"},"wordCount":880,"commentCount":0,"articleSection":["Haberler"],"inLanguage":"en-US","potentialAction":[{"@type":"CommentAction","name":"Comment","target":["https:\/\/akunq.net\/tr\/?p=27374#respond"]}]},{"@type":"WebPage","@id":"https:\/\/akunq.net\/tr\/?p=27374","url":"https:\/\/akunq.net\/tr\/?p=27374","name":"TTK Ermeni meselesini ara\u015ft\u0131ran \u00f6\u011frencileri fi\u015flemi\u015f - Bati Ermenistan Ve Bati Ermenileri Sorunlari Ara\u015ftirmalar Merkezi","isPartOf":{"@id":"https:\/\/akunq.net\/tr\/#website"},"datePublished":"2013-12-12T07:25:37+00:00","author":{"@id":"https:\/\/akunq.net\/tr\/#\/schema\/person\/096f1d38a12cce57fb855b485ed24c9e"},"breadcrumb":{"@id":"https:\/\/akunq.net\/tr\/?p=27374#breadcrumb"},"inLanguage":"en-US","potentialAction":[{"@type":"ReadAction","target":["https:\/\/akunq.net\/tr\/?p=27374"]}]},{"@type":"BreadcrumbList","@id":"https:\/\/akunq.net\/tr\/?p=27374#breadcrumb","itemListElement":[{"@type":"ListItem","position":1,"name":"Home","item":"https:\/\/akunq.net\/tr"},{"@type":"ListItem","position":2,"name":"TTK Ermeni meselesini ara\u015ft\u0131ran \u00f6\u011frencileri fi\u015flemi\u015f"}]},{"@type":"WebSite","@id":"https:\/\/akunq.net\/tr\/#website","url":"https:\/\/akunq.net\/tr\/","name":"Bati Ermenistan Ve Bati Ermenileri Sorunlari Ara\u015ftirmalar Merkezi","description":"","potentialAction":[{"@type":"SearchAction","target":{"@type":"EntryPoint","urlTemplate":"https:\/\/akunq.net\/tr\/?s={search_term_string}"},"query-input":{"@type":"PropertyValueSpecification","valueRequired":true,"valueName":"search_term_string"}}],"inLanguage":"en-US"},{"@type":"Person","@id":"https:\/\/akunq.net\/tr\/#\/schema\/person\/096f1d38a12cce57fb855b485ed24c9e","name":"admin","url":"https:\/\/akunq.net\/tr\/?author=7"}]}},"_links":{"self":[{"href":"https:\/\/akunq.net\/tr\/index.php?rest_route=\/wp\/v2\/posts\/27374","targetHints":{"allow":["GET"]}}],"collection":[{"href":"https:\/\/akunq.net\/tr\/index.php?rest_route=\/wp\/v2\/posts"}],"about":[{"href":"https:\/\/akunq.net\/tr\/index.php?rest_route=\/wp\/v2\/types\/post"}],"author":[{"embeddable":true,"href":"https:\/\/akunq.net\/tr\/index.php?rest_route=\/wp\/v2\/users\/7"}],"replies":[{"embeddable":true,"href":"https:\/\/akunq.net\/tr\/index.php?rest_route=%2Fwp%2Fv2%2Fcomments&post=27374"}],"version-history":[{"count":1,"href":"https:\/\/akunq.net\/tr\/index.php?rest_route=\/wp\/v2\/posts\/27374\/revisions"}],"predecessor-version":[{"id":27376,"href":"https:\/\/akunq.net\/tr\/index.php?rest_route=\/wp\/v2\/posts\/27374\/revisions\/27376"}],"wp:attachment":[{"href":"https:\/\/akunq.net\/tr\/index.php?rest_route=%2Fwp%2Fv2%2Fmedia&parent=27374"}],"wp:term":[{"taxonomy":"category","embeddable":true,"href":"https:\/\/akunq.net\/tr\/index.php?rest_route=%2Fwp%2Fv2%2Fcategories&post=27374"},{"taxonomy":"post_tag","embeddable":true,"href":"https:\/\/akunq.net\/tr\/index.php?rest_route=%2Fwp%2Fv2%2Ftags&post=27374"}],"curies":[{"name":"wp","href":"https:\/\/api.w.org\/{rel}","templated":true}]}}