{"id":27371,"date":"2013-12-12T02:04:25","date_gmt":"2013-12-12T07:04:25","guid":{"rendered":"http:\/\/akunq.net\/tr\/?p=27371"},"modified":"2013-12-12T02:04:25","modified_gmt":"2013-12-12T07:04:25","slug":"amerika-davutoglunun-erivan-ziyaretinden-memnun","status":"publish","type":"post","link":"https:\/\/akunq.net\/tr\/?p=27371","title":{"rendered":"Amerika, Davuto\u011flu&#8217;nun Erivan ziyaretinden memnun"},"content":{"rendered":"<p style=\"text-align: justify;\"><em><strong><a href=\"http:\/\/akunq.net\/tr\/wp-content\/uploads\/2013\/12\/\u054b\u0565\u0576-\u0553\u057d\u0561\u056f\u056b.jpg\"><img loading=\"lazy\" decoding=\"async\" class=\"alignright size-medium wp-image-27372\" alt=\"\u054b\u0565\u0576 \u0553\u057d\u0561\u056f\u056b\" src=\"http:\/\/akunq.net\/tr\/wp-content\/uploads\/2013\/12\/\u054b\u0565\u0576-\u0553\u057d\u0561\u056f\u056b-300x206.jpg\" width=\"300\" height=\"206\" srcset=\"https:\/\/akunq.net\/tr\/wp-content\/uploads\/sites\/6\/2013\/12\/\u054b\u0565\u0576-\u0553\u057d\u0561\u056f\u056b-300x206.jpg 300w, https:\/\/akunq.net\/tr\/wp-content\/uploads\/sites\/6\/2013\/12\/\u054b\u0565\u0576-\u0553\u057d\u0561\u056f\u056b.jpg 307w\" sizes=\"auto, (max-width: 300px) 100vw, 300px\" \/><\/a>Amerika d\u0131\u015fi\u015fleri bakanl\u0131\u011f\u0131, Ahmet Davuto\u011flu&#8217;nun Erivan&#8217;a d\u00fczenleyece\u011fi ziyaret hakk\u0131nda a\u00e7\u0131klama yaparak bu durumda memnun olduklar\u0131n\u0131 s\u00f6yledi.<\/strong><\/em><br \/>\nABD D\u0131\u015fi\u015fleri Bakanl\u0131\u011f\u0131 S\u00f6zc\u00fcs\u00fc Jen Psaki, D\u0131\u015fi\u015fleri Bakan\u0131 Ahmet Davuto\u011flu&#8217;nun Ermenistan&#8217;a d\u00fczenleyece\u011fi ziyaretten memnuniyet duyduklar\u0131n\u0131 ve bu ziyaretin b\u00f6lgesel liderler aras\u0131nda diyalog i\u00e7in bir f\u0131rsat sa\u011flayaca\u011f\u0131n\u0131 umduklar\u0131n\u0131 s\u00f6yledi.<\/p>\n<p style=\"text-align: justify;\">Psaki, g\u00fcnl\u00fck bas\u0131n brifinginde, Davuto\u011flu&#8217;nun Karadeniz Ekonomik \u0130\u015fbirli\u011fi \u00d6rg\u00fct\u00fc toplant\u0131s\u0131na kat\u0131lmak \u00fczere yar\u0131n Ermenistan&#8217;\u0131n ba\u015fkenti Erivan&#8217;a yapaca\u011f\u0131 ziyarete dair de\u011ferlendirmesinin sorulmas\u0131 \u00fczerine, &#8220;Planlanan ziyaretinden memnuniyet duyuyoruz ve ziyaretinin b\u00f6lgesel liderler aras\u0131nda diyalog i\u00e7in bir f\u0131rsat sa\u011flayaca\u011f\u0131n\u0131 umuyoruz&#8221; dedi.<\/p>\n<p style=\"text-align: justify;\">ABD olarak hem T\u00fcrkiye hem de Ermenistan&#8217;a, normalizasyon protokollerini onaylamalar\u0131 ve kom\u015fular aras\u0131ndaki ili\u015fkilerin g\u00fc\u00e7lendirilmesine, her iki \u00fclke halklar\u0131 i\u00e7in istihdam ve f\u0131rsatlar yarat\u0131lmas\u0131na yard\u0131mc\u0131 olabilecek, s\u0131n\u0131r\u0131n a\u00e7\u0131lmas\u0131 gibi somut ad\u0131mlar\u0131n takip\u00e7isi olmalar\u0131 y\u00f6n\u00fcnde \u00e7a\u011fr\u0131da bulunmaya devam ettiklerini belirten Psaki, &#8220;Dolay\u0131s\u0131yla ziyareti destekliyoruz ve s\u00fcreci ileriye ta\u015f\u0131yabileceklerine dair umutluyuz&#8221; ifadesini kulland\u0131.<\/p>\n<p style=\"text-align: justify;\"><em><strong>http:\/\/www.internetajans.com\/haber\/amerika&#8211;davutoglu-nun-erivan-ziyaretinden-memnun\/<\/strong><\/em><\/p>\n","protected":false},"excerpt":{"rendered":"<p>Amerika d\u0131\u015fi\u015fleri bakanl\u0131\u011f\u0131, Ahmet Davuto\u011flu&#8217;nun Erivan&#8217;a d\u00fczenleyece\u011fi ziyaret hakk\u0131nda a\u00e7\u0131klama yaparak bu durumda memnun olduklar\u0131n\u0131 s\u00f6yledi. ABD D\u0131\u015fi\u015fleri Bakanl\u0131\u011f\u0131 S\u00f6zc\u00fcs\u00fc Jen Psaki, D\u0131\u015fi\u015fleri Bakan\u0131 Ahmet Davuto\u011flu&#8217;nun Ermenistan&#8217;a d\u00fczenleyece\u011fi ziyaretten memnuniyet duyduklar\u0131n\u0131 ve bu ziyaretin b\u00f6lgesel liderler aras\u0131nda diyalog i\u00e7in bir f\u0131rsat sa\u011flayaca\u011f\u0131n\u0131 umduklar\u0131n\u0131 s\u00f6yledi. Psaki, g\u00fcnl\u00fck bas\u0131n brifinginde, Davuto\u011flu&#8217;nun Karadeniz Ekonomik \u0130\u015fbirli\u011fi \u00d6rg\u00fct\u00fc toplant\u0131s\u0131na kat\u0131lmak [&hellip;]<\/p>\n","protected":false},"author":7,"featured_media":0,"comment_status":"open","ping_status":"open","sticky":false,"template":"","format":"standard","meta":{"footnotes":""},"categories":[1],"tags":[],"class_list":["post-27371","post","type-post","status-publish","format-standard","hentry","category-haberler"],"yoast_head":"<!-- This site is optimized with the Yoast SEO plugin v27.4 - https:\/\/yoast.com\/product\/yoast-seo-wordpress\/ -->\n<title>Amerika, Davuto\u011flu&#039;nun Erivan ziyaretinden memnun - Bati Ermenistan Ve Bati Ermenileri Sorunlari Ara\u015ftirmalar Merkezi<\/title>\n<meta name=\"robots\" content=\"index, follow, max-snippet:-1, max-image-preview:large, max-video-preview:-1\" \/>\n<link rel=\"canonical\" href=\"https:\/\/akunq.net\/tr\/?p=27371\" \/>\n<meta property=\"og:locale\" content=\"en_US\" \/>\n<meta property=\"og:type\" content=\"article\" \/>\n<meta property=\"og:title\" content=\"Amerika, Davuto\u011flu&#039;nun Erivan ziyaretinden memnun - Bati Ermenistan Ve Bati Ermenileri Sorunlari Ara\u015ftirmalar Merkezi\" \/>\n<meta property=\"og:description\" content=\"Amerika d\u0131\u015fi\u015fleri bakanl\u0131\u011f\u0131, Ahmet Davuto\u011flu&#8217;nun Erivan&#8217;a d\u00fczenleyece\u011fi ziyaret hakk\u0131nda a\u00e7\u0131klama yaparak bu durumda memnun olduklar\u0131n\u0131 s\u00f6yledi. ABD D\u0131\u015fi\u015fleri Bakanl\u0131\u011f\u0131 S\u00f6zc\u00fcs\u00fc Jen Psaki, D\u0131\u015fi\u015fleri Bakan\u0131 Ahmet Davuto\u011flu&#8217;nun Ermenistan&#8217;a d\u00fczenleyece\u011fi ziyaretten memnuniyet duyduklar\u0131n\u0131 ve bu ziyaretin b\u00f6lgesel liderler aras\u0131nda diyalog i\u00e7in bir f\u0131rsat sa\u011flayaca\u011f\u0131n\u0131 umduklar\u0131n\u0131 s\u00f6yledi. Psaki, g\u00fcnl\u00fck bas\u0131n brifinginde, Davuto\u011flu&#8217;nun Karadeniz Ekonomik \u0130\u015fbirli\u011fi \u00d6rg\u00fct\u00fc toplant\u0131s\u0131na kat\u0131lmak [&hellip;]\" \/>\n<meta property=\"og:url\" content=\"https:\/\/akunq.net\/tr\/?p=27371\" \/>\n<meta property=\"og:site_name\" content=\"Bati Ermenistan Ve Bati Ermenileri Sorunlari Ara\u015ftirmalar Merkezi\" \/>\n<meta property=\"article:published_time\" content=\"2013-12-12T07:04:25+00:00\" \/>\n<meta name=\"author\" content=\"admin\" \/>\n<meta name=\"twitter:card\" content=\"summary_large_image\" \/>\n<meta name=\"twitter:label1\" content=\"Written by\" \/>\n\t<meta name=\"twitter:data1\" content=\"admin\" \/>\n\t<meta name=\"twitter:label2\" content=\"Est. reading time\" \/>\n\t<meta name=\"twitter:data2\" content=\"1 minute\" \/>\n<script type=\"application\/ld+json\" class=\"yoast-schema-graph\">{\"@context\":\"https:\\\/\\\/schema.org\",\"@graph\":[{\"@type\":\"Article\",\"@id\":\"https:\\\/\\\/akunq.net\\\/tr\\\/?p=27371#article\",\"isPartOf\":{\"@id\":\"https:\\\/\\\/akunq.net\\\/tr\\\/?p=27371\"},\"author\":{\"name\":\"admin\",\"@id\":\"https:\\\/\\\/akunq.net\\\/tr\\\/#\\\/schema\\\/person\\\/096f1d38a12cce57fb855b485ed24c9e\"},\"headline\":\"Amerika, Davuto\u011flu&#8217;nun Erivan ziyaretinden memnun\",\"datePublished\":\"2013-12-12T07:04:25+00:00\",\"mainEntityOfPage\":{\"@id\":\"https:\\\/\\\/akunq.net\\\/tr\\\/?p=27371\"},\"wordCount\":216,\"commentCount\":0,\"articleSection\":[\"Haberler\"],\"inLanguage\":\"en-US\",\"potentialAction\":[{\"@type\":\"CommentAction\",\"name\":\"Comment\",\"target\":[\"https:\\\/\\\/akunq.net\\\/tr\\\/?p=27371#respond\"]}]},{\"@type\":\"WebPage\",\"@id\":\"https:\\\/\\\/akunq.net\\\/tr\\\/?p=27371\",\"url\":\"https:\\\/\\\/akunq.net\\\/tr\\\/?p=27371\",\"name\":\"Amerika, Davuto\u011flu'nun Erivan ziyaretinden memnun - Bati Ermenistan Ve Bati Ermenileri Sorunlari Ara\u015ftirmalar Merkezi\",\"isPartOf\":{\"@id\":\"https:\\\/\\\/akunq.net\\\/tr\\\/#website\"},\"datePublished\":\"2013-12-12T07:04:25+00:00\",\"author\":{\"@id\":\"https:\\\/\\\/akunq.net\\\/tr\\\/#\\\/schema\\\/person\\\/096f1d38a12cce57fb855b485ed24c9e\"},\"breadcrumb\":{\"@id\":\"https:\\\/\\\/akunq.net\\\/tr\\\/?p=27371#breadcrumb\"},\"inLanguage\":\"en-US\",\"potentialAction\":[{\"@type\":\"ReadAction\",\"target\":[\"https:\\\/\\\/akunq.net\\\/tr\\\/?p=27371\"]}]},{\"@type\":\"BreadcrumbList\",\"@id\":\"https:\\\/\\\/akunq.net\\\/tr\\\/?p=27371#breadcrumb\",\"itemListElement\":[{\"@type\":\"ListItem\",\"position\":1,\"name\":\"Home\",\"item\":\"https:\\\/\\\/akunq.net\\\/tr\"},{\"@type\":\"ListItem\",\"position\":2,\"name\":\"Amerika, Davuto\u011flu&#8217;nun Erivan ziyaretinden memnun\"}]},{\"@type\":\"WebSite\",\"@id\":\"https:\\\/\\\/akunq.net\\\/tr\\\/#website\",\"url\":\"https:\\\/\\\/akunq.net\\\/tr\\\/\",\"name\":\"Bati Ermenistan Ve Bati Ermenileri Sorunlari Ara\u015ftirmalar Merkezi\",\"description\":\"\",\"potentialAction\":[{\"@type\":\"SearchAction\",\"target\":{\"@type\":\"EntryPoint\",\"urlTemplate\":\"https:\\\/\\\/akunq.net\\\/tr\\\/?s={search_term_string}\"},\"query-input\":{\"@type\":\"PropertyValueSpecification\",\"valueRequired\":true,\"valueName\":\"search_term_string\"}}],\"inLanguage\":\"en-US\"},{\"@type\":\"Person\",\"@id\":\"https:\\\/\\\/akunq.net\\\/tr\\\/#\\\/schema\\\/person\\\/096f1d38a12cce57fb855b485ed24c9e\",\"name\":\"admin\",\"url\":\"https:\\\/\\\/akunq.net\\\/tr\\\/?author=7\"}]}<\/script>\n<!-- \/ Yoast SEO plugin. -->","yoast_head_json":{"title":"Amerika, Davuto\u011flu'nun Erivan ziyaretinden memnun - Bati Ermenistan Ve Bati Ermenileri Sorunlari Ara\u015ftirmalar Merkezi","robots":{"index":"index","follow":"follow","max-snippet":"max-snippet:-1","max-image-preview":"max-image-preview:large","max-video-preview":"max-video-preview:-1"},"canonical":"https:\/\/akunq.net\/tr\/?p=27371","og_locale":"en_US","og_type":"article","og_title":"Amerika, Davuto\u011flu'nun Erivan ziyaretinden memnun - Bati Ermenistan Ve Bati Ermenileri Sorunlari Ara\u015ftirmalar Merkezi","og_description":"Amerika d\u0131\u015fi\u015fleri bakanl\u0131\u011f\u0131, Ahmet Davuto\u011flu&#8217;nun Erivan&#8217;a d\u00fczenleyece\u011fi ziyaret hakk\u0131nda a\u00e7\u0131klama yaparak bu durumda memnun olduklar\u0131n\u0131 s\u00f6yledi. ABD D\u0131\u015fi\u015fleri Bakanl\u0131\u011f\u0131 S\u00f6zc\u00fcs\u00fc Jen Psaki, D\u0131\u015fi\u015fleri Bakan\u0131 Ahmet Davuto\u011flu&#8217;nun Ermenistan&#8217;a d\u00fczenleyece\u011fi ziyaretten memnuniyet duyduklar\u0131n\u0131 ve bu ziyaretin b\u00f6lgesel liderler aras\u0131nda diyalog i\u00e7in bir f\u0131rsat sa\u011flayaca\u011f\u0131n\u0131 umduklar\u0131n\u0131 s\u00f6yledi. Psaki, g\u00fcnl\u00fck bas\u0131n brifinginde, Davuto\u011flu&#8217;nun Karadeniz Ekonomik \u0130\u015fbirli\u011fi \u00d6rg\u00fct\u00fc toplant\u0131s\u0131na kat\u0131lmak [&hellip;]","og_url":"https:\/\/akunq.net\/tr\/?p=27371","og_site_name":"Bati Ermenistan Ve Bati Ermenileri Sorunlari Ara\u015ftirmalar Merkezi","article_published_time":"2013-12-12T07:04:25+00:00","author":"admin","twitter_card":"summary_large_image","twitter_misc":{"Written by":"admin","Est. reading time":"1 minute"},"schema":{"@context":"https:\/\/schema.org","@graph":[{"@type":"Article","@id":"https:\/\/akunq.net\/tr\/?p=27371#article","isPartOf":{"@id":"https:\/\/akunq.net\/tr\/?p=27371"},"author":{"name":"admin","@id":"https:\/\/akunq.net\/tr\/#\/schema\/person\/096f1d38a12cce57fb855b485ed24c9e"},"headline":"Amerika, Davuto\u011flu&#8217;nun Erivan ziyaretinden memnun","datePublished":"2013-12-12T07:04:25+00:00","mainEntityOfPage":{"@id":"https:\/\/akunq.net\/tr\/?p=27371"},"wordCount":216,"commentCount":0,"articleSection":["Haberler"],"inLanguage":"en-US","potentialAction":[{"@type":"CommentAction","name":"Comment","target":["https:\/\/akunq.net\/tr\/?p=27371#respond"]}]},{"@type":"WebPage","@id":"https:\/\/akunq.net\/tr\/?p=27371","url":"https:\/\/akunq.net\/tr\/?p=27371","name":"Amerika, Davuto\u011flu'nun Erivan ziyaretinden memnun - Bati Ermenistan Ve Bati Ermenileri Sorunlari Ara\u015ftirmalar Merkezi","isPartOf":{"@id":"https:\/\/akunq.net\/tr\/#website"},"datePublished":"2013-12-12T07:04:25+00:00","author":{"@id":"https:\/\/akunq.net\/tr\/#\/schema\/person\/096f1d38a12cce57fb855b485ed24c9e"},"breadcrumb":{"@id":"https:\/\/akunq.net\/tr\/?p=27371#breadcrumb"},"inLanguage":"en-US","potentialAction":[{"@type":"ReadAction","target":["https:\/\/akunq.net\/tr\/?p=27371"]}]},{"@type":"BreadcrumbList","@id":"https:\/\/akunq.net\/tr\/?p=27371#breadcrumb","itemListElement":[{"@type":"ListItem","position":1,"name":"Home","item":"https:\/\/akunq.net\/tr"},{"@type":"ListItem","position":2,"name":"Amerika, Davuto\u011flu&#8217;nun Erivan ziyaretinden memnun"}]},{"@type":"WebSite","@id":"https:\/\/akunq.net\/tr\/#website","url":"https:\/\/akunq.net\/tr\/","name":"Bati Ermenistan Ve Bati Ermenileri Sorunlari Ara\u015ftirmalar Merkezi","description":"","potentialAction":[{"@type":"SearchAction","target":{"@type":"EntryPoint","urlTemplate":"https:\/\/akunq.net\/tr\/?s={search_term_string}"},"query-input":{"@type":"PropertyValueSpecification","valueRequired":true,"valueName":"search_term_string"}}],"inLanguage":"en-US"},{"@type":"Person","@id":"https:\/\/akunq.net\/tr\/#\/schema\/person\/096f1d38a12cce57fb855b485ed24c9e","name":"admin","url":"https:\/\/akunq.net\/tr\/?author=7"}]}},"_links":{"self":[{"href":"https:\/\/akunq.net\/tr\/index.php?rest_route=\/wp\/v2\/posts\/27371","targetHints":{"allow":["GET"]}}],"collection":[{"href":"https:\/\/akunq.net\/tr\/index.php?rest_route=\/wp\/v2\/posts"}],"about":[{"href":"https:\/\/akunq.net\/tr\/index.php?rest_route=\/wp\/v2\/types\/post"}],"author":[{"embeddable":true,"href":"https:\/\/akunq.net\/tr\/index.php?rest_route=\/wp\/v2\/users\/7"}],"replies":[{"embeddable":true,"href":"https:\/\/akunq.net\/tr\/index.php?rest_route=%2Fwp%2Fv2%2Fcomments&post=27371"}],"version-history":[{"count":1,"href":"https:\/\/akunq.net\/tr\/index.php?rest_route=\/wp\/v2\/posts\/27371\/revisions"}],"predecessor-version":[{"id":27373,"href":"https:\/\/akunq.net\/tr\/index.php?rest_route=\/wp\/v2\/posts\/27371\/revisions\/27373"}],"wp:attachment":[{"href":"https:\/\/akunq.net\/tr\/index.php?rest_route=%2Fwp%2Fv2%2Fmedia&parent=27371"}],"wp:term":[{"taxonomy":"category","embeddable":true,"href":"https:\/\/akunq.net\/tr\/index.php?rest_route=%2Fwp%2Fv2%2Fcategories&post=27371"},{"taxonomy":"post_tag","embeddable":true,"href":"https:\/\/akunq.net\/tr\/index.php?rest_route=%2Fwp%2Fv2%2Ftags&post=27371"}],"curies":[{"name":"wp","href":"https:\/\/api.w.org\/{rel}","templated":true}]}}