{"id":27368,"date":"2013-12-12T01:52:03","date_gmt":"2013-12-12T06:52:03","guid":{"rendered":"http:\/\/akunq.net\/tr\/?p=27368"},"modified":"2013-12-12T01:52:03","modified_gmt":"2013-12-12T06:52:03","slug":"sarkisyan-davutoglu-arasinda-bir-gorusme-planlanmis-degil","status":"publish","type":"post","link":"https:\/\/akunq.net\/tr\/?p=27368","title":{"rendered":"Sarkisyan-Davuto\u011flu aras\u0131nda bir g\u00f6r\u00fc\u015fme planlanm\u0131\u015f de\u011fil"},"content":{"rendered":"<p style=\"text-align: justify;\"><b><i><a href=\"http:\/\/akunq.net\/tr\/wp-content\/uploads\/2013\/12\/Arman-Sa\u011fatelyan.jpg\"><img loading=\"lazy\" decoding=\"async\" class=\"alignright size-full wp-image-27369\" alt=\"Arman Sa\u011fatelyan\" src=\"http:\/\/akunq.net\/tr\/wp-content\/uploads\/2013\/12\/Arman-Sa\u011fatelyan.jpg\" width=\"279\" height=\"208\" \/><\/a>T\u00fcrkiye D\u0131\u015fi\u015fleri Bakan\u0131\u00a0Ahmet Davuto\u011flu\u2019nun Yerevan ziyareti esnas\u0131nda Ermenistan Cumhurba\u015fkan\u0131 Serj Sarkisyan\u2019la bulu\u015fmas\u0131 planlanm\u0131\u015f de\u011fil ve ger\u00e7ekle\u015fmeyecek. A\u00e7\u0131klama Twitter \u00fczerinden\u00a0Ermenistan Cumhurba\u015fkanl\u0131\u011f\u0131\u00a0\u00a0Bas\u0131n sekreteri Arman Sa\u011fatelyan\u2019dan geldi.<\/i><\/b><\/p>\n<p style=\"text-align: justify;\">Ermenistan D\u0131\u015fi\u015fleri Bakanl\u0131\u011f\u0131 Bas\u0131n sekreteri Tigran Balayan, Karadeniz Ekonomik \u0130\u015fbirli\u011f \u00d6rg\u00fct\u00fc (KE\u0130\u00d6) oturumuna T\u00fcrkiye ve Azerbaycan dahil KE\u0130\u00d6 \u00fcyesi t\u00fcm \u00fclkelerin davet edilmi\u015f oldu\u011funu teyid etti.<\/p>\n<p style=\"text-align: justify;\">Bakan Davuto\u011flu, 12 Aral\u0131k\u2019ta Yerevan\u2019da ger\u00e7ekle\u015fecek KE\u0130\u00d6 D\u0131\u015fi\u015fleri Bakanlar Konseyi oturumuna kat\u0131laca\u011f\u0131n\u0131 duyurdu.<\/p>\n<p style=\"text-align: justify;\">NEWS.am daha \u00f6nceki haberinde T\u00fcrkiye\u2019den Sabah gazetesinde yer alan haberde Davuto\u011flu\u2019nun Yerevan ziyareti kapsam\u0131nda, Ermeni mevkida\u015f\u0131 Nalbandyan ve Devlet Ba\u015fkan\u0131 Serj Sarkisyan ile g\u00f6r\u00fc\u015fmesinin planlanland\u0131\u011f\u0131n\u0131 bildirdi.<\/p>\n<p style=\"text-align: justify;\">Sabah; Aliyev-Sarkisyan temas\u0131n\u0131, bir f\u0131rsat olarak de\u011ferlendiren Ankara\u2019n\u0131n, uzla\u015f\u0131 i\u00e7in devreye girme karar\u0131 verdi\u011fini, T\u00fcrkiye\u2019nin, Ermenistan\u2019a teklifini Davuto\u011flu arac\u0131l\u0131\u011f\u0131yla iletece\u011fini kaydederek \u201cDa\u011fl\u0131k Karaba\u011f\u2019da ad\u0131m at\u0131n. 7 Azerbaycan b\u00f6lgesinin en az 2\u2019sinde i\u015fgali kald\u0131r\u0131n\u201d diyen Ankara, kar\u015f\u0131l\u0131\u011f\u0131nda \u201cS\u0131n\u0131r kap\u0131s\u0131n\u0131 a\u00e7al\u0131m\u201d \u00f6nerisi getirece\u011fini iletmekteydi.<\/p>\n<p style=\"text-align: justify;\">Ahmet Davuto\u011flu\u2019nun Karadeniz Ekonomik \u0130\u015fbirli\u011f \u00d6rg\u00fct\u00fc (KE\u0130\u00d6) D\u0131\u015fi\u015fleri Bakanlar Konseyi oturumuna kat\u0131lmak \u00fczere 12 Aral\u0131k\u2019ta Yerevan\u2019\u0131 ziyaret edece\u011fini kaydedelim.<\/p>\n<p style=\"text-align: justify;\"><b><i>http:\/\/news.am\/tur\/news\/184951.html<\/i><\/b><\/p>\n","protected":false},"excerpt":{"rendered":"<p>T\u00fcrkiye D\u0131\u015fi\u015fleri Bakan\u0131\u00a0Ahmet Davuto\u011flu\u2019nun Yerevan ziyareti esnas\u0131nda Ermenistan Cumhurba\u015fkan\u0131 Serj Sarkisyan\u2019la bulu\u015fmas\u0131 planlanm\u0131\u015f de\u011fil ve ger\u00e7ekle\u015fmeyecek. A\u00e7\u0131klama Twitter \u00fczerinden\u00a0Ermenistan Cumhurba\u015fkanl\u0131\u011f\u0131\u00a0\u00a0Bas\u0131n sekreteri Arman Sa\u011fatelyan\u2019dan geldi. Ermenistan D\u0131\u015fi\u015fleri Bakanl\u0131\u011f\u0131 Bas\u0131n sekreteri Tigran Balayan, Karadeniz Ekonomik \u0130\u015fbirli\u011f \u00d6rg\u00fct\u00fc (KE\u0130\u00d6) oturumuna T\u00fcrkiye ve Azerbaycan dahil KE\u0130\u00d6 \u00fcyesi t\u00fcm \u00fclkelerin davet edilmi\u015f oldu\u011funu teyid etti. Bakan Davuto\u011flu, 12 Aral\u0131k\u2019ta Yerevan\u2019da [&hellip;]<\/p>\n","protected":false},"author":7,"featured_media":0,"comment_status":"open","ping_status":"open","sticky":false,"template":"","format":"standard","meta":{"footnotes":""},"categories":[55,1],"tags":[],"class_list":["post-27368","post","type-post","status-publish","format-standard","hentry","category-ermenistan-turkiye","category-haberler"],"yoast_head":"<!-- This site is optimized with the Yoast SEO plugin v27.4 - https:\/\/yoast.com\/product\/yoast-seo-wordpress\/ -->\n<title>Sarkisyan-Davuto\u011flu aras\u0131nda bir g\u00f6r\u00fc\u015fme planlanm\u0131\u015f de\u011fil - Bati Ermenistan Ve Bati Ermenileri Sorunlari Ara\u015ftirmalar Merkezi<\/title>\n<meta name=\"robots\" content=\"index, follow, max-snippet:-1, max-image-preview:large, max-video-preview:-1\" \/>\n<link rel=\"canonical\" href=\"https:\/\/akunq.net\/tr\/?p=27368\" \/>\n<meta property=\"og:locale\" content=\"en_US\" \/>\n<meta property=\"og:type\" content=\"article\" \/>\n<meta property=\"og:title\" content=\"Sarkisyan-Davuto\u011flu aras\u0131nda bir g\u00f6r\u00fc\u015fme planlanm\u0131\u015f de\u011fil - Bati Ermenistan Ve Bati Ermenileri Sorunlari Ara\u015ftirmalar Merkezi\" \/>\n<meta property=\"og:description\" content=\"T\u00fcrkiye D\u0131\u015fi\u015fleri Bakan\u0131\u00a0Ahmet Davuto\u011flu\u2019nun Yerevan ziyareti esnas\u0131nda Ermenistan Cumhurba\u015fkan\u0131 Serj Sarkisyan\u2019la bulu\u015fmas\u0131 planlanm\u0131\u015f de\u011fil ve ger\u00e7ekle\u015fmeyecek. A\u00e7\u0131klama Twitter \u00fczerinden\u00a0Ermenistan Cumhurba\u015fkanl\u0131\u011f\u0131\u00a0\u00a0Bas\u0131n sekreteri Arman Sa\u011fatelyan\u2019dan geldi. Ermenistan D\u0131\u015fi\u015fleri Bakanl\u0131\u011f\u0131 Bas\u0131n sekreteri Tigran Balayan, Karadeniz Ekonomik \u0130\u015fbirli\u011f \u00d6rg\u00fct\u00fc (KE\u0130\u00d6) oturumuna T\u00fcrkiye ve Azerbaycan dahil KE\u0130\u00d6 \u00fcyesi t\u00fcm \u00fclkelerin davet edilmi\u015f oldu\u011funu teyid etti. Bakan Davuto\u011flu, 12 Aral\u0131k\u2019ta Yerevan\u2019da [&hellip;]\" \/>\n<meta property=\"og:url\" content=\"https:\/\/akunq.net\/tr\/?p=27368\" \/>\n<meta property=\"og:site_name\" content=\"Bati Ermenistan Ve Bati Ermenileri Sorunlari Ara\u015ftirmalar Merkezi\" \/>\n<meta property=\"article:published_time\" content=\"2013-12-12T06:52:03+00:00\" \/>\n<meta name=\"author\" content=\"admin\" \/>\n<meta name=\"twitter:card\" content=\"summary_large_image\" \/>\n<meta name=\"twitter:label1\" content=\"Written by\" \/>\n\t<meta name=\"twitter:data1\" content=\"admin\" \/>\n\t<meta name=\"twitter:label2\" content=\"Est. reading time\" \/>\n\t<meta name=\"twitter:data2\" content=\"1 minute\" \/>\n<script type=\"application\/ld+json\" class=\"yoast-schema-graph\">{\"@context\":\"https:\\\/\\\/schema.org\",\"@graph\":[{\"@type\":\"Article\",\"@id\":\"https:\\\/\\\/akunq.net\\\/tr\\\/?p=27368#article\",\"isPartOf\":{\"@id\":\"https:\\\/\\\/akunq.net\\\/tr\\\/?p=27368\"},\"author\":{\"name\":\"admin\",\"@id\":\"https:\\\/\\\/akunq.net\\\/tr\\\/#\\\/schema\\\/person\\\/096f1d38a12cce57fb855b485ed24c9e\"},\"headline\":\"Sarkisyan-Davuto\u011flu aras\u0131nda bir g\u00f6r\u00fc\u015fme planlanm\u0131\u015f de\u011fil\",\"datePublished\":\"2013-12-12T06:52:03+00:00\",\"mainEntityOfPage\":{\"@id\":\"https:\\\/\\\/akunq.net\\\/tr\\\/?p=27368\"},\"wordCount\":252,\"commentCount\":0,\"articleSection\":[\"Ermenistan-T\u00fcrkiye\",\"Haberler\"],\"inLanguage\":\"en-US\",\"potentialAction\":[{\"@type\":\"CommentAction\",\"name\":\"Comment\",\"target\":[\"https:\\\/\\\/akunq.net\\\/tr\\\/?p=27368#respond\"]}]},{\"@type\":\"WebPage\",\"@id\":\"https:\\\/\\\/akunq.net\\\/tr\\\/?p=27368\",\"url\":\"https:\\\/\\\/akunq.net\\\/tr\\\/?p=27368\",\"name\":\"Sarkisyan-Davuto\u011flu aras\u0131nda bir g\u00f6r\u00fc\u015fme planlanm\u0131\u015f de\u011fil - Bati Ermenistan Ve Bati Ermenileri Sorunlari Ara\u015ftirmalar Merkezi\",\"isPartOf\":{\"@id\":\"https:\\\/\\\/akunq.net\\\/tr\\\/#website\"},\"datePublished\":\"2013-12-12T06:52:03+00:00\",\"author\":{\"@id\":\"https:\\\/\\\/akunq.net\\\/tr\\\/#\\\/schema\\\/person\\\/096f1d38a12cce57fb855b485ed24c9e\"},\"breadcrumb\":{\"@id\":\"https:\\\/\\\/akunq.net\\\/tr\\\/?p=27368#breadcrumb\"},\"inLanguage\":\"en-US\",\"potentialAction\":[{\"@type\":\"ReadAction\",\"target\":[\"https:\\\/\\\/akunq.net\\\/tr\\\/?p=27368\"]}]},{\"@type\":\"BreadcrumbList\",\"@id\":\"https:\\\/\\\/akunq.net\\\/tr\\\/?p=27368#breadcrumb\",\"itemListElement\":[{\"@type\":\"ListItem\",\"position\":1,\"name\":\"Home\",\"item\":\"https:\\\/\\\/akunq.net\\\/tr\"},{\"@type\":\"ListItem\",\"position\":2,\"name\":\"Sarkisyan-Davuto\u011flu aras\u0131nda bir g\u00f6r\u00fc\u015fme planlanm\u0131\u015f de\u011fil\"}]},{\"@type\":\"WebSite\",\"@id\":\"https:\\\/\\\/akunq.net\\\/tr\\\/#website\",\"url\":\"https:\\\/\\\/akunq.net\\\/tr\\\/\",\"name\":\"Bati Ermenistan Ve Bati Ermenileri Sorunlari Ara\u015ftirmalar Merkezi\",\"description\":\"\",\"potentialAction\":[{\"@type\":\"SearchAction\",\"target\":{\"@type\":\"EntryPoint\",\"urlTemplate\":\"https:\\\/\\\/akunq.net\\\/tr\\\/?s={search_term_string}\"},\"query-input\":{\"@type\":\"PropertyValueSpecification\",\"valueRequired\":true,\"valueName\":\"search_term_string\"}}],\"inLanguage\":\"en-US\"},{\"@type\":\"Person\",\"@id\":\"https:\\\/\\\/akunq.net\\\/tr\\\/#\\\/schema\\\/person\\\/096f1d38a12cce57fb855b485ed24c9e\",\"name\":\"admin\",\"url\":\"https:\\\/\\\/akunq.net\\\/tr\\\/?author=7\"}]}<\/script>\n<!-- \/ Yoast SEO plugin. -->","yoast_head_json":{"title":"Sarkisyan-Davuto\u011flu aras\u0131nda bir g\u00f6r\u00fc\u015fme planlanm\u0131\u015f de\u011fil - Bati Ermenistan Ve Bati Ermenileri Sorunlari Ara\u015ftirmalar Merkezi","robots":{"index":"index","follow":"follow","max-snippet":"max-snippet:-1","max-image-preview":"max-image-preview:large","max-video-preview":"max-video-preview:-1"},"canonical":"https:\/\/akunq.net\/tr\/?p=27368","og_locale":"en_US","og_type":"article","og_title":"Sarkisyan-Davuto\u011flu aras\u0131nda bir g\u00f6r\u00fc\u015fme planlanm\u0131\u015f de\u011fil - Bati Ermenistan Ve Bati Ermenileri Sorunlari Ara\u015ftirmalar Merkezi","og_description":"T\u00fcrkiye D\u0131\u015fi\u015fleri Bakan\u0131\u00a0Ahmet Davuto\u011flu\u2019nun Yerevan ziyareti esnas\u0131nda Ermenistan Cumhurba\u015fkan\u0131 Serj Sarkisyan\u2019la bulu\u015fmas\u0131 planlanm\u0131\u015f de\u011fil ve ger\u00e7ekle\u015fmeyecek. A\u00e7\u0131klama Twitter \u00fczerinden\u00a0Ermenistan Cumhurba\u015fkanl\u0131\u011f\u0131\u00a0\u00a0Bas\u0131n sekreteri Arman Sa\u011fatelyan\u2019dan geldi. Ermenistan D\u0131\u015fi\u015fleri Bakanl\u0131\u011f\u0131 Bas\u0131n sekreteri Tigran Balayan, Karadeniz Ekonomik \u0130\u015fbirli\u011f \u00d6rg\u00fct\u00fc (KE\u0130\u00d6) oturumuna T\u00fcrkiye ve Azerbaycan dahil KE\u0130\u00d6 \u00fcyesi t\u00fcm \u00fclkelerin davet edilmi\u015f oldu\u011funu teyid etti. Bakan Davuto\u011flu, 12 Aral\u0131k\u2019ta Yerevan\u2019da [&hellip;]","og_url":"https:\/\/akunq.net\/tr\/?p=27368","og_site_name":"Bati Ermenistan Ve Bati Ermenileri Sorunlari Ara\u015ftirmalar Merkezi","article_published_time":"2013-12-12T06:52:03+00:00","author":"admin","twitter_card":"summary_large_image","twitter_misc":{"Written by":"admin","Est. reading time":"1 minute"},"schema":{"@context":"https:\/\/schema.org","@graph":[{"@type":"Article","@id":"https:\/\/akunq.net\/tr\/?p=27368#article","isPartOf":{"@id":"https:\/\/akunq.net\/tr\/?p=27368"},"author":{"name":"admin","@id":"https:\/\/akunq.net\/tr\/#\/schema\/person\/096f1d38a12cce57fb855b485ed24c9e"},"headline":"Sarkisyan-Davuto\u011flu aras\u0131nda bir g\u00f6r\u00fc\u015fme planlanm\u0131\u015f de\u011fil","datePublished":"2013-12-12T06:52:03+00:00","mainEntityOfPage":{"@id":"https:\/\/akunq.net\/tr\/?p=27368"},"wordCount":252,"commentCount":0,"articleSection":["Ermenistan-T\u00fcrkiye","Haberler"],"inLanguage":"en-US","potentialAction":[{"@type":"CommentAction","name":"Comment","target":["https:\/\/akunq.net\/tr\/?p=27368#respond"]}]},{"@type":"WebPage","@id":"https:\/\/akunq.net\/tr\/?p=27368","url":"https:\/\/akunq.net\/tr\/?p=27368","name":"Sarkisyan-Davuto\u011flu aras\u0131nda bir g\u00f6r\u00fc\u015fme planlanm\u0131\u015f de\u011fil - Bati Ermenistan Ve Bati Ermenileri Sorunlari Ara\u015ftirmalar Merkezi","isPartOf":{"@id":"https:\/\/akunq.net\/tr\/#website"},"datePublished":"2013-12-12T06:52:03+00:00","author":{"@id":"https:\/\/akunq.net\/tr\/#\/schema\/person\/096f1d38a12cce57fb855b485ed24c9e"},"breadcrumb":{"@id":"https:\/\/akunq.net\/tr\/?p=27368#breadcrumb"},"inLanguage":"en-US","potentialAction":[{"@type":"ReadAction","target":["https:\/\/akunq.net\/tr\/?p=27368"]}]},{"@type":"BreadcrumbList","@id":"https:\/\/akunq.net\/tr\/?p=27368#breadcrumb","itemListElement":[{"@type":"ListItem","position":1,"name":"Home","item":"https:\/\/akunq.net\/tr"},{"@type":"ListItem","position":2,"name":"Sarkisyan-Davuto\u011flu aras\u0131nda bir g\u00f6r\u00fc\u015fme planlanm\u0131\u015f de\u011fil"}]},{"@type":"WebSite","@id":"https:\/\/akunq.net\/tr\/#website","url":"https:\/\/akunq.net\/tr\/","name":"Bati Ermenistan Ve Bati Ermenileri Sorunlari Ara\u015ftirmalar Merkezi","description":"","potentialAction":[{"@type":"SearchAction","target":{"@type":"EntryPoint","urlTemplate":"https:\/\/akunq.net\/tr\/?s={search_term_string}"},"query-input":{"@type":"PropertyValueSpecification","valueRequired":true,"valueName":"search_term_string"}}],"inLanguage":"en-US"},{"@type":"Person","@id":"https:\/\/akunq.net\/tr\/#\/schema\/person\/096f1d38a12cce57fb855b485ed24c9e","name":"admin","url":"https:\/\/akunq.net\/tr\/?author=7"}]}},"_links":{"self":[{"href":"https:\/\/akunq.net\/tr\/index.php?rest_route=\/wp\/v2\/posts\/27368","targetHints":{"allow":["GET"]}}],"collection":[{"href":"https:\/\/akunq.net\/tr\/index.php?rest_route=\/wp\/v2\/posts"}],"about":[{"href":"https:\/\/akunq.net\/tr\/index.php?rest_route=\/wp\/v2\/types\/post"}],"author":[{"embeddable":true,"href":"https:\/\/akunq.net\/tr\/index.php?rest_route=\/wp\/v2\/users\/7"}],"replies":[{"embeddable":true,"href":"https:\/\/akunq.net\/tr\/index.php?rest_route=%2Fwp%2Fv2%2Fcomments&post=27368"}],"version-history":[{"count":1,"href":"https:\/\/akunq.net\/tr\/index.php?rest_route=\/wp\/v2\/posts\/27368\/revisions"}],"predecessor-version":[{"id":27370,"href":"https:\/\/akunq.net\/tr\/index.php?rest_route=\/wp\/v2\/posts\/27368\/revisions\/27370"}],"wp:attachment":[{"href":"https:\/\/akunq.net\/tr\/index.php?rest_route=%2Fwp%2Fv2%2Fmedia&parent=27368"}],"wp:term":[{"taxonomy":"category","embeddable":true,"href":"https:\/\/akunq.net\/tr\/index.php?rest_route=%2Fwp%2Fv2%2Fcategories&post=27368"},{"taxonomy":"post_tag","embeddable":true,"href":"https:\/\/akunq.net\/tr\/index.php?rest_route=%2Fwp%2Fv2%2Ftags&post=27368"}],"curies":[{"name":"wp","href":"https:\/\/api.w.org\/{rel}","templated":true}]}}