{"id":27353,"date":"2013-12-11T02:23:13","date_gmt":"2013-12-11T07:23:13","guid":{"rendered":"http:\/\/akunq.net\/tr\/?p=27353"},"modified":"2013-12-11T02:23:13","modified_gmt":"2013-12-11T07:23:13","slug":"255-kisi-hakkinda-gezi-davasi","status":"publish","type":"post","link":"https:\/\/akunq.net\/tr\/?p=27353","title":{"rendered":"255 ki\u015fi hakk\u0131nda Gezi davas\u0131"},"content":{"rendered":"<p style=\"text-align: justify;\"><b><i><a href=\"http:\/\/akunq.net\/tr\/wp-content\/uploads\/2013\/12\/\u0533\u0565\u0566\u056b.jpg\"><img loading=\"lazy\" decoding=\"async\" class=\"alignright size-medium wp-image-27354\" alt=\"\u0533\u0565\u0566\u056b\" src=\"http:\/\/akunq.net\/tr\/wp-content\/uploads\/2013\/12\/\u0533\u0565\u0566\u056b-300x206.jpg\" width=\"300\" height=\"206\" srcset=\"https:\/\/akunq.net\/tr\/wp-content\/uploads\/sites\/6\/2013\/12\/\u0533\u0565\u0566\u056b-300x206.jpg 300w, https:\/\/akunq.net\/tr\/wp-content\/uploads\/sites\/6\/2013\/12\/\u0533\u0565\u0566\u056b.jpg 307w\" sizes=\"auto, (max-width: 300px) 100vw, 300px\" \/><\/a>Gezi direni\u015fi nedeniyle 255 ki\u015fi hakk\u0131nda ba\u015flat\u0131lan soru\u015fturma tamamland\u0131. 7&#8217;si yabanc\u0131 uyruklu 255 ki\u015fi hakk\u0131nda haz\u0131rlanan iddianame \u0130stanbul 55. Asliye Ceza Mahkemesi&#8217;ne g\u00f6nderildi. Savc\u0131l\u0131k, 42 soru\u015fturman\u0131n devam etti\u011fini bildirdi.<\/i><\/b><\/p>\n<p style=\"text-align: justify;\">\u0130STANBUL- Haziran direni\u015fine kat\u0131ld\u0131klar\u0131 i\u00e7in haklar\u0131nda soru\u015fturma ba\u015flat\u0131lan 255 ki\u015fi hakk\u0131nda \u0130stanbul Cumhuriyet Ba\u015fsavc\u0131l\u0131\u011f\u0131 taraf\u0131ndan haz\u0131rlanan iddianame tamamland\u0131.<\/p>\n<p style=\"text-align: justify;\">Taksim Gezi Park\u0131\u2019ndaki olaylarla ilgili \u0130stanbul Cumhuriyet Ba\u015fsavc\u0131l\u0131\u011f\u0131 a\u00e7\u0131klama yapt\u0131. A\u00e7\u0131klamada, Gezi Park\u0131 direni\u015fi nedeniyle \u0130stanbul\u2019da \u015fu ana kadar 40 ayr\u0131 iddianame ile 308 ki\u015fi hakk\u0131nda dava a\u00e7\u0131ld\u0131\u011f\u0131 ifade edildi. Ba\u015fsavc\u0131l\u0131k polis \u015fiddetinden korunmak i\u00e7in Bezmi Alem Valide Sultan Camii\u2019ne giren direni\u015f\u00e7ilerinde aralar\u0131nda oldu\u011fu 225 ki\u015fi hakk\u0131nda dava a\u00e7\u0131ld\u0131\u011f\u0131n\u0131 bildirdi.<\/p>\n<p style=\"text-align: justify;\">6 Aral\u0131k 2013 tarihli iddianamede, direni\u015f\u00e7ilerin &#8220;toplant\u0131 ve g\u00f6steri y\u00fcr\u00fcy\u00fc\u015f\u00fc kanununa muhalefet&#8221;, &#8220;g\u00f6revi yapt\u0131rmamak i\u00e7in direnme&#8221;, &#8220;kamu g\u00f6revlilerine g\u00f6revinden dolay\u0131 hakaret&#8221;, &#8220;kamu g\u00f6revini us\u00fcls\u00fcz \u00fcstlenme&#8221;, &#8220;kamu mal\u0131na zarar verme&#8221;, &#8220;ibadethaneyi kirletme suretiyle zarar verme&#8221; ve &#8220;su\u00e7luyu kay\u0131rma&#8221; iddialardan cezaland\u0131r\u0131lmalar\u0131 isteniyor.<\/p>\n<p style=\"text-align: justify;\">Soru\u015fturma kapsam\u0131nda 10 ki\u015fi hakk\u0131nda yeterli delil bulunmad\u0131\u011f\u0131, fiillerin su\u00e7 te\u015fkil etmedi\u011fi gibi gerek\u00e7elerle takipsizlik karar\u0131 verildi.<\/p>\n<p style=\"text-align: justify;\">\u0130ddianame \u0130stanbul 55. Asliye Ceza Mahkemesi\u2019ne g\u00f6nderildi.<\/p>\n<p style=\"text-align: justify;\">Ba\u015fsavc\u0131l\u0131k ayr\u0131ca 249 ki\u015finin \u015fikayeti ve ma\u011fduriyeti do\u011frultusunda da soru\u015fturma ba\u015flatt\u0131klar\u0131n\u0131 bildirdi. A\u00e7\u0131klamada say\u0131lar\u0131 ve kimlikleri tam olarak bilinmeyen bu ki\u015filer hakk\u0131nda &#8220;2911 Say\u0131l\u0131 Toplant\u0131 ve G\u00f6steri Y\u00fcr\u00fcy\u00fc\u015fleri Hakk\u0131ndaki Kanuna muhalefet&#8221;, &#8220;Kamu g\u00f6revlilerine g\u00f6revi yapt\u0131rmamak i\u00e7in direnme&#8221;, &#8220;mala zarar verme&#8221;, &#8220;Kamu mal\u0131na zarar verme&#8221;, &#8220;Kamu g\u00f6revlisini kasten yaralama&#8221;, &#8220;ya\u011fma&#8221;, &#8220;H\u0131rs\u0131zl\u0131k&#8221; iddialara ili\u015fkin soru\u015fturman\u0131n devam etti\u011fi bildirildi. Bu ki\u015filerin kimliklerinin tespiti i\u00e7in de g\u00fcvenlik birimlerine talimat verildi\u011fi ifade edildi.<\/p>\n<div style=\"text-align: justify;\">\n<p><b>TMK\u2019DA 6 AYRI SORU\u015eTURMA<\/b><\/p>\n<\/div>\n<p style=\"text-align: justify;\">Gezi olaylar\u0131yla ilgili \u0130stanbul&#8217;da bug\u00fcne kadar 40 iddianame ile 308 ki\u015fi hakk\u0131nda dava a\u00e7\u0131ld\u0131\u011f\u0131n\u0131 belirtildi. 36 ayr\u0131 soru\u015fturman\u0131n da halen devam etti\u011fi kaydedildi. Bununla birlikte Ba\u015fsavc\u0131l\u0131k &#8220;Ter\u00f6rle M\u00fccadele Kanunu&#8221; (TMK) b\u00fcrosunda da 6 ayr\u0131 soru\u015fturma y\u00fcr\u00fct\u00fcld\u00fc\u011f\u00fcn\u00fc a\u00e7\u0131klad\u0131. Ba\u015fsavc\u0131l\u0131k &#8220;Bu soru\u015fturmalar k\u0131smen daha \u00f6nce ba\u015flat\u0131lm\u0131\u015f olup, Gezi Park\u0131 olaylar\u0131yla beraber ba\u015fka yer ve zamanlardaki fiilleri de kapsamaktad\u0131r&#8221; dedi.<\/p>\n<p style=\"text-align: justify;\">Haziran direni\u015fi nedeniyle yap\u0131lan operasyon kapsam\u0131nda aralar\u0131nda ESP y\u00f6netici ve \u00fcyelerinin oldu\u011fu 94 ki\u015fi 6 ayd\u0131r tutuklu.<\/p>\n<p style=\"text-align: justify;\"><b><i>http:\/\/www.etha.com.tr\/Haber\/2013\/12\/10\/guncel\/haziran-direnisi-iddianamesi-tamamlandi\/<\/i><\/b><\/p>\n","protected":false},"excerpt":{"rendered":"<p>Gezi direni\u015fi nedeniyle 255 ki\u015fi hakk\u0131nda ba\u015flat\u0131lan soru\u015fturma tamamland\u0131. 7&#8217;si yabanc\u0131 uyruklu 255 ki\u015fi hakk\u0131nda haz\u0131rlanan iddianame \u0130stanbul 55. Asliye Ceza Mahkemesi&#8217;ne g\u00f6nderildi. Savc\u0131l\u0131k, 42 soru\u015fturman\u0131n devam etti\u011fini bildirdi. \u0130STANBUL- Haziran direni\u015fine kat\u0131ld\u0131klar\u0131 i\u00e7in haklar\u0131nda soru\u015fturma ba\u015flat\u0131lan 255 ki\u015fi hakk\u0131nda \u0130stanbul Cumhuriyet Ba\u015fsavc\u0131l\u0131\u011f\u0131 taraf\u0131ndan haz\u0131rlanan iddianame tamamland\u0131. Taksim Gezi Park\u0131\u2019ndaki olaylarla ilgili \u0130stanbul Cumhuriyet Ba\u015fsavc\u0131l\u0131\u011f\u0131 [&hellip;]<\/p>\n","protected":false},"author":7,"featured_media":0,"comment_status":"open","ping_status":"open","sticky":false,"template":"","format":"standard","meta":{"footnotes":""},"categories":[1],"tags":[],"class_list":["post-27353","post","type-post","status-publish","format-standard","hentry","category-haberler"],"yoast_head":"<!-- This site is optimized with the Yoast SEO plugin v27.4 - https:\/\/yoast.com\/product\/yoast-seo-wordpress\/ -->\n<title>255 ki\u015fi hakk\u0131nda Gezi davas\u0131 - Bati Ermenistan Ve Bati Ermenileri Sorunlari Ara\u015ftirmalar Merkezi<\/title>\n<meta name=\"robots\" content=\"index, follow, max-snippet:-1, max-image-preview:large, max-video-preview:-1\" \/>\n<link rel=\"canonical\" href=\"https:\/\/akunq.net\/tr\/?p=27353\" \/>\n<meta property=\"og:locale\" content=\"en_US\" \/>\n<meta property=\"og:type\" content=\"article\" \/>\n<meta property=\"og:title\" content=\"255 ki\u015fi hakk\u0131nda Gezi davas\u0131 - Bati Ermenistan Ve Bati Ermenileri Sorunlari Ara\u015ftirmalar Merkezi\" \/>\n<meta property=\"og:description\" content=\"Gezi direni\u015fi nedeniyle 255 ki\u015fi hakk\u0131nda ba\u015flat\u0131lan soru\u015fturma tamamland\u0131. 7&#8217;si yabanc\u0131 uyruklu 255 ki\u015fi hakk\u0131nda haz\u0131rlanan iddianame \u0130stanbul 55. Asliye Ceza Mahkemesi&#8217;ne g\u00f6nderildi. Savc\u0131l\u0131k, 42 soru\u015fturman\u0131n devam etti\u011fini bildirdi. \u0130STANBUL- Haziran direni\u015fine kat\u0131ld\u0131klar\u0131 i\u00e7in haklar\u0131nda soru\u015fturma ba\u015flat\u0131lan 255 ki\u015fi hakk\u0131nda \u0130stanbul Cumhuriyet Ba\u015fsavc\u0131l\u0131\u011f\u0131 taraf\u0131ndan haz\u0131rlanan iddianame tamamland\u0131. Taksim Gezi Park\u0131\u2019ndaki olaylarla ilgili \u0130stanbul Cumhuriyet Ba\u015fsavc\u0131l\u0131\u011f\u0131 [&hellip;]\" \/>\n<meta property=\"og:url\" content=\"https:\/\/akunq.net\/tr\/?p=27353\" \/>\n<meta property=\"og:site_name\" content=\"Bati Ermenistan Ve Bati Ermenileri Sorunlari Ara\u015ftirmalar Merkezi\" \/>\n<meta property=\"article:published_time\" content=\"2013-12-11T07:23:13+00:00\" \/>\n<meta name=\"author\" content=\"admin\" \/>\n<meta name=\"twitter:card\" content=\"summary_large_image\" \/>\n<meta name=\"twitter:label1\" content=\"Written by\" \/>\n\t<meta name=\"twitter:data1\" content=\"admin\" \/>\n\t<meta name=\"twitter:label2\" content=\"Est. reading time\" \/>\n\t<meta name=\"twitter:data2\" content=\"2 minutes\" \/>\n<script type=\"application\/ld+json\" class=\"yoast-schema-graph\">{\"@context\":\"https:\\\/\\\/schema.org\",\"@graph\":[{\"@type\":\"Article\",\"@id\":\"https:\\\/\\\/akunq.net\\\/tr\\\/?p=27353#article\",\"isPartOf\":{\"@id\":\"https:\\\/\\\/akunq.net\\\/tr\\\/?p=27353\"},\"author\":{\"name\":\"admin\",\"@id\":\"https:\\\/\\\/akunq.net\\\/tr\\\/#\\\/schema\\\/person\\\/096f1d38a12cce57fb855b485ed24c9e\"},\"headline\":\"255 ki\u015fi hakk\u0131nda Gezi davas\u0131\",\"datePublished\":\"2013-12-11T07:23:13+00:00\",\"mainEntityOfPage\":{\"@id\":\"https:\\\/\\\/akunq.net\\\/tr\\\/?p=27353\"},\"wordCount\":458,\"commentCount\":0,\"articleSection\":[\"Haberler\"],\"inLanguage\":\"en-US\",\"potentialAction\":[{\"@type\":\"CommentAction\",\"name\":\"Comment\",\"target\":[\"https:\\\/\\\/akunq.net\\\/tr\\\/?p=27353#respond\"]}]},{\"@type\":\"WebPage\",\"@id\":\"https:\\\/\\\/akunq.net\\\/tr\\\/?p=27353\",\"url\":\"https:\\\/\\\/akunq.net\\\/tr\\\/?p=27353\",\"name\":\"255 ki\u015fi hakk\u0131nda Gezi davas\u0131 - Bati Ermenistan Ve Bati Ermenileri Sorunlari Ara\u015ftirmalar Merkezi\",\"isPartOf\":{\"@id\":\"https:\\\/\\\/akunq.net\\\/tr\\\/#website\"},\"datePublished\":\"2013-12-11T07:23:13+00:00\",\"author\":{\"@id\":\"https:\\\/\\\/akunq.net\\\/tr\\\/#\\\/schema\\\/person\\\/096f1d38a12cce57fb855b485ed24c9e\"},\"breadcrumb\":{\"@id\":\"https:\\\/\\\/akunq.net\\\/tr\\\/?p=27353#breadcrumb\"},\"inLanguage\":\"en-US\",\"potentialAction\":[{\"@type\":\"ReadAction\",\"target\":[\"https:\\\/\\\/akunq.net\\\/tr\\\/?p=27353\"]}]},{\"@type\":\"BreadcrumbList\",\"@id\":\"https:\\\/\\\/akunq.net\\\/tr\\\/?p=27353#breadcrumb\",\"itemListElement\":[{\"@type\":\"ListItem\",\"position\":1,\"name\":\"Home\",\"item\":\"https:\\\/\\\/akunq.net\\\/tr\"},{\"@type\":\"ListItem\",\"position\":2,\"name\":\"255 ki\u015fi hakk\u0131nda Gezi davas\u0131\"}]},{\"@type\":\"WebSite\",\"@id\":\"https:\\\/\\\/akunq.net\\\/tr\\\/#website\",\"url\":\"https:\\\/\\\/akunq.net\\\/tr\\\/\",\"name\":\"Bati Ermenistan Ve Bati Ermenileri Sorunlari Ara\u015ftirmalar Merkezi\",\"description\":\"\",\"potentialAction\":[{\"@type\":\"SearchAction\",\"target\":{\"@type\":\"EntryPoint\",\"urlTemplate\":\"https:\\\/\\\/akunq.net\\\/tr\\\/?s={search_term_string}\"},\"query-input\":{\"@type\":\"PropertyValueSpecification\",\"valueRequired\":true,\"valueName\":\"search_term_string\"}}],\"inLanguage\":\"en-US\"},{\"@type\":\"Person\",\"@id\":\"https:\\\/\\\/akunq.net\\\/tr\\\/#\\\/schema\\\/person\\\/096f1d38a12cce57fb855b485ed24c9e\",\"name\":\"admin\",\"url\":\"https:\\\/\\\/akunq.net\\\/tr\\\/?author=7\"}]}<\/script>\n<!-- \/ Yoast SEO plugin. -->","yoast_head_json":{"title":"255 ki\u015fi hakk\u0131nda Gezi davas\u0131 - Bati Ermenistan Ve Bati Ermenileri Sorunlari Ara\u015ftirmalar Merkezi","robots":{"index":"index","follow":"follow","max-snippet":"max-snippet:-1","max-image-preview":"max-image-preview:large","max-video-preview":"max-video-preview:-1"},"canonical":"https:\/\/akunq.net\/tr\/?p=27353","og_locale":"en_US","og_type":"article","og_title":"255 ki\u015fi hakk\u0131nda Gezi davas\u0131 - Bati Ermenistan Ve Bati Ermenileri Sorunlari Ara\u015ftirmalar Merkezi","og_description":"Gezi direni\u015fi nedeniyle 255 ki\u015fi hakk\u0131nda ba\u015flat\u0131lan soru\u015fturma tamamland\u0131. 7&#8217;si yabanc\u0131 uyruklu 255 ki\u015fi hakk\u0131nda haz\u0131rlanan iddianame \u0130stanbul 55. Asliye Ceza Mahkemesi&#8217;ne g\u00f6nderildi. Savc\u0131l\u0131k, 42 soru\u015fturman\u0131n devam etti\u011fini bildirdi. \u0130STANBUL- Haziran direni\u015fine kat\u0131ld\u0131klar\u0131 i\u00e7in haklar\u0131nda soru\u015fturma ba\u015flat\u0131lan 255 ki\u015fi hakk\u0131nda \u0130stanbul Cumhuriyet Ba\u015fsavc\u0131l\u0131\u011f\u0131 taraf\u0131ndan haz\u0131rlanan iddianame tamamland\u0131. Taksim Gezi Park\u0131\u2019ndaki olaylarla ilgili \u0130stanbul Cumhuriyet Ba\u015fsavc\u0131l\u0131\u011f\u0131 [&hellip;]","og_url":"https:\/\/akunq.net\/tr\/?p=27353","og_site_name":"Bati Ermenistan Ve Bati Ermenileri Sorunlari Ara\u015ftirmalar Merkezi","article_published_time":"2013-12-11T07:23:13+00:00","author":"admin","twitter_card":"summary_large_image","twitter_misc":{"Written by":"admin","Est. reading time":"2 minutes"},"schema":{"@context":"https:\/\/schema.org","@graph":[{"@type":"Article","@id":"https:\/\/akunq.net\/tr\/?p=27353#article","isPartOf":{"@id":"https:\/\/akunq.net\/tr\/?p=27353"},"author":{"name":"admin","@id":"https:\/\/akunq.net\/tr\/#\/schema\/person\/096f1d38a12cce57fb855b485ed24c9e"},"headline":"255 ki\u015fi hakk\u0131nda Gezi davas\u0131","datePublished":"2013-12-11T07:23:13+00:00","mainEntityOfPage":{"@id":"https:\/\/akunq.net\/tr\/?p=27353"},"wordCount":458,"commentCount":0,"articleSection":["Haberler"],"inLanguage":"en-US","potentialAction":[{"@type":"CommentAction","name":"Comment","target":["https:\/\/akunq.net\/tr\/?p=27353#respond"]}]},{"@type":"WebPage","@id":"https:\/\/akunq.net\/tr\/?p=27353","url":"https:\/\/akunq.net\/tr\/?p=27353","name":"255 ki\u015fi hakk\u0131nda Gezi davas\u0131 - Bati Ermenistan Ve Bati Ermenileri Sorunlari Ara\u015ftirmalar Merkezi","isPartOf":{"@id":"https:\/\/akunq.net\/tr\/#website"},"datePublished":"2013-12-11T07:23:13+00:00","author":{"@id":"https:\/\/akunq.net\/tr\/#\/schema\/person\/096f1d38a12cce57fb855b485ed24c9e"},"breadcrumb":{"@id":"https:\/\/akunq.net\/tr\/?p=27353#breadcrumb"},"inLanguage":"en-US","potentialAction":[{"@type":"ReadAction","target":["https:\/\/akunq.net\/tr\/?p=27353"]}]},{"@type":"BreadcrumbList","@id":"https:\/\/akunq.net\/tr\/?p=27353#breadcrumb","itemListElement":[{"@type":"ListItem","position":1,"name":"Home","item":"https:\/\/akunq.net\/tr"},{"@type":"ListItem","position":2,"name":"255 ki\u015fi hakk\u0131nda Gezi davas\u0131"}]},{"@type":"WebSite","@id":"https:\/\/akunq.net\/tr\/#website","url":"https:\/\/akunq.net\/tr\/","name":"Bati Ermenistan Ve Bati Ermenileri Sorunlari Ara\u015ftirmalar Merkezi","description":"","potentialAction":[{"@type":"SearchAction","target":{"@type":"EntryPoint","urlTemplate":"https:\/\/akunq.net\/tr\/?s={search_term_string}"},"query-input":{"@type":"PropertyValueSpecification","valueRequired":true,"valueName":"search_term_string"}}],"inLanguage":"en-US"},{"@type":"Person","@id":"https:\/\/akunq.net\/tr\/#\/schema\/person\/096f1d38a12cce57fb855b485ed24c9e","name":"admin","url":"https:\/\/akunq.net\/tr\/?author=7"}]}},"_links":{"self":[{"href":"https:\/\/akunq.net\/tr\/index.php?rest_route=\/wp\/v2\/posts\/27353","targetHints":{"allow":["GET"]}}],"collection":[{"href":"https:\/\/akunq.net\/tr\/index.php?rest_route=\/wp\/v2\/posts"}],"about":[{"href":"https:\/\/akunq.net\/tr\/index.php?rest_route=\/wp\/v2\/types\/post"}],"author":[{"embeddable":true,"href":"https:\/\/akunq.net\/tr\/index.php?rest_route=\/wp\/v2\/users\/7"}],"replies":[{"embeddable":true,"href":"https:\/\/akunq.net\/tr\/index.php?rest_route=%2Fwp%2Fv2%2Fcomments&post=27353"}],"version-history":[{"count":1,"href":"https:\/\/akunq.net\/tr\/index.php?rest_route=\/wp\/v2\/posts\/27353\/revisions"}],"predecessor-version":[{"id":27355,"href":"https:\/\/akunq.net\/tr\/index.php?rest_route=\/wp\/v2\/posts\/27353\/revisions\/27355"}],"wp:attachment":[{"href":"https:\/\/akunq.net\/tr\/index.php?rest_route=%2Fwp%2Fv2%2Fmedia&parent=27353"}],"wp:term":[{"taxonomy":"category","embeddable":true,"href":"https:\/\/akunq.net\/tr\/index.php?rest_route=%2Fwp%2Fv2%2Fcategories&post=27353"},{"taxonomy":"post_tag","embeddable":true,"href":"https:\/\/akunq.net\/tr\/index.php?rest_route=%2Fwp%2Fv2%2Ftags&post=27353"}],"curies":[{"name":"wp","href":"https:\/\/api.w.org\/{rel}","templated":true}]}}