{"id":27344,"date":"2013-12-10T03:16:19","date_gmt":"2013-12-10T08:16:19","guid":{"rendered":"http:\/\/akunq.net\/tr\/?p=27344"},"modified":"2013-12-10T03:16:19","modified_gmt":"2013-12-10T08:16:19","slug":"tbmmde-yumruklu-kurdistan-kavgasi","status":"publish","type":"post","link":"https:\/\/akunq.net\/tr\/?p=27344","title":{"rendered":"TBMM&#8217;de yumruklu &#8216;K\u00fcrdistan&#8217; kavgas\u0131"},"content":{"rendered":"<p style=\"text-align: justify;\"><b><i><a href=\"http:\/\/akunq.net\/tr\/wp-content\/uploads\/2013\/12\/\u056e\u0565\u056e\u056f\u057c\u057f\u0578\u0582\u0584-\u0539\u0578\u0582\u0580\u0584\u056b\u0561\u0575\u056b-\u056d\u0578\u0580\u0570\u0580\u0564\u0561\u0580\u0561\u0576\u0578\u0582\u0574.jpg\"><img loading=\"lazy\" decoding=\"async\" class=\"alignright size-full wp-image-27345\" alt=\"\u056e\u0565\u056e\u056f\u057c\u057f\u0578\u0582\u0584 \u0539\u0578\u0582\u0580\u0584\u056b\u0561\u0575\u056b \u056d\u0578\u0580\u0570\u0580\u0564\u0561\u0580\u0561\u0576\u0578\u0582\u0574\" src=\"http:\/\/akunq.net\/tr\/wp-content\/uploads\/2013\/12\/\u056e\u0565\u056e\u056f\u057c\u057f\u0578\u0582\u0584-\u0539\u0578\u0582\u0580\u0584\u056b\u0561\u0575\u056b-\u056d\u0578\u0580\u0570\u0580\u0564\u0561\u0580\u0561\u0576\u0578\u0582\u0574.jpg\" width=\"300\" height=\"202\" \/><\/a>TBMM Genel Kurulu&#8217;nda, 2014 Y\u0131l\u0131 Merkezi Y\u00f6netim B\u00fct\u00e7e Tasar\u0131s\u0131 g\u00f6r\u00fc\u015fmeleri s\u0131ras\u0131nda milletvekilleri aras\u0131nda &#8216;K\u00fcrdistan&#8217; ifadesi y\u00fcz\u00fcnden yumruklu tart\u0131\u015fma ya\u015fand\u0131. BDP&#8217;nin yazd\u0131\u011f\u0131, i\u00e7erisinde &#8216;T\u00fcrkiye K\u00fcrdistan\u0131&#8217; ifadesinin de bulundu\u011fu muhalefet \u015ferhi, Anayasaya ve \u0130\u00e7t\u00fcz\u00fc\u011fe ayk\u0131r\u0131 oldu\u011fu gerek\u00e7esiyle rapordan \u00e7\u0131kart\u0131ld\u0131.<\/i><\/b><\/p>\n<p style=\"text-align: justify;\"><a href=\"http:\/\/www.posta.com.tr\/DetayliAra?q=T\u00fcrkiye\" target=\"_blank\">T\u00fcrkiye<\/a> B\u00fcy\u00fck Millet Meclisi (TBMM) Genel Kurulu&#8217;nun 9 Aral\u0131k <a href=\"http:\/\/www.posta.com.tr\/DetayliAra?q=2013\" target=\"_blank\">2013<\/a> Pazartesi g\u00fcnl\u00fc 26. birle\u015fimi yoklama yap\u0131lmaks\u0131z\u0131n m\u00fc\u015fahede ile saat 14.00&#8217;te a\u00e7\u0131ld\u0131. <a href=\"http:\/\/www.posta.com.tr\/DetayliAra?q=TBMM\" target=\"_blank\">TBMM<\/a> Ba\u015fkanvekili Sad\u0131k Yakut&#8217;un y\u00f6netti\u011fi birle\u015fimde, g\u00fcndem d\u0131\u015f\u0131 ilk s\u00f6z\u00fc, cevapland\u0131r\u0131lmayan soru \u00f6nergeleri ile ilgili s\u00f6z isteyen <a href=\"http:\/\/www.posta.com.tr\/DetayliAra?q=MHP\" target=\"_blank\">MHP<\/a> <a href=\"http:\/\/www.posta.com.tr\/DetayliAra?q=Ankara\" target=\"_blank\">Ankara<\/a> Milletvekili \u00d6zcan Yeni\u00e7eri ald\u0131. Yeni\u00e7eri, soru \u00f6nergelerini cevapland\u0131rmayan bakanlar\u0131 ele\u015ftirdi.<\/p>\n<p style=\"text-align: justify;\">&#8216;<a href=\"http:\/\/www.posta.com.tr\/DetayliAra?q=K\u00fcrdistan\" target=\"_blank\">K\u00dcRD\u0130STAN<\/a><strong>&#8216; KEL\u0130MES\u0130N\u0130N \u00c7IKARILMASINI \u0130STED\u0130<\/strong><\/p>\n<p style=\"text-align: justify;\">MHP <a href=\"http:\/\/www.posta.com.tr\/DetayliAra?q=Grup\" target=\"_blank\">Grup<\/a> Ba\u015fkanvekili <a href=\"http:\/\/www.posta.com.tr\/DetayliAra?q=Oktay%20Vural\" target=\"_blank\">Oktay Vural<\/a>, K\u00fcrdistan ifadesinin \u00e7\u0131kar\u0131lmas\u0131 i\u00e7in 2014 B\u00fct\u00e7e Kanunu Tasar\u0131s\u0131&#8217;n\u0131 TBMM Ba\u015fkan\u0131 <a href=\"http:\/\/www.posta.com.tr\/DetayliAra?q=Cemil%20\u00c7i\u00e7ek\" target=\"_blank\">Cemil \u00c7i\u00e7ek<\/a>&#8216;e iade ettiklerini belirterek, <a href=\"http:\/\/www.posta.com.tr\/DetayliAra?q=Anayasa\" target=\"_blank\">Anayasa<\/a> ve i\u00e7 t\u00fcz\u00fc\u011fe ayk\u0131r\u0131 bu ifadelerin \u00e7\u0131kar\u0131lmas\u0131 i\u00e7in bir an \u00f6nce gereken ad\u0131mlar\u0131n at\u0131lmas\u0131n\u0131 istedi. <a href=\"http:\/\/www.posta.com.tr\/DetayliAra?q=BDP\" target=\"_blank\">BDP<\/a> Grup Ba\u015fkanvekili \u0130dris Baluken, <a href=\"http:\/\/www.posta.com.tr\/DetayliAra?q=Hakkari\" target=\"_blank\">Hakkari<\/a>&#8216;deki olaylar\u0131 hat\u0131rlatarak provokasyonun ortaya \u00e7\u0131kar\u0131lmas\u0131 i\u00e7in ad\u0131m at\u0131lmad\u0131k\u00e7a bunun bir par\u00e7as\u0131n\u0131n AK <a href=\"http:\/\/www.posta.com.tr\/DetayliAra?q=Parti\" target=\"_blank\">Parti<\/a>&#8216;nin oldu\u011funu s\u00f6yleyeceklerini kaydetti. Bu katliam\u0131n \u00fczerinin \u00f6rt\u00fclmeye \u00e7al\u0131\u015f\u0131ld\u0131\u011f\u0131n\u0131 dile getiren Baluken, &#8220;Bu sald\u0131r\u0131lar\u0131 k\u0131n\u0131yoruz. Halk\u0131m\u0131z her alanda demokratik tepkilerini ortaya koyacakt\u0131r. Sorumlular\u0131n bir an \u00f6nce g\u00f6revden al\u0131nmas\u0131n\u0131 istiyoruz.&#8221; dedi.<\/p>\n<p style=\"text-align: justify;\"><strong>TUTANAKLARA GE\u00c7MES\u0130N D\u0130YE TEKRARALAMADI<\/strong><\/p>\n<p style=\"text-align: justify;\">AK Parti Grup Ba\u015fkanvekili ve <a href=\"http:\/\/www.posta.com.tr\/DetayliAra?q=Kahramanmara\u015f\" target=\"_blank\">Kahramanmara\u015f<\/a> Milletvekili Mahir \u00dcnal, <a href=\"http:\/\/www.posta.com.tr\/DetayliAra?q=bar\u0131\u015f\" target=\"_blank\">Bar\u0131\u015f<\/a> ve Demokrasi Partisi&#8217;nin (BDP) muhalefet \u015ferhinde kulland\u0131\u011f\u0131 ifadeleri ele\u015ftirdi. Tutanaklara ge\u00e7mesin diye ifadeleri tekrarlamayan \u00dcnal&#8217;a BDP&#8217;lilerin &#8220;Ba\u015fbakan kulland\u0131&#8221; y\u00f6n\u00fcndeki tepkiler \u00fczerine ise Ba\u015fbakan&#8217;\u0131n <a href=\"http:\/\/www.posta.com.tr\/DetayliAra?q=Irak\" target=\"_blank\">Irak<\/a> Anayasas\u0131&#8217;na dayanarak bu ifadeyi kulland\u0131\u011f\u0131n\u0131 s\u00f6yledi.<\/p>\n<p style=\"text-align: justify;\">Bunun \u00fczerinden konunun ba\u015fka yerlere ta\u015f\u0131namayaca\u011f\u0131n\u0131 vurgulad\u0131. \u00dcnal, &#8220;Yaz\u0131lan muhalefet \u015ferhinde hi\u00e7bir iyi niyet bulunmamaktad\u0131r.&#8221; diye konu\u015ftu. Muhalefet \u015ferhindeki ifadelerin de\u011fi\u015ftirilerek yeniden raporun bas\u0131lmas\u0131n\u0131 istedi. BDP <a href=\"http:\/\/www.posta.com.tr\/DetayliAra?q=\u015e\u0131rnak\" target=\"_blank\">\u015e\u0131rnak<\/a> Milletvekili <a href=\"http:\/\/www.posta.com.tr\/DetayliAra?q=Hasip%20Kaplan\" target=\"_blank\">Hasip Kaplan<\/a>, i\u00e7 t\u00fcz\u00fc\u011fe g\u00f6re belirlenen konular\u0131n d\u0131\u015f\u0131nda bir konunun konu\u015fulamayaca\u011f\u0131n\u0131 ve bir karar al\u0131namayaca\u011f\u0131n\u0131 savundu. &#8220;Gazi Mustafa Kemal <a href=\"http:\/\/www.posta.com.tr\/DetayliAra?q=Atat\u00fcrk\" target=\"_blank\">Atat\u00fcrk<\/a>&#8216;\u00fcn s\u00f6yledi\u011fi &#8216;K\u00fcrdistan&#8217; s\u00f6z\u00fcn\u00fc bu tutanaklardan s\u00f6k\u00fcp atamayacaks\u0131n.&#8221; diyen Kaplan, &#8220;K\u00fcrdistan var, K\u00fcrtler var, K\u00fcrt dili var.&#8221; ifadelerini kulland\u0131.\u00a0<\/p>\n<p style=\"text-align: justify;\">&#8216;<strong>K\u00dcRTLER VAR BU \u00dcLKEDE, KABUL EDECEKS\u0130N\u0130Z&#8217;<\/strong><\/p>\n<p style=\"text-align: justify;\">&#8220;<a href=\"http:\/\/www.posta.com.tr\/DetayliAra?q=Diyarbak\u0131r\" target=\"_blank\">Diyarbak\u0131r<\/a>&#8216;da K\u00fcrdistan deyip gelip burada k\u0131v\u0131rtmaya gerek yoktur.&#8221; diyen Kaplan, K\u00fcrt ve K\u00fcrdistan&#8217;\u0131n Birle\u015fmi\u015f Milletler&#8217;de de varoldu\u011funu belirterek, &#8220;K\u00fcrtler var bu \u00fclkede, kabul edeceksiniz. Ya\u015fad\u0131\u011f\u0131 co\u011frafyas\u0131 K\u00fcrdistan&#8217;d\u0131r, bunu kabul edeceksiniz.&#8221; \u015feklinde konu\u015ftu.<\/p>\n<p style=\"text-align: justify;\"><a href=\"http:\/\/www.posta.com.tr\/DetayliAra?q=Kuzey%20Irak\" target=\"_blank\">Kuzey Irak<\/a> ile yap\u0131ld\u0131\u011f\u0131 belirtilen <a href=\"http:\/\/www.posta.com.tr\/DetayliAra?q=petrol\" target=\"_blank\">petrol<\/a> anla\u015fmas\u0131n\u0131 hat\u0131rlatan Kaplan, &#8220;\u0130\u015finize gelince \u00f6yle, i\u015finize gelmeyince b\u00f6yle.&#8221; dedi. &#8220;Siz K\u00fcrtleri \u00e7\u0131kar\u0131rsan\u0131z buras\u0131 T\u00fcrklerin Meclisi olur, K\u00fcrtlerin Meclisi olmaz.&#8221; diyen Kaplan, &#8220;Siz hayat\u0131n\u0131z\u0131n kumar\u0131n\u0131 oynuyorsunuz. Siz ne yapt\u0131\u011f\u0131n\u0131z\u0131n fark\u0131nda de\u011filsiniz.&#8221; ele\u015ftirisinde bulundu.<\/p>\n<p style=\"text-align: justify;\"><strong>BDP&#8217;L\u0130 VE MHP&#8217;L\u0130 VEK\u0130L TARTI\u015eTI<\/strong><\/p>\n<p style=\"text-align: justify;\">K\u00fcrdistan ifadesi \u00e7\u0131karsa 11 g\u00fcn boyunca K\u00fcrdistan diyeceklerini ve K\u00fcrtlere yap\u0131lanlar\u0131 anlatacaklar\u0131n\u0131 ifade eden Kaplan, b\u00f6yle hata yap\u0131l\u0131rsa bunun sonu\u00e7lar\u0131na katlan\u0131laca\u011f\u0131n\u0131 kaydetti. Kaplan, <a href=\"http:\/\/www.posta.com.tr\/DetayliAra?q=Meclis\" target=\"_blank\">Meclis<\/a> Genel Kurulu&#8217;nda konu\u015furken BDP&#8217;li Baluken ile Yeni\u00e7eri ve BDP Mu\u015f Milletvekili <a href=\"http:\/\/www.posta.com.tr\/DetayliAra?q=S\u0131rr\u0131%20Sak\u0131k\" target=\"_blank\">S\u0131rr\u0131 Sak\u0131k<\/a> konu\u015fuyordu. Bu s\u0131rada Baluken ile Yeni\u00e7eri aras\u0131nda s\u00f6zl\u00fc sata\u015fma ya\u015fand\u0131.<\/p>\n<p style=\"text-align: justify;\">Ard\u0131ndan ise Sak\u0131k ve Baluken tart\u0131\u015fmay\u0131 s\u00fcrd\u00fcrd\u00fc. Sinirlenen Baluken, Yeni\u00e7eri&#8217;ye yumruk atmaya kalk\u0131\u015ft\u0131. Birka\u00e7 defa yumruk sallayan Baluken&#8217;e araya giren di\u011fer milletvekilleri engel olmaya \u00e7al\u0131\u015ft\u0131. Bu s\u0131rada Yeni\u00e7eri ise oturdu\u011fu masas\u0131ndan hi\u00e7 kalkmad\u0131. Tart\u0131\u015fmalar \u00fczerine birle\u015fime ara verildi.<\/p>\n<p style=\"text-align: justify;\"><b><i>http:\/\/www.posta.com.tr\/siyaset\/HaberDetay\/TBMM-de-yumruklu&#8211;Kurdistan&#8211;kavgasi.htm?ArticleID=207968<\/i><\/b><\/p>\n","protected":false},"excerpt":{"rendered":"<p>TBMM Genel Kurulu&#8217;nda, 2014 Y\u0131l\u0131 Merkezi Y\u00f6netim B\u00fct\u00e7e Tasar\u0131s\u0131 g\u00f6r\u00fc\u015fmeleri s\u0131ras\u0131nda milletvekilleri aras\u0131nda &#8216;K\u00fcrdistan&#8217; ifadesi y\u00fcz\u00fcnden yumruklu tart\u0131\u015fma ya\u015fand\u0131. BDP&#8217;nin yazd\u0131\u011f\u0131, i\u00e7erisinde &#8216;T\u00fcrkiye K\u00fcrdistan\u0131&#8217; ifadesinin de bulundu\u011fu muhalefet \u015ferhi, Anayasaya ve \u0130\u00e7t\u00fcz\u00fc\u011fe ayk\u0131r\u0131 oldu\u011fu gerek\u00e7esiyle rapordan \u00e7\u0131kart\u0131ld\u0131. T\u00fcrkiye B\u00fcy\u00fck Millet Meclisi (TBMM) Genel Kurulu&#8217;nun 9 Aral\u0131k 2013 Pazartesi g\u00fcnl\u00fc 26. birle\u015fimi yoklama yap\u0131lmaks\u0131z\u0131n m\u00fc\u015fahede ile [&hellip;]<\/p>\n","protected":false},"author":7,"featured_media":0,"comment_status":"open","ping_status":"open","sticky":false,"template":"","format":"standard","meta":{"footnotes":""},"categories":[1],"tags":[],"class_list":["post-27344","post","type-post","status-publish","format-standard","hentry","category-haberler"],"yoast_head":"<!-- This site is optimized with the Yoast SEO plugin v27.4 - https:\/\/yoast.com\/product\/yoast-seo-wordpress\/ -->\n<title>TBMM&#039;de yumruklu &#039;K\u00fcrdistan&#039; kavgas\u0131 - Bati Ermenistan Ve Bati Ermenileri Sorunlari Ara\u015ftirmalar Merkezi<\/title>\n<meta name=\"robots\" content=\"index, follow, max-snippet:-1, max-image-preview:large, max-video-preview:-1\" \/>\n<link rel=\"canonical\" href=\"https:\/\/akunq.net\/tr\/?p=27344\" \/>\n<meta property=\"og:locale\" content=\"en_US\" \/>\n<meta property=\"og:type\" content=\"article\" \/>\n<meta property=\"og:title\" content=\"TBMM&#039;de yumruklu &#039;K\u00fcrdistan&#039; kavgas\u0131 - Bati Ermenistan Ve Bati Ermenileri Sorunlari Ara\u015ftirmalar Merkezi\" \/>\n<meta property=\"og:description\" content=\"TBMM Genel Kurulu&#8217;nda, 2014 Y\u0131l\u0131 Merkezi Y\u00f6netim B\u00fct\u00e7e Tasar\u0131s\u0131 g\u00f6r\u00fc\u015fmeleri s\u0131ras\u0131nda milletvekilleri aras\u0131nda &#8216;K\u00fcrdistan&#8217; ifadesi y\u00fcz\u00fcnden yumruklu tart\u0131\u015fma ya\u015fand\u0131. BDP&#8217;nin yazd\u0131\u011f\u0131, i\u00e7erisinde &#8216;T\u00fcrkiye K\u00fcrdistan\u0131&#8217; ifadesinin de bulundu\u011fu muhalefet \u015ferhi, Anayasaya ve \u0130\u00e7t\u00fcz\u00fc\u011fe ayk\u0131r\u0131 oldu\u011fu gerek\u00e7esiyle rapordan \u00e7\u0131kart\u0131ld\u0131. T\u00fcrkiye B\u00fcy\u00fck Millet Meclisi (TBMM) Genel Kurulu&#8217;nun 9 Aral\u0131k 2013 Pazartesi g\u00fcnl\u00fc 26. birle\u015fimi yoklama yap\u0131lmaks\u0131z\u0131n m\u00fc\u015fahede ile [&hellip;]\" \/>\n<meta property=\"og:url\" content=\"https:\/\/akunq.net\/tr\/?p=27344\" \/>\n<meta property=\"og:site_name\" content=\"Bati Ermenistan Ve Bati Ermenileri Sorunlari Ara\u015ftirmalar Merkezi\" \/>\n<meta property=\"article:published_time\" content=\"2013-12-10T08:16:19+00:00\" \/>\n<meta name=\"author\" content=\"admin\" \/>\n<meta name=\"twitter:card\" content=\"summary_large_image\" \/>\n<meta name=\"twitter:label1\" content=\"Written by\" \/>\n\t<meta name=\"twitter:data1\" content=\"admin\" \/>\n\t<meta name=\"twitter:label2\" content=\"Est. reading time\" \/>\n\t<meta name=\"twitter:data2\" content=\"3 minutes\" \/>\n<script type=\"application\/ld+json\" class=\"yoast-schema-graph\">{\"@context\":\"https:\\\/\\\/schema.org\",\"@graph\":[{\"@type\":\"Article\",\"@id\":\"https:\\\/\\\/akunq.net\\\/tr\\\/?p=27344#article\",\"isPartOf\":{\"@id\":\"https:\\\/\\\/akunq.net\\\/tr\\\/?p=27344\"},\"author\":{\"name\":\"admin\",\"@id\":\"https:\\\/\\\/akunq.net\\\/tr\\\/#\\\/schema\\\/person\\\/096f1d38a12cce57fb855b485ed24c9e\"},\"headline\":\"TBMM&#8217;de yumruklu &#8216;K\u00fcrdistan&#8217; kavgas\u0131\",\"datePublished\":\"2013-12-10T08:16:19+00:00\",\"mainEntityOfPage\":{\"@id\":\"https:\\\/\\\/akunq.net\\\/tr\\\/?p=27344\"},\"wordCount\":692,\"commentCount\":0,\"articleSection\":[\"Haberler\"],\"inLanguage\":\"en-US\",\"potentialAction\":[{\"@type\":\"CommentAction\",\"name\":\"Comment\",\"target\":[\"https:\\\/\\\/akunq.net\\\/tr\\\/?p=27344#respond\"]}]},{\"@type\":\"WebPage\",\"@id\":\"https:\\\/\\\/akunq.net\\\/tr\\\/?p=27344\",\"url\":\"https:\\\/\\\/akunq.net\\\/tr\\\/?p=27344\",\"name\":\"TBMM'de yumruklu 'K\u00fcrdistan' kavgas\u0131 - Bati Ermenistan Ve Bati Ermenileri Sorunlari Ara\u015ftirmalar Merkezi\",\"isPartOf\":{\"@id\":\"https:\\\/\\\/akunq.net\\\/tr\\\/#website\"},\"datePublished\":\"2013-12-10T08:16:19+00:00\",\"author\":{\"@id\":\"https:\\\/\\\/akunq.net\\\/tr\\\/#\\\/schema\\\/person\\\/096f1d38a12cce57fb855b485ed24c9e\"},\"breadcrumb\":{\"@id\":\"https:\\\/\\\/akunq.net\\\/tr\\\/?p=27344#breadcrumb\"},\"inLanguage\":\"en-US\",\"potentialAction\":[{\"@type\":\"ReadAction\",\"target\":[\"https:\\\/\\\/akunq.net\\\/tr\\\/?p=27344\"]}]},{\"@type\":\"BreadcrumbList\",\"@id\":\"https:\\\/\\\/akunq.net\\\/tr\\\/?p=27344#breadcrumb\",\"itemListElement\":[{\"@type\":\"ListItem\",\"position\":1,\"name\":\"Home\",\"item\":\"https:\\\/\\\/akunq.net\\\/tr\"},{\"@type\":\"ListItem\",\"position\":2,\"name\":\"TBMM&#8217;de yumruklu &#8216;K\u00fcrdistan&#8217; kavgas\u0131\"}]},{\"@type\":\"WebSite\",\"@id\":\"https:\\\/\\\/akunq.net\\\/tr\\\/#website\",\"url\":\"https:\\\/\\\/akunq.net\\\/tr\\\/\",\"name\":\"Bati Ermenistan Ve Bati Ermenileri Sorunlari Ara\u015ftirmalar Merkezi\",\"description\":\"\",\"potentialAction\":[{\"@type\":\"SearchAction\",\"target\":{\"@type\":\"EntryPoint\",\"urlTemplate\":\"https:\\\/\\\/akunq.net\\\/tr\\\/?s={search_term_string}\"},\"query-input\":{\"@type\":\"PropertyValueSpecification\",\"valueRequired\":true,\"valueName\":\"search_term_string\"}}],\"inLanguage\":\"en-US\"},{\"@type\":\"Person\",\"@id\":\"https:\\\/\\\/akunq.net\\\/tr\\\/#\\\/schema\\\/person\\\/096f1d38a12cce57fb855b485ed24c9e\",\"name\":\"admin\",\"url\":\"https:\\\/\\\/akunq.net\\\/tr\\\/?author=7\"}]}<\/script>\n<!-- \/ Yoast SEO plugin. -->","yoast_head_json":{"title":"TBMM'de yumruklu 'K\u00fcrdistan' kavgas\u0131 - Bati Ermenistan Ve Bati Ermenileri Sorunlari Ara\u015ftirmalar Merkezi","robots":{"index":"index","follow":"follow","max-snippet":"max-snippet:-1","max-image-preview":"max-image-preview:large","max-video-preview":"max-video-preview:-1"},"canonical":"https:\/\/akunq.net\/tr\/?p=27344","og_locale":"en_US","og_type":"article","og_title":"TBMM'de yumruklu 'K\u00fcrdistan' kavgas\u0131 - Bati Ermenistan Ve Bati Ermenileri Sorunlari Ara\u015ftirmalar Merkezi","og_description":"TBMM Genel Kurulu&#8217;nda, 2014 Y\u0131l\u0131 Merkezi Y\u00f6netim B\u00fct\u00e7e Tasar\u0131s\u0131 g\u00f6r\u00fc\u015fmeleri s\u0131ras\u0131nda milletvekilleri aras\u0131nda &#8216;K\u00fcrdistan&#8217; ifadesi y\u00fcz\u00fcnden yumruklu tart\u0131\u015fma ya\u015fand\u0131. BDP&#8217;nin yazd\u0131\u011f\u0131, i\u00e7erisinde &#8216;T\u00fcrkiye K\u00fcrdistan\u0131&#8217; ifadesinin de bulundu\u011fu muhalefet \u015ferhi, Anayasaya ve \u0130\u00e7t\u00fcz\u00fc\u011fe ayk\u0131r\u0131 oldu\u011fu gerek\u00e7esiyle rapordan \u00e7\u0131kart\u0131ld\u0131. T\u00fcrkiye B\u00fcy\u00fck Millet Meclisi (TBMM) Genel Kurulu&#8217;nun 9 Aral\u0131k 2013 Pazartesi g\u00fcnl\u00fc 26. birle\u015fimi yoklama yap\u0131lmaks\u0131z\u0131n m\u00fc\u015fahede ile [&hellip;]","og_url":"https:\/\/akunq.net\/tr\/?p=27344","og_site_name":"Bati Ermenistan Ve Bati Ermenileri Sorunlari Ara\u015ftirmalar Merkezi","article_published_time":"2013-12-10T08:16:19+00:00","author":"admin","twitter_card":"summary_large_image","twitter_misc":{"Written by":"admin","Est. reading time":"3 minutes"},"schema":{"@context":"https:\/\/schema.org","@graph":[{"@type":"Article","@id":"https:\/\/akunq.net\/tr\/?p=27344#article","isPartOf":{"@id":"https:\/\/akunq.net\/tr\/?p=27344"},"author":{"name":"admin","@id":"https:\/\/akunq.net\/tr\/#\/schema\/person\/096f1d38a12cce57fb855b485ed24c9e"},"headline":"TBMM&#8217;de yumruklu &#8216;K\u00fcrdistan&#8217; kavgas\u0131","datePublished":"2013-12-10T08:16:19+00:00","mainEntityOfPage":{"@id":"https:\/\/akunq.net\/tr\/?p=27344"},"wordCount":692,"commentCount":0,"articleSection":["Haberler"],"inLanguage":"en-US","potentialAction":[{"@type":"CommentAction","name":"Comment","target":["https:\/\/akunq.net\/tr\/?p=27344#respond"]}]},{"@type":"WebPage","@id":"https:\/\/akunq.net\/tr\/?p=27344","url":"https:\/\/akunq.net\/tr\/?p=27344","name":"TBMM'de yumruklu 'K\u00fcrdistan' kavgas\u0131 - Bati Ermenistan Ve Bati Ermenileri Sorunlari Ara\u015ftirmalar Merkezi","isPartOf":{"@id":"https:\/\/akunq.net\/tr\/#website"},"datePublished":"2013-12-10T08:16:19+00:00","author":{"@id":"https:\/\/akunq.net\/tr\/#\/schema\/person\/096f1d38a12cce57fb855b485ed24c9e"},"breadcrumb":{"@id":"https:\/\/akunq.net\/tr\/?p=27344#breadcrumb"},"inLanguage":"en-US","potentialAction":[{"@type":"ReadAction","target":["https:\/\/akunq.net\/tr\/?p=27344"]}]},{"@type":"BreadcrumbList","@id":"https:\/\/akunq.net\/tr\/?p=27344#breadcrumb","itemListElement":[{"@type":"ListItem","position":1,"name":"Home","item":"https:\/\/akunq.net\/tr"},{"@type":"ListItem","position":2,"name":"TBMM&#8217;de yumruklu &#8216;K\u00fcrdistan&#8217; kavgas\u0131"}]},{"@type":"WebSite","@id":"https:\/\/akunq.net\/tr\/#website","url":"https:\/\/akunq.net\/tr\/","name":"Bati Ermenistan Ve Bati Ermenileri Sorunlari Ara\u015ftirmalar Merkezi","description":"","potentialAction":[{"@type":"SearchAction","target":{"@type":"EntryPoint","urlTemplate":"https:\/\/akunq.net\/tr\/?s={search_term_string}"},"query-input":{"@type":"PropertyValueSpecification","valueRequired":true,"valueName":"search_term_string"}}],"inLanguage":"en-US"},{"@type":"Person","@id":"https:\/\/akunq.net\/tr\/#\/schema\/person\/096f1d38a12cce57fb855b485ed24c9e","name":"admin","url":"https:\/\/akunq.net\/tr\/?author=7"}]}},"_links":{"self":[{"href":"https:\/\/akunq.net\/tr\/index.php?rest_route=\/wp\/v2\/posts\/27344","targetHints":{"allow":["GET"]}}],"collection":[{"href":"https:\/\/akunq.net\/tr\/index.php?rest_route=\/wp\/v2\/posts"}],"about":[{"href":"https:\/\/akunq.net\/tr\/index.php?rest_route=\/wp\/v2\/types\/post"}],"author":[{"embeddable":true,"href":"https:\/\/akunq.net\/tr\/index.php?rest_route=\/wp\/v2\/users\/7"}],"replies":[{"embeddable":true,"href":"https:\/\/akunq.net\/tr\/index.php?rest_route=%2Fwp%2Fv2%2Fcomments&post=27344"}],"version-history":[{"count":1,"href":"https:\/\/akunq.net\/tr\/index.php?rest_route=\/wp\/v2\/posts\/27344\/revisions"}],"predecessor-version":[{"id":27346,"href":"https:\/\/akunq.net\/tr\/index.php?rest_route=\/wp\/v2\/posts\/27344\/revisions\/27346"}],"wp:attachment":[{"href":"https:\/\/akunq.net\/tr\/index.php?rest_route=%2Fwp%2Fv2%2Fmedia&parent=27344"}],"wp:term":[{"taxonomy":"category","embeddable":true,"href":"https:\/\/akunq.net\/tr\/index.php?rest_route=%2Fwp%2Fv2%2Fcategories&post=27344"},{"taxonomy":"post_tag","embeddable":true,"href":"https:\/\/akunq.net\/tr\/index.php?rest_route=%2Fwp%2Fv2%2Ftags&post=27344"}],"curies":[{"name":"wp","href":"https:\/\/api.w.org\/{rel}","templated":true}]}}