{"id":27308,"date":"2013-12-09T02:42:22","date_gmt":"2013-12-09T07:42:22","guid":{"rendered":"http:\/\/akunq.net\/tr\/?p=27308"},"modified":"2013-12-09T02:42:38","modified_gmt":"2013-12-09T07:42:38","slug":"dile-ayar","status":"publish","type":"post","link":"https:\/\/akunq.net\/tr\/?p=27308","title":{"rendered":"Dile ayar!"},"content":{"rendered":"<h2 style=\"text-align: justify;\"><i><a href=\"http:\/\/akunq.net\/tr\/wp-content\/uploads\/2013\/12\/Erdo\u011fan.jpg\"><img loading=\"lazy\" decoding=\"async\" class=\"alignright size-full wp-image-27309\" alt=\"Erdo\u011fan\" src=\"http:\/\/akunq.net\/tr\/wp-content\/uploads\/2013\/12\/Erdo\u011fan.jpg\" width=\"290\" height=\"298\" \/><\/a>\u201cPis g\u00e2vur, ermeni d\u00f6l\u00fc, yobaz\u2026\u201d diyenlere ceza geliyor!<\/i><\/h2>\n<p style=\"text-align: justify;\">Ba\u015fbakan Tayyip Erdo\u011fan&#8217;\u0131n a\u00e7\u0131klad\u0131\u011f\u0131 <a href=\"http:\/\/www.haberturk.com\/etiket\/demokratikle\u015fme_paketi\">demokratikle\u015fme paketi<\/a>yle; nefret, ayr\u0131mc\u0131l\u0131k, ya\u015fam tarz\u0131na m\u00fcdahale gibi su\u00e7lar ilk kez T\u00fcrk Ceza Kanunu&#8217;na giriyor. D\u00fczenlemeyle; adam \u00f6ld\u00fcrme, yaralama, tehdit ve hakaret gibi su\u00e7lar nefret su\u00e7u kapsam\u0131na al\u0131nacak.<br \/>\n&#8220;\u0130..e, k\u0131z\u0131lba\u015f, pis T\u00fcrk, h\u0131rs\u0131z \u00e7ingene, pis gavur, Ermeni d\u00f6l\u00fc, Yezid, yobaz, zenci, ateist, k\u00f6r R\u0131za&#8221; gibi ifadelerin &#8220;nefret ve hakaret saiki&#8221;yle s\u00f6ylenmesi halinde cezas\u0131 artacak.<\/p>\n<p style=\"text-align: justify;\"><strong>YEN\u0130 \u0130\u00c7T\u0130HATLAR<\/strong><\/p>\n<p style=\"text-align: justify;\">TCK&#8217;n\u0131n &#8220;Hakaret&#8221; su\u00e7unu d\u00fczenleyen 125. maddesine g\u00f6re hakaret; ki\u015finin dini, siyasi, sosyal, felsefi inan\u00e7, d\u00fc\u015f\u00fcnce ve kanaatlerini a\u00e7\u0131klamas\u0131ndan, de\u011fi\u015ftirmesinden, yaymaya \u00e7al\u0131\u015fmas\u0131ndan, mensup oldu\u011fu dinin emir ve yasaklar\u0131na uygun davranmas\u0131ndan dolay\u0131 yap\u0131l\u0131rsa cezas\u0131 art\u0131r\u0131l\u0131yor ve 1 y\u0131l ile 2 y\u0131l aras\u0131nda hapisle yarg\u0131lan\u0131yor. Yeni d\u00fczenlemeyle bu su\u00e7un &#8220;nefret saikiyle&#8221; i\u015flenmesi durumunda cezas\u0131 daha da artacak. Di\u011fer su\u00e7larda da benzer uygulamalar olacak. Hukuk\u00e7ular, nefret su\u00e7unun TCK&#8217;ya ilk kez girdi\u011fine dikkat \u00e7ekiyor. T\u00fcrk hukukunda bu konuda i\u00e7tihat olmad\u0131\u011f\u0131 i\u00e7in yeni kararlarla i\u00e7tihat olu\u015faca\u011f\u0131 ifade ediliyor.<br \/>\n<b><br \/>\n<strong>S\u0130YAS\u0130LERE YUMRUK<\/strong><\/b><\/p>\n<p style=\"text-align: justify;\">Siyasilere yap\u0131lan sald\u0131r\u0131lar da nefret su\u00e7u kapsam\u0131na girecek. \u00d6rne\u011fin Ba\u015fbakan Yard\u0131mc\u0131s\u0131 Bekir Bozda\u011f&#8217;a Hac\u0131bekta\u015f&#8217;ta, DTK e\u015f Ba\u015fkan\u0131 Ahmet T\u00fcrk&#8217;e Samsun&#8217;da yap\u0131lan yumruklu sald\u0131r\u0131lardaki yaralama eylemi nefret su\u00e7u kapsam\u0131nda de\u011ferlendirilip cezas\u0131 art\u0131r\u0131labilecek. T\u00fcrk&#8217;e yap\u0131lan yumruklu sald\u0131r\u0131da mahkeme 11 ay 20 g\u00fcn hapis cezas\u0131 vermi\u015f, ceza paraya \u00e7evrilmi\u015fti. Bozda\u011f&#8217;a yumruk atan ki\u015fi ise tutuksuz yarg\u0131lanmak \u00fczere serbest b\u0131rak\u0131lm\u0131\u015ft\u0131.<br \/>\n<b><br \/>\n<strong>C\u0130NS\u0130YET VE ENGEL<\/strong><\/b><\/p>\n<p style=\"text-align: justify;\">Ki\u015finin cinsiyeti ve engelinden dolay\u0131 da nefret g\u00fcd\u00fcs\u00fcyle su\u00e7 i\u015flenirse cezas\u0131 art\u0131r\u0131lacak. Engelli bir ki\u015fiye, engeli nedeniyle a\u015fa\u011f\u0131lay\u0131c\u0131 ifadeler kullanmak su\u00e7 say\u0131lacak. \u00d6rne\u011fin, &#8220;K\u00f6r R\u0131za, topal Ahmet&#8217; gibi ifadeler nefret i\u00e7eren duyguyla s\u00f6ylenirse ve delillendirilirse bu kapsamda de\u011ferlendirilecek.<\/p>\n<p style=\"text-align: justify;\"><strong>YA\u015eAM TARZI<\/strong><\/p>\n<p style=\"text-align: justify;\">Ayr\u0131mc\u0131l\u0131kla daha etkin m\u00fccadele i\u00e7in ceza miktarlar\u0131 art\u0131r\u0131l\u0131rken ya\u015fam tarz\u0131na sayg\u0131 da T\u00fcrk Ceza Kanunu&#8217;nu ile ilk kez g\u00fcvence alt\u0131na al\u0131n\u0131yor. Bu kapsamda, dini inanc\u0131n gere\u011finin yerine getirilmesinin engellenmesi TCK kapsam\u0131nda cezaland\u0131r\u0131lacak. Cebir veya tehdit kullanarak ya da hukuka ayk\u0131r\u0131 ba\u015fka bir davran\u0131\u015fla, bir kimsenin inan\u00e7, d\u00fc\u015f\u00fcnce veya kanaatlerinden kaynaklanan ya\u015fam tarz\u0131na ili\u015fkin tercihlerine m\u00fcdahale edenlere ya da bunlar\u0131 de\u011fi\u015ftirmeye zorlayanlara 1 y\u0131ldan 3 y\u0131la kadar hapis cezas\u0131 verilecek.<\/p>\n<p style=\"text-align: justify;\"><strong>BA\u015e\u00d6RT\u00dcS\u00dc YASA\u011eI<\/strong><\/p>\n<p style=\"text-align: justify;\">Ayr\u0131mc\u0131l\u0131k ve ya\u015fam tarz\u0131na m\u00fcdahalede ki\u015finin k\u0131l\u0131k k\u0131yafetine engel koyma da su\u00e7 kapsam\u0131na girecek. Ba\u015f\u00f6rt\u00fcs\u00fc, po\u015fu veya di\u011fer k\u0131yafetleri giyenlere sayg\u0131s\u0131zl\u0131k, ayr\u0131mc\u0131l\u0131k veya ya\u015fam tarz\u0131na sayg\u0131 su\u00e7lar\u0131 kapsam\u0131na girebilecek. \u00dcniversitelerde veya kamuda ba\u015f\u00f6rt\u00fcl\u00fcleri engelleme giri\u015fiminde bulunanlar\u0131n bu madde kapsam\u0131nda cezaland\u0131r\u0131labilece\u011fi belirtiliyor. Ege \u00dcniversitesi&#8217;nde ba\u015f\u00f6rt\u00fcl\u00fc \u00f6\u011frencileri fi\u015fleyen ve okula girmesine izin vermeyen Profes\u00f6re e\u011fitim ve \u00f6\u011frenim hakk\u0131n\u0131 engellemekten ceza verilmi\u015fti. Benzer bir su\u00e7un i\u015flenmesi durumunda s\u00f6zkonusu ki\u015fiye ayr\u0131ca ayr\u0131mc\u0131l\u0131k ve ya\u015fam tarz\u0131na sayg\u0131 g\u00f6stermemek su\u00e7lar\u0131ndan da ceza kesilebilecek.<\/p>\n<p style=\"text-align: justify;\"><strong><i>Hasan BOZKURT \/ ANKARA<\/i><\/strong><\/p>\n<p style=\"text-align: justify;\"><b><i>http:\/\/www.haberturk.com\/gundem\/haber\/882370-dile-ayar<\/i><\/b><\/p>\n","protected":false},"excerpt":{"rendered":"<p>\u201cPis g\u00e2vur, ermeni d\u00f6l\u00fc, yobaz\u2026\u201d diyenlere ceza geliyor! Ba\u015fbakan Tayyip Erdo\u011fan&#8217;\u0131n a\u00e7\u0131klad\u0131\u011f\u0131 demokratikle\u015fme paketiyle; nefret, ayr\u0131mc\u0131l\u0131k, ya\u015fam tarz\u0131na m\u00fcdahale gibi su\u00e7lar ilk kez T\u00fcrk Ceza Kanunu&#8217;na giriyor. D\u00fczenlemeyle; adam \u00f6ld\u00fcrme, yaralama, tehdit ve hakaret gibi su\u00e7lar nefret su\u00e7u kapsam\u0131na al\u0131nacak. &#8220;\u0130..e, k\u0131z\u0131lba\u015f, pis T\u00fcrk, h\u0131rs\u0131z \u00e7ingene, pis gavur, Ermeni d\u00f6l\u00fc, Yezid, yobaz, zenci, ateist, k\u00f6r [&hellip;]<\/p>\n","protected":false},"author":7,"featured_media":0,"comment_status":"open","ping_status":"open","sticky":false,"template":"","format":"standard","meta":{"footnotes":""},"categories":[1],"tags":[],"class_list":["post-27308","post","type-post","status-publish","format-standard","hentry","category-haberler"],"yoast_head":"<!-- This site is optimized with the Yoast SEO plugin v27.4 - https:\/\/yoast.com\/product\/yoast-seo-wordpress\/ -->\n<title>Dile ayar! - Bati Ermenistan Ve Bati Ermenileri Sorunlari Ara\u015ftirmalar Merkezi<\/title>\n<meta name=\"robots\" content=\"index, follow, max-snippet:-1, max-image-preview:large, max-video-preview:-1\" \/>\n<link rel=\"canonical\" href=\"https:\/\/akunq.net\/tr\/?p=27308\" \/>\n<meta property=\"og:locale\" content=\"en_US\" \/>\n<meta property=\"og:type\" content=\"article\" \/>\n<meta property=\"og:title\" content=\"Dile ayar! - Bati Ermenistan Ve Bati Ermenileri Sorunlari Ara\u015ftirmalar Merkezi\" \/>\n<meta property=\"og:description\" content=\"\u201cPis g\u00e2vur, ermeni d\u00f6l\u00fc, yobaz\u2026\u201d diyenlere ceza geliyor! Ba\u015fbakan Tayyip Erdo\u011fan&#8217;\u0131n a\u00e7\u0131klad\u0131\u011f\u0131 demokratikle\u015fme paketiyle; nefret, ayr\u0131mc\u0131l\u0131k, ya\u015fam tarz\u0131na m\u00fcdahale gibi su\u00e7lar ilk kez T\u00fcrk Ceza Kanunu&#8217;na giriyor. D\u00fczenlemeyle; adam \u00f6ld\u00fcrme, yaralama, tehdit ve hakaret gibi su\u00e7lar nefret su\u00e7u kapsam\u0131na al\u0131nacak. &#8220;\u0130..e, k\u0131z\u0131lba\u015f, pis T\u00fcrk, h\u0131rs\u0131z \u00e7ingene, pis gavur, Ermeni d\u00f6l\u00fc, Yezid, yobaz, zenci, ateist, k\u00f6r [&hellip;]\" \/>\n<meta property=\"og:url\" content=\"https:\/\/akunq.net\/tr\/?p=27308\" \/>\n<meta property=\"og:site_name\" content=\"Bati Ermenistan Ve Bati Ermenileri Sorunlari Ara\u015ftirmalar Merkezi\" \/>\n<meta property=\"article:published_time\" content=\"2013-12-09T07:42:22+00:00\" \/>\n<meta property=\"article:modified_time\" content=\"2013-12-09T07:42:38+00:00\" \/>\n<meta name=\"author\" content=\"admin\" \/>\n<meta name=\"twitter:card\" content=\"summary_large_image\" \/>\n<meta name=\"twitter:label1\" content=\"Written by\" \/>\n\t<meta name=\"twitter:data1\" content=\"admin\" \/>\n\t<meta name=\"twitter:label2\" content=\"Est. reading time\" \/>\n\t<meta name=\"twitter:data2\" content=\"3 minutes\" \/>\n<script type=\"application\/ld+json\" class=\"yoast-schema-graph\">{\"@context\":\"https:\\\/\\\/schema.org\",\"@graph\":[{\"@type\":\"Article\",\"@id\":\"https:\\\/\\\/akunq.net\\\/tr\\\/?p=27308#article\",\"isPartOf\":{\"@id\":\"https:\\\/\\\/akunq.net\\\/tr\\\/?p=27308\"},\"author\":{\"name\":\"admin\",\"@id\":\"https:\\\/\\\/akunq.net\\\/tr\\\/#\\\/schema\\\/person\\\/096f1d38a12cce57fb855b485ed24c9e\"},\"headline\":\"Dile ayar!\",\"datePublished\":\"2013-12-09T07:42:22+00:00\",\"dateModified\":\"2013-12-09T07:42:38+00:00\",\"mainEntityOfPage\":{\"@id\":\"https:\\\/\\\/akunq.net\\\/tr\\\/?p=27308\"},\"wordCount\":621,\"commentCount\":0,\"articleSection\":[\"Haberler\"],\"inLanguage\":\"en-US\",\"potentialAction\":[{\"@type\":\"CommentAction\",\"name\":\"Comment\",\"target\":[\"https:\\\/\\\/akunq.net\\\/tr\\\/?p=27308#respond\"]}]},{\"@type\":\"WebPage\",\"@id\":\"https:\\\/\\\/akunq.net\\\/tr\\\/?p=27308\",\"url\":\"https:\\\/\\\/akunq.net\\\/tr\\\/?p=27308\",\"name\":\"Dile ayar! - Bati Ermenistan Ve Bati Ermenileri Sorunlari Ara\u015ftirmalar Merkezi\",\"isPartOf\":{\"@id\":\"https:\\\/\\\/akunq.net\\\/tr\\\/#website\"},\"datePublished\":\"2013-12-09T07:42:22+00:00\",\"dateModified\":\"2013-12-09T07:42:38+00:00\",\"author\":{\"@id\":\"https:\\\/\\\/akunq.net\\\/tr\\\/#\\\/schema\\\/person\\\/096f1d38a12cce57fb855b485ed24c9e\"},\"breadcrumb\":{\"@id\":\"https:\\\/\\\/akunq.net\\\/tr\\\/?p=27308#breadcrumb\"},\"inLanguage\":\"en-US\",\"potentialAction\":[{\"@type\":\"ReadAction\",\"target\":[\"https:\\\/\\\/akunq.net\\\/tr\\\/?p=27308\"]}]},{\"@type\":\"BreadcrumbList\",\"@id\":\"https:\\\/\\\/akunq.net\\\/tr\\\/?p=27308#breadcrumb\",\"itemListElement\":[{\"@type\":\"ListItem\",\"position\":1,\"name\":\"Home\",\"item\":\"https:\\\/\\\/akunq.net\\\/tr\"},{\"@type\":\"ListItem\",\"position\":2,\"name\":\"Dile ayar!\"}]},{\"@type\":\"WebSite\",\"@id\":\"https:\\\/\\\/akunq.net\\\/tr\\\/#website\",\"url\":\"https:\\\/\\\/akunq.net\\\/tr\\\/\",\"name\":\"Bati Ermenistan Ve Bati Ermenileri Sorunlari Ara\u015ftirmalar Merkezi\",\"description\":\"\",\"potentialAction\":[{\"@type\":\"SearchAction\",\"target\":{\"@type\":\"EntryPoint\",\"urlTemplate\":\"https:\\\/\\\/akunq.net\\\/tr\\\/?s={search_term_string}\"},\"query-input\":{\"@type\":\"PropertyValueSpecification\",\"valueRequired\":true,\"valueName\":\"search_term_string\"}}],\"inLanguage\":\"en-US\"},{\"@type\":\"Person\",\"@id\":\"https:\\\/\\\/akunq.net\\\/tr\\\/#\\\/schema\\\/person\\\/096f1d38a12cce57fb855b485ed24c9e\",\"name\":\"admin\",\"url\":\"https:\\\/\\\/akunq.net\\\/tr\\\/?author=7\"}]}<\/script>\n<!-- \/ Yoast SEO plugin. -->","yoast_head_json":{"title":"Dile ayar! - Bati Ermenistan Ve Bati Ermenileri Sorunlari Ara\u015ftirmalar Merkezi","robots":{"index":"index","follow":"follow","max-snippet":"max-snippet:-1","max-image-preview":"max-image-preview:large","max-video-preview":"max-video-preview:-1"},"canonical":"https:\/\/akunq.net\/tr\/?p=27308","og_locale":"en_US","og_type":"article","og_title":"Dile ayar! - Bati Ermenistan Ve Bati Ermenileri Sorunlari Ara\u015ftirmalar Merkezi","og_description":"\u201cPis g\u00e2vur, ermeni d\u00f6l\u00fc, yobaz\u2026\u201d diyenlere ceza geliyor! Ba\u015fbakan Tayyip Erdo\u011fan&#8217;\u0131n a\u00e7\u0131klad\u0131\u011f\u0131 demokratikle\u015fme paketiyle; nefret, ayr\u0131mc\u0131l\u0131k, ya\u015fam tarz\u0131na m\u00fcdahale gibi su\u00e7lar ilk kez T\u00fcrk Ceza Kanunu&#8217;na giriyor. D\u00fczenlemeyle; adam \u00f6ld\u00fcrme, yaralama, tehdit ve hakaret gibi su\u00e7lar nefret su\u00e7u kapsam\u0131na al\u0131nacak. &#8220;\u0130..e, k\u0131z\u0131lba\u015f, pis T\u00fcrk, h\u0131rs\u0131z \u00e7ingene, pis gavur, Ermeni d\u00f6l\u00fc, Yezid, yobaz, zenci, ateist, k\u00f6r [&hellip;]","og_url":"https:\/\/akunq.net\/tr\/?p=27308","og_site_name":"Bati Ermenistan Ve Bati Ermenileri Sorunlari Ara\u015ftirmalar Merkezi","article_published_time":"2013-12-09T07:42:22+00:00","article_modified_time":"2013-12-09T07:42:38+00:00","author":"admin","twitter_card":"summary_large_image","twitter_misc":{"Written by":"admin","Est. reading time":"3 minutes"},"schema":{"@context":"https:\/\/schema.org","@graph":[{"@type":"Article","@id":"https:\/\/akunq.net\/tr\/?p=27308#article","isPartOf":{"@id":"https:\/\/akunq.net\/tr\/?p=27308"},"author":{"name":"admin","@id":"https:\/\/akunq.net\/tr\/#\/schema\/person\/096f1d38a12cce57fb855b485ed24c9e"},"headline":"Dile ayar!","datePublished":"2013-12-09T07:42:22+00:00","dateModified":"2013-12-09T07:42:38+00:00","mainEntityOfPage":{"@id":"https:\/\/akunq.net\/tr\/?p=27308"},"wordCount":621,"commentCount":0,"articleSection":["Haberler"],"inLanguage":"en-US","potentialAction":[{"@type":"CommentAction","name":"Comment","target":["https:\/\/akunq.net\/tr\/?p=27308#respond"]}]},{"@type":"WebPage","@id":"https:\/\/akunq.net\/tr\/?p=27308","url":"https:\/\/akunq.net\/tr\/?p=27308","name":"Dile ayar! - Bati Ermenistan Ve Bati Ermenileri Sorunlari Ara\u015ftirmalar Merkezi","isPartOf":{"@id":"https:\/\/akunq.net\/tr\/#website"},"datePublished":"2013-12-09T07:42:22+00:00","dateModified":"2013-12-09T07:42:38+00:00","author":{"@id":"https:\/\/akunq.net\/tr\/#\/schema\/person\/096f1d38a12cce57fb855b485ed24c9e"},"breadcrumb":{"@id":"https:\/\/akunq.net\/tr\/?p=27308#breadcrumb"},"inLanguage":"en-US","potentialAction":[{"@type":"ReadAction","target":["https:\/\/akunq.net\/tr\/?p=27308"]}]},{"@type":"BreadcrumbList","@id":"https:\/\/akunq.net\/tr\/?p=27308#breadcrumb","itemListElement":[{"@type":"ListItem","position":1,"name":"Home","item":"https:\/\/akunq.net\/tr"},{"@type":"ListItem","position":2,"name":"Dile ayar!"}]},{"@type":"WebSite","@id":"https:\/\/akunq.net\/tr\/#website","url":"https:\/\/akunq.net\/tr\/","name":"Bati Ermenistan Ve Bati Ermenileri Sorunlari Ara\u015ftirmalar Merkezi","description":"","potentialAction":[{"@type":"SearchAction","target":{"@type":"EntryPoint","urlTemplate":"https:\/\/akunq.net\/tr\/?s={search_term_string}"},"query-input":{"@type":"PropertyValueSpecification","valueRequired":true,"valueName":"search_term_string"}}],"inLanguage":"en-US"},{"@type":"Person","@id":"https:\/\/akunq.net\/tr\/#\/schema\/person\/096f1d38a12cce57fb855b485ed24c9e","name":"admin","url":"https:\/\/akunq.net\/tr\/?author=7"}]}},"_links":{"self":[{"href":"https:\/\/akunq.net\/tr\/index.php?rest_route=\/wp\/v2\/posts\/27308","targetHints":{"allow":["GET"]}}],"collection":[{"href":"https:\/\/akunq.net\/tr\/index.php?rest_route=\/wp\/v2\/posts"}],"about":[{"href":"https:\/\/akunq.net\/tr\/index.php?rest_route=\/wp\/v2\/types\/post"}],"author":[{"embeddable":true,"href":"https:\/\/akunq.net\/tr\/index.php?rest_route=\/wp\/v2\/users\/7"}],"replies":[{"embeddable":true,"href":"https:\/\/akunq.net\/tr\/index.php?rest_route=%2Fwp%2Fv2%2Fcomments&post=27308"}],"version-history":[{"count":2,"href":"https:\/\/akunq.net\/tr\/index.php?rest_route=\/wp\/v2\/posts\/27308\/revisions"}],"predecessor-version":[{"id":27311,"href":"https:\/\/akunq.net\/tr\/index.php?rest_route=\/wp\/v2\/posts\/27308\/revisions\/27311"}],"wp:attachment":[{"href":"https:\/\/akunq.net\/tr\/index.php?rest_route=%2Fwp%2Fv2%2Fmedia&parent=27308"}],"wp:term":[{"taxonomy":"category","embeddable":true,"href":"https:\/\/akunq.net\/tr\/index.php?rest_route=%2Fwp%2Fv2%2Fcategories&post=27308"},{"taxonomy":"post_tag","embeddable":true,"href":"https:\/\/akunq.net\/tr\/index.php?rest_route=%2Fwp%2Fv2%2Ftags&post=27308"}],"curies":[{"name":"wp","href":"https:\/\/api.w.org\/{rel}","templated":true}]}}