{"id":27284,"date":"2013-12-07T01:51:13","date_gmt":"2013-12-07T06:51:13","guid":{"rendered":"http:\/\/akunq.net\/tr\/?p=27284"},"modified":"2013-12-07T01:51:13","modified_gmt":"2013-12-07T06:51:13","slug":"bakandan-kilise-talimati","status":"publish","type":"post","link":"https:\/\/akunq.net\/tr\/?p=27284","title":{"rendered":"Bakandan kilise talimat\u0131"},"content":{"rendered":"<div>\n<div style=\"text-align: justify;\">\u00a0<img decoding=\"async\" alt=\"Bakandan kilise talimat\u0131\" src=\"http:\/\/www.hurriyet.com.tr\/_np\/0817\/22420817.jpg\" align=\"left\" \/><\/div>\n<div style=\"text-align: justify;\">\u00a0<\/div>\n<div style=\"text-align: justify;\"><strong>S\u0130VAS\u2019ta 5\u2019inci Piyade Er E\u011fitim Tugay Komutanl\u0131\u011f\u0131\u2019na ait askeri alan i\u00e7erisinde bulunan kilise, Sivas Ermeni Dostlar\u0131 Derne\u011fi\u2019nin giri\u015fimi sonucu Milli Savunma Bakan\u0131 \u0130smet Y\u0131lmaz\u2019\u0131n talimat\u0131yla askeri alandan \u00e7\u0131kar\u0131larak restore edilecek.<\/strong><\/div>\n<div style=\"text-align: justify;\">\u00a0<\/div>\n<div style=\"text-align: justify;\">5\u2019inci Piyade Er E\u011fitim Tugay Komutanl\u0131\u011f\u0131 s\u0131n\u0131rlar\u0131 i\u00e7erisinde bulunan Surp Kevork Kilisesi\u2019nin askeri alan d\u0131\u015f\u0131na \u00e7\u0131kar\u0131lmas\u0131 ve kendilerine verilmesi i\u00e7in Sivas Ermenileri ve Dostlar\u0131 Derne\u011fi temsilcileri, Milli Savunma Bakan\u0131 \u0130smet Y\u0131lmaz\u2019dan ge\u00e7en Ekim ay\u0131nda istekte bulundu. Bu iste\u011fi olumlu kar\u015f\u0131layan Bakan Y\u0131lmaz, kilisenin askeri alan i\u00e7inden \u00e7\u0131kar\u0131l\u0131p Sivas \u0130l \u00d6zel \u0130daresi\u2019ne tahsisi ve restorasyon \u00e7al\u0131\u015fmas\u0131 yapmas\u0131 i\u00e7in talimat verdi.<\/div>\n<\/div>\n<div style=\"text-align: justify;\">\u00a0<\/div>\n<div style=\"text-align: justify;\">Bu talimat \u00fczerine harekete ge\u00e7en Sivas Valili\u011fi ve \u0130l \u00d6zel \u0130daresi M\u00fcd\u00fcrl\u00fc\u011f\u00fc devir talebi ile ilgili gerekli yaz\u0131\u015fmalar\u0131 ba\u015flatt\u0131. Tarihi kilisenin bu ay i\u00e7erisinde \u0130l \u00d6zel \u0130daresine devir i\u015fleminin ger\u00e7ekle\u015fece\u011fi ve 2014 y\u0131l\u0131 yaz d\u00f6neminde ise restorasyonunun yap\u0131laca\u011f\u0131 belirtildi.<\/p>\n<p>Sivas \u0130l \u00d6zel \u0130daresi Genel Sekreteri ve Vali Yard\u0131mc\u0131s\u0131 Salih Ayhan, konuyla ilgili olarak Milli Savunma Bakan\u0131 \u0130smet Y\u0131lmaz\u2019\u0131n askeri alandaki Ermeni kilisesinin \u00d6zel \u0130dareye tahsisinin sa\u011flanarak buran\u0131n turizme kazand\u0131r\u0131lmas\u0131 konusunda talimat verdi\u011fini belirterek, &#8220;Biz de bunun \u00fczerine \u0130l \u00d6zel \u0130dare olarak gerekli \u00e7al\u0131\u015fmalar\u0131 ba\u015flatt\u0131k. K\u00fclt\u00fcr Varl\u0131klar\u0131 Uygulama B\u00fcrosunun yapm\u0131\u015f oldu\u011fu inceleme sonunda koruma bantlar\u0131n\u0131n belirlenmesi, alan\u0131n m\u00fclkiyet durumlar\u0131n\u0131n ortaya \u00e7\u0131kar\u0131lmas\u0131 i\u015flemi yap\u0131ld\u0131. Buran\u0131n Hazineye ait oldu\u011fu fakat Milli Savunma Bakanl\u0131\u011f\u0131na tahsisli oldu\u011funu \u00f6\u011frendik. Defterdarl\u0131\u011fa yapm\u0131\u015f oldu\u011fumuz talep do\u011frultusunda buran\u0131n taraf\u0131m\u0131za tahsisi yap\u0131larak gerekli \u00e7al\u0131\u015fmalar\u0131 en k\u0131sa zamanda yapmay\u0131 arzu ediyoruz. \u015eu anda hukuki s\u00fcre\u00e7 devam ediyor. Defterdarl\u0131k ile Milli Savunma Bakanl\u0131\u011f\u0131\u2019n\u0131n muvafakat\u0131n\u0131 ald\u0131ktan sonra tahsisini yapaca\u011f\u0131z. Daha sonra biz de buradaki \u00e7al\u0131\u015fmay\u0131 ba\u015flataca\u011f\u0131z. K\u0131\u015f d\u00f6neminde bu b\u00f6lgedeki m\u00fclkiyet durumu ile koruma bantlar\u0131n\u0131n olu\u015fturulmas\u0131 hedefliyoruz. Daha sonra ise restorasyon program\u0131n\u0131 haz\u0131rlayarak gelecek y\u0131l buras\u0131 ile ilgili gerekli \u00e7al\u0131\u015fmaya ba\u015flayaca\u011f\u0131z. Say\u0131n bakan\u0131m\u0131z\u0131n ve valimizin talimatlar\u0131 do\u011frultusunda kurumumuz gerekli olan i\u015flemleri yapmaktad\u0131r&#8221; dedi.<\/p>\n<p><strong>NASIL DE\u011eERLEND\u0130R\u0130LECE\u011e\u0130NE KARAR VER\u0130LECEK<br \/>\n<\/strong><br \/>\n\u015eu anda sadece kilisenin restorasyon a\u015famas\u0131 ile ilgilendiklerini, sonras\u0131 i\u00e7in bir karar bulunmad\u0131\u011f\u0131n\u0131 belirten Ayhan, &#8220;Bura ile ilgili biz \u00f6ncelikle restorasyon ve daha sonra korunmas\u0131n\u0131 sa\u011flayaca\u011f\u0131z. Tadilat ve restorasyon \u00e7al\u0131\u015fmalar\u0131 bittikten sonras\u0131 nas\u0131l kullan\u0131laca\u011f\u0131na devlet b\u00fcy\u00fcklerimiz karar verecektir. Biz sadece bize verilen talimat do\u011frultusunda gerekli \u00e7al\u0131\u015fmay\u0131 yap\u0131yoruz. Sivas\u2019\u0131n da durumu dikkate al\u0131narak hassas bir \u00e7al\u0131\u015fma yap\u0131lacakt\u0131r. Kilisenin tahsisi yap\u0131ld\u0131ktan sonra \u00f6n\u00fcm\u00fcz\u00fc net bir \u015fekilde g\u00f6rece\u011fiz. Kilisenin ilk \u00f6nce askeri alandan \u00e7\u0131kar\u0131lmas\u0131 gerekiyor. Bundan sonra sa\u011fl\u0131kl\u0131 bir \u00e7al\u0131\u015fma yap\u0131lacak. \u015eimdiki \u00e7al\u0131\u015fmam\u0131z zaten buna y\u00f6nelik&#8221; diye konu\u015ftu.<\/p>\n<p>Askeri s\u0131n\u0131rlar i\u00e7erisinde bulunan ve silah deposu olarak kullan\u0131lan kiliseyi her y\u0131l \u015fehir d\u0131\u015f\u0131ndan ziyarete gelen Ermeni kafilelerin gezmesine izin veriliyor. Kilisenin yan\u0131nda ise Ermeni mezarl\u0131\u011f\u0131 bulunuyor.<\/p><\/div>\n<div style=\"text-align: justify;\">\u00a0<\/div>\n<div style=\"text-align: justify;\"><a href=\"http:\/\/www.hurriyet.com.tr\/gundem\/25293286.asp\">http:\/\/www.hurriyet.com.tr\/gundem\/25293286.asp<\/a><\/div>\n","protected":false},"excerpt":{"rendered":"<p>\u00a0 \u00a0 S\u0130VAS\u2019ta 5\u2019inci Piyade Er E\u011fitim Tugay Komutanl\u0131\u011f\u0131\u2019na ait askeri alan i\u00e7erisinde bulunan kilise, Sivas Ermeni Dostlar\u0131 Derne\u011fi\u2019nin giri\u015fimi sonucu Milli Savunma Bakan\u0131 \u0130smet Y\u0131lmaz\u2019\u0131n talimat\u0131yla askeri alandan \u00e7\u0131kar\u0131larak restore edilecek. \u00a0 5\u2019inci Piyade Er E\u011fitim Tugay Komutanl\u0131\u011f\u0131 s\u0131n\u0131rlar\u0131 i\u00e7erisinde bulunan Surp Kevork Kilisesi\u2019nin askeri alan d\u0131\u015f\u0131na \u00e7\u0131kar\u0131lmas\u0131 ve kendilerine verilmesi i\u00e7in Sivas Ermenileri [&hellip;]<\/p>\n","protected":false},"author":7,"featured_media":0,"comment_status":"open","ping_status":"open","sticky":false,"template":"","format":"standard","meta":{"footnotes":""},"categories":[1],"tags":[],"class_list":["post-27284","post","type-post","status-publish","format-standard","hentry","category-haberler"],"yoast_head":"<!-- This site is optimized with the Yoast SEO plugin v27.4 - https:\/\/yoast.com\/product\/yoast-seo-wordpress\/ -->\n<title>Bakandan kilise talimat\u0131 - Bati Ermenistan Ve Bati Ermenileri Sorunlari Ara\u015ftirmalar Merkezi<\/title>\n<meta name=\"robots\" content=\"index, follow, max-snippet:-1, max-image-preview:large, max-video-preview:-1\" \/>\n<link rel=\"canonical\" href=\"https:\/\/akunq.net\/tr\/?p=27284\" \/>\n<meta property=\"og:locale\" content=\"en_US\" \/>\n<meta property=\"og:type\" content=\"article\" \/>\n<meta property=\"og:title\" content=\"Bakandan kilise talimat\u0131 - Bati Ermenistan Ve Bati Ermenileri Sorunlari Ara\u015ftirmalar Merkezi\" \/>\n<meta property=\"og:description\" content=\"\u00a0 \u00a0 S\u0130VAS\u2019ta 5\u2019inci Piyade Er E\u011fitim Tugay Komutanl\u0131\u011f\u0131\u2019na ait askeri alan i\u00e7erisinde bulunan kilise, Sivas Ermeni Dostlar\u0131 Derne\u011fi\u2019nin giri\u015fimi sonucu Milli Savunma Bakan\u0131 \u0130smet Y\u0131lmaz\u2019\u0131n talimat\u0131yla askeri alandan \u00e7\u0131kar\u0131larak restore edilecek. \u00a0 5\u2019inci Piyade Er E\u011fitim Tugay Komutanl\u0131\u011f\u0131 s\u0131n\u0131rlar\u0131 i\u00e7erisinde bulunan Surp Kevork Kilisesi\u2019nin askeri alan d\u0131\u015f\u0131na \u00e7\u0131kar\u0131lmas\u0131 ve kendilerine verilmesi i\u00e7in Sivas Ermenileri [&hellip;]\" \/>\n<meta property=\"og:url\" content=\"https:\/\/akunq.net\/tr\/?p=27284\" \/>\n<meta property=\"og:site_name\" content=\"Bati Ermenistan Ve Bati Ermenileri Sorunlari Ara\u015ftirmalar Merkezi\" \/>\n<meta property=\"article:published_time\" content=\"2013-12-07T06:51:13+00:00\" \/>\n<meta property=\"og:image\" content=\"http:\/\/www.hurriyet.com.tr\/_np\/0817\/22420817.jpg\" \/>\n<meta name=\"author\" content=\"admin\" \/>\n<meta name=\"twitter:card\" content=\"summary_large_image\" \/>\n<meta name=\"twitter:label1\" content=\"Written by\" \/>\n\t<meta name=\"twitter:data1\" content=\"admin\" \/>\n\t<meta name=\"twitter:label2\" content=\"Est. reading time\" \/>\n\t<meta name=\"twitter:data2\" content=\"3 minutes\" \/>\n<script type=\"application\/ld+json\" class=\"yoast-schema-graph\">{\"@context\":\"https:\\\/\\\/schema.org\",\"@graph\":[{\"@type\":\"Article\",\"@id\":\"https:\\\/\\\/akunq.net\\\/tr\\\/?p=27284#article\",\"isPartOf\":{\"@id\":\"https:\\\/\\\/akunq.net\\\/tr\\\/?p=27284\"},\"author\":{\"name\":\"admin\",\"@id\":\"https:\\\/\\\/akunq.net\\\/tr\\\/#\\\/schema\\\/person\\\/096f1d38a12cce57fb855b485ed24c9e\"},\"headline\":\"Bakandan kilise talimat\u0131\",\"datePublished\":\"2013-12-07T06:51:13+00:00\",\"mainEntityOfPage\":{\"@id\":\"https:\\\/\\\/akunq.net\\\/tr\\\/?p=27284\"},\"wordCount\":567,\"commentCount\":0,\"image\":{\"@id\":\"https:\\\/\\\/akunq.net\\\/tr\\\/?p=27284#primaryimage\"},\"thumbnailUrl\":\"http:\\\/\\\/www.hurriyet.com.tr\\\/_np\\\/0817\\\/22420817.jpg\",\"articleSection\":[\"Haberler\"],\"inLanguage\":\"en-US\",\"potentialAction\":[{\"@type\":\"CommentAction\",\"name\":\"Comment\",\"target\":[\"https:\\\/\\\/akunq.net\\\/tr\\\/?p=27284#respond\"]}]},{\"@type\":\"WebPage\",\"@id\":\"https:\\\/\\\/akunq.net\\\/tr\\\/?p=27284\",\"url\":\"https:\\\/\\\/akunq.net\\\/tr\\\/?p=27284\",\"name\":\"Bakandan kilise talimat\u0131 - Bati Ermenistan Ve Bati Ermenileri Sorunlari Ara\u015ftirmalar Merkezi\",\"isPartOf\":{\"@id\":\"https:\\\/\\\/akunq.net\\\/tr\\\/#website\"},\"primaryImageOfPage\":{\"@id\":\"https:\\\/\\\/akunq.net\\\/tr\\\/?p=27284#primaryimage\"},\"image\":{\"@id\":\"https:\\\/\\\/akunq.net\\\/tr\\\/?p=27284#primaryimage\"},\"thumbnailUrl\":\"http:\\\/\\\/www.hurriyet.com.tr\\\/_np\\\/0817\\\/22420817.jpg\",\"datePublished\":\"2013-12-07T06:51:13+00:00\",\"author\":{\"@id\":\"https:\\\/\\\/akunq.net\\\/tr\\\/#\\\/schema\\\/person\\\/096f1d38a12cce57fb855b485ed24c9e\"},\"breadcrumb\":{\"@id\":\"https:\\\/\\\/akunq.net\\\/tr\\\/?p=27284#breadcrumb\"},\"inLanguage\":\"en-US\",\"potentialAction\":[{\"@type\":\"ReadAction\",\"target\":[\"https:\\\/\\\/akunq.net\\\/tr\\\/?p=27284\"]}]},{\"@type\":\"ImageObject\",\"inLanguage\":\"en-US\",\"@id\":\"https:\\\/\\\/akunq.net\\\/tr\\\/?p=27284#primaryimage\",\"url\":\"http:\\\/\\\/www.hurriyet.com.tr\\\/_np\\\/0817\\\/22420817.jpg\",\"contentUrl\":\"http:\\\/\\\/www.hurriyet.com.tr\\\/_np\\\/0817\\\/22420817.jpg\"},{\"@type\":\"BreadcrumbList\",\"@id\":\"https:\\\/\\\/akunq.net\\\/tr\\\/?p=27284#breadcrumb\",\"itemListElement\":[{\"@type\":\"ListItem\",\"position\":1,\"name\":\"Home\",\"item\":\"https:\\\/\\\/akunq.net\\\/tr\"},{\"@type\":\"ListItem\",\"position\":2,\"name\":\"Bakandan kilise talimat\u0131\"}]},{\"@type\":\"WebSite\",\"@id\":\"https:\\\/\\\/akunq.net\\\/tr\\\/#website\",\"url\":\"https:\\\/\\\/akunq.net\\\/tr\\\/\",\"name\":\"Bati Ermenistan Ve Bati Ermenileri Sorunlari Ara\u015ftirmalar Merkezi\",\"description\":\"\",\"potentialAction\":[{\"@type\":\"SearchAction\",\"target\":{\"@type\":\"EntryPoint\",\"urlTemplate\":\"https:\\\/\\\/akunq.net\\\/tr\\\/?s={search_term_string}\"},\"query-input\":{\"@type\":\"PropertyValueSpecification\",\"valueRequired\":true,\"valueName\":\"search_term_string\"}}],\"inLanguage\":\"en-US\"},{\"@type\":\"Person\",\"@id\":\"https:\\\/\\\/akunq.net\\\/tr\\\/#\\\/schema\\\/person\\\/096f1d38a12cce57fb855b485ed24c9e\",\"name\":\"admin\",\"url\":\"https:\\\/\\\/akunq.net\\\/tr\\\/?author=7\"}]}<\/script>\n<!-- \/ Yoast SEO plugin. -->","yoast_head_json":{"title":"Bakandan kilise talimat\u0131 - Bati Ermenistan Ve Bati Ermenileri Sorunlari Ara\u015ftirmalar Merkezi","robots":{"index":"index","follow":"follow","max-snippet":"max-snippet:-1","max-image-preview":"max-image-preview:large","max-video-preview":"max-video-preview:-1"},"canonical":"https:\/\/akunq.net\/tr\/?p=27284","og_locale":"en_US","og_type":"article","og_title":"Bakandan kilise talimat\u0131 - Bati Ermenistan Ve Bati Ermenileri Sorunlari Ara\u015ftirmalar Merkezi","og_description":"\u00a0 \u00a0 S\u0130VAS\u2019ta 5\u2019inci Piyade Er E\u011fitim Tugay Komutanl\u0131\u011f\u0131\u2019na ait askeri alan i\u00e7erisinde bulunan kilise, Sivas Ermeni Dostlar\u0131 Derne\u011fi\u2019nin giri\u015fimi sonucu Milli Savunma Bakan\u0131 \u0130smet Y\u0131lmaz\u2019\u0131n talimat\u0131yla askeri alandan \u00e7\u0131kar\u0131larak restore edilecek. \u00a0 5\u2019inci Piyade Er E\u011fitim Tugay Komutanl\u0131\u011f\u0131 s\u0131n\u0131rlar\u0131 i\u00e7erisinde bulunan Surp Kevork Kilisesi\u2019nin askeri alan d\u0131\u015f\u0131na \u00e7\u0131kar\u0131lmas\u0131 ve kendilerine verilmesi i\u00e7in Sivas Ermenileri [&hellip;]","og_url":"https:\/\/akunq.net\/tr\/?p=27284","og_site_name":"Bati Ermenistan Ve Bati Ermenileri Sorunlari Ara\u015ftirmalar Merkezi","article_published_time":"2013-12-07T06:51:13+00:00","og_image":[{"url":"http:\/\/www.hurriyet.com.tr\/_np\/0817\/22420817.jpg","type":"","width":"","height":""}],"author":"admin","twitter_card":"summary_large_image","twitter_misc":{"Written by":"admin","Est. reading time":"3 minutes"},"schema":{"@context":"https:\/\/schema.org","@graph":[{"@type":"Article","@id":"https:\/\/akunq.net\/tr\/?p=27284#article","isPartOf":{"@id":"https:\/\/akunq.net\/tr\/?p=27284"},"author":{"name":"admin","@id":"https:\/\/akunq.net\/tr\/#\/schema\/person\/096f1d38a12cce57fb855b485ed24c9e"},"headline":"Bakandan kilise talimat\u0131","datePublished":"2013-12-07T06:51:13+00:00","mainEntityOfPage":{"@id":"https:\/\/akunq.net\/tr\/?p=27284"},"wordCount":567,"commentCount":0,"image":{"@id":"https:\/\/akunq.net\/tr\/?p=27284#primaryimage"},"thumbnailUrl":"http:\/\/www.hurriyet.com.tr\/_np\/0817\/22420817.jpg","articleSection":["Haberler"],"inLanguage":"en-US","potentialAction":[{"@type":"CommentAction","name":"Comment","target":["https:\/\/akunq.net\/tr\/?p=27284#respond"]}]},{"@type":"WebPage","@id":"https:\/\/akunq.net\/tr\/?p=27284","url":"https:\/\/akunq.net\/tr\/?p=27284","name":"Bakandan kilise talimat\u0131 - Bati Ermenistan Ve Bati Ermenileri Sorunlari Ara\u015ftirmalar Merkezi","isPartOf":{"@id":"https:\/\/akunq.net\/tr\/#website"},"primaryImageOfPage":{"@id":"https:\/\/akunq.net\/tr\/?p=27284#primaryimage"},"image":{"@id":"https:\/\/akunq.net\/tr\/?p=27284#primaryimage"},"thumbnailUrl":"http:\/\/www.hurriyet.com.tr\/_np\/0817\/22420817.jpg","datePublished":"2013-12-07T06:51:13+00:00","author":{"@id":"https:\/\/akunq.net\/tr\/#\/schema\/person\/096f1d38a12cce57fb855b485ed24c9e"},"breadcrumb":{"@id":"https:\/\/akunq.net\/tr\/?p=27284#breadcrumb"},"inLanguage":"en-US","potentialAction":[{"@type":"ReadAction","target":["https:\/\/akunq.net\/tr\/?p=27284"]}]},{"@type":"ImageObject","inLanguage":"en-US","@id":"https:\/\/akunq.net\/tr\/?p=27284#primaryimage","url":"http:\/\/www.hurriyet.com.tr\/_np\/0817\/22420817.jpg","contentUrl":"http:\/\/www.hurriyet.com.tr\/_np\/0817\/22420817.jpg"},{"@type":"BreadcrumbList","@id":"https:\/\/akunq.net\/tr\/?p=27284#breadcrumb","itemListElement":[{"@type":"ListItem","position":1,"name":"Home","item":"https:\/\/akunq.net\/tr"},{"@type":"ListItem","position":2,"name":"Bakandan kilise talimat\u0131"}]},{"@type":"WebSite","@id":"https:\/\/akunq.net\/tr\/#website","url":"https:\/\/akunq.net\/tr\/","name":"Bati Ermenistan Ve Bati Ermenileri Sorunlari Ara\u015ftirmalar Merkezi","description":"","potentialAction":[{"@type":"SearchAction","target":{"@type":"EntryPoint","urlTemplate":"https:\/\/akunq.net\/tr\/?s={search_term_string}"},"query-input":{"@type":"PropertyValueSpecification","valueRequired":true,"valueName":"search_term_string"}}],"inLanguage":"en-US"},{"@type":"Person","@id":"https:\/\/akunq.net\/tr\/#\/schema\/person\/096f1d38a12cce57fb855b485ed24c9e","name":"admin","url":"https:\/\/akunq.net\/tr\/?author=7"}]}},"_links":{"self":[{"href":"https:\/\/akunq.net\/tr\/index.php?rest_route=\/wp\/v2\/posts\/27284","targetHints":{"allow":["GET"]}}],"collection":[{"href":"https:\/\/akunq.net\/tr\/index.php?rest_route=\/wp\/v2\/posts"}],"about":[{"href":"https:\/\/akunq.net\/tr\/index.php?rest_route=\/wp\/v2\/types\/post"}],"author":[{"embeddable":true,"href":"https:\/\/akunq.net\/tr\/index.php?rest_route=\/wp\/v2\/users\/7"}],"replies":[{"embeddable":true,"href":"https:\/\/akunq.net\/tr\/index.php?rest_route=%2Fwp%2Fv2%2Fcomments&post=27284"}],"version-history":[{"count":1,"href":"https:\/\/akunq.net\/tr\/index.php?rest_route=\/wp\/v2\/posts\/27284\/revisions"}],"predecessor-version":[{"id":27285,"href":"https:\/\/akunq.net\/tr\/index.php?rest_route=\/wp\/v2\/posts\/27284\/revisions\/27285"}],"wp:attachment":[{"href":"https:\/\/akunq.net\/tr\/index.php?rest_route=%2Fwp%2Fv2%2Fmedia&parent=27284"}],"wp:term":[{"taxonomy":"category","embeddable":true,"href":"https:\/\/akunq.net\/tr\/index.php?rest_route=%2Fwp%2Fv2%2Fcategories&post=27284"},{"taxonomy":"post_tag","embeddable":true,"href":"https:\/\/akunq.net\/tr\/index.php?rest_route=%2Fwp%2Fv2%2Ftags&post=27284"}],"curies":[{"name":"wp","href":"https:\/\/api.w.org\/{rel}","templated":true}]}}