{"id":27254,"date":"2013-12-05T02:44:13","date_gmt":"2013-12-05T07:44:13","guid":{"rendered":"http:\/\/akunq.net\/tr\/?p=27254"},"modified":"2013-12-05T02:44:13","modified_gmt":"2013-12-05T07:44:13","slug":"ermeniler-ve-turkler-rekor-icin-bir-araya-geliyor","status":"publish","type":"post","link":"https:\/\/akunq.net\/tr\/?p=27254","title":{"rendered":"Ermeniler ve T\u00fcrkler rekor i\u00e7in bir araya geliyor"},"content":{"rendered":"<p style=\"text-align: justify;\"><strong><span style=\"font-family: Arial, Helvetica, sans-serif; font-size: small;\"><img decoding=\"async\" class=\"alignright\" alt=\"\" src=\"http:\/\/ermenihaber.am\/pics\/news\/news_4\/1312.jpg\" \/>Ermeni ve T\u00fcrklerden olu\u015fan bir grup 6 Aral\u0131k g\u00fcn\u00fc d\u00fcnyan\u0131n en uzun el s\u0131k\u0131\u015fmas\u0131 rekorunu k\u0131rmak i\u00e7in G\u00fcrcistan`\u0131n ba\u015fkenti Tiflis`te bir araya gelecek.<\/span><\/strong><\/p>\n<h5 style=\"text-align: justify;\"><strong><span style=\"font-family: Arial, Helvetica, sans-serif; font-size: small;\">Ermenistan-T\u00fcrkiye\u00a0aras\u0131ndaki s\u0131n\u0131rdan ge\u00e7i\u015f yap\u0131lamamas\u0131na dikkat \u00e7ekmek i\u00e7in d\u00fczenlenen organizasyonu TANGO Network d\u00fczenledi.\u00a0Cnnturk.com`un haberine g\u00f6re b\u00f6ylece T\u00fcrk ve Ermeniler`in bir araya gelmesinin sa\u011flanmas\u0131 ama\u00e7lan\u0131yor. Vatanda\u015flar\u0131n iki \u00fclke aras\u0131nda gidip gelmek i\u00e7in G\u00fcrcistan`\u0131 kullanmalar\u0131 gerekti\u011finden etkinlik de burada yap\u0131lacak.<\/span><\/strong><\/h5>\n<h5 style=\"text-align: justify;\"><span style=\"font-family: Arial, Helvetica, sans-serif; font-size: small;\">Ermenihaber.am <\/span><\/h5>\n","protected":false},"excerpt":{"rendered":"<p>Ermeni ve T\u00fcrklerden olu\u015fan bir grup 6 Aral\u0131k g\u00fcn\u00fc d\u00fcnyan\u0131n en uzun el s\u0131k\u0131\u015fmas\u0131 rekorunu k\u0131rmak i\u00e7in G\u00fcrcistan`\u0131n ba\u015fkenti Tiflis`te bir araya gelecek. Ermenistan-T\u00fcrkiye\u00a0aras\u0131ndaki s\u0131n\u0131rdan ge\u00e7i\u015f yap\u0131lamamas\u0131na dikkat \u00e7ekmek i\u00e7in d\u00fczenlenen organizasyonu TANGO Network d\u00fczenledi.\u00a0Cnnturk.com`un haberine g\u00f6re b\u00f6ylece T\u00fcrk ve Ermeniler`in bir araya gelmesinin sa\u011flanmas\u0131 ama\u00e7lan\u0131yor. Vatanda\u015flar\u0131n iki \u00fclke aras\u0131nda gidip gelmek i\u00e7in G\u00fcrcistan`\u0131 kullanmalar\u0131 [&hellip;]<\/p>\n","protected":false},"author":7,"featured_media":0,"comment_status":"open","ping_status":"open","sticky":false,"template":"","format":"standard","meta":{"footnotes":""},"categories":[1],"tags":[],"class_list":["post-27254","post","type-post","status-publish","format-standard","hentry","category-haberler"],"yoast_head":"<!-- This site is optimized with the Yoast SEO plugin v27.4 - https:\/\/yoast.com\/product\/yoast-seo-wordpress\/ -->\n<title>Ermeniler ve T\u00fcrkler rekor i\u00e7in bir araya geliyor - Bati Ermenistan Ve Bati Ermenileri Sorunlari Ara\u015ftirmalar Merkezi<\/title>\n<meta name=\"robots\" content=\"index, follow, max-snippet:-1, max-image-preview:large, max-video-preview:-1\" \/>\n<link rel=\"canonical\" href=\"https:\/\/akunq.net\/tr\/?p=27254\" \/>\n<meta property=\"og:locale\" content=\"en_US\" \/>\n<meta property=\"og:type\" content=\"article\" \/>\n<meta property=\"og:title\" content=\"Ermeniler ve T\u00fcrkler rekor i\u00e7in bir araya geliyor - Bati Ermenistan Ve Bati Ermenileri Sorunlari Ara\u015ftirmalar Merkezi\" \/>\n<meta property=\"og:description\" content=\"Ermeni ve T\u00fcrklerden olu\u015fan bir grup 6 Aral\u0131k g\u00fcn\u00fc d\u00fcnyan\u0131n en uzun el s\u0131k\u0131\u015fmas\u0131 rekorunu k\u0131rmak i\u00e7in G\u00fcrcistan`\u0131n ba\u015fkenti Tiflis`te bir araya gelecek. Ermenistan-T\u00fcrkiye\u00a0aras\u0131ndaki s\u0131n\u0131rdan ge\u00e7i\u015f yap\u0131lamamas\u0131na dikkat \u00e7ekmek i\u00e7in d\u00fczenlenen organizasyonu TANGO Network d\u00fczenledi.\u00a0Cnnturk.com`un haberine g\u00f6re b\u00f6ylece T\u00fcrk ve Ermeniler`in bir araya gelmesinin sa\u011flanmas\u0131 ama\u00e7lan\u0131yor. Vatanda\u015flar\u0131n iki \u00fclke aras\u0131nda gidip gelmek i\u00e7in G\u00fcrcistan`\u0131 kullanmalar\u0131 [&hellip;]\" \/>\n<meta property=\"og:url\" content=\"https:\/\/akunq.net\/tr\/?p=27254\" \/>\n<meta property=\"og:site_name\" content=\"Bati Ermenistan Ve Bati Ermenileri Sorunlari Ara\u015ftirmalar Merkezi\" \/>\n<meta property=\"article:published_time\" content=\"2013-12-05T07:44:13+00:00\" \/>\n<meta property=\"og:image\" content=\"http:\/\/ermenihaber.am\/pics\/news\/news_4\/1312.jpg\" \/>\n<meta name=\"author\" content=\"admin\" \/>\n<meta name=\"twitter:card\" content=\"summary_large_image\" \/>\n<meta name=\"twitter:label1\" content=\"Written by\" \/>\n\t<meta name=\"twitter:data1\" content=\"admin\" \/>\n\t<meta name=\"twitter:label2\" content=\"Est. reading time\" \/>\n\t<meta name=\"twitter:data2\" content=\"1 minute\" \/>\n<script type=\"application\/ld+json\" class=\"yoast-schema-graph\">{\"@context\":\"https:\\\/\\\/schema.org\",\"@graph\":[{\"@type\":\"Article\",\"@id\":\"https:\\\/\\\/akunq.net\\\/tr\\\/?p=27254#article\",\"isPartOf\":{\"@id\":\"https:\\\/\\\/akunq.net\\\/tr\\\/?p=27254\"},\"author\":{\"name\":\"admin\",\"@id\":\"https:\\\/\\\/akunq.net\\\/tr\\\/#\\\/schema\\\/person\\\/096f1d38a12cce57fb855b485ed24c9e\"},\"headline\":\"Ermeniler ve T\u00fcrkler rekor i\u00e7in bir araya geliyor\",\"datePublished\":\"2013-12-05T07:44:13+00:00\",\"mainEntityOfPage\":{\"@id\":\"https:\\\/\\\/akunq.net\\\/tr\\\/?p=27254\"},\"wordCount\":113,\"commentCount\":0,\"image\":{\"@id\":\"https:\\\/\\\/akunq.net\\\/tr\\\/?p=27254#primaryimage\"},\"thumbnailUrl\":\"http:\\\/\\\/ermenihaber.am\\\/pics\\\/news\\\/news_4\\\/1312.jpg\",\"articleSection\":[\"Haberler\"],\"inLanguage\":\"en-US\",\"potentialAction\":[{\"@type\":\"CommentAction\",\"name\":\"Comment\",\"target\":[\"https:\\\/\\\/akunq.net\\\/tr\\\/?p=27254#respond\"]}]},{\"@type\":\"WebPage\",\"@id\":\"https:\\\/\\\/akunq.net\\\/tr\\\/?p=27254\",\"url\":\"https:\\\/\\\/akunq.net\\\/tr\\\/?p=27254\",\"name\":\"Ermeniler ve T\u00fcrkler rekor i\u00e7in bir araya geliyor - Bati Ermenistan Ve Bati Ermenileri Sorunlari Ara\u015ftirmalar Merkezi\",\"isPartOf\":{\"@id\":\"https:\\\/\\\/akunq.net\\\/tr\\\/#website\"},\"primaryImageOfPage\":{\"@id\":\"https:\\\/\\\/akunq.net\\\/tr\\\/?p=27254#primaryimage\"},\"image\":{\"@id\":\"https:\\\/\\\/akunq.net\\\/tr\\\/?p=27254#primaryimage\"},\"thumbnailUrl\":\"http:\\\/\\\/ermenihaber.am\\\/pics\\\/news\\\/news_4\\\/1312.jpg\",\"datePublished\":\"2013-12-05T07:44:13+00:00\",\"author\":{\"@id\":\"https:\\\/\\\/akunq.net\\\/tr\\\/#\\\/schema\\\/person\\\/096f1d38a12cce57fb855b485ed24c9e\"},\"breadcrumb\":{\"@id\":\"https:\\\/\\\/akunq.net\\\/tr\\\/?p=27254#breadcrumb\"},\"inLanguage\":\"en-US\",\"potentialAction\":[{\"@type\":\"ReadAction\",\"target\":[\"https:\\\/\\\/akunq.net\\\/tr\\\/?p=27254\"]}]},{\"@type\":\"ImageObject\",\"inLanguage\":\"en-US\",\"@id\":\"https:\\\/\\\/akunq.net\\\/tr\\\/?p=27254#primaryimage\",\"url\":\"http:\\\/\\\/ermenihaber.am\\\/pics\\\/news\\\/news_4\\\/1312.jpg\",\"contentUrl\":\"http:\\\/\\\/ermenihaber.am\\\/pics\\\/news\\\/news_4\\\/1312.jpg\"},{\"@type\":\"BreadcrumbList\",\"@id\":\"https:\\\/\\\/akunq.net\\\/tr\\\/?p=27254#breadcrumb\",\"itemListElement\":[{\"@type\":\"ListItem\",\"position\":1,\"name\":\"Home\",\"item\":\"https:\\\/\\\/akunq.net\\\/tr\"},{\"@type\":\"ListItem\",\"position\":2,\"name\":\"Ermeniler ve T\u00fcrkler rekor i\u00e7in bir araya geliyor\"}]},{\"@type\":\"WebSite\",\"@id\":\"https:\\\/\\\/akunq.net\\\/tr\\\/#website\",\"url\":\"https:\\\/\\\/akunq.net\\\/tr\\\/\",\"name\":\"Bati Ermenistan Ve Bati Ermenileri Sorunlari Ara\u015ftirmalar Merkezi\",\"description\":\"\",\"potentialAction\":[{\"@type\":\"SearchAction\",\"target\":{\"@type\":\"EntryPoint\",\"urlTemplate\":\"https:\\\/\\\/akunq.net\\\/tr\\\/?s={search_term_string}\"},\"query-input\":{\"@type\":\"PropertyValueSpecification\",\"valueRequired\":true,\"valueName\":\"search_term_string\"}}],\"inLanguage\":\"en-US\"},{\"@type\":\"Person\",\"@id\":\"https:\\\/\\\/akunq.net\\\/tr\\\/#\\\/schema\\\/person\\\/096f1d38a12cce57fb855b485ed24c9e\",\"name\":\"admin\",\"url\":\"https:\\\/\\\/akunq.net\\\/tr\\\/?author=7\"}]}<\/script>\n<!-- \/ Yoast SEO plugin. -->","yoast_head_json":{"title":"Ermeniler ve T\u00fcrkler rekor i\u00e7in bir araya geliyor - Bati Ermenistan Ve Bati Ermenileri Sorunlari Ara\u015ftirmalar Merkezi","robots":{"index":"index","follow":"follow","max-snippet":"max-snippet:-1","max-image-preview":"max-image-preview:large","max-video-preview":"max-video-preview:-1"},"canonical":"https:\/\/akunq.net\/tr\/?p=27254","og_locale":"en_US","og_type":"article","og_title":"Ermeniler ve T\u00fcrkler rekor i\u00e7in bir araya geliyor - Bati Ermenistan Ve Bati Ermenileri Sorunlari Ara\u015ftirmalar Merkezi","og_description":"Ermeni ve T\u00fcrklerden olu\u015fan bir grup 6 Aral\u0131k g\u00fcn\u00fc d\u00fcnyan\u0131n en uzun el s\u0131k\u0131\u015fmas\u0131 rekorunu k\u0131rmak i\u00e7in G\u00fcrcistan`\u0131n ba\u015fkenti Tiflis`te bir araya gelecek. Ermenistan-T\u00fcrkiye\u00a0aras\u0131ndaki s\u0131n\u0131rdan ge\u00e7i\u015f yap\u0131lamamas\u0131na dikkat \u00e7ekmek i\u00e7in d\u00fczenlenen organizasyonu TANGO Network d\u00fczenledi.\u00a0Cnnturk.com`un haberine g\u00f6re b\u00f6ylece T\u00fcrk ve Ermeniler`in bir araya gelmesinin sa\u011flanmas\u0131 ama\u00e7lan\u0131yor. Vatanda\u015flar\u0131n iki \u00fclke aras\u0131nda gidip gelmek i\u00e7in G\u00fcrcistan`\u0131 kullanmalar\u0131 [&hellip;]","og_url":"https:\/\/akunq.net\/tr\/?p=27254","og_site_name":"Bati Ermenistan Ve Bati Ermenileri Sorunlari Ara\u015ftirmalar Merkezi","article_published_time":"2013-12-05T07:44:13+00:00","og_image":[{"url":"http:\/\/ermenihaber.am\/pics\/news\/news_4\/1312.jpg","type":"","width":"","height":""}],"author":"admin","twitter_card":"summary_large_image","twitter_misc":{"Written by":"admin","Est. reading time":"1 minute"},"schema":{"@context":"https:\/\/schema.org","@graph":[{"@type":"Article","@id":"https:\/\/akunq.net\/tr\/?p=27254#article","isPartOf":{"@id":"https:\/\/akunq.net\/tr\/?p=27254"},"author":{"name":"admin","@id":"https:\/\/akunq.net\/tr\/#\/schema\/person\/096f1d38a12cce57fb855b485ed24c9e"},"headline":"Ermeniler ve T\u00fcrkler rekor i\u00e7in bir araya geliyor","datePublished":"2013-12-05T07:44:13+00:00","mainEntityOfPage":{"@id":"https:\/\/akunq.net\/tr\/?p=27254"},"wordCount":113,"commentCount":0,"image":{"@id":"https:\/\/akunq.net\/tr\/?p=27254#primaryimage"},"thumbnailUrl":"http:\/\/ermenihaber.am\/pics\/news\/news_4\/1312.jpg","articleSection":["Haberler"],"inLanguage":"en-US","potentialAction":[{"@type":"CommentAction","name":"Comment","target":["https:\/\/akunq.net\/tr\/?p=27254#respond"]}]},{"@type":"WebPage","@id":"https:\/\/akunq.net\/tr\/?p=27254","url":"https:\/\/akunq.net\/tr\/?p=27254","name":"Ermeniler ve T\u00fcrkler rekor i\u00e7in bir araya geliyor - Bati Ermenistan Ve Bati Ermenileri Sorunlari Ara\u015ftirmalar Merkezi","isPartOf":{"@id":"https:\/\/akunq.net\/tr\/#website"},"primaryImageOfPage":{"@id":"https:\/\/akunq.net\/tr\/?p=27254#primaryimage"},"image":{"@id":"https:\/\/akunq.net\/tr\/?p=27254#primaryimage"},"thumbnailUrl":"http:\/\/ermenihaber.am\/pics\/news\/news_4\/1312.jpg","datePublished":"2013-12-05T07:44:13+00:00","author":{"@id":"https:\/\/akunq.net\/tr\/#\/schema\/person\/096f1d38a12cce57fb855b485ed24c9e"},"breadcrumb":{"@id":"https:\/\/akunq.net\/tr\/?p=27254#breadcrumb"},"inLanguage":"en-US","potentialAction":[{"@type":"ReadAction","target":["https:\/\/akunq.net\/tr\/?p=27254"]}]},{"@type":"ImageObject","inLanguage":"en-US","@id":"https:\/\/akunq.net\/tr\/?p=27254#primaryimage","url":"http:\/\/ermenihaber.am\/pics\/news\/news_4\/1312.jpg","contentUrl":"http:\/\/ermenihaber.am\/pics\/news\/news_4\/1312.jpg"},{"@type":"BreadcrumbList","@id":"https:\/\/akunq.net\/tr\/?p=27254#breadcrumb","itemListElement":[{"@type":"ListItem","position":1,"name":"Home","item":"https:\/\/akunq.net\/tr"},{"@type":"ListItem","position":2,"name":"Ermeniler ve T\u00fcrkler rekor i\u00e7in bir araya geliyor"}]},{"@type":"WebSite","@id":"https:\/\/akunq.net\/tr\/#website","url":"https:\/\/akunq.net\/tr\/","name":"Bati Ermenistan Ve Bati Ermenileri Sorunlari Ara\u015ftirmalar Merkezi","description":"","potentialAction":[{"@type":"SearchAction","target":{"@type":"EntryPoint","urlTemplate":"https:\/\/akunq.net\/tr\/?s={search_term_string}"},"query-input":{"@type":"PropertyValueSpecification","valueRequired":true,"valueName":"search_term_string"}}],"inLanguage":"en-US"},{"@type":"Person","@id":"https:\/\/akunq.net\/tr\/#\/schema\/person\/096f1d38a12cce57fb855b485ed24c9e","name":"admin","url":"https:\/\/akunq.net\/tr\/?author=7"}]}},"_links":{"self":[{"href":"https:\/\/akunq.net\/tr\/index.php?rest_route=\/wp\/v2\/posts\/27254","targetHints":{"allow":["GET"]}}],"collection":[{"href":"https:\/\/akunq.net\/tr\/index.php?rest_route=\/wp\/v2\/posts"}],"about":[{"href":"https:\/\/akunq.net\/tr\/index.php?rest_route=\/wp\/v2\/types\/post"}],"author":[{"embeddable":true,"href":"https:\/\/akunq.net\/tr\/index.php?rest_route=\/wp\/v2\/users\/7"}],"replies":[{"embeddable":true,"href":"https:\/\/akunq.net\/tr\/index.php?rest_route=%2Fwp%2Fv2%2Fcomments&post=27254"}],"version-history":[{"count":2,"href":"https:\/\/akunq.net\/tr\/index.php?rest_route=\/wp\/v2\/posts\/27254\/revisions"}],"predecessor-version":[{"id":27256,"href":"https:\/\/akunq.net\/tr\/index.php?rest_route=\/wp\/v2\/posts\/27254\/revisions\/27256"}],"wp:attachment":[{"href":"https:\/\/akunq.net\/tr\/index.php?rest_route=%2Fwp%2Fv2%2Fmedia&parent=27254"}],"wp:term":[{"taxonomy":"category","embeddable":true,"href":"https:\/\/akunq.net\/tr\/index.php?rest_route=%2Fwp%2Fv2%2Fcategories&post=27254"},{"taxonomy":"post_tag","embeddable":true,"href":"https:\/\/akunq.net\/tr\/index.php?rest_route=%2Fwp%2Fv2%2Ftags&post=27254"}],"curies":[{"name":"wp","href":"https:\/\/api.w.org\/{rel}","templated":true}]}}