{"id":27236,"date":"2013-12-04T02:29:58","date_gmt":"2013-12-04T07:29:58","guid":{"rendered":"http:\/\/akunq.net\/tr\/?p=27236"},"modified":"2013-12-04T02:29:58","modified_gmt":"2013-12-04T07:29:58","slug":"daglik-karabag-parlamentosu-baskani-james-warlick-ile-biraraya-geldi","status":"publish","type":"post","link":"https:\/\/akunq.net\/tr\/?p=27236","title":{"rendered":"Da\u011fl\u0131k Karaba\u011f Parlamentosu Ba\u015fkan\u0131 James Warlick ile biraraya geldi"},"content":{"rendered":"<p style=\"text-align: justify;\"><span style=\"font-family: Arial, Helvetica, sans-serif; font-size: small;\"><img decoding=\"async\" class=\"alignright\" alt=\"\" src=\"http:\/\/ermenihaber.am\/pics\/news\/news_3\/1286.jpg\" \/>2 Aral\u0131k 2013 tarihinde ABD\u2019nin ba\u015fkenti Washington\u2019da Da\u011fl\u0131k Karaba\u011f Ulusal Meclisi Ba\u015fkan\u0131 A\u015fot \u011eulyan AG\u0130T Minsk Grubu ABD e\u015fba\u015fba\u015fkan\u0131 James Warlick ile birararaya geldi.\u00a0<\/span><\/p>\n<p style=\"text-align: justify;\"><span style=\"font-family: Arial, Helvetica, sans-serif; font-size: small;\">Da\u011fl\u0131k Karaba\u011f Parlamentosu bas\u0131n servisinden gelen habere g\u00f6re \u201cUlusal Meclisi Ba\u015fkan\u0131 A\u015fot \u011eulyan birka\u00e7 siyasi, sivil g\u00f6r\u00fc\u015fmeler ile etkinliklere kat\u0131lma amac\u0131yla 1 Aral\u0131k tarihinde Washingon\u2019a ziyaret etti. <\/span><\/p>\n<p style=\"text-align: justify;\"><span style=\"font-family: Arial, Helvetica, sans-serif; font-size: small;\">Ziyaret \u00e7er\u00e7evesinde A\u015fot \u011eulyan AG\u0130T Minsk Grubu ABD e\u015fba\u015fkan\u0131 James Warlick ile bulu\u015furken Karaba\u011f ihtilaf\u0131n\u0131n bar\u0131\u015f \u00e7\u00f6z\u00fcm\u00fc ile ilgili sorular, ayr\u0131ca ihtilaf\u0131n \u00e7\u00f6z\u00fcm s\u00fcrecinin \u015fimdiki etab\u0131 ve perspektiflerini ele ald\u0131lar.\u00a0<\/span>Muhataplar ayn\u0131 zaman b\u00f6lgesel bir\u00e7ok soruna de\u011finerek bar\u0131\u015f s\u00fcrecinin devam etme gere\u011fini \u00f6nemsediler.<\/p>\n<p style=\"text-align: justify;\"><b><span style=\"font-family: Arial, Helvetica, sans-serif; font-size: small;\">Ermenihaber.am<\/span><\/b><\/p>\n","protected":false},"excerpt":{"rendered":"<p>2 Aral\u0131k 2013 tarihinde ABD\u2019nin ba\u015fkenti Washington\u2019da Da\u011fl\u0131k Karaba\u011f Ulusal Meclisi Ba\u015fkan\u0131 A\u015fot \u011eulyan AG\u0130T Minsk Grubu ABD e\u015fba\u015fba\u015fkan\u0131 James Warlick ile birararaya geldi.\u00a0 Da\u011fl\u0131k Karaba\u011f Parlamentosu bas\u0131n servisinden gelen habere g\u00f6re \u201cUlusal Meclisi Ba\u015fkan\u0131 A\u015fot \u011eulyan birka\u00e7 siyasi, sivil g\u00f6r\u00fc\u015fmeler ile etkinliklere kat\u0131lma amac\u0131yla 1 Aral\u0131k tarihinde Washingon\u2019a ziyaret etti. Ziyaret \u00e7er\u00e7evesinde A\u015fot \u011eulyan [&hellip;]<\/p>\n","protected":false},"author":7,"featured_media":0,"comment_status":"open","ping_status":"open","sticky":false,"template":"","format":"standard","meta":{"footnotes":""},"categories":[1],"tags":[],"class_list":["post-27236","post","type-post","status-publish","format-standard","hentry","category-haberler"],"yoast_head":"<!-- This site is optimized with the Yoast SEO plugin v27.4 - https:\/\/yoast.com\/product\/yoast-seo-wordpress\/ -->\n<title>Da\u011fl\u0131k Karaba\u011f Parlamentosu Ba\u015fkan\u0131 James Warlick ile biraraya geldi  - Bati Ermenistan Ve Bati Ermenileri Sorunlari Ara\u015ftirmalar Merkezi<\/title>\n<meta name=\"robots\" content=\"index, follow, max-snippet:-1, max-image-preview:large, max-video-preview:-1\" \/>\n<link rel=\"canonical\" href=\"https:\/\/akunq.net\/tr\/?p=27236\" \/>\n<meta property=\"og:locale\" content=\"en_US\" \/>\n<meta property=\"og:type\" content=\"article\" \/>\n<meta property=\"og:title\" content=\"Da\u011fl\u0131k Karaba\u011f Parlamentosu Ba\u015fkan\u0131 James Warlick ile biraraya geldi  - Bati Ermenistan Ve Bati Ermenileri Sorunlari Ara\u015ftirmalar Merkezi\" \/>\n<meta property=\"og:description\" content=\"2 Aral\u0131k 2013 tarihinde ABD\u2019nin ba\u015fkenti Washington\u2019da Da\u011fl\u0131k Karaba\u011f Ulusal Meclisi Ba\u015fkan\u0131 A\u015fot \u011eulyan AG\u0130T Minsk Grubu ABD e\u015fba\u015fba\u015fkan\u0131 James Warlick ile birararaya geldi.\u00a0 Da\u011fl\u0131k Karaba\u011f Parlamentosu bas\u0131n servisinden gelen habere g\u00f6re \u201cUlusal Meclisi Ba\u015fkan\u0131 A\u015fot \u011eulyan birka\u00e7 siyasi, sivil g\u00f6r\u00fc\u015fmeler ile etkinliklere kat\u0131lma amac\u0131yla 1 Aral\u0131k tarihinde Washingon\u2019a ziyaret etti. Ziyaret \u00e7er\u00e7evesinde A\u015fot \u011eulyan [&hellip;]\" \/>\n<meta property=\"og:url\" content=\"https:\/\/akunq.net\/tr\/?p=27236\" \/>\n<meta property=\"og:site_name\" content=\"Bati Ermenistan Ve Bati Ermenileri Sorunlari Ara\u015ftirmalar Merkezi\" \/>\n<meta property=\"article:published_time\" content=\"2013-12-04T07:29:58+00:00\" \/>\n<meta property=\"og:image\" content=\"http:\/\/ermenihaber.am\/pics\/news\/news_3\/1286.jpg\" \/>\n<meta name=\"author\" content=\"admin\" \/>\n<meta name=\"twitter:card\" content=\"summary_large_image\" \/>\n<meta name=\"twitter:label1\" content=\"Written by\" \/>\n\t<meta name=\"twitter:data1\" content=\"admin\" \/>\n\t<meta name=\"twitter:label2\" content=\"Est. reading time\" \/>\n\t<meta name=\"twitter:data2\" content=\"1 minute\" \/>\n<script type=\"application\/ld+json\" class=\"yoast-schema-graph\">{\"@context\":\"https:\\\/\\\/schema.org\",\"@graph\":[{\"@type\":\"Article\",\"@id\":\"https:\\\/\\\/akunq.net\\\/tr\\\/?p=27236#article\",\"isPartOf\":{\"@id\":\"https:\\\/\\\/akunq.net\\\/tr\\\/?p=27236\"},\"author\":{\"name\":\"admin\",\"@id\":\"https:\\\/\\\/akunq.net\\\/tr\\\/#\\\/schema\\\/person\\\/096f1d38a12cce57fb855b485ed24c9e\"},\"headline\":\"Da\u011fl\u0131k Karaba\u011f Parlamentosu Ba\u015fkan\u0131 James Warlick ile biraraya geldi\",\"datePublished\":\"2013-12-04T07:29:58+00:00\",\"mainEntityOfPage\":{\"@id\":\"https:\\\/\\\/akunq.net\\\/tr\\\/?p=27236\"},\"wordCount\":148,\"commentCount\":0,\"image\":{\"@id\":\"https:\\\/\\\/akunq.net\\\/tr\\\/?p=27236#primaryimage\"},\"thumbnailUrl\":\"http:\\\/\\\/ermenihaber.am\\\/pics\\\/news\\\/news_3\\\/1286.jpg\",\"articleSection\":[\"Haberler\"],\"inLanguage\":\"en-US\",\"potentialAction\":[{\"@type\":\"CommentAction\",\"name\":\"Comment\",\"target\":[\"https:\\\/\\\/akunq.net\\\/tr\\\/?p=27236#respond\"]}]},{\"@type\":\"WebPage\",\"@id\":\"https:\\\/\\\/akunq.net\\\/tr\\\/?p=27236\",\"url\":\"https:\\\/\\\/akunq.net\\\/tr\\\/?p=27236\",\"name\":\"Da\u011fl\u0131k Karaba\u011f Parlamentosu Ba\u015fkan\u0131 James Warlick ile biraraya geldi - Bati Ermenistan Ve Bati Ermenileri Sorunlari Ara\u015ftirmalar Merkezi\",\"isPartOf\":{\"@id\":\"https:\\\/\\\/akunq.net\\\/tr\\\/#website\"},\"primaryImageOfPage\":{\"@id\":\"https:\\\/\\\/akunq.net\\\/tr\\\/?p=27236#primaryimage\"},\"image\":{\"@id\":\"https:\\\/\\\/akunq.net\\\/tr\\\/?p=27236#primaryimage\"},\"thumbnailUrl\":\"http:\\\/\\\/ermenihaber.am\\\/pics\\\/news\\\/news_3\\\/1286.jpg\",\"datePublished\":\"2013-12-04T07:29:58+00:00\",\"author\":{\"@id\":\"https:\\\/\\\/akunq.net\\\/tr\\\/#\\\/schema\\\/person\\\/096f1d38a12cce57fb855b485ed24c9e\"},\"breadcrumb\":{\"@id\":\"https:\\\/\\\/akunq.net\\\/tr\\\/?p=27236#breadcrumb\"},\"inLanguage\":\"en-US\",\"potentialAction\":[{\"@type\":\"ReadAction\",\"target\":[\"https:\\\/\\\/akunq.net\\\/tr\\\/?p=27236\"]}]},{\"@type\":\"ImageObject\",\"inLanguage\":\"en-US\",\"@id\":\"https:\\\/\\\/akunq.net\\\/tr\\\/?p=27236#primaryimage\",\"url\":\"http:\\\/\\\/ermenihaber.am\\\/pics\\\/news\\\/news_3\\\/1286.jpg\",\"contentUrl\":\"http:\\\/\\\/ermenihaber.am\\\/pics\\\/news\\\/news_3\\\/1286.jpg\"},{\"@type\":\"BreadcrumbList\",\"@id\":\"https:\\\/\\\/akunq.net\\\/tr\\\/?p=27236#breadcrumb\",\"itemListElement\":[{\"@type\":\"ListItem\",\"position\":1,\"name\":\"Home\",\"item\":\"https:\\\/\\\/akunq.net\\\/tr\"},{\"@type\":\"ListItem\",\"position\":2,\"name\":\"Da\u011fl\u0131k Karaba\u011f Parlamentosu Ba\u015fkan\u0131 James Warlick ile biraraya geldi\"}]},{\"@type\":\"WebSite\",\"@id\":\"https:\\\/\\\/akunq.net\\\/tr\\\/#website\",\"url\":\"https:\\\/\\\/akunq.net\\\/tr\\\/\",\"name\":\"Bati Ermenistan Ve Bati Ermenileri Sorunlari Ara\u015ftirmalar Merkezi\",\"description\":\"\",\"potentialAction\":[{\"@type\":\"SearchAction\",\"target\":{\"@type\":\"EntryPoint\",\"urlTemplate\":\"https:\\\/\\\/akunq.net\\\/tr\\\/?s={search_term_string}\"},\"query-input\":{\"@type\":\"PropertyValueSpecification\",\"valueRequired\":true,\"valueName\":\"search_term_string\"}}],\"inLanguage\":\"en-US\"},{\"@type\":\"Person\",\"@id\":\"https:\\\/\\\/akunq.net\\\/tr\\\/#\\\/schema\\\/person\\\/096f1d38a12cce57fb855b485ed24c9e\",\"name\":\"admin\",\"url\":\"https:\\\/\\\/akunq.net\\\/tr\\\/?author=7\"}]}<\/script>\n<!-- \/ Yoast SEO plugin. -->","yoast_head_json":{"title":"Da\u011fl\u0131k Karaba\u011f Parlamentosu Ba\u015fkan\u0131 James Warlick ile biraraya geldi  - Bati Ermenistan Ve Bati Ermenileri Sorunlari Ara\u015ftirmalar Merkezi","robots":{"index":"index","follow":"follow","max-snippet":"max-snippet:-1","max-image-preview":"max-image-preview:large","max-video-preview":"max-video-preview:-1"},"canonical":"https:\/\/akunq.net\/tr\/?p=27236","og_locale":"en_US","og_type":"article","og_title":"Da\u011fl\u0131k Karaba\u011f Parlamentosu Ba\u015fkan\u0131 James Warlick ile biraraya geldi  - Bati Ermenistan Ve Bati Ermenileri Sorunlari Ara\u015ftirmalar Merkezi","og_description":"2 Aral\u0131k 2013 tarihinde ABD\u2019nin ba\u015fkenti Washington\u2019da Da\u011fl\u0131k Karaba\u011f Ulusal Meclisi Ba\u015fkan\u0131 A\u015fot \u011eulyan AG\u0130T Minsk Grubu ABD e\u015fba\u015fba\u015fkan\u0131 James Warlick ile birararaya geldi.\u00a0 Da\u011fl\u0131k Karaba\u011f Parlamentosu bas\u0131n servisinden gelen habere g\u00f6re \u201cUlusal Meclisi Ba\u015fkan\u0131 A\u015fot \u011eulyan birka\u00e7 siyasi, sivil g\u00f6r\u00fc\u015fmeler ile etkinliklere kat\u0131lma amac\u0131yla 1 Aral\u0131k tarihinde Washingon\u2019a ziyaret etti. Ziyaret \u00e7er\u00e7evesinde A\u015fot \u011eulyan [&hellip;]","og_url":"https:\/\/akunq.net\/tr\/?p=27236","og_site_name":"Bati Ermenistan Ve Bati Ermenileri Sorunlari Ara\u015ftirmalar Merkezi","article_published_time":"2013-12-04T07:29:58+00:00","og_image":[{"url":"http:\/\/ermenihaber.am\/pics\/news\/news_3\/1286.jpg","type":"","width":"","height":""}],"author":"admin","twitter_card":"summary_large_image","twitter_misc":{"Written by":"admin","Est. reading time":"1 minute"},"schema":{"@context":"https:\/\/schema.org","@graph":[{"@type":"Article","@id":"https:\/\/akunq.net\/tr\/?p=27236#article","isPartOf":{"@id":"https:\/\/akunq.net\/tr\/?p=27236"},"author":{"name":"admin","@id":"https:\/\/akunq.net\/tr\/#\/schema\/person\/096f1d38a12cce57fb855b485ed24c9e"},"headline":"Da\u011fl\u0131k Karaba\u011f Parlamentosu Ba\u015fkan\u0131 James Warlick ile biraraya geldi","datePublished":"2013-12-04T07:29:58+00:00","mainEntityOfPage":{"@id":"https:\/\/akunq.net\/tr\/?p=27236"},"wordCount":148,"commentCount":0,"image":{"@id":"https:\/\/akunq.net\/tr\/?p=27236#primaryimage"},"thumbnailUrl":"http:\/\/ermenihaber.am\/pics\/news\/news_3\/1286.jpg","articleSection":["Haberler"],"inLanguage":"en-US","potentialAction":[{"@type":"CommentAction","name":"Comment","target":["https:\/\/akunq.net\/tr\/?p=27236#respond"]}]},{"@type":"WebPage","@id":"https:\/\/akunq.net\/tr\/?p=27236","url":"https:\/\/akunq.net\/tr\/?p=27236","name":"Da\u011fl\u0131k Karaba\u011f Parlamentosu Ba\u015fkan\u0131 James Warlick ile biraraya geldi - Bati Ermenistan Ve Bati Ermenileri Sorunlari Ara\u015ftirmalar Merkezi","isPartOf":{"@id":"https:\/\/akunq.net\/tr\/#website"},"primaryImageOfPage":{"@id":"https:\/\/akunq.net\/tr\/?p=27236#primaryimage"},"image":{"@id":"https:\/\/akunq.net\/tr\/?p=27236#primaryimage"},"thumbnailUrl":"http:\/\/ermenihaber.am\/pics\/news\/news_3\/1286.jpg","datePublished":"2013-12-04T07:29:58+00:00","author":{"@id":"https:\/\/akunq.net\/tr\/#\/schema\/person\/096f1d38a12cce57fb855b485ed24c9e"},"breadcrumb":{"@id":"https:\/\/akunq.net\/tr\/?p=27236#breadcrumb"},"inLanguage":"en-US","potentialAction":[{"@type":"ReadAction","target":["https:\/\/akunq.net\/tr\/?p=27236"]}]},{"@type":"ImageObject","inLanguage":"en-US","@id":"https:\/\/akunq.net\/tr\/?p=27236#primaryimage","url":"http:\/\/ermenihaber.am\/pics\/news\/news_3\/1286.jpg","contentUrl":"http:\/\/ermenihaber.am\/pics\/news\/news_3\/1286.jpg"},{"@type":"BreadcrumbList","@id":"https:\/\/akunq.net\/tr\/?p=27236#breadcrumb","itemListElement":[{"@type":"ListItem","position":1,"name":"Home","item":"https:\/\/akunq.net\/tr"},{"@type":"ListItem","position":2,"name":"Da\u011fl\u0131k Karaba\u011f Parlamentosu Ba\u015fkan\u0131 James Warlick ile biraraya geldi"}]},{"@type":"WebSite","@id":"https:\/\/akunq.net\/tr\/#website","url":"https:\/\/akunq.net\/tr\/","name":"Bati Ermenistan Ve Bati Ermenileri Sorunlari Ara\u015ftirmalar Merkezi","description":"","potentialAction":[{"@type":"SearchAction","target":{"@type":"EntryPoint","urlTemplate":"https:\/\/akunq.net\/tr\/?s={search_term_string}"},"query-input":{"@type":"PropertyValueSpecification","valueRequired":true,"valueName":"search_term_string"}}],"inLanguage":"en-US"},{"@type":"Person","@id":"https:\/\/akunq.net\/tr\/#\/schema\/person\/096f1d38a12cce57fb855b485ed24c9e","name":"admin","url":"https:\/\/akunq.net\/tr\/?author=7"}]}},"_links":{"self":[{"href":"https:\/\/akunq.net\/tr\/index.php?rest_route=\/wp\/v2\/posts\/27236","targetHints":{"allow":["GET"]}}],"collection":[{"href":"https:\/\/akunq.net\/tr\/index.php?rest_route=\/wp\/v2\/posts"}],"about":[{"href":"https:\/\/akunq.net\/tr\/index.php?rest_route=\/wp\/v2\/types\/post"}],"author":[{"embeddable":true,"href":"https:\/\/akunq.net\/tr\/index.php?rest_route=\/wp\/v2\/users\/7"}],"replies":[{"embeddable":true,"href":"https:\/\/akunq.net\/tr\/index.php?rest_route=%2Fwp%2Fv2%2Fcomments&post=27236"}],"version-history":[{"count":1,"href":"https:\/\/akunq.net\/tr\/index.php?rest_route=\/wp\/v2\/posts\/27236\/revisions"}],"predecessor-version":[{"id":27237,"href":"https:\/\/akunq.net\/tr\/index.php?rest_route=\/wp\/v2\/posts\/27236\/revisions\/27237"}],"wp:attachment":[{"href":"https:\/\/akunq.net\/tr\/index.php?rest_route=%2Fwp%2Fv2%2Fmedia&parent=27236"}],"wp:term":[{"taxonomy":"category","embeddable":true,"href":"https:\/\/akunq.net\/tr\/index.php?rest_route=%2Fwp%2Fv2%2Fcategories&post=27236"},{"taxonomy":"post_tag","embeddable":true,"href":"https:\/\/akunq.net\/tr\/index.php?rest_route=%2Fwp%2Fv2%2Ftags&post=27236"}],"curies":[{"name":"wp","href":"https:\/\/api.w.org\/{rel}","templated":true}]}}