{"id":27233,"date":"2013-12-04T02:00:56","date_gmt":"2013-12-04T07:00:56","guid":{"rendered":"http:\/\/akunq.net\/tr\/?p=27233"},"modified":"2013-12-04T02:00:56","modified_gmt":"2013-12-04T07:00:56","slug":"ara-gulerin-eski-sehir-sergisi-istanbulda","status":"publish","type":"post","link":"https:\/\/akunq.net\/tr\/?p=27233","title":{"rendered":"Ara G\u00fcler\u2019in \u201cEski \u015eehir\u201d sergisi \u0130stanbul\u2019da"},"content":{"rendered":"<p><span style=\"font-family: Arial, Helvetica, sans-serif; font-size: small;\"><img decoding=\"async\" class=\"alignright\" alt=\"\" src=\"http:\/\/ermenihaber.am\/pics\/news\/news_5\/406.jpg\" \/>T\u00fcrk foto\u011fraf\u0131n\u0131n ustas\u0131 Ermeni sanat\u00e7\u0131 Ara G\u00fcler`in daha \u00f6nce bir arada sergilenmemi\u015f, renkli \u0130stanbul foto\u011fraflar\u0131n\u0131 izleyici ile bulu\u015fturuyor. B\u00fcy\u00fck bir gelenek olan sosyal belgeselci tarz\u0131 benimseyen Ara G\u00fcler`in foto\u011fraflar\u0131nda sinema ve edebiyat birbiriyle s\u00fcrekli kesi\u015fiyor. Her foto\u011fraf\u0131nda bir can, bir devinim vard\u0131r.<\/p>\n<p>Ara G\u00fcler`in \u00e7al\u0131\u015fmalar\u0131 t\u00fcm d\u00fcnyay\u0131 kapsamas\u0131na ra\u011fmen, y\u00fcre\u011fi do\u011fum yeri olan, hayallerinin \u015eehri \u0130stanbul`da kalm\u0131\u015ft\u0131r.Ara G\u00fcler`in Eski \u015eehri`nde yolculu\u011fa \u00e7\u0131kt\u0131\u011f\u0131n\u0131zda bir anda kendinizi Arnavut kald\u0131r\u0131mlar\u0131ndan bacas\u0131 t\u00fcten cundal\u0131 ah\u015fap bir eve, oradan denizin kokusunu duyabildi\u011finiz bir kay\u0131k\u00e7\u0131 teknesinde bulabilirsiniz.\u00a0&#8220;\u0130stanbul foto\u011fraflar\u0131m olmasa, o eski g\u00fcnler, bug\u00fcn unutulmu\u015f olacakt\u0131&#8230;<\/p>\n<p>Eski \u015eehir`den bir \u015fey kalmad\u0131. \u015eehrin esteti\u011fi de\u011fi\u015fti. Uygarl\u0131k ileriye gidiyor ama insanlar g\u00fczellik anlay\u0131\u015f\u0131n\u0131 kaybetti&#8221; diyen Ara G\u00fcler`in Eski \u015eehir foto\u011fraflar\u0131 16 Aral\u0131k 2013-15 Ocak 2014 tarihleri aras\u0131nda \u0130stanbul\u2019da sergilenecek.<br \/>\n<\/span><b><br \/>\nErmenihaber.am<\/b><\/p>\n","protected":false},"excerpt":{"rendered":"<p>T\u00fcrk foto\u011fraf\u0131n\u0131n ustas\u0131 Ermeni sanat\u00e7\u0131 Ara G\u00fcler`in daha \u00f6nce bir arada sergilenmemi\u015f, renkli \u0130stanbul foto\u011fraflar\u0131n\u0131 izleyici ile bulu\u015fturuyor. B\u00fcy\u00fck bir gelenek olan sosyal belgeselci tarz\u0131 benimseyen Ara G\u00fcler`in foto\u011fraflar\u0131nda sinema ve edebiyat birbiriyle s\u00fcrekli kesi\u015fiyor. Her foto\u011fraf\u0131nda bir can, bir devinim vard\u0131r. Ara G\u00fcler`in \u00e7al\u0131\u015fmalar\u0131 t\u00fcm d\u00fcnyay\u0131 kapsamas\u0131na ra\u011fmen, y\u00fcre\u011fi do\u011fum yeri olan, hayallerinin \u015eehri [&hellip;]<\/p>\n","protected":false},"author":7,"featured_media":0,"comment_status":"open","ping_status":"open","sticky":false,"template":"","format":"standard","meta":{"footnotes":""},"categories":[1],"tags":[],"class_list":["post-27233","post","type-post","status-publish","format-standard","hentry","category-haberler"],"yoast_head":"<!-- This site is optimized with the Yoast SEO plugin v27.4 - https:\/\/yoast.com\/product\/yoast-seo-wordpress\/ -->\n<title>Ara G\u00fcler\u2019in \u201cEski \u015eehir\u201d sergisi \u0130stanbul\u2019da - Bati Ermenistan Ve Bati Ermenileri Sorunlari Ara\u015ftirmalar Merkezi<\/title>\n<meta name=\"robots\" content=\"index, follow, max-snippet:-1, max-image-preview:large, max-video-preview:-1\" \/>\n<link rel=\"canonical\" href=\"https:\/\/akunq.net\/tr\/?p=27233\" \/>\n<meta property=\"og:locale\" content=\"en_US\" \/>\n<meta property=\"og:type\" content=\"article\" \/>\n<meta property=\"og:title\" content=\"Ara G\u00fcler\u2019in \u201cEski \u015eehir\u201d sergisi \u0130stanbul\u2019da - Bati Ermenistan Ve Bati Ermenileri Sorunlari Ara\u015ftirmalar Merkezi\" \/>\n<meta property=\"og:description\" content=\"T\u00fcrk foto\u011fraf\u0131n\u0131n ustas\u0131 Ermeni sanat\u00e7\u0131 Ara G\u00fcler`in daha \u00f6nce bir arada sergilenmemi\u015f, renkli \u0130stanbul foto\u011fraflar\u0131n\u0131 izleyici ile bulu\u015fturuyor. B\u00fcy\u00fck bir gelenek olan sosyal belgeselci tarz\u0131 benimseyen Ara G\u00fcler`in foto\u011fraflar\u0131nda sinema ve edebiyat birbiriyle s\u00fcrekli kesi\u015fiyor. Her foto\u011fraf\u0131nda bir can, bir devinim vard\u0131r. Ara G\u00fcler`in \u00e7al\u0131\u015fmalar\u0131 t\u00fcm d\u00fcnyay\u0131 kapsamas\u0131na ra\u011fmen, y\u00fcre\u011fi do\u011fum yeri olan, hayallerinin \u015eehri [&hellip;]\" \/>\n<meta property=\"og:url\" content=\"https:\/\/akunq.net\/tr\/?p=27233\" \/>\n<meta property=\"og:site_name\" content=\"Bati Ermenistan Ve Bati Ermenileri Sorunlari Ara\u015ftirmalar Merkezi\" \/>\n<meta property=\"article:published_time\" content=\"2013-12-04T07:00:56+00:00\" \/>\n<meta property=\"og:image\" content=\"http:\/\/ermenihaber.am\/pics\/news\/news_5\/406.jpg\" \/>\n<meta name=\"author\" content=\"admin\" \/>\n<meta name=\"twitter:card\" content=\"summary_large_image\" \/>\n<meta name=\"twitter:label1\" content=\"Written by\" \/>\n\t<meta name=\"twitter:data1\" content=\"admin\" \/>\n\t<meta name=\"twitter:label2\" content=\"Est. reading time\" \/>\n\t<meta name=\"twitter:data2\" content=\"1 minute\" \/>\n<script type=\"application\/ld+json\" class=\"yoast-schema-graph\">{\"@context\":\"https:\\\/\\\/schema.org\",\"@graph\":[{\"@type\":\"Article\",\"@id\":\"https:\\\/\\\/akunq.net\\\/tr\\\/?p=27233#article\",\"isPartOf\":{\"@id\":\"https:\\\/\\\/akunq.net\\\/tr\\\/?p=27233\"},\"author\":{\"name\":\"admin\",\"@id\":\"https:\\\/\\\/akunq.net\\\/tr\\\/#\\\/schema\\\/person\\\/096f1d38a12cce57fb855b485ed24c9e\"},\"headline\":\"Ara G\u00fcler\u2019in \u201cEski \u015eehir\u201d sergisi \u0130stanbul\u2019da\",\"datePublished\":\"2013-12-04T07:00:56+00:00\",\"mainEntityOfPage\":{\"@id\":\"https:\\\/\\\/akunq.net\\\/tr\\\/?p=27233\"},\"wordCount\":194,\"commentCount\":0,\"image\":{\"@id\":\"https:\\\/\\\/akunq.net\\\/tr\\\/?p=27233#primaryimage\"},\"thumbnailUrl\":\"http:\\\/\\\/ermenihaber.am\\\/pics\\\/news\\\/news_5\\\/406.jpg\",\"articleSection\":[\"Haberler\"],\"inLanguage\":\"en-US\",\"potentialAction\":[{\"@type\":\"CommentAction\",\"name\":\"Comment\",\"target\":[\"https:\\\/\\\/akunq.net\\\/tr\\\/?p=27233#respond\"]}]},{\"@type\":\"WebPage\",\"@id\":\"https:\\\/\\\/akunq.net\\\/tr\\\/?p=27233\",\"url\":\"https:\\\/\\\/akunq.net\\\/tr\\\/?p=27233\",\"name\":\"Ara G\u00fcler\u2019in \u201cEski \u015eehir\u201d sergisi \u0130stanbul\u2019da - Bati Ermenistan Ve Bati Ermenileri Sorunlari Ara\u015ftirmalar Merkezi\",\"isPartOf\":{\"@id\":\"https:\\\/\\\/akunq.net\\\/tr\\\/#website\"},\"primaryImageOfPage\":{\"@id\":\"https:\\\/\\\/akunq.net\\\/tr\\\/?p=27233#primaryimage\"},\"image\":{\"@id\":\"https:\\\/\\\/akunq.net\\\/tr\\\/?p=27233#primaryimage\"},\"thumbnailUrl\":\"http:\\\/\\\/ermenihaber.am\\\/pics\\\/news\\\/news_5\\\/406.jpg\",\"datePublished\":\"2013-12-04T07:00:56+00:00\",\"author\":{\"@id\":\"https:\\\/\\\/akunq.net\\\/tr\\\/#\\\/schema\\\/person\\\/096f1d38a12cce57fb855b485ed24c9e\"},\"breadcrumb\":{\"@id\":\"https:\\\/\\\/akunq.net\\\/tr\\\/?p=27233#breadcrumb\"},\"inLanguage\":\"en-US\",\"potentialAction\":[{\"@type\":\"ReadAction\",\"target\":[\"https:\\\/\\\/akunq.net\\\/tr\\\/?p=27233\"]}]},{\"@type\":\"ImageObject\",\"inLanguage\":\"en-US\",\"@id\":\"https:\\\/\\\/akunq.net\\\/tr\\\/?p=27233#primaryimage\",\"url\":\"http:\\\/\\\/ermenihaber.am\\\/pics\\\/news\\\/news_5\\\/406.jpg\",\"contentUrl\":\"http:\\\/\\\/ermenihaber.am\\\/pics\\\/news\\\/news_5\\\/406.jpg\"},{\"@type\":\"BreadcrumbList\",\"@id\":\"https:\\\/\\\/akunq.net\\\/tr\\\/?p=27233#breadcrumb\",\"itemListElement\":[{\"@type\":\"ListItem\",\"position\":1,\"name\":\"Home\",\"item\":\"https:\\\/\\\/akunq.net\\\/tr\"},{\"@type\":\"ListItem\",\"position\":2,\"name\":\"Ara G\u00fcler\u2019in \u201cEski \u015eehir\u201d sergisi \u0130stanbul\u2019da\"}]},{\"@type\":\"WebSite\",\"@id\":\"https:\\\/\\\/akunq.net\\\/tr\\\/#website\",\"url\":\"https:\\\/\\\/akunq.net\\\/tr\\\/\",\"name\":\"Bati Ermenistan Ve Bati Ermenileri Sorunlari Ara\u015ftirmalar Merkezi\",\"description\":\"\",\"potentialAction\":[{\"@type\":\"SearchAction\",\"target\":{\"@type\":\"EntryPoint\",\"urlTemplate\":\"https:\\\/\\\/akunq.net\\\/tr\\\/?s={search_term_string}\"},\"query-input\":{\"@type\":\"PropertyValueSpecification\",\"valueRequired\":true,\"valueName\":\"search_term_string\"}}],\"inLanguage\":\"en-US\"},{\"@type\":\"Person\",\"@id\":\"https:\\\/\\\/akunq.net\\\/tr\\\/#\\\/schema\\\/person\\\/096f1d38a12cce57fb855b485ed24c9e\",\"name\":\"admin\",\"url\":\"https:\\\/\\\/akunq.net\\\/tr\\\/?author=7\"}]}<\/script>\n<!-- \/ Yoast SEO plugin. -->","yoast_head_json":{"title":"Ara G\u00fcler\u2019in \u201cEski \u015eehir\u201d sergisi \u0130stanbul\u2019da - Bati Ermenistan Ve Bati Ermenileri Sorunlari Ara\u015ftirmalar Merkezi","robots":{"index":"index","follow":"follow","max-snippet":"max-snippet:-1","max-image-preview":"max-image-preview:large","max-video-preview":"max-video-preview:-1"},"canonical":"https:\/\/akunq.net\/tr\/?p=27233","og_locale":"en_US","og_type":"article","og_title":"Ara G\u00fcler\u2019in \u201cEski \u015eehir\u201d sergisi \u0130stanbul\u2019da - Bati Ermenistan Ve Bati Ermenileri Sorunlari Ara\u015ftirmalar Merkezi","og_description":"T\u00fcrk foto\u011fraf\u0131n\u0131n ustas\u0131 Ermeni sanat\u00e7\u0131 Ara G\u00fcler`in daha \u00f6nce bir arada sergilenmemi\u015f, renkli \u0130stanbul foto\u011fraflar\u0131n\u0131 izleyici ile bulu\u015fturuyor. B\u00fcy\u00fck bir gelenek olan sosyal belgeselci tarz\u0131 benimseyen Ara G\u00fcler`in foto\u011fraflar\u0131nda sinema ve edebiyat birbiriyle s\u00fcrekli kesi\u015fiyor. Her foto\u011fraf\u0131nda bir can, bir devinim vard\u0131r. Ara G\u00fcler`in \u00e7al\u0131\u015fmalar\u0131 t\u00fcm d\u00fcnyay\u0131 kapsamas\u0131na ra\u011fmen, y\u00fcre\u011fi do\u011fum yeri olan, hayallerinin \u015eehri [&hellip;]","og_url":"https:\/\/akunq.net\/tr\/?p=27233","og_site_name":"Bati Ermenistan Ve Bati Ermenileri Sorunlari Ara\u015ftirmalar Merkezi","article_published_time":"2013-12-04T07:00:56+00:00","og_image":[{"url":"http:\/\/ermenihaber.am\/pics\/news\/news_5\/406.jpg","type":"","width":"","height":""}],"author":"admin","twitter_card":"summary_large_image","twitter_misc":{"Written by":"admin","Est. reading time":"1 minute"},"schema":{"@context":"https:\/\/schema.org","@graph":[{"@type":"Article","@id":"https:\/\/akunq.net\/tr\/?p=27233#article","isPartOf":{"@id":"https:\/\/akunq.net\/tr\/?p=27233"},"author":{"name":"admin","@id":"https:\/\/akunq.net\/tr\/#\/schema\/person\/096f1d38a12cce57fb855b485ed24c9e"},"headline":"Ara G\u00fcler\u2019in \u201cEski \u015eehir\u201d sergisi \u0130stanbul\u2019da","datePublished":"2013-12-04T07:00:56+00:00","mainEntityOfPage":{"@id":"https:\/\/akunq.net\/tr\/?p=27233"},"wordCount":194,"commentCount":0,"image":{"@id":"https:\/\/akunq.net\/tr\/?p=27233#primaryimage"},"thumbnailUrl":"http:\/\/ermenihaber.am\/pics\/news\/news_5\/406.jpg","articleSection":["Haberler"],"inLanguage":"en-US","potentialAction":[{"@type":"CommentAction","name":"Comment","target":["https:\/\/akunq.net\/tr\/?p=27233#respond"]}]},{"@type":"WebPage","@id":"https:\/\/akunq.net\/tr\/?p=27233","url":"https:\/\/akunq.net\/tr\/?p=27233","name":"Ara G\u00fcler\u2019in \u201cEski \u015eehir\u201d sergisi \u0130stanbul\u2019da - Bati Ermenistan Ve Bati Ermenileri Sorunlari Ara\u015ftirmalar Merkezi","isPartOf":{"@id":"https:\/\/akunq.net\/tr\/#website"},"primaryImageOfPage":{"@id":"https:\/\/akunq.net\/tr\/?p=27233#primaryimage"},"image":{"@id":"https:\/\/akunq.net\/tr\/?p=27233#primaryimage"},"thumbnailUrl":"http:\/\/ermenihaber.am\/pics\/news\/news_5\/406.jpg","datePublished":"2013-12-04T07:00:56+00:00","author":{"@id":"https:\/\/akunq.net\/tr\/#\/schema\/person\/096f1d38a12cce57fb855b485ed24c9e"},"breadcrumb":{"@id":"https:\/\/akunq.net\/tr\/?p=27233#breadcrumb"},"inLanguage":"en-US","potentialAction":[{"@type":"ReadAction","target":["https:\/\/akunq.net\/tr\/?p=27233"]}]},{"@type":"ImageObject","inLanguage":"en-US","@id":"https:\/\/akunq.net\/tr\/?p=27233#primaryimage","url":"http:\/\/ermenihaber.am\/pics\/news\/news_5\/406.jpg","contentUrl":"http:\/\/ermenihaber.am\/pics\/news\/news_5\/406.jpg"},{"@type":"BreadcrumbList","@id":"https:\/\/akunq.net\/tr\/?p=27233#breadcrumb","itemListElement":[{"@type":"ListItem","position":1,"name":"Home","item":"https:\/\/akunq.net\/tr"},{"@type":"ListItem","position":2,"name":"Ara G\u00fcler\u2019in \u201cEski \u015eehir\u201d sergisi \u0130stanbul\u2019da"}]},{"@type":"WebSite","@id":"https:\/\/akunq.net\/tr\/#website","url":"https:\/\/akunq.net\/tr\/","name":"Bati Ermenistan Ve Bati Ermenileri Sorunlari Ara\u015ftirmalar Merkezi","description":"","potentialAction":[{"@type":"SearchAction","target":{"@type":"EntryPoint","urlTemplate":"https:\/\/akunq.net\/tr\/?s={search_term_string}"},"query-input":{"@type":"PropertyValueSpecification","valueRequired":true,"valueName":"search_term_string"}}],"inLanguage":"en-US"},{"@type":"Person","@id":"https:\/\/akunq.net\/tr\/#\/schema\/person\/096f1d38a12cce57fb855b485ed24c9e","name":"admin","url":"https:\/\/akunq.net\/tr\/?author=7"}]}},"_links":{"self":[{"href":"https:\/\/akunq.net\/tr\/index.php?rest_route=\/wp\/v2\/posts\/27233","targetHints":{"allow":["GET"]}}],"collection":[{"href":"https:\/\/akunq.net\/tr\/index.php?rest_route=\/wp\/v2\/posts"}],"about":[{"href":"https:\/\/akunq.net\/tr\/index.php?rest_route=\/wp\/v2\/types\/post"}],"author":[{"embeddable":true,"href":"https:\/\/akunq.net\/tr\/index.php?rest_route=\/wp\/v2\/users\/7"}],"replies":[{"embeddable":true,"href":"https:\/\/akunq.net\/tr\/index.php?rest_route=%2Fwp%2Fv2%2Fcomments&post=27233"}],"version-history":[{"count":2,"href":"https:\/\/akunq.net\/tr\/index.php?rest_route=\/wp\/v2\/posts\/27233\/revisions"}],"predecessor-version":[{"id":27235,"href":"https:\/\/akunq.net\/tr\/index.php?rest_route=\/wp\/v2\/posts\/27233\/revisions\/27235"}],"wp:attachment":[{"href":"https:\/\/akunq.net\/tr\/index.php?rest_route=%2Fwp%2Fv2%2Fmedia&parent=27233"}],"wp:term":[{"taxonomy":"category","embeddable":true,"href":"https:\/\/akunq.net\/tr\/index.php?rest_route=%2Fwp%2Fv2%2Fcategories&post=27233"},{"taxonomy":"post_tag","embeddable":true,"href":"https:\/\/akunq.net\/tr\/index.php?rest_route=%2Fwp%2Fv2%2Ftags&post=27233"}],"curies":[{"name":"wp","href":"https:\/\/api.w.org\/{rel}","templated":true}]}}