{"id":27227,"date":"2013-12-03T02:59:05","date_gmt":"2013-12-03T07:59:05","guid":{"rendered":"http:\/\/akunq.net\/tr\/?p=27227"},"modified":"2013-12-03T02:59:05","modified_gmt":"2013-12-03T07:59:05","slug":"putin-gumruk-birligine-girmek-ermeni-halki-ve-ermenistan-yonetiminin-egemen-kararidir","status":"publish","type":"post","link":"https:\/\/akunq.net\/tr\/?p=27227","title":{"rendered":"Putin: G\u00fcmr\u00fck Birli\u011fine girmek Ermeni halk\u0131 ve Ermenistan y\u00f6netiminin egemen karar\u0131d\u0131r"},"content":{"rendered":"<div id=\"newstext-cont\">\n<p style=\"text-align: justify;\"><a href=\"http:\/\/news.am\/\"><img decoding=\"async\" class=\"alignright\" alt=\"\" src=\"http:\/\/farm4.staticflickr.com\/3759\/11173065845_953656dfce.jpg\" width=\"300\" \/>NEWS.am<\/a> Rus-Ermeni B\u00f6lgeleraras\u0131 Forum oturumu esnas\u0131nda Vladmir Putn\u2019in konu\u015fmas\u0131ndan bir b\u00f6l\u00fcm sunuyor.<\/p>\n<p style=\"text-align: justify;\">\u00abSayg\u0131de\u011fer \u00e7al\u0131\u015fma arkada\u015flar\u0131, arkada\u015flar, Sayg\u0131de\u011fer Serj Azadi\u00e7,<\/p>\n<p style=\"text-align: justify;\">Rus-Ermeni B\u00f6lgeleraras\u0131 III. Forumu oturumunda sizleri selamlamaktan ger\u00e7ekten mutluyum.<\/p>\n<p style=\"text-align: justify;\">Biraz \u00f6nce cumhurba\u015fkan\u0131n\u0131n and\u0131\u011f\u0131 25 y\u0131l \u00f6nce korkun\u00e7 bir deprem g\u00f6ren G\u00fcmr\u00fc kenti, kar\u015f\u0131l\u0131kl\u0131 destek ve s\u0131k\u0131 ba\u011flar\u0131n sembol\u00fc haline d\u00f6n\u00fc\u015fm\u00fc\u015f durumdad\u0131r; bunlar Rusya ve Ermenistan\u2019\u0131 daha da yakla\u015ft\u0131rmaktad\u0131r. G\u00fcven ve dostluk gelenekleri ve bug\u00fcn\u00a0 ikili ili\u015fkilerin m\u00fcttefiki ve partn\u00f6rl\u00fck mahiyetini belirlemekteler.<\/p>\n<p style=\"text-align: justify;\">Rusya,Ermenistan\u2019\u0131n ticaret-ekonomide \u00f6nde gelen partn\u00f6r\u00fcd\u00fcr. 2012 y\u0131l\u0131ndaki verilerimize g\u00f6re, ticaret hacmi\u00a0 % 20\u2019den fazla artarak, 1.2 milyar dolar\u0131 ge\u00e7ti. Ermenistan\u2019dak yabanc\u0131 yat\u0131r\u0131mlar\u0131n % 40\u2019n\u0131 a\u015fan Rus yat\u0131r\u0131mlar\u0131n\u0131n hacmi 3 milyar Dolar\u0131 a\u015fmakta.<\/p>\n<p style=\"text-align: justify;\">B\u00fcy\u00fck altyap\u0131 ve enerji projeleri birlikte\u00a0 ger\u00e7ekle\u015ftirilmekte. Daha yeni Serj Azadi\u00e7\u2019le Hrazdan Hidro Elektrik Santrali 5. Enerji Blokunun a\u00e7\u0131l\u0131\u015f\u0131nda haz\u0131r bulunduk. Ayr\u0131ca, Rus taraf\u0131n\u0131n buradaki yat\u0131r\u0131mlar\u0131 300 milyon Dolar\u0131 a\u015fmaktad\u0131r. Gelecek vadedici projeler aras\u0131nda \u00abSevan-Hrazdan\u00bb Hidro Elektrik Santral Kompleksi kapasitesinin art\u0131r\u0131lmas\u0131, N\u00fckleer Santral kullan\u0131m s\u00fcresinin uzat\u0131lmas\u0131, Ermenistan Demiryolu a\u011f\u0131n\u0131n modernizasyonu da yer almaktad\u0131r.<\/p>\n<p style=\"text-align: justify;\">Ticari-ekonomik ba\u011flar\u0131n g\u00fc\u00e7lenmesinde b\u00f6lgeleraras\u0131 i\u015fbirli\u011fi \u00f6nemli etmenlerden biridir. Bunda Ermenistan\u2019\u0131n t\u00fcm eyaletleri ve RF\u2019dan 70 idari alan yer almaktad\u0131r. Moskova ve St. Petersburg, Rostov, Sverdlov, Ulyanov eyaletleri, Krasnoyarsk, Stavropol b\u00f6lgeleri Ermenistan\u2019l\u0131 partn\u00f6rlerle daha aktif temaslara sahipler.<\/p>\n<p style=\"text-align: justify;\">Ticari-ekonomik i\u015fbirli\u011fi, bilim ve e\u011fitim i\u015fbirli\u011fine ili\u015fkin b\u00f6lgeleraras\u0131 30 civar\u0131 anla\u015fma imzaland\u0131. E\u011ftim alan\u0131ndaki ba\u011flar dinamik geli\u015fmektedir. \u00c7al\u0131\u015fma arkada\u015flar\u0131m daha yeni bu konuda konu\u015fmaktayd\u0131lar. Kazan Enerji \u00dcniv., Ermenistan M\u00fchendislik \u00dcnivesitesiyle i\u015fbirli\u011finde bulunmakta, Kaliningrad\u2019da Ermeni K\u00fclt\u00fcr Fonu, Pyatigorsk\u2019ta Ermeni Dili Merkezi faaliyet g\u00f6stermekteler.<\/p>\n<p style=\"text-align: justify;\">Ba\u015fkentler aras\u0131ndaki i\u015fbirli\u011fi geleneksel s\u0131k\u0131 bir mahiyet i\u00e7ermektedir. 2012 y\u0131l\u0131nda Moskova ve Ermenistan\u2019l\u0131 partn\u00f6rleri aras\u0131ndaki ticaret hacmi % 21 artarak 270 milyon Dolara ula\u015ft\u0131. Ba\u015fkentler aras\u0131nda kamusal hizmetler, ula\u015ft\u0131rma ve sa\u011fl\u0131k alanlar\u0131nda deneyim de\u011fi\u015fimini \u00f6ng\u00f6ren bir program kabul edildi. Kas\u0131m sonunda Moskova\u2019da\u00a0 \u00abErivan G\u00fcnleri\u00bb ba\u015far\u0131yla ger\u00e7ekle\u015ftirildi. Ermenistan\u2019\u0131n ba\u015fkentinde de 14-16 Ekim\u2019de \u00abSt. Petersburg G\u00fcnleri\u00bb d\u00fczenlendi.<\/p>\n<p style=\"text-align: justify;\">\u0130lerde de ortak menfaate dayal\u0131 potansiyelin art\u0131r\u0131lmas\u0131, k\u00fc\u00e7\u00fck ve orta b\u00fcy\u00fckl\u00fckteki\u00a0 i\u015f \u00e7evrelerinin b\u00f6lgeleraras\u0131 i\u015fbirli\u011fine kat\u0131l\u0131m\u0131, gen\u00e7leraras\u0131 ba\u011flar, turistik de\u011fi\u015fimler, Diaspora hatt\u0131nda ba\u011flar\u0131n a\u015f\u0131lmas\u0131 \u00f6nemli.<\/p>\n<p style=\"text-align: justify;\">Benzeri \u00e7ok y\u00f6nl\u00fc i\u015fbirli\u011fi Sovyet sonras\u0131 alanda Emenistan\u2019\u0131n entegrasyon yap\u0131lar\u0131n kat\u0131l\u0131m\u0131, ilk elde G\u00fcmr\u00fck Birli\u011fine ili\u015fkin olarak, Ortak Ekonomik Alan ve ilerde Avrasya Ekonomi Birli\u011fi d\u00fc\u015f\u00fcncesine ili\u015fkin olarak f\u0131rsatlar yaratmaktad\u0131r.<\/p>\n<p style=\"text-align: justify;\">Biz, havaliman\u0131ndan gelirken k\u0131sa sohbetimiz esnas\u0131nda, Serj Azadi\u00e7\u2019le bu konuda zaten konu\u015ftuk.Ne s\u00f6ylenebilir? K\u0131saca Ermeni uzmanlar, eksperler, ekonomistler gereken t\u00fcm yarar ve art\u0131lar\u0131n\u0131, benzeri s\u0131k\u0131 i\u015fbirli\u011finin t\u00fcm \u00f6nceliklerini, bu kooperatif, entegrasyon \u00fcniteleri \u00e7er\u00e7evesinde \u00e7al\u0131\u015fmalar\u0131 hesaplam\u0131\u015flar ve se\u00e7imlerini yapt\u0131lar. Bu Ermeni halk\u0131 ve Ermenistan y\u00f6netiminin egemen karar\u0131d\u0131r. Do\u011fal olarak Rusya, Ermeni taraf\u0131na t\u00fcm y\u00f6nlerde i\u015fbirli\u011fi i\u00e7in elinden gelen yard\u0131m\u0131 g\u00f6sterecektir.<\/p>\n<p style=\"text-align: justify;\">Ermenistan \u015fahs\u0131nda\u00a0 entegrasyon y\u00f6n\u00fcnde tam bir \u00fcye g\u00f6r\u00fcyoruz. Benzeri yakla\u015f\u0131m Ekim ay\u0131nda Minsk\u2019te ger\u00e7ekle\u015fen Y\u00fcksek Ekonomik Konsey oturumunda G\u00fcmr\u00fck Birli\u011fi \u00fclkeleri \u00ab\u00dc\u00e7l\u00fcs\u00fc\u00bb taraf\u0131ndan kabul g\u00f6rm\u00fc\u015ft\u00fcr.<\/p>\n<p style=\"text-align: justify;\">O zaman sa\u011flanan mutabakatlar\u0131n ileriye ta\u015f\u0131nmas\u0131 konusunda, Ermenistan\u2019\u0131n \u00fcyeli\u011fe pratikte haz\u0131rlanmas\u0131 ba\u015flad\u0131 ve Serj Azadi\u00e7 zaten bu konuda Avrasya Ekonomi Komisyonuyla isti\u015fareler ger\u00e7ekle\u015ftirildi\u011fini s\u00f6yledi; hukuki, idari vd. belgelerin uyumla\u015ft\u0131r\u0131lmas\u0131na y\u00f6nelik b\u00fcy\u00fck bir paket haz\u0131rlan\u0131yor. Bizim taraf\u0131m\u0131zdan, Ermeni dostlara \u00fcyelik s\u00fcrecinin azami verimli seyretmesi i\u00e7in bundan sonra da yard\u0131m edece\u011fiz.<\/p>\n<p style=\"text-align: justify;\">G\u00fcmr\u00fck Birli\u011fi ve Ortak Ekonomik Alana Rusya, Kazakistan ve Belarusya\u2019n\u0131n kat\u0131l\u0131m\u0131 hissedilir kazan\u0131mlar getirmi\u015f durumdad\u0131r. Son y\u0131llardaki elveri\u015fsiz d\u0131\u015f ekonomik ortama kar\u015f\u0131n, 2013 y\u0131l\u0131n\u0131n ilk yar\u0131s\u0131nda \u00ab\u00dc\u00e7l\u00fc\u00bb \u00fcyesi \u00fclkelerin Gayri Safi Yurt \u0130\u00e7i Has\u0131las\u0131nda % 1.7 art\u0131\u015f kaydedilmi\u015ftir.<\/p>\n<p style=\"text-align: justify;\">G\u00fcmr\u00fck ve idari engellerin ortadan kalkmas\u0131, ticaret hacminin artmas\u0131na katk\u0131da bulunmaktad\u0131r. G\u00fcmr\u00fck Birli\u011fi ve Ortak Ekonomik Alan \u00e7er\u00e7evesinde\u00a0 ticaret hacmi Ocak-A\u011fustos d\u00f6neminde % 2 artt\u0131 ve sizin dikkatinizi, bu %2\u2019yi yak\u0131t-enerji unsurunu hesaba katmaks\u0131z\u0131n hesaplad\u0131\u011f\u0131m\u0131z hususuna \u00e7ekmek isterim. E\u011fer bunu da hesaba katarsak tabii ki, hissedilir derecede y\u00fcksek olur.<\/p>\n<p style=\"text-align: justify;\">Bu vesileyle ulusal h\u00fck\u00fcmran unsurlar rekabeti, ilkesel olarak yeni bir g\u00f6r\u00fcn\u00fcme d\u00f6n\u00fc\u015fmektedir. \u015eu anda G\u00fcmr\u00fck Birli\u011fi \u00fcyesi \u00fclke i\u015fadamlar\u0131, firmalar\u0131n\u0131n tescil mekan\u0131n\u0131 kendileri se\u00e7ebilirler. Bu devlet organlar\u0131na hodri meydan demekken, m\u00fcte\u015febbislik i\u00e7in daha elveri\u015fli ko\u015fullar yarat\u0131lmas\u0131 a\u00e7\u0131s\u0131ndan bir te\u015fviktir.<\/p>\n<p style=\"text-align: justify;\">Ermenistan\u2019\u0131n Avrasya Antegrasyon Projesine kat\u0131l\u0131m\u0131n\u0131n onun ekonomik potansiyelini ciddi \u015fekilde peki\u015ftirece\u011fine, yat\u0131r\u0131m ortam\u0131n\u0131n iyile\u015fmesine, aralar\u0131da b\u00f6lgeleraras\u0131 d\u00fczeyde de olmak \u00fczere do\u011frudan i\u015f ba\u011flar\u0131n\u0131n pekimesine katk\u0131da\u00a0 bulunaca\u011f\u0131na eminim.<\/p>\n<p style=\"text-align: justify;\">Bu ve di\u011fer meselelerin bu forum kat\u0131l\u0131mc\u0131lar\u0131n\u0131n ilgili tart\u0131\u015fma mevzular\u0131 olmas\u0131n\u0131 bekliyorum. Ben ve Serj Azadi\u00e7 sizlere ba\u015far\u0131lar diliyoruz.<\/p>\n<p style=\"text-align: justify;\">Transkafkasya\u2019ya ilikin olaraksa; Rusya buradan uzakla\u015fmaya haz\u0131rlanm\u0131yor. Tersine, Trans Kafkasya\u2019da konumumuzu peki\u015ftirmeye haz\u0131rlan\u0131yoruz. Atalar\u0131m\u0131zdan bize kalan en iyi gelenelere dayanarak konumumuzu peki\u015ftirece\u011fiz.\u00bb.<\/p>\n<\/div>\n","protected":false},"excerpt":{"rendered":"<p>NEWS.am Rus-Ermeni B\u00f6lgeleraras\u0131 Forum oturumu esnas\u0131nda Vladmir Putn\u2019in konu\u015fmas\u0131ndan bir b\u00f6l\u00fcm sunuyor. \u00abSayg\u0131de\u011fer \u00e7al\u0131\u015fma arkada\u015flar\u0131, arkada\u015flar, Sayg\u0131de\u011fer Serj Azadi\u00e7, Rus-Ermeni B\u00f6lgeleraras\u0131 III. Forumu oturumunda sizleri selamlamaktan ger\u00e7ekten mutluyum. Biraz \u00f6nce cumhurba\u015fkan\u0131n\u0131n and\u0131\u011f\u0131 25 y\u0131l \u00f6nce korkun\u00e7 bir deprem g\u00f6ren G\u00fcmr\u00fc kenti, kar\u015f\u0131l\u0131kl\u0131 destek ve s\u0131k\u0131 ba\u011flar\u0131n sembol\u00fc haline d\u00f6n\u00fc\u015fm\u00fc\u015f durumdad\u0131r; bunlar Rusya ve Ermenistan\u2019\u0131 daha [&hellip;]<\/p>\n","protected":false},"author":7,"featured_media":0,"comment_status":"open","ping_status":"open","sticky":false,"template":"","format":"standard","meta":{"footnotes":""},"categories":[1],"tags":[],"class_list":["post-27227","post","type-post","status-publish","format-standard","hentry","category-haberler"],"yoast_head":"<!-- This site is optimized with the Yoast SEO plugin v27.4 - https:\/\/yoast.com\/product\/yoast-seo-wordpress\/ -->\n<title>Putin: G\u00fcmr\u00fck Birli\u011fine girmek Ermeni halk\u0131 ve Ermenistan y\u00f6netiminin egemen karar\u0131d\u0131r - Bati Ermenistan Ve Bati Ermenileri Sorunlari Ara\u015ftirmalar Merkezi<\/title>\n<meta name=\"robots\" content=\"index, follow, max-snippet:-1, max-image-preview:large, max-video-preview:-1\" \/>\n<link rel=\"canonical\" href=\"https:\/\/akunq.net\/tr\/?p=27227\" \/>\n<meta property=\"og:locale\" content=\"en_US\" \/>\n<meta property=\"og:type\" content=\"article\" \/>\n<meta property=\"og:title\" content=\"Putin: G\u00fcmr\u00fck Birli\u011fine girmek Ermeni halk\u0131 ve Ermenistan y\u00f6netiminin egemen karar\u0131d\u0131r - Bati Ermenistan Ve Bati Ermenileri Sorunlari Ara\u015ftirmalar Merkezi\" \/>\n<meta property=\"og:description\" content=\"NEWS.am Rus-Ermeni B\u00f6lgeleraras\u0131 Forum oturumu esnas\u0131nda Vladmir Putn\u2019in konu\u015fmas\u0131ndan bir b\u00f6l\u00fcm sunuyor. \u00abSayg\u0131de\u011fer \u00e7al\u0131\u015fma arkada\u015flar\u0131, arkada\u015flar, Sayg\u0131de\u011fer Serj Azadi\u00e7, Rus-Ermeni B\u00f6lgeleraras\u0131 III. Forumu oturumunda sizleri selamlamaktan ger\u00e7ekten mutluyum. Biraz \u00f6nce cumhurba\u015fkan\u0131n\u0131n and\u0131\u011f\u0131 25 y\u0131l \u00f6nce korkun\u00e7 bir deprem g\u00f6ren G\u00fcmr\u00fc kenti, kar\u015f\u0131l\u0131kl\u0131 destek ve s\u0131k\u0131 ba\u011flar\u0131n sembol\u00fc haline d\u00f6n\u00fc\u015fm\u00fc\u015f durumdad\u0131r; bunlar Rusya ve Ermenistan\u2019\u0131 daha [&hellip;]\" \/>\n<meta property=\"og:url\" content=\"https:\/\/akunq.net\/tr\/?p=27227\" \/>\n<meta property=\"og:site_name\" content=\"Bati Ermenistan Ve Bati Ermenileri Sorunlari Ara\u015ftirmalar Merkezi\" \/>\n<meta property=\"article:published_time\" content=\"2013-12-03T07:59:05+00:00\" \/>\n<meta property=\"og:image\" content=\"http:\/\/farm4.staticflickr.com\/3759\/11173065845_953656dfce.jpg\" \/>\n<meta name=\"author\" content=\"admin\" \/>\n<meta name=\"twitter:card\" content=\"summary_large_image\" \/>\n<meta name=\"twitter:label1\" content=\"Written by\" \/>\n\t<meta name=\"twitter:data1\" content=\"admin\" \/>\n\t<meta name=\"twitter:label2\" content=\"Est. reading time\" \/>\n\t<meta name=\"twitter:data2\" content=\"5 minutes\" \/>\n<script type=\"application\/ld+json\" class=\"yoast-schema-graph\">{\"@context\":\"https:\\\/\\\/schema.org\",\"@graph\":[{\"@type\":\"Article\",\"@id\":\"https:\\\/\\\/akunq.net\\\/tr\\\/?p=27227#article\",\"isPartOf\":{\"@id\":\"https:\\\/\\\/akunq.net\\\/tr\\\/?p=27227\"},\"author\":{\"name\":\"admin\",\"@id\":\"https:\\\/\\\/akunq.net\\\/tr\\\/#\\\/schema\\\/person\\\/096f1d38a12cce57fb855b485ed24c9e\"},\"headline\":\"Putin: G\u00fcmr\u00fck Birli\u011fine girmek Ermeni halk\u0131 ve Ermenistan y\u00f6netiminin egemen karar\u0131d\u0131r\",\"datePublished\":\"2013-12-03T07:59:05+00:00\",\"mainEntityOfPage\":{\"@id\":\"https:\\\/\\\/akunq.net\\\/tr\\\/?p=27227\"},\"wordCount\":1044,\"commentCount\":0,\"image\":{\"@id\":\"https:\\\/\\\/akunq.net\\\/tr\\\/?p=27227#primaryimage\"},\"thumbnailUrl\":\"http:\\\/\\\/farm4.staticflickr.com\\\/3759\\\/11173065845_953656dfce.jpg\",\"articleSection\":[\"Haberler\"],\"inLanguage\":\"en-US\",\"potentialAction\":[{\"@type\":\"CommentAction\",\"name\":\"Comment\",\"target\":[\"https:\\\/\\\/akunq.net\\\/tr\\\/?p=27227#respond\"]}]},{\"@type\":\"WebPage\",\"@id\":\"https:\\\/\\\/akunq.net\\\/tr\\\/?p=27227\",\"url\":\"https:\\\/\\\/akunq.net\\\/tr\\\/?p=27227\",\"name\":\"Putin: G\u00fcmr\u00fck Birli\u011fine girmek Ermeni halk\u0131 ve Ermenistan y\u00f6netiminin egemen karar\u0131d\u0131r - Bati Ermenistan Ve Bati Ermenileri Sorunlari Ara\u015ftirmalar Merkezi\",\"isPartOf\":{\"@id\":\"https:\\\/\\\/akunq.net\\\/tr\\\/#website\"},\"primaryImageOfPage\":{\"@id\":\"https:\\\/\\\/akunq.net\\\/tr\\\/?p=27227#primaryimage\"},\"image\":{\"@id\":\"https:\\\/\\\/akunq.net\\\/tr\\\/?p=27227#primaryimage\"},\"thumbnailUrl\":\"http:\\\/\\\/farm4.staticflickr.com\\\/3759\\\/11173065845_953656dfce.jpg\",\"datePublished\":\"2013-12-03T07:59:05+00:00\",\"author\":{\"@id\":\"https:\\\/\\\/akunq.net\\\/tr\\\/#\\\/schema\\\/person\\\/096f1d38a12cce57fb855b485ed24c9e\"},\"breadcrumb\":{\"@id\":\"https:\\\/\\\/akunq.net\\\/tr\\\/?p=27227#breadcrumb\"},\"inLanguage\":\"en-US\",\"potentialAction\":[{\"@type\":\"ReadAction\",\"target\":[\"https:\\\/\\\/akunq.net\\\/tr\\\/?p=27227\"]}]},{\"@type\":\"ImageObject\",\"inLanguage\":\"en-US\",\"@id\":\"https:\\\/\\\/akunq.net\\\/tr\\\/?p=27227#primaryimage\",\"url\":\"http:\\\/\\\/farm4.staticflickr.com\\\/3759\\\/11173065845_953656dfce.jpg\",\"contentUrl\":\"http:\\\/\\\/farm4.staticflickr.com\\\/3759\\\/11173065845_953656dfce.jpg\"},{\"@type\":\"BreadcrumbList\",\"@id\":\"https:\\\/\\\/akunq.net\\\/tr\\\/?p=27227#breadcrumb\",\"itemListElement\":[{\"@type\":\"ListItem\",\"position\":1,\"name\":\"Home\",\"item\":\"https:\\\/\\\/akunq.net\\\/tr\"},{\"@type\":\"ListItem\",\"position\":2,\"name\":\"Putin: G\u00fcmr\u00fck Birli\u011fine girmek Ermeni halk\u0131 ve Ermenistan y\u00f6netiminin egemen karar\u0131d\u0131r\"}]},{\"@type\":\"WebSite\",\"@id\":\"https:\\\/\\\/akunq.net\\\/tr\\\/#website\",\"url\":\"https:\\\/\\\/akunq.net\\\/tr\\\/\",\"name\":\"Bati Ermenistan Ve Bati Ermenileri Sorunlari Ara\u015ftirmalar Merkezi\",\"description\":\"\",\"potentialAction\":[{\"@type\":\"SearchAction\",\"target\":{\"@type\":\"EntryPoint\",\"urlTemplate\":\"https:\\\/\\\/akunq.net\\\/tr\\\/?s={search_term_string}\"},\"query-input\":{\"@type\":\"PropertyValueSpecification\",\"valueRequired\":true,\"valueName\":\"search_term_string\"}}],\"inLanguage\":\"en-US\"},{\"@type\":\"Person\",\"@id\":\"https:\\\/\\\/akunq.net\\\/tr\\\/#\\\/schema\\\/person\\\/096f1d38a12cce57fb855b485ed24c9e\",\"name\":\"admin\",\"url\":\"https:\\\/\\\/akunq.net\\\/tr\\\/?author=7\"}]}<\/script>\n<!-- \/ Yoast SEO plugin. -->","yoast_head_json":{"title":"Putin: G\u00fcmr\u00fck Birli\u011fine girmek Ermeni halk\u0131 ve Ermenistan y\u00f6netiminin egemen karar\u0131d\u0131r - Bati Ermenistan Ve Bati Ermenileri Sorunlari Ara\u015ftirmalar Merkezi","robots":{"index":"index","follow":"follow","max-snippet":"max-snippet:-1","max-image-preview":"max-image-preview:large","max-video-preview":"max-video-preview:-1"},"canonical":"https:\/\/akunq.net\/tr\/?p=27227","og_locale":"en_US","og_type":"article","og_title":"Putin: G\u00fcmr\u00fck Birli\u011fine girmek Ermeni halk\u0131 ve Ermenistan y\u00f6netiminin egemen karar\u0131d\u0131r - Bati Ermenistan Ve Bati Ermenileri Sorunlari Ara\u015ftirmalar Merkezi","og_description":"NEWS.am Rus-Ermeni B\u00f6lgeleraras\u0131 Forum oturumu esnas\u0131nda Vladmir Putn\u2019in konu\u015fmas\u0131ndan bir b\u00f6l\u00fcm sunuyor. \u00abSayg\u0131de\u011fer \u00e7al\u0131\u015fma arkada\u015flar\u0131, arkada\u015flar, Sayg\u0131de\u011fer Serj Azadi\u00e7, Rus-Ermeni B\u00f6lgeleraras\u0131 III. Forumu oturumunda sizleri selamlamaktan ger\u00e7ekten mutluyum. Biraz \u00f6nce cumhurba\u015fkan\u0131n\u0131n and\u0131\u011f\u0131 25 y\u0131l \u00f6nce korkun\u00e7 bir deprem g\u00f6ren G\u00fcmr\u00fc kenti, kar\u015f\u0131l\u0131kl\u0131 destek ve s\u0131k\u0131 ba\u011flar\u0131n sembol\u00fc haline d\u00f6n\u00fc\u015fm\u00fc\u015f durumdad\u0131r; bunlar Rusya ve Ermenistan\u2019\u0131 daha [&hellip;]","og_url":"https:\/\/akunq.net\/tr\/?p=27227","og_site_name":"Bati Ermenistan Ve Bati Ermenileri Sorunlari Ara\u015ftirmalar Merkezi","article_published_time":"2013-12-03T07:59:05+00:00","og_image":[{"url":"http:\/\/farm4.staticflickr.com\/3759\/11173065845_953656dfce.jpg","type":"","width":"","height":""}],"author":"admin","twitter_card":"summary_large_image","twitter_misc":{"Written by":"admin","Est. reading time":"5 minutes"},"schema":{"@context":"https:\/\/schema.org","@graph":[{"@type":"Article","@id":"https:\/\/akunq.net\/tr\/?p=27227#article","isPartOf":{"@id":"https:\/\/akunq.net\/tr\/?p=27227"},"author":{"name":"admin","@id":"https:\/\/akunq.net\/tr\/#\/schema\/person\/096f1d38a12cce57fb855b485ed24c9e"},"headline":"Putin: G\u00fcmr\u00fck Birli\u011fine girmek Ermeni halk\u0131 ve Ermenistan y\u00f6netiminin egemen karar\u0131d\u0131r","datePublished":"2013-12-03T07:59:05+00:00","mainEntityOfPage":{"@id":"https:\/\/akunq.net\/tr\/?p=27227"},"wordCount":1044,"commentCount":0,"image":{"@id":"https:\/\/akunq.net\/tr\/?p=27227#primaryimage"},"thumbnailUrl":"http:\/\/farm4.staticflickr.com\/3759\/11173065845_953656dfce.jpg","articleSection":["Haberler"],"inLanguage":"en-US","potentialAction":[{"@type":"CommentAction","name":"Comment","target":["https:\/\/akunq.net\/tr\/?p=27227#respond"]}]},{"@type":"WebPage","@id":"https:\/\/akunq.net\/tr\/?p=27227","url":"https:\/\/akunq.net\/tr\/?p=27227","name":"Putin: G\u00fcmr\u00fck Birli\u011fine girmek Ermeni halk\u0131 ve Ermenistan y\u00f6netiminin egemen karar\u0131d\u0131r - Bati Ermenistan Ve Bati Ermenileri Sorunlari Ara\u015ftirmalar Merkezi","isPartOf":{"@id":"https:\/\/akunq.net\/tr\/#website"},"primaryImageOfPage":{"@id":"https:\/\/akunq.net\/tr\/?p=27227#primaryimage"},"image":{"@id":"https:\/\/akunq.net\/tr\/?p=27227#primaryimage"},"thumbnailUrl":"http:\/\/farm4.staticflickr.com\/3759\/11173065845_953656dfce.jpg","datePublished":"2013-12-03T07:59:05+00:00","author":{"@id":"https:\/\/akunq.net\/tr\/#\/schema\/person\/096f1d38a12cce57fb855b485ed24c9e"},"breadcrumb":{"@id":"https:\/\/akunq.net\/tr\/?p=27227#breadcrumb"},"inLanguage":"en-US","potentialAction":[{"@type":"ReadAction","target":["https:\/\/akunq.net\/tr\/?p=27227"]}]},{"@type":"ImageObject","inLanguage":"en-US","@id":"https:\/\/akunq.net\/tr\/?p=27227#primaryimage","url":"http:\/\/farm4.staticflickr.com\/3759\/11173065845_953656dfce.jpg","contentUrl":"http:\/\/farm4.staticflickr.com\/3759\/11173065845_953656dfce.jpg"},{"@type":"BreadcrumbList","@id":"https:\/\/akunq.net\/tr\/?p=27227#breadcrumb","itemListElement":[{"@type":"ListItem","position":1,"name":"Home","item":"https:\/\/akunq.net\/tr"},{"@type":"ListItem","position":2,"name":"Putin: G\u00fcmr\u00fck Birli\u011fine girmek Ermeni halk\u0131 ve Ermenistan y\u00f6netiminin egemen karar\u0131d\u0131r"}]},{"@type":"WebSite","@id":"https:\/\/akunq.net\/tr\/#website","url":"https:\/\/akunq.net\/tr\/","name":"Bati Ermenistan Ve Bati Ermenileri Sorunlari Ara\u015ftirmalar Merkezi","description":"","potentialAction":[{"@type":"SearchAction","target":{"@type":"EntryPoint","urlTemplate":"https:\/\/akunq.net\/tr\/?s={search_term_string}"},"query-input":{"@type":"PropertyValueSpecification","valueRequired":true,"valueName":"search_term_string"}}],"inLanguage":"en-US"},{"@type":"Person","@id":"https:\/\/akunq.net\/tr\/#\/schema\/person\/096f1d38a12cce57fb855b485ed24c9e","name":"admin","url":"https:\/\/akunq.net\/tr\/?author=7"}]}},"_links":{"self":[{"href":"https:\/\/akunq.net\/tr\/index.php?rest_route=\/wp\/v2\/posts\/27227","targetHints":{"allow":["GET"]}}],"collection":[{"href":"https:\/\/akunq.net\/tr\/index.php?rest_route=\/wp\/v2\/posts"}],"about":[{"href":"https:\/\/akunq.net\/tr\/index.php?rest_route=\/wp\/v2\/types\/post"}],"author":[{"embeddable":true,"href":"https:\/\/akunq.net\/tr\/index.php?rest_route=\/wp\/v2\/users\/7"}],"replies":[{"embeddable":true,"href":"https:\/\/akunq.net\/tr\/index.php?rest_route=%2Fwp%2Fv2%2Fcomments&post=27227"}],"version-history":[{"count":2,"href":"https:\/\/akunq.net\/tr\/index.php?rest_route=\/wp\/v2\/posts\/27227\/revisions"}],"predecessor-version":[{"id":27229,"href":"https:\/\/akunq.net\/tr\/index.php?rest_route=\/wp\/v2\/posts\/27227\/revisions\/27229"}],"wp:attachment":[{"href":"https:\/\/akunq.net\/tr\/index.php?rest_route=%2Fwp%2Fv2%2Fmedia&parent=27227"}],"wp:term":[{"taxonomy":"category","embeddable":true,"href":"https:\/\/akunq.net\/tr\/index.php?rest_route=%2Fwp%2Fv2%2Fcategories&post=27227"},{"taxonomy":"post_tag","embeddable":true,"href":"https:\/\/akunq.net\/tr\/index.php?rest_route=%2Fwp%2Fv2%2Ftags&post=27227"}],"curies":[{"name":"wp","href":"https:\/\/api.w.org\/{rel}","templated":true}]}}