{"id":27224,"date":"2013-12-03T02:51:26","date_gmt":"2013-12-03T07:51:26","guid":{"rendered":"http:\/\/akunq.net\/tr\/?p=27224"},"modified":"2013-12-03T02:51:26","modified_gmt":"2013-12-03T07:51:26","slug":"ermenistan-ve-rusya-cumhurbaskanlari-soykirim-anitina-celenk-koydular","status":"publish","type":"post","link":"https:\/\/akunq.net\/tr\/?p=27224","title":{"rendered":"Ermenistan ve Rusya cumhurba\u015fkanlar\u0131 Soyk\u0131r\u0131m An\u0131t\u0131na \u00e7elenk koydular"},"content":{"rendered":"<div id=\"newstext-cont\">\n<p style=\"text-align: justify;\">Ermenistan ve Rusya cumhurba\u015fkanlar\u0131 Serj Sarkisyan ve Vladimir Putin Soyk\u0131r\u0131m An\u0131t\u0131n\u0131 ziyaret ettiler, \u00e7elenk koydular. Rusya liderinin resmi ziyareti \u00e7er\u00e7evesinde 2 Aral\u0131k\u2019ta Emenistan\u2019\u0131 ziyaret etti\u011fini kaydedelim.<\/p>\n<p style=\"text-align: justify;\">Ermeni Soyk\u0131r\u0131m\u0131 M\u00fcze-Enstit\u00fcs\u00fc Direkt\u00f6r\u00fc Hayk Demoyan, Serj Sarkisyan ve Vladimir Putin\u2019e 1915 y\u0131l\u0131nda Soyk\u0131r\u0131mdan kurtulan Ermenilere yard\u0131m amac\u0131yla Petrograd\u2019da bas\u0131lan alt\u0131n madalyonun t\u0131pk\u0131 bas\u0131mlar\u0131n\u0131 sundu. Madalya \u00fczerinde Rus \u0130mparatorluk armas\u0131 olan iki ba\u015fl\u0131 kartal ve Ermeni geleneksel ha\u00e7\u0131 resimleri yan\u0131s\u0131ra \u00abBadire vakti Ruslardan Ermenilere\u00bb yaz\u0131s\u0131 yer almakta.<\/p>\n<p style=\"text-align: justify;\">Soyk\u0131r\u0131m\u0131n 100. y\u0131l\u0131 arifesinde ger\u00e7ekle\u015ftirilen onar\u0131m \u00e7al\u0131\u015fmalar\u0131 \u00e7er\u00e7evesinde Soyk\u0131r\u0131m M\u00fczesi te\u015fhir objelerinin ba\u015fka bir yere nakledilmi\u015f oldu\u011funu kaydedelim. Bu sebeple RF cumhurba\u015fkan\u0131 Vladimir Putin m\u00fczeyi ziyaret edemedi.<\/p>\n<p style=\"text-align: justify;\">RF cumhurba\u015fkan\u0131 Vladimir Putin\u2019in, bir \u00f6nceki Ermenistan ziyareti 24-25 Mart\u2019ta 2005\u2019te ger\u00e7ekle\u015fmi\u015fti.<\/p>\n<p style=\"text-align: justify;\"><a href=\"http:\/\/news.am\/tur\/news\/183506.html\">http:\/\/news.am\/tur\/news\/183506.html<\/a><\/p>\n<p><img loading=\"lazy\" decoding=\"async\" alt=\"\" src=\"http:\/\/news.am\/pic\/2013\/02_dec\/4893_b.jpg\" width=\"640\" height=\"455\" \/><\/p>\n<p><img loading=\"lazy\" decoding=\"async\" alt=\"\" src=\"http:\/\/news.am\/pic\/2013\/02_dec\/4895_b.jpg\" width=\"640\" height=\"455\" \/><\/p>\n<\/div>\n","protected":false},"excerpt":{"rendered":"<p>Ermenistan ve Rusya cumhurba\u015fkanlar\u0131 Serj Sarkisyan ve Vladimir Putin Soyk\u0131r\u0131m An\u0131t\u0131n\u0131 ziyaret ettiler, \u00e7elenk koydular. Rusya liderinin resmi ziyareti \u00e7er\u00e7evesinde 2 Aral\u0131k\u2019ta Emenistan\u2019\u0131 ziyaret etti\u011fini kaydedelim. Ermeni Soyk\u0131r\u0131m\u0131 M\u00fcze-Enstit\u00fcs\u00fc Direkt\u00f6r\u00fc Hayk Demoyan, Serj Sarkisyan ve Vladimir Putin\u2019e 1915 y\u0131l\u0131nda Soyk\u0131r\u0131mdan kurtulan Ermenilere yard\u0131m amac\u0131yla Petrograd\u2019da bas\u0131lan alt\u0131n madalyonun t\u0131pk\u0131 bas\u0131mlar\u0131n\u0131 sundu. Madalya \u00fczerinde Rus \u0130mparatorluk [&hellip;]<\/p>\n","protected":false},"author":7,"featured_media":0,"comment_status":"open","ping_status":"open","sticky":false,"template":"","format":"standard","meta":{"footnotes":""},"categories":[1],"tags":[],"class_list":["post-27224","post","type-post","status-publish","format-standard","hentry","category-haberler"],"yoast_head":"<!-- This site is optimized with the Yoast SEO plugin v27.4 - https:\/\/yoast.com\/product\/yoast-seo-wordpress\/ -->\n<title>Ermenistan ve Rusya cumhurba\u015fkanlar\u0131 Soyk\u0131r\u0131m An\u0131t\u0131na \u00e7elenk koydular - Bati Ermenistan Ve Bati Ermenileri Sorunlari Ara\u015ftirmalar Merkezi<\/title>\n<meta name=\"robots\" content=\"index, follow, max-snippet:-1, max-image-preview:large, max-video-preview:-1\" \/>\n<link rel=\"canonical\" href=\"https:\/\/akunq.net\/tr\/?p=27224\" \/>\n<meta property=\"og:locale\" content=\"en_US\" \/>\n<meta property=\"og:type\" content=\"article\" \/>\n<meta property=\"og:title\" content=\"Ermenistan ve Rusya cumhurba\u015fkanlar\u0131 Soyk\u0131r\u0131m An\u0131t\u0131na \u00e7elenk koydular - Bati Ermenistan Ve Bati Ermenileri Sorunlari Ara\u015ftirmalar Merkezi\" \/>\n<meta property=\"og:description\" content=\"Ermenistan ve Rusya cumhurba\u015fkanlar\u0131 Serj Sarkisyan ve Vladimir Putin Soyk\u0131r\u0131m An\u0131t\u0131n\u0131 ziyaret ettiler, \u00e7elenk koydular. Rusya liderinin resmi ziyareti \u00e7er\u00e7evesinde 2 Aral\u0131k\u2019ta Emenistan\u2019\u0131 ziyaret etti\u011fini kaydedelim. Ermeni Soyk\u0131r\u0131m\u0131 M\u00fcze-Enstit\u00fcs\u00fc Direkt\u00f6r\u00fc Hayk Demoyan, Serj Sarkisyan ve Vladimir Putin\u2019e 1915 y\u0131l\u0131nda Soyk\u0131r\u0131mdan kurtulan Ermenilere yard\u0131m amac\u0131yla Petrograd\u2019da bas\u0131lan alt\u0131n madalyonun t\u0131pk\u0131 bas\u0131mlar\u0131n\u0131 sundu. Madalya \u00fczerinde Rus \u0130mparatorluk [&hellip;]\" \/>\n<meta property=\"og:url\" content=\"https:\/\/akunq.net\/tr\/?p=27224\" \/>\n<meta property=\"og:site_name\" content=\"Bati Ermenistan Ve Bati Ermenileri Sorunlari Ara\u015ftirmalar Merkezi\" \/>\n<meta property=\"article:published_time\" content=\"2013-12-03T07:51:26+00:00\" \/>\n<meta property=\"og:image\" content=\"http:\/\/news.am\/pic\/2013\/02_dec\/4893_b.jpg\" \/>\n<meta name=\"author\" content=\"admin\" \/>\n<meta name=\"twitter:card\" content=\"summary_large_image\" \/>\n<meta name=\"twitter:label1\" content=\"Written by\" \/>\n\t<meta name=\"twitter:data1\" content=\"admin\" \/>\n\t<meta name=\"twitter:label2\" content=\"Est. reading time\" \/>\n\t<meta name=\"twitter:data2\" content=\"1 minute\" \/>\n<script type=\"application\/ld+json\" class=\"yoast-schema-graph\">{\"@context\":\"https:\\\/\\\/schema.org\",\"@graph\":[{\"@type\":\"Article\",\"@id\":\"https:\\\/\\\/akunq.net\\\/tr\\\/?p=27224#article\",\"isPartOf\":{\"@id\":\"https:\\\/\\\/akunq.net\\\/tr\\\/?p=27224\"},\"author\":{\"name\":\"admin\",\"@id\":\"https:\\\/\\\/akunq.net\\\/tr\\\/#\\\/schema\\\/person\\\/096f1d38a12cce57fb855b485ed24c9e\"},\"headline\":\"Ermenistan ve Rusya cumhurba\u015fkanlar\u0131 Soyk\u0131r\u0131m An\u0131t\u0131na \u00e7elenk koydular\",\"datePublished\":\"2013-12-03T07:51:26+00:00\",\"mainEntityOfPage\":{\"@id\":\"https:\\\/\\\/akunq.net\\\/tr\\\/?p=27224\"},\"wordCount\":182,\"commentCount\":0,\"image\":{\"@id\":\"https:\\\/\\\/akunq.net\\\/tr\\\/?p=27224#primaryimage\"},\"thumbnailUrl\":\"http:\\\/\\\/news.am\\\/pic\\\/2013\\\/02_dec\\\/4893_b.jpg\",\"articleSection\":[\"Haberler\"],\"inLanguage\":\"en-US\",\"potentialAction\":[{\"@type\":\"CommentAction\",\"name\":\"Comment\",\"target\":[\"https:\\\/\\\/akunq.net\\\/tr\\\/?p=27224#respond\"]}]},{\"@type\":\"WebPage\",\"@id\":\"https:\\\/\\\/akunq.net\\\/tr\\\/?p=27224\",\"url\":\"https:\\\/\\\/akunq.net\\\/tr\\\/?p=27224\",\"name\":\"Ermenistan ve Rusya cumhurba\u015fkanlar\u0131 Soyk\u0131r\u0131m An\u0131t\u0131na \u00e7elenk koydular - Bati Ermenistan Ve Bati Ermenileri Sorunlari Ara\u015ftirmalar Merkezi\",\"isPartOf\":{\"@id\":\"https:\\\/\\\/akunq.net\\\/tr\\\/#website\"},\"primaryImageOfPage\":{\"@id\":\"https:\\\/\\\/akunq.net\\\/tr\\\/?p=27224#primaryimage\"},\"image\":{\"@id\":\"https:\\\/\\\/akunq.net\\\/tr\\\/?p=27224#primaryimage\"},\"thumbnailUrl\":\"http:\\\/\\\/news.am\\\/pic\\\/2013\\\/02_dec\\\/4893_b.jpg\",\"datePublished\":\"2013-12-03T07:51:26+00:00\",\"author\":{\"@id\":\"https:\\\/\\\/akunq.net\\\/tr\\\/#\\\/schema\\\/person\\\/096f1d38a12cce57fb855b485ed24c9e\"},\"breadcrumb\":{\"@id\":\"https:\\\/\\\/akunq.net\\\/tr\\\/?p=27224#breadcrumb\"},\"inLanguage\":\"en-US\",\"potentialAction\":[{\"@type\":\"ReadAction\",\"target\":[\"https:\\\/\\\/akunq.net\\\/tr\\\/?p=27224\"]}]},{\"@type\":\"ImageObject\",\"inLanguage\":\"en-US\",\"@id\":\"https:\\\/\\\/akunq.net\\\/tr\\\/?p=27224#primaryimage\",\"url\":\"http:\\\/\\\/news.am\\\/pic\\\/2013\\\/02_dec\\\/4893_b.jpg\",\"contentUrl\":\"http:\\\/\\\/news.am\\\/pic\\\/2013\\\/02_dec\\\/4893_b.jpg\"},{\"@type\":\"BreadcrumbList\",\"@id\":\"https:\\\/\\\/akunq.net\\\/tr\\\/?p=27224#breadcrumb\",\"itemListElement\":[{\"@type\":\"ListItem\",\"position\":1,\"name\":\"Home\",\"item\":\"https:\\\/\\\/akunq.net\\\/tr\"},{\"@type\":\"ListItem\",\"position\":2,\"name\":\"Ermenistan ve Rusya cumhurba\u015fkanlar\u0131 Soyk\u0131r\u0131m An\u0131t\u0131na \u00e7elenk koydular\"}]},{\"@type\":\"WebSite\",\"@id\":\"https:\\\/\\\/akunq.net\\\/tr\\\/#website\",\"url\":\"https:\\\/\\\/akunq.net\\\/tr\\\/\",\"name\":\"Bati Ermenistan Ve Bati Ermenileri Sorunlari Ara\u015ftirmalar Merkezi\",\"description\":\"\",\"potentialAction\":[{\"@type\":\"SearchAction\",\"target\":{\"@type\":\"EntryPoint\",\"urlTemplate\":\"https:\\\/\\\/akunq.net\\\/tr\\\/?s={search_term_string}\"},\"query-input\":{\"@type\":\"PropertyValueSpecification\",\"valueRequired\":true,\"valueName\":\"search_term_string\"}}],\"inLanguage\":\"en-US\"},{\"@type\":\"Person\",\"@id\":\"https:\\\/\\\/akunq.net\\\/tr\\\/#\\\/schema\\\/person\\\/096f1d38a12cce57fb855b485ed24c9e\",\"name\":\"admin\",\"url\":\"https:\\\/\\\/akunq.net\\\/tr\\\/?author=7\"}]}<\/script>\n<!-- \/ Yoast SEO plugin. -->","yoast_head_json":{"title":"Ermenistan ve Rusya cumhurba\u015fkanlar\u0131 Soyk\u0131r\u0131m An\u0131t\u0131na \u00e7elenk koydular - Bati Ermenistan Ve Bati Ermenileri Sorunlari Ara\u015ftirmalar Merkezi","robots":{"index":"index","follow":"follow","max-snippet":"max-snippet:-1","max-image-preview":"max-image-preview:large","max-video-preview":"max-video-preview:-1"},"canonical":"https:\/\/akunq.net\/tr\/?p=27224","og_locale":"en_US","og_type":"article","og_title":"Ermenistan ve Rusya cumhurba\u015fkanlar\u0131 Soyk\u0131r\u0131m An\u0131t\u0131na \u00e7elenk koydular - Bati Ermenistan Ve Bati Ermenileri Sorunlari Ara\u015ftirmalar Merkezi","og_description":"Ermenistan ve Rusya cumhurba\u015fkanlar\u0131 Serj Sarkisyan ve Vladimir Putin Soyk\u0131r\u0131m An\u0131t\u0131n\u0131 ziyaret ettiler, \u00e7elenk koydular. Rusya liderinin resmi ziyareti \u00e7er\u00e7evesinde 2 Aral\u0131k\u2019ta Emenistan\u2019\u0131 ziyaret etti\u011fini kaydedelim. Ermeni Soyk\u0131r\u0131m\u0131 M\u00fcze-Enstit\u00fcs\u00fc Direkt\u00f6r\u00fc Hayk Demoyan, Serj Sarkisyan ve Vladimir Putin\u2019e 1915 y\u0131l\u0131nda Soyk\u0131r\u0131mdan kurtulan Ermenilere yard\u0131m amac\u0131yla Petrograd\u2019da bas\u0131lan alt\u0131n madalyonun t\u0131pk\u0131 bas\u0131mlar\u0131n\u0131 sundu. Madalya \u00fczerinde Rus \u0130mparatorluk [&hellip;]","og_url":"https:\/\/akunq.net\/tr\/?p=27224","og_site_name":"Bati Ermenistan Ve Bati Ermenileri Sorunlari Ara\u015ftirmalar Merkezi","article_published_time":"2013-12-03T07:51:26+00:00","og_image":[{"url":"http:\/\/news.am\/pic\/2013\/02_dec\/4893_b.jpg","type":"","width":"","height":""}],"author":"admin","twitter_card":"summary_large_image","twitter_misc":{"Written by":"admin","Est. reading time":"1 minute"},"schema":{"@context":"https:\/\/schema.org","@graph":[{"@type":"Article","@id":"https:\/\/akunq.net\/tr\/?p=27224#article","isPartOf":{"@id":"https:\/\/akunq.net\/tr\/?p=27224"},"author":{"name":"admin","@id":"https:\/\/akunq.net\/tr\/#\/schema\/person\/096f1d38a12cce57fb855b485ed24c9e"},"headline":"Ermenistan ve Rusya cumhurba\u015fkanlar\u0131 Soyk\u0131r\u0131m An\u0131t\u0131na \u00e7elenk koydular","datePublished":"2013-12-03T07:51:26+00:00","mainEntityOfPage":{"@id":"https:\/\/akunq.net\/tr\/?p=27224"},"wordCount":182,"commentCount":0,"image":{"@id":"https:\/\/akunq.net\/tr\/?p=27224#primaryimage"},"thumbnailUrl":"http:\/\/news.am\/pic\/2013\/02_dec\/4893_b.jpg","articleSection":["Haberler"],"inLanguage":"en-US","potentialAction":[{"@type":"CommentAction","name":"Comment","target":["https:\/\/akunq.net\/tr\/?p=27224#respond"]}]},{"@type":"WebPage","@id":"https:\/\/akunq.net\/tr\/?p=27224","url":"https:\/\/akunq.net\/tr\/?p=27224","name":"Ermenistan ve Rusya cumhurba\u015fkanlar\u0131 Soyk\u0131r\u0131m An\u0131t\u0131na \u00e7elenk koydular - Bati Ermenistan Ve Bati Ermenileri Sorunlari Ara\u015ftirmalar Merkezi","isPartOf":{"@id":"https:\/\/akunq.net\/tr\/#website"},"primaryImageOfPage":{"@id":"https:\/\/akunq.net\/tr\/?p=27224#primaryimage"},"image":{"@id":"https:\/\/akunq.net\/tr\/?p=27224#primaryimage"},"thumbnailUrl":"http:\/\/news.am\/pic\/2013\/02_dec\/4893_b.jpg","datePublished":"2013-12-03T07:51:26+00:00","author":{"@id":"https:\/\/akunq.net\/tr\/#\/schema\/person\/096f1d38a12cce57fb855b485ed24c9e"},"breadcrumb":{"@id":"https:\/\/akunq.net\/tr\/?p=27224#breadcrumb"},"inLanguage":"en-US","potentialAction":[{"@type":"ReadAction","target":["https:\/\/akunq.net\/tr\/?p=27224"]}]},{"@type":"ImageObject","inLanguage":"en-US","@id":"https:\/\/akunq.net\/tr\/?p=27224#primaryimage","url":"http:\/\/news.am\/pic\/2013\/02_dec\/4893_b.jpg","contentUrl":"http:\/\/news.am\/pic\/2013\/02_dec\/4893_b.jpg"},{"@type":"BreadcrumbList","@id":"https:\/\/akunq.net\/tr\/?p=27224#breadcrumb","itemListElement":[{"@type":"ListItem","position":1,"name":"Home","item":"https:\/\/akunq.net\/tr"},{"@type":"ListItem","position":2,"name":"Ermenistan ve Rusya cumhurba\u015fkanlar\u0131 Soyk\u0131r\u0131m An\u0131t\u0131na \u00e7elenk koydular"}]},{"@type":"WebSite","@id":"https:\/\/akunq.net\/tr\/#website","url":"https:\/\/akunq.net\/tr\/","name":"Bati Ermenistan Ve Bati Ermenileri Sorunlari Ara\u015ftirmalar Merkezi","description":"","potentialAction":[{"@type":"SearchAction","target":{"@type":"EntryPoint","urlTemplate":"https:\/\/akunq.net\/tr\/?s={search_term_string}"},"query-input":{"@type":"PropertyValueSpecification","valueRequired":true,"valueName":"search_term_string"}}],"inLanguage":"en-US"},{"@type":"Person","@id":"https:\/\/akunq.net\/tr\/#\/schema\/person\/096f1d38a12cce57fb855b485ed24c9e","name":"admin","url":"https:\/\/akunq.net\/tr\/?author=7"}]}},"_links":{"self":[{"href":"https:\/\/akunq.net\/tr\/index.php?rest_route=\/wp\/v2\/posts\/27224","targetHints":{"allow":["GET"]}}],"collection":[{"href":"https:\/\/akunq.net\/tr\/index.php?rest_route=\/wp\/v2\/posts"}],"about":[{"href":"https:\/\/akunq.net\/tr\/index.php?rest_route=\/wp\/v2\/types\/post"}],"author":[{"embeddable":true,"href":"https:\/\/akunq.net\/tr\/index.php?rest_route=\/wp\/v2\/users\/7"}],"replies":[{"embeddable":true,"href":"https:\/\/akunq.net\/tr\/index.php?rest_route=%2Fwp%2Fv2%2Fcomments&post=27224"}],"version-history":[{"count":2,"href":"https:\/\/akunq.net\/tr\/index.php?rest_route=\/wp\/v2\/posts\/27224\/revisions"}],"predecessor-version":[{"id":27226,"href":"https:\/\/akunq.net\/tr\/index.php?rest_route=\/wp\/v2\/posts\/27224\/revisions\/27226"}],"wp:attachment":[{"href":"https:\/\/akunq.net\/tr\/index.php?rest_route=%2Fwp%2Fv2%2Fmedia&parent=27224"}],"wp:term":[{"taxonomy":"category","embeddable":true,"href":"https:\/\/akunq.net\/tr\/index.php?rest_route=%2Fwp%2Fv2%2Fcategories&post=27224"},{"taxonomy":"post_tag","embeddable":true,"href":"https:\/\/akunq.net\/tr\/index.php?rest_route=%2Fwp%2Fv2%2Ftags&post=27224"}],"curies":[{"name":"wp","href":"https:\/\/api.w.org\/{rel}","templated":true}]}}