{"id":27216,"date":"2013-12-03T01:49:58","date_gmt":"2013-12-03T06:49:58","guid":{"rendered":"http:\/\/akunq.net\/tr\/?p=27216"},"modified":"2013-12-03T01:51:50","modified_gmt":"2013-12-03T06:51:50","slug":"ermenistan-ve-rusya-arasinda-devletlerarasi-baskanlik-konseyi-tesis-olacak","status":"publish","type":"post","link":"https:\/\/akunq.net\/tr\/?p=27216","title":{"rendered":"Ermenistan ve Rusya aras\u0131nda Devletleraras\u0131 Ba\u015fkanl\u0131k Konseyi tesis olacak"},"content":{"rendered":"<div id=\"newstext-cont\">\n<p style=\"text-align: justify;\"><img decoding=\"async\" class=\"alignright\" id=\"main_pic\" title=\"\u054c\u0578\u0582\u057d\u0561\u057d\u057f\u0561\u0576\u0568 \u056f\u0561\u0576\u056b \u0561\u0574\u0565\u0576 \u056b\u0576\u0579, \u0578\u0580\u057a\u0565\u057d\u0566\u056b \u0540\u0561\u0575\u0561\u057d\u057f\u0561\u0576\u0568 \u0570\u0576\u0561\u0580\u0561\u057e\u0578\u0580\u056b\u0576\u057d \u0577\u0578\u0582\u057f \u0574\u056b\u0561\u0576\u0561 \u0544\u0561\u0584\u057d\u0561\u0575\u056b\u0576 \u0574\u056b\u0578\u0582\u0569\u0575\u0561\u0576\u0568. \u054a\u0578\u0582\u057f\u056b\u0576\" alt=\"\u054c\u0578\u0582\u057d\u0561\u057d\u057f\u0561\u0576\u0568 \u056f\u0561\u0576\u056b \u0561\u0574\u0565\u0576 \u056b\u0576\u0579, \u0578\u0580\u057a\u0565\u057d\u0566\u056b \u0540\u0561\u0575\u0561\u057d\u057f\u0561\u0576\u0568 \u0570\u0576\u0561\u0580\u0561\u057e\u0578\u0580\u056b\u0576\u057d \u0577\u0578\u0582\u057f \u0574\u056b\u0561\u0576\u0561 \u0544\u0561\u0584\u057d\u0561\u0575\u056b\u0576 \u0574\u056b\u0578\u0582\u0569\u0575\u0561\u0576\u0568. \u054a\u0578\u0582\u057f\u056b\u0576\" src=\"http:\/\/slaq.am\/images\/news_0\/231669731386000920.jpg\" \/>Ermenistan Cumhuriyeti ve Rusya Federasyonu aras\u0131nda Devletleraras\u0131 Ba\u015fkanl\u0131k Konseyi tesis olmas\u0131 y\u00f6n\u00fcnde mutabakata vard\u0131k. Beyanat bug\u00fcn 2 Aral\u0131k\u2019ta RF cumhurba\u015fkan\u0131 Vladimir Putin\u2019le m\u00fczakerelere ili\u015fkin bas\u0131n a\u00e7\u0131klamas\u0131nda Ermenistan cumhurba\u015fkan\u0131 Serj Sarkisyan\u2019dan geldi.<\/p>\n<p style=\"text-align: justify;\">Sarkisyan \u2033\u00c7al\u0131\u015fma Ofislerimize,\u00a0 Konsey \u00e7al\u0131\u015fmalar\u0131n\u0131 d\u00fczenleyen\u00a0 gerekli belge taslaklar\u0131n\u0131n haz\u0131rlanmas\u0131 ve bir sonraki oturum esnas\u0131nda imzaya sunulmas\u0131 y\u00f6n\u00fcnde talimat verdik\u2033 dedi.<\/p>\n<p style=\"text-align: justify;\">Serj Sarkisyan, RF cumhurba\u015fkan\u0131n\u0131n resmi ziyaretinin\u00a0 Ermeni-Rus ili\u015fkileri modern tarihinde \u00f6nemli bir skala olu\u015fturdu\u011funu belirterek \u2033Konu\u00a0 ba\u015fl\u0131klar\u0131n\u0131n en geni\u015f \u00e7er\u00e7evesinde\u00a0 yo\u011fun temaslar\u0131 devam ettirme y\u00f6n\u00fcnde g\u00f6r\u00fc\u015f birli\u011fine vard\u0131k. H\u00fck\u00fcmetleraras\u0131 ve parlamentolararas\u0131 komisyonlar, Askeri Teknik \u0130\u00e7birli\u011fi Komisyonu\u00e7al\u0131\u015fmalar\u0131na devam edecektir. Bu g\u00fcnlerde devam eden B\u00f6lgeleraras\u0131 Forum sonucunda\u00a0 temas co\u011frafyas\u0131n\u0131n eyaletler ve ba\u015fkanlar\u0131, yerel y\u00f6netim organlar\u0131 aras\u0131ndaki temaslar\u0131n geni\u015fleyece\u011fine eminim. \u0130nsani, bilimsel, k\u00fclt\u00fcrel ve den\u00e7lik de\u011fi\u015fim programlar\u0131 ve bulu\u015fmalar\u0131 te\u015fvik etme ve destekleme y\u00f6n\u00fcnde g\u00f6r\u00fc\u015f birli\u011fi sa\u011flad\u0131k\u2033 dedi.<\/p>\n<p style=\"text-align: justify;\"><a href=\"http:\/\/news.am\/tur\/news\/183566.html\">http:\/\/news.am\/tur\/news\/183566.html<\/a><\/p>\n<\/div>\n","protected":false},"excerpt":{"rendered":"<p>Ermenistan Cumhuriyeti ve Rusya Federasyonu aras\u0131nda Devletleraras\u0131 Ba\u015fkanl\u0131k Konseyi tesis olmas\u0131 y\u00f6n\u00fcnde mutabakata vard\u0131k. Beyanat bug\u00fcn 2 Aral\u0131k\u2019ta RF cumhurba\u015fkan\u0131 Vladimir Putin\u2019le m\u00fczakerelere ili\u015fkin bas\u0131n a\u00e7\u0131klamas\u0131nda Ermenistan cumhurba\u015fkan\u0131 Serj Sarkisyan\u2019dan geldi. Sarkisyan \u2033\u00c7al\u0131\u015fma Ofislerimize,\u00a0 Konsey \u00e7al\u0131\u015fmalar\u0131n\u0131 d\u00fczenleyen\u00a0 gerekli belge taslaklar\u0131n\u0131n haz\u0131rlanmas\u0131 ve bir sonraki oturum esnas\u0131nda imzaya sunulmas\u0131 y\u00f6n\u00fcnde talimat verdik\u2033 dedi. Serj Sarkisyan, RF [&hellip;]<\/p>\n","protected":false},"author":7,"featured_media":0,"comment_status":"open","ping_status":"open","sticky":false,"template":"","format":"standard","meta":{"footnotes":""},"categories":[1],"tags":[],"class_list":["post-27216","post","type-post","status-publish","format-standard","hentry","category-haberler"],"yoast_head":"<!-- This site is optimized with the Yoast SEO plugin v27.4 - https:\/\/yoast.com\/product\/yoast-seo-wordpress\/ -->\n<title>Ermenistan ve Rusya aras\u0131nda Devletleraras\u0131 Ba\u015fkanl\u0131k Konseyi tesis olacak - Bati Ermenistan Ve Bati Ermenileri Sorunlari Ara\u015ftirmalar Merkezi<\/title>\n<meta name=\"robots\" content=\"index, follow, max-snippet:-1, max-image-preview:large, max-video-preview:-1\" \/>\n<link rel=\"canonical\" href=\"https:\/\/akunq.net\/tr\/?p=27216\" \/>\n<meta property=\"og:locale\" content=\"en_US\" \/>\n<meta property=\"og:type\" content=\"article\" \/>\n<meta property=\"og:title\" content=\"Ermenistan ve Rusya aras\u0131nda Devletleraras\u0131 Ba\u015fkanl\u0131k Konseyi tesis olacak - Bati Ermenistan Ve Bati Ermenileri Sorunlari Ara\u015ftirmalar Merkezi\" \/>\n<meta property=\"og:description\" content=\"Ermenistan Cumhuriyeti ve Rusya Federasyonu aras\u0131nda Devletleraras\u0131 Ba\u015fkanl\u0131k Konseyi tesis olmas\u0131 y\u00f6n\u00fcnde mutabakata vard\u0131k. Beyanat bug\u00fcn 2 Aral\u0131k\u2019ta RF cumhurba\u015fkan\u0131 Vladimir Putin\u2019le m\u00fczakerelere ili\u015fkin bas\u0131n a\u00e7\u0131klamas\u0131nda Ermenistan cumhurba\u015fkan\u0131 Serj Sarkisyan\u2019dan geldi. Sarkisyan \u2033\u00c7al\u0131\u015fma Ofislerimize,\u00a0 Konsey \u00e7al\u0131\u015fmalar\u0131n\u0131 d\u00fczenleyen\u00a0 gerekli belge taslaklar\u0131n\u0131n haz\u0131rlanmas\u0131 ve bir sonraki oturum esnas\u0131nda imzaya sunulmas\u0131 y\u00f6n\u00fcnde talimat verdik\u2033 dedi. Serj Sarkisyan, RF [&hellip;]\" \/>\n<meta property=\"og:url\" content=\"https:\/\/akunq.net\/tr\/?p=27216\" \/>\n<meta property=\"og:site_name\" content=\"Bati Ermenistan Ve Bati Ermenileri Sorunlari Ara\u015ftirmalar Merkezi\" \/>\n<meta property=\"article:published_time\" content=\"2013-12-03T06:49:58+00:00\" \/>\n<meta property=\"article:modified_time\" content=\"2013-12-03T06:51:50+00:00\" \/>\n<meta property=\"og:image\" content=\"http:\/\/slaq.am\/images\/news_0\/231669731386000920.jpg\" \/>\n<meta name=\"author\" content=\"admin\" \/>\n<meta name=\"twitter:card\" content=\"summary_large_image\" \/>\n<meta name=\"twitter:label1\" content=\"Written by\" \/>\n\t<meta name=\"twitter:data1\" content=\"admin\" \/>\n\t<meta name=\"twitter:label2\" content=\"Est. reading time\" \/>\n\t<meta name=\"twitter:data2\" content=\"1 minute\" \/>\n<script type=\"application\/ld+json\" class=\"yoast-schema-graph\">{\"@context\":\"https:\\\/\\\/schema.org\",\"@graph\":[{\"@type\":\"Article\",\"@id\":\"https:\\\/\\\/akunq.net\\\/tr\\\/?p=27216#article\",\"isPartOf\":{\"@id\":\"https:\\\/\\\/akunq.net\\\/tr\\\/?p=27216\"},\"author\":{\"name\":\"admin\",\"@id\":\"https:\\\/\\\/akunq.net\\\/tr\\\/#\\\/schema\\\/person\\\/096f1d38a12cce57fb855b485ed24c9e\"},\"headline\":\"Ermenistan ve Rusya aras\u0131nda Devletleraras\u0131 Ba\u015fkanl\u0131k Konseyi tesis olacak\",\"datePublished\":\"2013-12-03T06:49:58+00:00\",\"dateModified\":\"2013-12-03T06:51:50+00:00\",\"mainEntityOfPage\":{\"@id\":\"https:\\\/\\\/akunq.net\\\/tr\\\/?p=27216\"},\"wordCount\":219,\"commentCount\":0,\"image\":{\"@id\":\"https:\\\/\\\/akunq.net\\\/tr\\\/?p=27216#primaryimage\"},\"thumbnailUrl\":\"http:\\\/\\\/slaq.am\\\/images\\\/news_0\\\/231669731386000920.jpg\",\"articleSection\":[\"Haberler\"],\"inLanguage\":\"en-US\",\"potentialAction\":[{\"@type\":\"CommentAction\",\"name\":\"Comment\",\"target\":[\"https:\\\/\\\/akunq.net\\\/tr\\\/?p=27216#respond\"]}]},{\"@type\":\"WebPage\",\"@id\":\"https:\\\/\\\/akunq.net\\\/tr\\\/?p=27216\",\"url\":\"https:\\\/\\\/akunq.net\\\/tr\\\/?p=27216\",\"name\":\"Ermenistan ve Rusya aras\u0131nda Devletleraras\u0131 Ba\u015fkanl\u0131k Konseyi tesis olacak - Bati Ermenistan Ve Bati Ermenileri Sorunlari Ara\u015ftirmalar Merkezi\",\"isPartOf\":{\"@id\":\"https:\\\/\\\/akunq.net\\\/tr\\\/#website\"},\"primaryImageOfPage\":{\"@id\":\"https:\\\/\\\/akunq.net\\\/tr\\\/?p=27216#primaryimage\"},\"image\":{\"@id\":\"https:\\\/\\\/akunq.net\\\/tr\\\/?p=27216#primaryimage\"},\"thumbnailUrl\":\"http:\\\/\\\/slaq.am\\\/images\\\/news_0\\\/231669731386000920.jpg\",\"datePublished\":\"2013-12-03T06:49:58+00:00\",\"dateModified\":\"2013-12-03T06:51:50+00:00\",\"author\":{\"@id\":\"https:\\\/\\\/akunq.net\\\/tr\\\/#\\\/schema\\\/person\\\/096f1d38a12cce57fb855b485ed24c9e\"},\"breadcrumb\":{\"@id\":\"https:\\\/\\\/akunq.net\\\/tr\\\/?p=27216#breadcrumb\"},\"inLanguage\":\"en-US\",\"potentialAction\":[{\"@type\":\"ReadAction\",\"target\":[\"https:\\\/\\\/akunq.net\\\/tr\\\/?p=27216\"]}]},{\"@type\":\"ImageObject\",\"inLanguage\":\"en-US\",\"@id\":\"https:\\\/\\\/akunq.net\\\/tr\\\/?p=27216#primaryimage\",\"url\":\"http:\\\/\\\/slaq.am\\\/images\\\/news_0\\\/231669731386000920.jpg\",\"contentUrl\":\"http:\\\/\\\/slaq.am\\\/images\\\/news_0\\\/231669731386000920.jpg\"},{\"@type\":\"BreadcrumbList\",\"@id\":\"https:\\\/\\\/akunq.net\\\/tr\\\/?p=27216#breadcrumb\",\"itemListElement\":[{\"@type\":\"ListItem\",\"position\":1,\"name\":\"Home\",\"item\":\"https:\\\/\\\/akunq.net\\\/tr\"},{\"@type\":\"ListItem\",\"position\":2,\"name\":\"Ermenistan ve Rusya aras\u0131nda Devletleraras\u0131 Ba\u015fkanl\u0131k Konseyi tesis olacak\"}]},{\"@type\":\"WebSite\",\"@id\":\"https:\\\/\\\/akunq.net\\\/tr\\\/#website\",\"url\":\"https:\\\/\\\/akunq.net\\\/tr\\\/\",\"name\":\"Bati Ermenistan Ve Bati Ermenileri Sorunlari Ara\u015ftirmalar Merkezi\",\"description\":\"\",\"potentialAction\":[{\"@type\":\"SearchAction\",\"target\":{\"@type\":\"EntryPoint\",\"urlTemplate\":\"https:\\\/\\\/akunq.net\\\/tr\\\/?s={search_term_string}\"},\"query-input\":{\"@type\":\"PropertyValueSpecification\",\"valueRequired\":true,\"valueName\":\"search_term_string\"}}],\"inLanguage\":\"en-US\"},{\"@type\":\"Person\",\"@id\":\"https:\\\/\\\/akunq.net\\\/tr\\\/#\\\/schema\\\/person\\\/096f1d38a12cce57fb855b485ed24c9e\",\"name\":\"admin\",\"url\":\"https:\\\/\\\/akunq.net\\\/tr\\\/?author=7\"}]}<\/script>\n<!-- \/ Yoast SEO plugin. -->","yoast_head_json":{"title":"Ermenistan ve Rusya aras\u0131nda Devletleraras\u0131 Ba\u015fkanl\u0131k Konseyi tesis olacak - Bati Ermenistan Ve Bati Ermenileri Sorunlari Ara\u015ftirmalar Merkezi","robots":{"index":"index","follow":"follow","max-snippet":"max-snippet:-1","max-image-preview":"max-image-preview:large","max-video-preview":"max-video-preview:-1"},"canonical":"https:\/\/akunq.net\/tr\/?p=27216","og_locale":"en_US","og_type":"article","og_title":"Ermenistan ve Rusya aras\u0131nda Devletleraras\u0131 Ba\u015fkanl\u0131k Konseyi tesis olacak - Bati Ermenistan Ve Bati Ermenileri Sorunlari Ara\u015ftirmalar Merkezi","og_description":"Ermenistan Cumhuriyeti ve Rusya Federasyonu aras\u0131nda Devletleraras\u0131 Ba\u015fkanl\u0131k Konseyi tesis olmas\u0131 y\u00f6n\u00fcnde mutabakata vard\u0131k. Beyanat bug\u00fcn 2 Aral\u0131k\u2019ta RF cumhurba\u015fkan\u0131 Vladimir Putin\u2019le m\u00fczakerelere ili\u015fkin bas\u0131n a\u00e7\u0131klamas\u0131nda Ermenistan cumhurba\u015fkan\u0131 Serj Sarkisyan\u2019dan geldi. Sarkisyan \u2033\u00c7al\u0131\u015fma Ofislerimize,\u00a0 Konsey \u00e7al\u0131\u015fmalar\u0131n\u0131 d\u00fczenleyen\u00a0 gerekli belge taslaklar\u0131n\u0131n haz\u0131rlanmas\u0131 ve bir sonraki oturum esnas\u0131nda imzaya sunulmas\u0131 y\u00f6n\u00fcnde talimat verdik\u2033 dedi. Serj Sarkisyan, RF [&hellip;]","og_url":"https:\/\/akunq.net\/tr\/?p=27216","og_site_name":"Bati Ermenistan Ve Bati Ermenileri Sorunlari Ara\u015ftirmalar Merkezi","article_published_time":"2013-12-03T06:49:58+00:00","article_modified_time":"2013-12-03T06:51:50+00:00","og_image":[{"url":"http:\/\/slaq.am\/images\/news_0\/231669731386000920.jpg","type":"","width":"","height":""}],"author":"admin","twitter_card":"summary_large_image","twitter_misc":{"Written by":"admin","Est. reading time":"1 minute"},"schema":{"@context":"https:\/\/schema.org","@graph":[{"@type":"Article","@id":"https:\/\/akunq.net\/tr\/?p=27216#article","isPartOf":{"@id":"https:\/\/akunq.net\/tr\/?p=27216"},"author":{"name":"admin","@id":"https:\/\/akunq.net\/tr\/#\/schema\/person\/096f1d38a12cce57fb855b485ed24c9e"},"headline":"Ermenistan ve Rusya aras\u0131nda Devletleraras\u0131 Ba\u015fkanl\u0131k Konseyi tesis olacak","datePublished":"2013-12-03T06:49:58+00:00","dateModified":"2013-12-03T06:51:50+00:00","mainEntityOfPage":{"@id":"https:\/\/akunq.net\/tr\/?p=27216"},"wordCount":219,"commentCount":0,"image":{"@id":"https:\/\/akunq.net\/tr\/?p=27216#primaryimage"},"thumbnailUrl":"http:\/\/slaq.am\/images\/news_0\/231669731386000920.jpg","articleSection":["Haberler"],"inLanguage":"en-US","potentialAction":[{"@type":"CommentAction","name":"Comment","target":["https:\/\/akunq.net\/tr\/?p=27216#respond"]}]},{"@type":"WebPage","@id":"https:\/\/akunq.net\/tr\/?p=27216","url":"https:\/\/akunq.net\/tr\/?p=27216","name":"Ermenistan ve Rusya aras\u0131nda Devletleraras\u0131 Ba\u015fkanl\u0131k Konseyi tesis olacak - Bati Ermenistan Ve Bati Ermenileri Sorunlari Ara\u015ftirmalar Merkezi","isPartOf":{"@id":"https:\/\/akunq.net\/tr\/#website"},"primaryImageOfPage":{"@id":"https:\/\/akunq.net\/tr\/?p=27216#primaryimage"},"image":{"@id":"https:\/\/akunq.net\/tr\/?p=27216#primaryimage"},"thumbnailUrl":"http:\/\/slaq.am\/images\/news_0\/231669731386000920.jpg","datePublished":"2013-12-03T06:49:58+00:00","dateModified":"2013-12-03T06:51:50+00:00","author":{"@id":"https:\/\/akunq.net\/tr\/#\/schema\/person\/096f1d38a12cce57fb855b485ed24c9e"},"breadcrumb":{"@id":"https:\/\/akunq.net\/tr\/?p=27216#breadcrumb"},"inLanguage":"en-US","potentialAction":[{"@type":"ReadAction","target":["https:\/\/akunq.net\/tr\/?p=27216"]}]},{"@type":"ImageObject","inLanguage":"en-US","@id":"https:\/\/akunq.net\/tr\/?p=27216#primaryimage","url":"http:\/\/slaq.am\/images\/news_0\/231669731386000920.jpg","contentUrl":"http:\/\/slaq.am\/images\/news_0\/231669731386000920.jpg"},{"@type":"BreadcrumbList","@id":"https:\/\/akunq.net\/tr\/?p=27216#breadcrumb","itemListElement":[{"@type":"ListItem","position":1,"name":"Home","item":"https:\/\/akunq.net\/tr"},{"@type":"ListItem","position":2,"name":"Ermenistan ve Rusya aras\u0131nda Devletleraras\u0131 Ba\u015fkanl\u0131k Konseyi tesis olacak"}]},{"@type":"WebSite","@id":"https:\/\/akunq.net\/tr\/#website","url":"https:\/\/akunq.net\/tr\/","name":"Bati Ermenistan Ve Bati Ermenileri Sorunlari Ara\u015ftirmalar Merkezi","description":"","potentialAction":[{"@type":"SearchAction","target":{"@type":"EntryPoint","urlTemplate":"https:\/\/akunq.net\/tr\/?s={search_term_string}"},"query-input":{"@type":"PropertyValueSpecification","valueRequired":true,"valueName":"search_term_string"}}],"inLanguage":"en-US"},{"@type":"Person","@id":"https:\/\/akunq.net\/tr\/#\/schema\/person\/096f1d38a12cce57fb855b485ed24c9e","name":"admin","url":"https:\/\/akunq.net\/tr\/?author=7"}]}},"_links":{"self":[{"href":"https:\/\/akunq.net\/tr\/index.php?rest_route=\/wp\/v2\/posts\/27216","targetHints":{"allow":["GET"]}}],"collection":[{"href":"https:\/\/akunq.net\/tr\/index.php?rest_route=\/wp\/v2\/posts"}],"about":[{"href":"https:\/\/akunq.net\/tr\/index.php?rest_route=\/wp\/v2\/types\/post"}],"author":[{"embeddable":true,"href":"https:\/\/akunq.net\/tr\/index.php?rest_route=\/wp\/v2\/users\/7"}],"replies":[{"embeddable":true,"href":"https:\/\/akunq.net\/tr\/index.php?rest_route=%2Fwp%2Fv2%2Fcomments&post=27216"}],"version-history":[{"count":3,"href":"https:\/\/akunq.net\/tr\/index.php?rest_route=\/wp\/v2\/posts\/27216\/revisions"}],"predecessor-version":[{"id":27218,"href":"https:\/\/akunq.net\/tr\/index.php?rest_route=\/wp\/v2\/posts\/27216\/revisions\/27218"}],"wp:attachment":[{"href":"https:\/\/akunq.net\/tr\/index.php?rest_route=%2Fwp%2Fv2%2Fmedia&parent=27216"}],"wp:term":[{"taxonomy":"category","embeddable":true,"href":"https:\/\/akunq.net\/tr\/index.php?rest_route=%2Fwp%2Fv2%2Fcategories&post=27216"},{"taxonomy":"post_tag","embeddable":true,"href":"https:\/\/akunq.net\/tr\/index.php?rest_route=%2Fwp%2Fv2%2Ftags&post=27216"}],"curies":[{"name":"wp","href":"https:\/\/api.w.org\/{rel}","templated":true}]}}