{"id":27209,"date":"2013-12-02T02:42:28","date_gmt":"2013-12-02T07:42:28","guid":{"rendered":"http:\/\/akunq.net\/tr\/?p=27209"},"modified":"2013-12-02T02:42:28","modified_gmt":"2013-12-02T07:42:28","slug":"rus-uzman-israile-yonelik-tutum-turkiye-ve-irani-birlestirirken-ermenistana-yonelik-tutum-uzaklastirmakta","status":"publish","type":"post","link":"https:\/\/akunq.net\/tr\/?p=27209","title":{"rendered":"Rus uzman: \u0130srail\u2019e y\u00f6nelik tutum T\u00fcrkiye ve \u0130ran\u2019\u0131 birle\u015ftirirken, Ermenistan\u2019a y\u00f6nelik tutum uzakla\u015ft\u0131rmakta"},"content":{"rendered":"<p style=\"text-align: justify;\"><span style=\"color: #000000;\"><b><i><a href=\"http:\/\/akunq.net\/tr\/wp-content\/uploads\/2013\/12\/Konstantin-Zatulin.jpg\"><img loading=\"lazy\" decoding=\"async\" class=\"alignright size-full wp-image-27210\" alt=\"Konstantin Zatulin\" src=\"http:\/\/akunq.net\/tr\/wp-content\/uploads\/2013\/12\/Konstantin-Zatulin.jpg\" width=\"295\" height=\"221\" \/><\/a>T\u00fcrkiye ve \u0130ran\u00a0 \u015fikayet i\u00e7in gerek\u00e7eleri olmakla beraber, \u015eii ve S\u00fcnni\u00a0 topluluklar\u0131n varl\u0131\u011f\u0131 ko\u015fullar\u0131nda M\u00fcsl\u00fcman d\u00fcnyan\u0131n \u00f6nc\u00fcleri olmaya adaylar. Beyanat\u00a0 <\/i><\/b><a href=\"http:\/\/news.am\"><span style=\"color: #000000;\"><b><i>NEWS.am<\/i><\/b><\/span><\/a><b><i> muhabirine, \u0130ran \u0130slam Cumhuriyeti (\u0130\u0130C) cumhurba\u015fkan\u0131n\u0131n T\u00fcrkiye\u2019ye ger\u00e7ekle\u015ftirece\u011fi\u00a0 ziyarete de\u011finen BDT \u00dclkeleri Enstit\u00fcs\u00fc direkt\u00f6r\u00fc Konstantin Zatulin\u2019den geldi.<\/i><\/b><\/span><\/p>\n<p style=\"text-align: justify;\"><span style=\"color: #000000;\">Zatulin, \u0130ran yeni cumhurba\u015fkan\u0131n\u0131n, daha \u00f6nce \u0130ran\u2019a ambargo program\u0131na kat\u0131lan \u00fclkelerle ili\u015fkileri yumu\u015fatma politikas\u0131 y\u00fcr\u00fctt\u00fc\u011f\u00fcn\u00fc belirterek, T\u00fcrkiye\u2019nin tabii ki \u0130ran\u2019a y\u00f6nelik ambargo program\u0131na kat\u0131lmad\u0131\u011f\u0131n\u0131, ancak T\u00fcrkiye ve \u0130ran\u2019\u0131, birbirlerine yakla\u015ft\u0131ran ve uzakla\u015ft\u0131ran etmenlere sahip olduklar\u0131na dikkat \u00e7ekti.<\/span><\/p>\n<p style=\"text-align: justify;\"><span style=\"color: #000000;\">Zatulin\u2019e g\u00f6re, Ermenistan ve Da\u011fl\u0131k Karaba\u011f meselesi, T\u00fcrkiye ve \u0130ran\u2019\u0131 birbirinden uzakla\u015ft\u0131rmakta, zira bilindi\u011fi gibi \u0130ran Ermenistan\u2019la dostluk ili\u015fkilerini geli\u015ftirmekte; ancak T\u00fcrkiye Ermenistan\u2019\u0131 blokaj alt\u0131nda tutmaya devam etmekte. Zatulin \u2033Bu sebeple \u0130srail\u2019e y\u00f6nelik tutum T\u00fcrkiye ve \u0130ran\u2019\u0131 birle\u015ftirirken, Ermenistan\u2019a y\u00f6nelik\u00a0 tutum, b\u00fcy\u00fck bir ihtimalle onlar\u0131 uzakla\u015ft\u0131rmaktad\u0131r. \u0130ran\u2019\u0131n, T\u00fcrkiye\u2019yle yak\u0131nla\u015fma\u00a0 hat\u0131r\u0131na\u00a0 Ermenistan\u2019a y\u00f6nelik tutumunu de\u011fi\u015ftirece\u011fini sanm\u0131yorum\u2033\u00a0 dedi.<\/span><\/p>\n<p style=\"text-align: justify;\"><span style=\"color: #000000;\">\u0130\u0130C cumhurba\u015fkan\u0131 Hasan Ruhani\u2019nin 17 Aral\u0131k\u2019ta T\u00fcrkiye\u2019yi ziyaret etmesi \u00f6ng\u00f6r\u00fclmekte.<\/span><\/p>\n<p style=\"text-align: justify;\"><span style=\"color: #000000;\"><b><i>http:\/\/news.am\/tur\/news\/183192.html<\/i><\/b><\/span><\/p>\n","protected":false},"excerpt":{"rendered":"<p>T\u00fcrkiye ve \u0130ran\u00a0 \u015fikayet i\u00e7in gerek\u00e7eleri olmakla beraber, \u015eii ve S\u00fcnni\u00a0 topluluklar\u0131n varl\u0131\u011f\u0131 ko\u015fullar\u0131nda M\u00fcsl\u00fcman d\u00fcnyan\u0131n \u00f6nc\u00fcleri olmaya adaylar. Beyanat\u00a0 NEWS.am muhabirine, \u0130ran \u0130slam Cumhuriyeti (\u0130\u0130C) cumhurba\u015fkan\u0131n\u0131n T\u00fcrkiye\u2019ye ger\u00e7ekle\u015ftirece\u011fi\u00a0 ziyarete de\u011finen BDT \u00dclkeleri Enstit\u00fcs\u00fc direkt\u00f6r\u00fc Konstantin Zatulin\u2019den geldi. Zatulin, \u0130ran yeni cumhurba\u015fkan\u0131n\u0131n, daha \u00f6nce \u0130ran\u2019a ambargo program\u0131na kat\u0131lan \u00fclkelerle ili\u015fkileri yumu\u015fatma politikas\u0131 y\u00fcr\u00fctt\u00fc\u011f\u00fcn\u00fc belirterek, T\u00fcrkiye\u2019nin [&hellip;]<\/p>\n","protected":false},"author":7,"featured_media":0,"comment_status":"open","ping_status":"open","sticky":false,"template":"","format":"standard","meta":{"footnotes":""},"categories":[1],"tags":[],"class_list":["post-27209","post","type-post","status-publish","format-standard","hentry","category-haberler"],"yoast_head":"<!-- This site is optimized with the Yoast SEO plugin v27.4 - https:\/\/yoast.com\/product\/yoast-seo-wordpress\/ -->\n<title>Rus uzman: \u0130srail\u2019e y\u00f6nelik tutum T\u00fcrkiye ve \u0130ran\u2019\u0131 birle\u015ftirirken, Ermenistan\u2019a y\u00f6nelik tutum uzakla\u015ft\u0131rmakta - Bati Ermenistan Ve Bati Ermenileri Sorunlari Ara\u015ftirmalar Merkezi<\/title>\n<meta name=\"robots\" content=\"index, follow, max-snippet:-1, max-image-preview:large, max-video-preview:-1\" \/>\n<link rel=\"canonical\" href=\"https:\/\/akunq.net\/tr\/?p=27209\" \/>\n<meta property=\"og:locale\" content=\"en_US\" \/>\n<meta property=\"og:type\" content=\"article\" \/>\n<meta property=\"og:title\" content=\"Rus uzman: \u0130srail\u2019e y\u00f6nelik tutum T\u00fcrkiye ve \u0130ran\u2019\u0131 birle\u015ftirirken, Ermenistan\u2019a y\u00f6nelik tutum uzakla\u015ft\u0131rmakta - Bati Ermenistan Ve Bati Ermenileri Sorunlari Ara\u015ftirmalar Merkezi\" \/>\n<meta property=\"og:description\" content=\"T\u00fcrkiye ve \u0130ran\u00a0 \u015fikayet i\u00e7in gerek\u00e7eleri olmakla beraber, \u015eii ve S\u00fcnni\u00a0 topluluklar\u0131n varl\u0131\u011f\u0131 ko\u015fullar\u0131nda M\u00fcsl\u00fcman d\u00fcnyan\u0131n \u00f6nc\u00fcleri olmaya adaylar. Beyanat\u00a0 NEWS.am muhabirine, \u0130ran \u0130slam Cumhuriyeti (\u0130\u0130C) cumhurba\u015fkan\u0131n\u0131n T\u00fcrkiye\u2019ye ger\u00e7ekle\u015ftirece\u011fi\u00a0 ziyarete de\u011finen BDT \u00dclkeleri Enstit\u00fcs\u00fc direkt\u00f6r\u00fc Konstantin Zatulin\u2019den geldi. Zatulin, \u0130ran yeni cumhurba\u015fkan\u0131n\u0131n, daha \u00f6nce \u0130ran\u2019a ambargo program\u0131na kat\u0131lan \u00fclkelerle ili\u015fkileri yumu\u015fatma politikas\u0131 y\u00fcr\u00fctt\u00fc\u011f\u00fcn\u00fc belirterek, T\u00fcrkiye\u2019nin [&hellip;]\" \/>\n<meta property=\"og:url\" content=\"https:\/\/akunq.net\/tr\/?p=27209\" \/>\n<meta property=\"og:site_name\" content=\"Bati Ermenistan Ve Bati Ermenileri Sorunlari Ara\u015ftirmalar Merkezi\" \/>\n<meta property=\"article:published_time\" content=\"2013-12-02T07:42:28+00:00\" \/>\n<meta property=\"og:image\" content=\"http:\/\/akunq.net\/tr\/wp-content\/uploads\/2013\/12\/Konstantin-Zatulin.jpg\" \/>\n<meta name=\"author\" content=\"admin\" \/>\n<meta name=\"twitter:card\" content=\"summary_large_image\" \/>\n<meta name=\"twitter:label1\" content=\"Written by\" \/>\n\t<meta name=\"twitter:data1\" content=\"admin\" \/>\n\t<meta name=\"twitter:label2\" content=\"Est. reading time\" \/>\n\t<meta name=\"twitter:data2\" content=\"1 minute\" \/>\n<script type=\"application\/ld+json\" class=\"yoast-schema-graph\">{\"@context\":\"https:\\\/\\\/schema.org\",\"@graph\":[{\"@type\":\"Article\",\"@id\":\"https:\\\/\\\/akunq.net\\\/tr\\\/?p=27209#article\",\"isPartOf\":{\"@id\":\"https:\\\/\\\/akunq.net\\\/tr\\\/?p=27209\"},\"author\":{\"name\":\"admin\",\"@id\":\"https:\\\/\\\/akunq.net\\\/tr\\\/#\\\/schema\\\/person\\\/096f1d38a12cce57fb855b485ed24c9e\"},\"headline\":\"Rus uzman: \u0130srail\u2019e y\u00f6nelik tutum T\u00fcrkiye ve \u0130ran\u2019\u0131 birle\u015ftirirken, Ermenistan\u2019a y\u00f6nelik tutum uzakla\u015ft\u0131rmakta\",\"datePublished\":\"2013-12-02T07:42:28+00:00\",\"mainEntityOfPage\":{\"@id\":\"https:\\\/\\\/akunq.net\\\/tr\\\/?p=27209\"},\"wordCount\":261,\"commentCount\":0,\"image\":{\"@id\":\"https:\\\/\\\/akunq.net\\\/tr\\\/?p=27209#primaryimage\"},\"thumbnailUrl\":\"http:\\\/\\\/akunq.net\\\/tr\\\/wp-content\\\/uploads\\\/2013\\\/12\\\/Konstantin-Zatulin.jpg\",\"articleSection\":[\"Haberler\"],\"inLanguage\":\"en-US\",\"potentialAction\":[{\"@type\":\"CommentAction\",\"name\":\"Comment\",\"target\":[\"https:\\\/\\\/akunq.net\\\/tr\\\/?p=27209#respond\"]}]},{\"@type\":\"WebPage\",\"@id\":\"https:\\\/\\\/akunq.net\\\/tr\\\/?p=27209\",\"url\":\"https:\\\/\\\/akunq.net\\\/tr\\\/?p=27209\",\"name\":\"Rus uzman: \u0130srail\u2019e y\u00f6nelik tutum T\u00fcrkiye ve \u0130ran\u2019\u0131 birle\u015ftirirken, Ermenistan\u2019a y\u00f6nelik tutum uzakla\u015ft\u0131rmakta - Bati Ermenistan Ve Bati Ermenileri Sorunlari Ara\u015ftirmalar Merkezi\",\"isPartOf\":{\"@id\":\"https:\\\/\\\/akunq.net\\\/tr\\\/#website\"},\"primaryImageOfPage\":{\"@id\":\"https:\\\/\\\/akunq.net\\\/tr\\\/?p=27209#primaryimage\"},\"image\":{\"@id\":\"https:\\\/\\\/akunq.net\\\/tr\\\/?p=27209#primaryimage\"},\"thumbnailUrl\":\"http:\\\/\\\/akunq.net\\\/tr\\\/wp-content\\\/uploads\\\/2013\\\/12\\\/Konstantin-Zatulin.jpg\",\"datePublished\":\"2013-12-02T07:42:28+00:00\",\"author\":{\"@id\":\"https:\\\/\\\/akunq.net\\\/tr\\\/#\\\/schema\\\/person\\\/096f1d38a12cce57fb855b485ed24c9e\"},\"breadcrumb\":{\"@id\":\"https:\\\/\\\/akunq.net\\\/tr\\\/?p=27209#breadcrumb\"},\"inLanguage\":\"en-US\",\"potentialAction\":[{\"@type\":\"ReadAction\",\"target\":[\"https:\\\/\\\/akunq.net\\\/tr\\\/?p=27209\"]}]},{\"@type\":\"ImageObject\",\"inLanguage\":\"en-US\",\"@id\":\"https:\\\/\\\/akunq.net\\\/tr\\\/?p=27209#primaryimage\",\"url\":\"http:\\\/\\\/akunq.net\\\/tr\\\/wp-content\\\/uploads\\\/2013\\\/12\\\/Konstantin-Zatulin.jpg\",\"contentUrl\":\"http:\\\/\\\/akunq.net\\\/tr\\\/wp-content\\\/uploads\\\/2013\\\/12\\\/Konstantin-Zatulin.jpg\"},{\"@type\":\"BreadcrumbList\",\"@id\":\"https:\\\/\\\/akunq.net\\\/tr\\\/?p=27209#breadcrumb\",\"itemListElement\":[{\"@type\":\"ListItem\",\"position\":1,\"name\":\"Home\",\"item\":\"https:\\\/\\\/akunq.net\\\/tr\"},{\"@type\":\"ListItem\",\"position\":2,\"name\":\"Rus uzman: \u0130srail\u2019e y\u00f6nelik tutum T\u00fcrkiye ve \u0130ran\u2019\u0131 birle\u015ftirirken, Ermenistan\u2019a y\u00f6nelik tutum uzakla\u015ft\u0131rmakta\"}]},{\"@type\":\"WebSite\",\"@id\":\"https:\\\/\\\/akunq.net\\\/tr\\\/#website\",\"url\":\"https:\\\/\\\/akunq.net\\\/tr\\\/\",\"name\":\"Bati Ermenistan Ve Bati Ermenileri Sorunlari Ara\u015ftirmalar Merkezi\",\"description\":\"\",\"potentialAction\":[{\"@type\":\"SearchAction\",\"target\":{\"@type\":\"EntryPoint\",\"urlTemplate\":\"https:\\\/\\\/akunq.net\\\/tr\\\/?s={search_term_string}\"},\"query-input\":{\"@type\":\"PropertyValueSpecification\",\"valueRequired\":true,\"valueName\":\"search_term_string\"}}],\"inLanguage\":\"en-US\"},{\"@type\":\"Person\",\"@id\":\"https:\\\/\\\/akunq.net\\\/tr\\\/#\\\/schema\\\/person\\\/096f1d38a12cce57fb855b485ed24c9e\",\"name\":\"admin\",\"url\":\"https:\\\/\\\/akunq.net\\\/tr\\\/?author=7\"}]}<\/script>\n<!-- \/ Yoast SEO plugin. -->","yoast_head_json":{"title":"Rus uzman: \u0130srail\u2019e y\u00f6nelik tutum T\u00fcrkiye ve \u0130ran\u2019\u0131 birle\u015ftirirken, Ermenistan\u2019a y\u00f6nelik tutum uzakla\u015ft\u0131rmakta - Bati Ermenistan Ve Bati Ermenileri Sorunlari Ara\u015ftirmalar Merkezi","robots":{"index":"index","follow":"follow","max-snippet":"max-snippet:-1","max-image-preview":"max-image-preview:large","max-video-preview":"max-video-preview:-1"},"canonical":"https:\/\/akunq.net\/tr\/?p=27209","og_locale":"en_US","og_type":"article","og_title":"Rus uzman: \u0130srail\u2019e y\u00f6nelik tutum T\u00fcrkiye ve \u0130ran\u2019\u0131 birle\u015ftirirken, Ermenistan\u2019a y\u00f6nelik tutum uzakla\u015ft\u0131rmakta - Bati Ermenistan Ve Bati Ermenileri Sorunlari Ara\u015ftirmalar Merkezi","og_description":"T\u00fcrkiye ve \u0130ran\u00a0 \u015fikayet i\u00e7in gerek\u00e7eleri olmakla beraber, \u015eii ve S\u00fcnni\u00a0 topluluklar\u0131n varl\u0131\u011f\u0131 ko\u015fullar\u0131nda M\u00fcsl\u00fcman d\u00fcnyan\u0131n \u00f6nc\u00fcleri olmaya adaylar. Beyanat\u00a0 NEWS.am muhabirine, \u0130ran \u0130slam Cumhuriyeti (\u0130\u0130C) cumhurba\u015fkan\u0131n\u0131n T\u00fcrkiye\u2019ye ger\u00e7ekle\u015ftirece\u011fi\u00a0 ziyarete de\u011finen BDT \u00dclkeleri Enstit\u00fcs\u00fc direkt\u00f6r\u00fc Konstantin Zatulin\u2019den geldi. Zatulin, \u0130ran yeni cumhurba\u015fkan\u0131n\u0131n, daha \u00f6nce \u0130ran\u2019a ambargo program\u0131na kat\u0131lan \u00fclkelerle ili\u015fkileri yumu\u015fatma politikas\u0131 y\u00fcr\u00fctt\u00fc\u011f\u00fcn\u00fc belirterek, T\u00fcrkiye\u2019nin [&hellip;]","og_url":"https:\/\/akunq.net\/tr\/?p=27209","og_site_name":"Bati Ermenistan Ve Bati Ermenileri Sorunlari Ara\u015ftirmalar Merkezi","article_published_time":"2013-12-02T07:42:28+00:00","og_image":[{"url":"http:\/\/akunq.net\/tr\/wp-content\/uploads\/2013\/12\/Konstantin-Zatulin.jpg","type":"","width":"","height":""}],"author":"admin","twitter_card":"summary_large_image","twitter_misc":{"Written by":"admin","Est. reading time":"1 minute"},"schema":{"@context":"https:\/\/schema.org","@graph":[{"@type":"Article","@id":"https:\/\/akunq.net\/tr\/?p=27209#article","isPartOf":{"@id":"https:\/\/akunq.net\/tr\/?p=27209"},"author":{"name":"admin","@id":"https:\/\/akunq.net\/tr\/#\/schema\/person\/096f1d38a12cce57fb855b485ed24c9e"},"headline":"Rus uzman: \u0130srail\u2019e y\u00f6nelik tutum T\u00fcrkiye ve \u0130ran\u2019\u0131 birle\u015ftirirken, Ermenistan\u2019a y\u00f6nelik tutum uzakla\u015ft\u0131rmakta","datePublished":"2013-12-02T07:42:28+00:00","mainEntityOfPage":{"@id":"https:\/\/akunq.net\/tr\/?p=27209"},"wordCount":261,"commentCount":0,"image":{"@id":"https:\/\/akunq.net\/tr\/?p=27209#primaryimage"},"thumbnailUrl":"http:\/\/akunq.net\/tr\/wp-content\/uploads\/2013\/12\/Konstantin-Zatulin.jpg","articleSection":["Haberler"],"inLanguage":"en-US","potentialAction":[{"@type":"CommentAction","name":"Comment","target":["https:\/\/akunq.net\/tr\/?p=27209#respond"]}]},{"@type":"WebPage","@id":"https:\/\/akunq.net\/tr\/?p=27209","url":"https:\/\/akunq.net\/tr\/?p=27209","name":"Rus uzman: \u0130srail\u2019e y\u00f6nelik tutum T\u00fcrkiye ve \u0130ran\u2019\u0131 birle\u015ftirirken, Ermenistan\u2019a y\u00f6nelik tutum uzakla\u015ft\u0131rmakta - Bati Ermenistan Ve Bati Ermenileri Sorunlari Ara\u015ftirmalar Merkezi","isPartOf":{"@id":"https:\/\/akunq.net\/tr\/#website"},"primaryImageOfPage":{"@id":"https:\/\/akunq.net\/tr\/?p=27209#primaryimage"},"image":{"@id":"https:\/\/akunq.net\/tr\/?p=27209#primaryimage"},"thumbnailUrl":"http:\/\/akunq.net\/tr\/wp-content\/uploads\/2013\/12\/Konstantin-Zatulin.jpg","datePublished":"2013-12-02T07:42:28+00:00","author":{"@id":"https:\/\/akunq.net\/tr\/#\/schema\/person\/096f1d38a12cce57fb855b485ed24c9e"},"breadcrumb":{"@id":"https:\/\/akunq.net\/tr\/?p=27209#breadcrumb"},"inLanguage":"en-US","potentialAction":[{"@type":"ReadAction","target":["https:\/\/akunq.net\/tr\/?p=27209"]}]},{"@type":"ImageObject","inLanguage":"en-US","@id":"https:\/\/akunq.net\/tr\/?p=27209#primaryimage","url":"http:\/\/akunq.net\/tr\/wp-content\/uploads\/2013\/12\/Konstantin-Zatulin.jpg","contentUrl":"http:\/\/akunq.net\/tr\/wp-content\/uploads\/2013\/12\/Konstantin-Zatulin.jpg"},{"@type":"BreadcrumbList","@id":"https:\/\/akunq.net\/tr\/?p=27209#breadcrumb","itemListElement":[{"@type":"ListItem","position":1,"name":"Home","item":"https:\/\/akunq.net\/tr"},{"@type":"ListItem","position":2,"name":"Rus uzman: \u0130srail\u2019e y\u00f6nelik tutum T\u00fcrkiye ve \u0130ran\u2019\u0131 birle\u015ftirirken, Ermenistan\u2019a y\u00f6nelik tutum uzakla\u015ft\u0131rmakta"}]},{"@type":"WebSite","@id":"https:\/\/akunq.net\/tr\/#website","url":"https:\/\/akunq.net\/tr\/","name":"Bati Ermenistan Ve Bati Ermenileri Sorunlari Ara\u015ftirmalar Merkezi","description":"","potentialAction":[{"@type":"SearchAction","target":{"@type":"EntryPoint","urlTemplate":"https:\/\/akunq.net\/tr\/?s={search_term_string}"},"query-input":{"@type":"PropertyValueSpecification","valueRequired":true,"valueName":"search_term_string"}}],"inLanguage":"en-US"},{"@type":"Person","@id":"https:\/\/akunq.net\/tr\/#\/schema\/person\/096f1d38a12cce57fb855b485ed24c9e","name":"admin","url":"https:\/\/akunq.net\/tr\/?author=7"}]}},"_links":{"self":[{"href":"https:\/\/akunq.net\/tr\/index.php?rest_route=\/wp\/v2\/posts\/27209","targetHints":{"allow":["GET"]}}],"collection":[{"href":"https:\/\/akunq.net\/tr\/index.php?rest_route=\/wp\/v2\/posts"}],"about":[{"href":"https:\/\/akunq.net\/tr\/index.php?rest_route=\/wp\/v2\/types\/post"}],"author":[{"embeddable":true,"href":"https:\/\/akunq.net\/tr\/index.php?rest_route=\/wp\/v2\/users\/7"}],"replies":[{"embeddable":true,"href":"https:\/\/akunq.net\/tr\/index.php?rest_route=%2Fwp%2Fv2%2Fcomments&post=27209"}],"version-history":[{"count":1,"href":"https:\/\/akunq.net\/tr\/index.php?rest_route=\/wp\/v2\/posts\/27209\/revisions"}],"predecessor-version":[{"id":27211,"href":"https:\/\/akunq.net\/tr\/index.php?rest_route=\/wp\/v2\/posts\/27209\/revisions\/27211"}],"wp:attachment":[{"href":"https:\/\/akunq.net\/tr\/index.php?rest_route=%2Fwp%2Fv2%2Fmedia&parent=27209"}],"wp:term":[{"taxonomy":"category","embeddable":true,"href":"https:\/\/akunq.net\/tr\/index.php?rest_route=%2Fwp%2Fv2%2Fcategories&post=27209"},{"taxonomy":"post_tag","embeddable":true,"href":"https:\/\/akunq.net\/tr\/index.php?rest_route=%2Fwp%2Fv2%2Ftags&post=27209"}],"curies":[{"name":"wp","href":"https:\/\/api.w.org\/{rel}","templated":true}]}}