{"id":27196,"date":"2013-12-02T00:29:28","date_gmt":"2013-12-02T05:29:28","guid":{"rendered":"http:\/\/akunq.net\/tr\/?p=27196"},"modified":"2013-12-02T00:29:28","modified_gmt":"2013-12-02T05:29:28","slug":"degismeyen-horgorme-anlayisi-2","status":"publish","type":"post","link":"https:\/\/akunq.net\/tr\/?p=27196","title":{"rendered":"De\u011fi\u015fmeyen  Horg\u00f6rme Anlay\u0131\u015f\u0131"},"content":{"rendered":"<p style=\"text-align: justify;\"><b>Sarkis Adam<\/b><\/p>\n<p style=\"text-align: justify;\">Son y\u0131llarda T\u00fcrkiye&#8217;de temel hak ve \u00f6zg\u00fcrl\u00fcklere do\u011fru at\u0131lan yava\u015f ama olumlu ad\u0131mlar\u0131n i\u015faretleri belirlenmeye\u00a0 ba\u015flarken, bir taraftan y\u0131llardan beri horg\u00f6r\u00fclen ve hatta var oldu\u011fu say\u0131lmayan bu \u00fclkenin vatanda\u015f\u0131 kadim bir halk\u0131n\u00a0 \u00e7o\u00e7uklar\u0131n\u0131\u00a0 Diyarbak\u0131r&#8217;da\u00a0 tarihi bir bulu\u015fma ile s\u0131cak kucakla\u015fma alk\u0131\u015flan\u0131rken, di\u011fer tarafta da y\u0131llardan beri d\u0131\u015flanan, \u00f6teki olarak alg\u0131lanan, her olumsuz geli\u015fmelerde m\u00fcsebbip olarak g\u00f6r\u00fclen bu \u00fclkenin vatanda\u015flar\u0131 Anadolu&#8217;nun kadim halklar\u0131ndan Alevilere ve m\u00fcsl\u00fcman olmayan halklara y\u00f6nelik g\u00fcn ge\u00e7tik\u00e7e artan horg\u00f6rme, a\u015fa\u011flama ve d\u0131\u015flaman\u0131n yan\u0131nda, onlar\u0131 derinden yaralayan ve inciten, kin ve nefret kokan s\u00f6zlere kar\u015f\u0131 kulaklar\u0131 t\u0131kamak, g\u00f6zleri yummak, dilini yutmak\u00a0 s\u0131radanla\u015fmaktad\u0131r.<\/p>\n<p style=\"text-align: justify;\">\u00d6zellikle son Gezi olaylar\u0131yla ilgili, \u201cYahudi,Ermeni ve Rumsan Gezi eylemlerinde aktif rol alman\u0131 anlay\u0131\u015fla kar\u015f\u0131l\u0131yorum. L\u00fctfen soyunuzu ara\u015ft\u0131r\u0131n\u201d diyen \u0130stanbul Y\u0131ld\u0131z Teknik \u00dcniversitesi\u00a0 \u00f6\u011fretim \u00fcyesi Prof. Ahmet Atan&#8217;\u0131, \u201cGezi Dinsizlerin,Ermenilerin, Sarho\u015flar\u0131n i\u015fi\u201d (19.10.2013 Radikal Gazetesi) diyen Rotterdam \u0130slam \u00dcniversitesi Rekt\u00f6r\u00fc Prof. Dr. Ahmet Akg\u00fcnd\u00fcz izledi, onu, \u201c78 Mara\u015f olaylar\u0131n\u0131n\u00a0 i\u00e7inde yer alan sol grubun i\u00e7inde Alevi de var, Ermeni de var, di\u011fer gruplar da var. \u015eimdiki Gezi olaylar\u0131\u00a0 i\u00e7inde de bunlar var. Yani nerede devletin istikrar\u0131na olumlu veya olumsuz etki eden\u00a0 m\u00fcsibet varsa\u00a0 bunlar hemen i\u00e7inde yer al\u0131yor\u201d Kahramanmara\u015f S\u00fct\u00e7\u00fc \u0130mam \u00dcniversitesi\u00a0 \u00f6\u011fretim \u00fcyesi Prof. Ahmet Eycil izledi (25 Kas\u0131m 2013 H\u00fcrriyet-Ahmet Hakan).<\/p>\n<p style=\"text-align: justify;\">Bu \u00fc\u00e7 Profes\u00f6r\u00fcn a\u00e7\u0131klamalar\u0131nda Anadolu&#8217;nun Sunni veya M\u00fcsl\u00fcman olmayan halklara y\u00f6nelik\u00a0 nefret var, bu s\u00f6zler bu halklar\u0131\u00a0 derinden yaralamakta ve incitmektedir ve ayn\u0131 zamanda kin ve \u0131rkc\u0131l\u0131k kokmaktad\u0131r.<\/p>\n<p style=\"text-align: justify;\">Bug\u00fcne kadar ne bu s\u00f6zleri sarf edenlerden ve ne de onlar\u0131n ba\u011fl\u0131 bulundu\u011fu kurumlardan, \u00dcniversite Rekt\u00f6rl\u00fcklerinden ve bilhassa Y\u00d6K&#8217;ten haklar\u0131nda herhangi bir i\u015flem veya disiplin\u00a0 soru\u015fturmas\u0131na dair bir a\u00e7\u0131klama duyulmad\u0131.<\/p>\n<p style=\"text-align: justify;\">San\u0131r\u0131m, bu kurumlardan bir yan\u0131t beklemeye hakk\u0131m\u0131z var:<br \/>\nSessizlik ve Suskunluk insanca dik durman\u0131n di\u011fer bir \u015feklidir. Suskunluk dilsiz olmak de\u011filidir asla, \u00e7\u00fcnk\u00fc suskunluk ve sessizlik \u00e7ok \u015fey anlat\u0131r, kelimelerin anlatamad\u0131klar\u0131n\u0131 hayk\u0131r\u0131r asl\u0131nda, bir ka\u00e7\u0131\u015f da de\u011fildir, s\u00f6zlerden ve daha ba\u015fka \u00e7ok \u015feylerden \u00e7ok fazlas\u0131d\u0131r suskunluk. Bazen ac\u0131lar\u0131 payla\u015fmakt\u0131r, bazen yanl\u0131\u015f ve \u00e7arp\u0131t\u0131lm\u0131\u015f bilgilere dayanan, haks\u0131z su\u00e7lamalara, k\u0131zg\u0131nl\u0131klara ve nefrete, hakaretlere kar\u015f\u0131 durman\u0131n bir g\u00f6stergesidir ve daha nice \u015feyler sakl\u0131d\u0131r \u201cSUSKUNLU\u011eUN\u201d i\u00e7inde. K\u0131sacas\u0131 insanca dik durman\u0131n, do\u011fru olman\u0131n, ma\u011fdurun yan\u0131nda durman\u0131n, sevgi tohumlar\u0131 ekmenin, vicdanlara seslenmenin en asil halidir suskunluk bir yerde. Sessiz bir \u00e7\u0131\u011fl\u0131kt\u0131r suskunluk.<br \/>\nTarihte oldu\u011fu gibi bug\u00fcn de bizler i\u00e7in \u00f6nemli olan d\u00fcnyan\u0131n neresinde olursak olal\u0131m, ya\u015fad\u0131\u011f\u0131m\u0131z topluma, \u00fcst\u00fcnde y\u00fcr\u00fcd\u00fc\u011f\u00fcm\u00fcz topraklara eserler b\u0131rakarak ve ac\u0131lar\u0131m\u0131z\u0131 i\u00e7imize g\u00f6merken, onlar\u0131 sa\u011fduyulu vicdan sahipi insanlarla payla\u015farak ya\u015fayabilmek ve varl\u0131\u011f\u0131m\u0131z\u0131 koruyabilmek, sevginin ve karde\u015fli\u011fin tohumlar\u0131n\u0131 atabilmektir.<br \/>\n\u00c7a\u011fda\u015f d\u00fcnyam\u0131zda temel bir\u00a0 hak olan k\u0131nama hakk\u0131m\u0131z\u0131\u00a0 kullanarak, halklar aras\u0131nda \u00a0\u00a0 ay\u0131r\u0131mc\u0131, d\u0131\u015flay\u0131c\u0131, \u00f6teki\u015fle\u015ftirci, horg\u00f6ren duygular do\u011furan ve k\u0131\u015fk\u0131rtan, nefret ve kin tohumlar\u0131 eken s\u00f6z ve davran\u0131\u015flar\u0131\u00a0 \u201cSessiz Suskunluk\u201d ile \u015fiddetle k\u0131n\u0131yoruz.<br \/>\nYolu ho\u015fg\u00f6r\u00fc ve sa\u011fduyudan ge\u00e7en herkesi,\u00a0 bu k\u0131nama\u00a0 kampanyas\u0131na imza\u00a0 vererek\u00a0 kat\u0131lmaya ve destek vermeye davet ediyorum.<\/p>\n<p style=\"text-align: justify;\"><b><i>IMZA KAMPANYASININ LINKI:<\/i><\/b><\/p>\n<p style=\"text-align: justify;\"><a href=\"http:\/\/imzakampanyam.com\/YUZ-YILDIR-DEGISMEYEN-HORGORU--imza-kampanyasi\" target=\"_blank\"><b><i>http:\/\/imzakampanyam.com\/YUZ-YILDIR-DEGISMEYEN-HORGORU&#8211;imza-kampanyasi<\/i><\/b><\/a><\/p>\n","protected":false},"excerpt":{"rendered":"<p>Sarkis Adam Son y\u0131llarda T\u00fcrkiye&#8217;de temel hak ve \u00f6zg\u00fcrl\u00fcklere do\u011fru at\u0131lan yava\u015f ama olumlu ad\u0131mlar\u0131n i\u015faretleri belirlenmeye\u00a0 ba\u015flarken, bir taraftan y\u0131llardan beri horg\u00f6r\u00fclen ve hatta var oldu\u011fu say\u0131lmayan bu \u00fclkenin vatanda\u015f\u0131 kadim bir halk\u0131n\u00a0 \u00e7o\u00e7uklar\u0131n\u0131\u00a0 Diyarbak\u0131r&#8217;da\u00a0 tarihi bir bulu\u015fma ile s\u0131cak kucakla\u015fma alk\u0131\u015flan\u0131rken, di\u011fer tarafta da y\u0131llardan beri d\u0131\u015flanan, \u00f6teki olarak alg\u0131lanan, her olumsuz geli\u015fmelerde [&hellip;]<\/p>\n","protected":false},"author":7,"featured_media":0,"comment_status":"open","ping_status":"open","sticky":false,"template":"","format":"standard","meta":{"footnotes":""},"categories":[1],"tags":[],"class_list":["post-27196","post","type-post","status-publish","format-standard","hentry","category-haberler"],"yoast_head":"<!-- This site is optimized with the Yoast SEO plugin v27.4 - https:\/\/yoast.com\/product\/yoast-seo-wordpress\/ -->\n<title>De\u011fi\u015fmeyen Horg\u00f6rme Anlay\u0131\u015f\u0131 - Bati Ermenistan Ve Bati Ermenileri Sorunlari Ara\u015ftirmalar Merkezi<\/title>\n<meta name=\"robots\" content=\"index, follow, max-snippet:-1, max-image-preview:large, max-video-preview:-1\" \/>\n<link rel=\"canonical\" href=\"https:\/\/akunq.net\/tr\/?p=27196\" \/>\n<meta property=\"og:locale\" content=\"en_US\" \/>\n<meta property=\"og:type\" content=\"article\" \/>\n<meta property=\"og:title\" content=\"De\u011fi\u015fmeyen Horg\u00f6rme Anlay\u0131\u015f\u0131 - Bati Ermenistan Ve Bati Ermenileri Sorunlari Ara\u015ftirmalar Merkezi\" \/>\n<meta property=\"og:description\" content=\"Sarkis Adam Son y\u0131llarda T\u00fcrkiye&#8217;de temel hak ve \u00f6zg\u00fcrl\u00fcklere do\u011fru at\u0131lan yava\u015f ama olumlu ad\u0131mlar\u0131n i\u015faretleri belirlenmeye\u00a0 ba\u015flarken, bir taraftan y\u0131llardan beri horg\u00f6r\u00fclen ve hatta var oldu\u011fu say\u0131lmayan bu \u00fclkenin vatanda\u015f\u0131 kadim bir halk\u0131n\u00a0 \u00e7o\u00e7uklar\u0131n\u0131\u00a0 Diyarbak\u0131r&#8217;da\u00a0 tarihi bir bulu\u015fma ile s\u0131cak kucakla\u015fma alk\u0131\u015flan\u0131rken, di\u011fer tarafta da y\u0131llardan beri d\u0131\u015flanan, \u00f6teki olarak alg\u0131lanan, her olumsuz geli\u015fmelerde [&hellip;]\" \/>\n<meta property=\"og:url\" content=\"https:\/\/akunq.net\/tr\/?p=27196\" \/>\n<meta property=\"og:site_name\" content=\"Bati Ermenistan Ve Bati Ermenileri Sorunlari Ara\u015ftirmalar Merkezi\" \/>\n<meta property=\"article:published_time\" content=\"2013-12-02T05:29:28+00:00\" \/>\n<meta name=\"author\" content=\"admin\" \/>\n<meta name=\"twitter:card\" content=\"summary_large_image\" \/>\n<meta name=\"twitter:label1\" content=\"Written by\" \/>\n\t<meta name=\"twitter:data1\" content=\"admin\" \/>\n\t<meta name=\"twitter:label2\" content=\"Est. reading time\" \/>\n\t<meta name=\"twitter:data2\" content=\"3 minutes\" \/>\n<script type=\"application\/ld+json\" class=\"yoast-schema-graph\">{\"@context\":\"https:\\\/\\\/schema.org\",\"@graph\":[{\"@type\":\"Article\",\"@id\":\"https:\\\/\\\/akunq.net\\\/tr\\\/?p=27196#article\",\"isPartOf\":{\"@id\":\"https:\\\/\\\/akunq.net\\\/tr\\\/?p=27196\"},\"author\":{\"name\":\"admin\",\"@id\":\"https:\\\/\\\/akunq.net\\\/tr\\\/#\\\/schema\\\/person\\\/096f1d38a12cce57fb855b485ed24c9e\"},\"headline\":\"De\u011fi\u015fmeyen Horg\u00f6rme Anlay\u0131\u015f\u0131\",\"datePublished\":\"2013-12-02T05:29:28+00:00\",\"mainEntityOfPage\":{\"@id\":\"https:\\\/\\\/akunq.net\\\/tr\\\/?p=27196\"},\"wordCount\":656,\"commentCount\":0,\"articleSection\":[\"Haberler\"],\"inLanguage\":\"en-US\",\"potentialAction\":[{\"@type\":\"CommentAction\",\"name\":\"Comment\",\"target\":[\"https:\\\/\\\/akunq.net\\\/tr\\\/?p=27196#respond\"]}]},{\"@type\":\"WebPage\",\"@id\":\"https:\\\/\\\/akunq.net\\\/tr\\\/?p=27196\",\"url\":\"https:\\\/\\\/akunq.net\\\/tr\\\/?p=27196\",\"name\":\"De\u011fi\u015fmeyen Horg\u00f6rme Anlay\u0131\u015f\u0131 - Bati Ermenistan Ve Bati Ermenileri Sorunlari Ara\u015ftirmalar Merkezi\",\"isPartOf\":{\"@id\":\"https:\\\/\\\/akunq.net\\\/tr\\\/#website\"},\"datePublished\":\"2013-12-02T05:29:28+00:00\",\"author\":{\"@id\":\"https:\\\/\\\/akunq.net\\\/tr\\\/#\\\/schema\\\/person\\\/096f1d38a12cce57fb855b485ed24c9e\"},\"breadcrumb\":{\"@id\":\"https:\\\/\\\/akunq.net\\\/tr\\\/?p=27196#breadcrumb\"},\"inLanguage\":\"en-US\",\"potentialAction\":[{\"@type\":\"ReadAction\",\"target\":[\"https:\\\/\\\/akunq.net\\\/tr\\\/?p=27196\"]}]},{\"@type\":\"BreadcrumbList\",\"@id\":\"https:\\\/\\\/akunq.net\\\/tr\\\/?p=27196#breadcrumb\",\"itemListElement\":[{\"@type\":\"ListItem\",\"position\":1,\"name\":\"Home\",\"item\":\"https:\\\/\\\/akunq.net\\\/tr\"},{\"@type\":\"ListItem\",\"position\":2,\"name\":\"De\u011fi\u015fmeyen Horg\u00f6rme Anlay\u0131\u015f\u0131\"}]},{\"@type\":\"WebSite\",\"@id\":\"https:\\\/\\\/akunq.net\\\/tr\\\/#website\",\"url\":\"https:\\\/\\\/akunq.net\\\/tr\\\/\",\"name\":\"Bati Ermenistan Ve Bati Ermenileri Sorunlari Ara\u015ftirmalar Merkezi\",\"description\":\"\",\"potentialAction\":[{\"@type\":\"SearchAction\",\"target\":{\"@type\":\"EntryPoint\",\"urlTemplate\":\"https:\\\/\\\/akunq.net\\\/tr\\\/?s={search_term_string}\"},\"query-input\":{\"@type\":\"PropertyValueSpecification\",\"valueRequired\":true,\"valueName\":\"search_term_string\"}}],\"inLanguage\":\"en-US\"},{\"@type\":\"Person\",\"@id\":\"https:\\\/\\\/akunq.net\\\/tr\\\/#\\\/schema\\\/person\\\/096f1d38a12cce57fb855b485ed24c9e\",\"name\":\"admin\",\"url\":\"https:\\\/\\\/akunq.net\\\/tr\\\/?author=7\"}]}<\/script>\n<!-- \/ Yoast SEO plugin. -->","yoast_head_json":{"title":"De\u011fi\u015fmeyen Horg\u00f6rme Anlay\u0131\u015f\u0131 - Bati Ermenistan Ve Bati Ermenileri Sorunlari Ara\u015ftirmalar Merkezi","robots":{"index":"index","follow":"follow","max-snippet":"max-snippet:-1","max-image-preview":"max-image-preview:large","max-video-preview":"max-video-preview:-1"},"canonical":"https:\/\/akunq.net\/tr\/?p=27196","og_locale":"en_US","og_type":"article","og_title":"De\u011fi\u015fmeyen Horg\u00f6rme Anlay\u0131\u015f\u0131 - Bati Ermenistan Ve Bati Ermenileri Sorunlari Ara\u015ftirmalar Merkezi","og_description":"Sarkis Adam Son y\u0131llarda T\u00fcrkiye&#8217;de temel hak ve \u00f6zg\u00fcrl\u00fcklere do\u011fru at\u0131lan yava\u015f ama olumlu ad\u0131mlar\u0131n i\u015faretleri belirlenmeye\u00a0 ba\u015flarken, bir taraftan y\u0131llardan beri horg\u00f6r\u00fclen ve hatta var oldu\u011fu say\u0131lmayan bu \u00fclkenin vatanda\u015f\u0131 kadim bir halk\u0131n\u00a0 \u00e7o\u00e7uklar\u0131n\u0131\u00a0 Diyarbak\u0131r&#8217;da\u00a0 tarihi bir bulu\u015fma ile s\u0131cak kucakla\u015fma alk\u0131\u015flan\u0131rken, di\u011fer tarafta da y\u0131llardan beri d\u0131\u015flanan, \u00f6teki olarak alg\u0131lanan, her olumsuz geli\u015fmelerde [&hellip;]","og_url":"https:\/\/akunq.net\/tr\/?p=27196","og_site_name":"Bati Ermenistan Ve Bati Ermenileri Sorunlari Ara\u015ftirmalar Merkezi","article_published_time":"2013-12-02T05:29:28+00:00","author":"admin","twitter_card":"summary_large_image","twitter_misc":{"Written by":"admin","Est. reading time":"3 minutes"},"schema":{"@context":"https:\/\/schema.org","@graph":[{"@type":"Article","@id":"https:\/\/akunq.net\/tr\/?p=27196#article","isPartOf":{"@id":"https:\/\/akunq.net\/tr\/?p=27196"},"author":{"name":"admin","@id":"https:\/\/akunq.net\/tr\/#\/schema\/person\/096f1d38a12cce57fb855b485ed24c9e"},"headline":"De\u011fi\u015fmeyen Horg\u00f6rme Anlay\u0131\u015f\u0131","datePublished":"2013-12-02T05:29:28+00:00","mainEntityOfPage":{"@id":"https:\/\/akunq.net\/tr\/?p=27196"},"wordCount":656,"commentCount":0,"articleSection":["Haberler"],"inLanguage":"en-US","potentialAction":[{"@type":"CommentAction","name":"Comment","target":["https:\/\/akunq.net\/tr\/?p=27196#respond"]}]},{"@type":"WebPage","@id":"https:\/\/akunq.net\/tr\/?p=27196","url":"https:\/\/akunq.net\/tr\/?p=27196","name":"De\u011fi\u015fmeyen Horg\u00f6rme Anlay\u0131\u015f\u0131 - Bati Ermenistan Ve Bati Ermenileri Sorunlari Ara\u015ftirmalar Merkezi","isPartOf":{"@id":"https:\/\/akunq.net\/tr\/#website"},"datePublished":"2013-12-02T05:29:28+00:00","author":{"@id":"https:\/\/akunq.net\/tr\/#\/schema\/person\/096f1d38a12cce57fb855b485ed24c9e"},"breadcrumb":{"@id":"https:\/\/akunq.net\/tr\/?p=27196#breadcrumb"},"inLanguage":"en-US","potentialAction":[{"@type":"ReadAction","target":["https:\/\/akunq.net\/tr\/?p=27196"]}]},{"@type":"BreadcrumbList","@id":"https:\/\/akunq.net\/tr\/?p=27196#breadcrumb","itemListElement":[{"@type":"ListItem","position":1,"name":"Home","item":"https:\/\/akunq.net\/tr"},{"@type":"ListItem","position":2,"name":"De\u011fi\u015fmeyen Horg\u00f6rme Anlay\u0131\u015f\u0131"}]},{"@type":"WebSite","@id":"https:\/\/akunq.net\/tr\/#website","url":"https:\/\/akunq.net\/tr\/","name":"Bati Ermenistan Ve Bati Ermenileri Sorunlari Ara\u015ftirmalar Merkezi","description":"","potentialAction":[{"@type":"SearchAction","target":{"@type":"EntryPoint","urlTemplate":"https:\/\/akunq.net\/tr\/?s={search_term_string}"},"query-input":{"@type":"PropertyValueSpecification","valueRequired":true,"valueName":"search_term_string"}}],"inLanguage":"en-US"},{"@type":"Person","@id":"https:\/\/akunq.net\/tr\/#\/schema\/person\/096f1d38a12cce57fb855b485ed24c9e","name":"admin","url":"https:\/\/akunq.net\/tr\/?author=7"}]}},"_links":{"self":[{"href":"https:\/\/akunq.net\/tr\/index.php?rest_route=\/wp\/v2\/posts\/27196","targetHints":{"allow":["GET"]}}],"collection":[{"href":"https:\/\/akunq.net\/tr\/index.php?rest_route=\/wp\/v2\/posts"}],"about":[{"href":"https:\/\/akunq.net\/tr\/index.php?rest_route=\/wp\/v2\/types\/post"}],"author":[{"embeddable":true,"href":"https:\/\/akunq.net\/tr\/index.php?rest_route=\/wp\/v2\/users\/7"}],"replies":[{"embeddable":true,"href":"https:\/\/akunq.net\/tr\/index.php?rest_route=%2Fwp%2Fv2%2Fcomments&post=27196"}],"version-history":[{"count":1,"href":"https:\/\/akunq.net\/tr\/index.php?rest_route=\/wp\/v2\/posts\/27196\/revisions"}],"predecessor-version":[{"id":27197,"href":"https:\/\/akunq.net\/tr\/index.php?rest_route=\/wp\/v2\/posts\/27196\/revisions\/27197"}],"wp:attachment":[{"href":"https:\/\/akunq.net\/tr\/index.php?rest_route=%2Fwp%2Fv2%2Fmedia&parent=27196"}],"wp:term":[{"taxonomy":"category","embeddable":true,"href":"https:\/\/akunq.net\/tr\/index.php?rest_route=%2Fwp%2Fv2%2Fcategories&post=27196"},{"taxonomy":"post_tag","embeddable":true,"href":"https:\/\/akunq.net\/tr\/index.php?rest_route=%2Fwp%2Fv2%2Ftags&post=27196"}],"curies":[{"name":"wp","href":"https:\/\/api.w.org\/{rel}","templated":true}]}}