{"id":27183,"date":"2013-11-30T02:00:19","date_gmt":"2013-11-30T07:00:19","guid":{"rendered":"http:\/\/akunq.net\/tr\/?p=27183"},"modified":"2013-11-30T02:00:19","modified_gmt":"2013-11-30T07:00:19","slug":"yasli-ermeni-kadinlar-nefret-sucu-kurbanlari-mi","status":"publish","type":"post","link":"https:\/\/akunq.net\/tr\/?p=27183","title":{"rendered":"Ya\u015fl\u0131 Ermeni kad\u0131nlar nefret su\u00e7u kurbanlar\u0131 m\u0131?"},"content":{"rendered":"<p style=\"text-align: justify;\"><a href=\"http:\/\/www.al-monitor.com\/pulse\/tr\/contents\/authors\/orhan-kemal-cengiz.html\"><b><a href=\"http:\/\/akunq.net\/tr\/wp-content\/uploads\/2013\/11\/Al-Monitor.jpg\"><img loading=\"lazy\" decoding=\"async\" class=\"alignright size-full wp-image-27184\" alt=\"Al-Monitor\" src=\"http:\/\/akunq.net\/tr\/wp-content\/uploads\/2013\/11\/Al-Monitor.jpg\" width=\"160\" height=\"160\" srcset=\"https:\/\/akunq.net\/tr\/wp-content\/uploads\/sites\/6\/2013\/11\/Al-Monitor.jpg 160w, https:\/\/akunq.net\/tr\/wp-content\/uploads\/sites\/6\/2013\/11\/Al-Monitor-150x150.jpg 150w\" sizes=\"auto, (max-width: 160px) 100vw, 160px\" \/><\/a>Orhan Kemal Cengiz<\/b><\/a><\/p>\n<p style=\"text-align: justify;\"><b><i>2012\u2019in son ve 2013\u2019\u00fcn ilk aylar\u0131nda \u0130stanbul&#8217;da pe\u015f pe\u015fe ya\u015fl\u0131 Ermeni kad\u0131nlar sald\u0131r\u0131ya u\u011framaya ba\u015flad\u0131. Sald\u0131r\u0131larda hedef al\u0131nan kad\u0131nlar yaln\u0131z ya\u015fayan, 80\u2019li ya\u015flar\u0131n \u00fczerindeki Ermenilerdi. \u0130kisi feci \u015fekilde d\u00f6v\u00fcld\u00fc ve g\u00f6rme duyular\u0131n\u0131 kaybettiler. Bir tanesi de korkun\u00e7 \u015fekilde d\u00f6v\u00fcl\u00fcp b\u0131\u00e7akland\u0131ktan sonra \u00f6ld\u00fcr\u00fcld\u00fc.<\/i><\/b><\/p>\n<p style=\"text-align: justify;\">\u0130lk olarak 87 ya\u015f\u0131ndaki <a href=\"https:\/\/www.facebook.com\/SosyalistYenidenKurulusdenizli\/posts\/488843737824311\">Turfanda A\u015f\u0131k<\/a> evinin i\u00e7ine giren bir sald\u0131rgan taraf\u0131ndan feci \u015fekilde d\u00f6v\u00fcld\u00fc. A\u015f\u0131k sald\u0131r\u0131 sonucunda bir g\u00f6z\u00fcn\u00fc kaybetti. Sald\u0131rgan (lar) evinden hi\u00e7 bir \u015fey almadan ayr\u0131ld\u0131lar.<\/p>\n<p style=\"text-align: justify;\">Bir s\u00fcre sonra 84 ya\u015f\u0131ndaki <a href=\"http:\/\/bianet.org\/bianet\/ayrimcilik\/143857-samatyadaki-saldirilarin-baglantilari-arastirilmali\">Maritsa K\u00fc\u00e7\u00fck<\/a> evinde korkun\u00e7 \u015fekilde d\u00f6v\u00fclm\u00fc\u015f ve yedi yerinden b\u0131\u00e7aklan\u0131p \u00f6ld\u00fcr\u00fclm\u00fc\u015f bir \u015fekilde bulundu. Evdeki paraya dokunulmam\u0131\u015f, sadece kurban\u0131n kulaklar\u0131ndaki k\u00fcpeler ve \u00fczerindeki birka\u00e7 tak\u0131 al\u0131nm\u0131\u015ft\u0131.<\/p>\n<p style=\"text-align: justify;\">\u00dc\u00e7\u00fcnc\u00fc kurban 83 ya\u015f\u0131ndaki <a href=\"http:\/\/www.bianet.org\/bianet\/ayrimcilik\/143802-samatyada-bir-ermeni-kadina-daha-saldiri\">Sultan Aykar<\/a>\u2019d\u0131. Aykar evinin kilidini a\u00e7t\u0131\u011f\u0131 s\u0131rada arkas\u0131ndan yakla\u015fan sald\u0131rgan\u0131n darbeleriyle yere d\u00fc\u015ft\u00fc. G\u00fcr\u00fclt\u00fcy\u00fc duyup gelen kom\u015fular\u0131 sayesinde, belki de daha fazla zarar g\u00f6rmekten kurtuldu. Ama o da ald\u0131\u011f\u0131 darbeler sonucu bir g\u00f6z\u00fcn\u00fc kaybetti.<\/p>\n<p style=\"text-align: justify;\">Bu \u00fc\u00e7 sald\u0131r\u0131 da \u0130stanbul&#8217;un toplam 50-60 binlik Ermeni n\u00fcfusunun 8-10 binini bar\u0131nd\u0131ran Samatya semtinde ger\u00e7ekle\u015fti. Kolayca tahmin edilebilece\u011fi \u00fczere, sald\u0131r\u0131lar Ermenileri ter\u00f6rize etti, b\u00fct\u00fcn Ermeni toplumuna \u015fok ve korku dalgalar\u0131 g\u00f6nderdi.<\/p>\n<p style=\"text-align: justify;\">Sald\u0131r\u0131lar\u0131n ya\u015fl\u0131 Ermeni kad\u0131nlar\u0131 hedef ald\u0131\u011f\u0131 ve h\u0131rs\u0131zl\u0131k amac\u0131yla yap\u0131lmad\u0131\u011f\u0131 a\u00e7\u0131k oldu\u011fu halde polis yetkilileri taraf\u0131ndan <a href=\"http:\/\/t24.com.tr\/haber\/samatyadaki-saldirilarda-emniyet-rahat-ermeniler-tedirgin\/222264\">yap\u0131lan ilk a\u00e7\u0131klamalarda<\/a>, sald\u0131r\u0131lar\u0131n h\u0131rs\u0131zl\u0131k ama\u00e7l\u0131 oldu\u011fu ve \u00f6rg\u00fctl\u00fc bir nitelik ta\u015f\u0131mad\u0131\u011f\u0131 ifade edildi.<\/p>\n<p style=\"text-align: justify;\">Polisin bu ilk a\u00e7\u0131klamalar\u0131 Ermeni toplumunun tedirginli\u011fini daha da artt\u0131rd\u0131. Polisin bu lakayt tavr\u0131n\u0131n failleri daha da cesaretlendirece\u011fi kayg\u0131s\u0131 yay\u0131ld\u0131. \u0130nsan haklar\u0131 \u00f6rg\u00fctleri ve nefret su\u00e7lar\u0131na duyarl\u0131 \u00e7evreler \u201cklasik devlet reflekslerinin\u201d i\u015flemeye ba\u015flad\u0131\u011f\u0131n\u0131 ve bir kere daha T\u00fcrkiye&#8217;de Ermenileri hedef alan su\u00e7lar\u0131n g\u00f6z ard\u0131 edilmekte oldu\u011fu kayg\u0131s\u0131na kap\u0131ld\u0131lar. Tart\u0131\u015fmalar\u0131n iyice alevlendi\u011fi bir a\u015famada b\u00fcy\u00fck bir s\u00fcrpriz ya\u015fand\u0131. 4 Mart 2013 g\u00fcn\u00fc polis sald\u0131r\u0131lar\u0131n faili oldu\u011funu belirtti\u011fi 38 ya\u015f\u0131ndaki san\u0131\u011f\u0131 yakalam\u0131\u015ft\u0131. \u00d6ld\u00fcr\u00fclen Maritsa K\u00fc\u00e7\u00fck\u2019\u00fcn evinde bulunan kan \u00f6rne\u011fi ile san\u0131\u011f\u0131n ki birbirini tutuyordu. San\u0131k h\u0131rs\u0131zl\u0131ktan sab\u0131kal\u0131yd\u0131. Bu cinayet ve sald\u0131r\u0131lar\u0131n Ermenileri hedef alan bir nefret su\u00e7u oldu\u011funu d\u00fc\u015f\u00fcnenleri yalanlayan bir \u00f6zelli\u011fi vard\u0131 yakalanan san\u0131\u011f\u0131n. San\u0131k Murat Nazaryan da \u00f6ld\u00fcr\u00fclen ve darp edilen kad\u0131nlar gibi bir Ermeni k\u00f6kenliydi.<\/p>\n<p style=\"text-align: justify;\">San\u0131kla ilgili ortaya \u00e7\u0131kan bu bilgilerden sonra konu kapand\u0131, olaylar basit bir cinayet ve sald\u0131r\u0131lar olarak g\u00f6r\u00fcnmeye ba\u015fland\u0131.<\/p>\n<p style=\"text-align: justify;\">Ancak aradan bir s\u00fcre ge\u00e7ince, yeniden \u015f\u00fcpheler yo\u011funla\u015fmaya ba\u015flad\u0131. Mahkemenin davay\u0131 ele al\u0131\u015f\u0131nda bir tuhafl\u0131k vard\u0131. Genellikle ter\u00f6r ve organize su\u00e7lar\u0131 i\u00e7eren davalarda uygulanan bir usul Nazaryan\u2019\u0131n yarg\u0131land\u0131\u011f\u0131 davada da uygulan\u0131yordu. Savc\u0131l\u0131k soru\u015fturman\u0131n \u201cgizli\u201d y\u00fcr\u00fct\u00fclmesine karar vermi\u015fti. Yani, dava ba\u015flay\u0131ncaya kadar ma\u011fdur yak\u0131nlar\u0131 ve avukatlar dosya hakk\u0131nda hi\u00e7 bir bilgi edinemeyeceklerdi.<\/p>\n<p style=\"text-align: justify;\">Dilerseniz Nazaryan\u2019\u0131n yarg\u0131land\u0131\u011f\u0131 davadaki di\u011fer tuhafl\u0131klar\u0131 ma\u011fdurlar\u0131n avukat\u0131 Eren Keskin ve \u0130nsan Haklar\u0131 Derne\u011fi \u0130stanbul \u015fubesinin 19 Kas\u0131m g\u00fcn\u00fc kamuoyuna yapt\u0131klar\u0131 a\u00e7\u0131klamadan okuyal\u0131m. A\u00e7\u0131klama \u201cMaritsa K\u00fc\u00e7\u00fck nefret su\u00e7una m\u0131 kurban gitti? Ger\u00e7ekler ayd\u0131nlat\u0131ls\u0131n\u201d ba\u015fl\u0131\u011f\u0131n\u0131 ta\u015f\u0131yor. Bas\u0131n a\u00e7\u0131klamas\u0131nda \u00f6zetle \u015fu bilgi ve g\u00f6r\u00fc\u015flere yer veriliyor:<\/p>\n<p style=\"text-align: justify;\">\u201c28 Aral\u0131k 2012\u2019de 87 ya\u015f\u0131ndaki Maritsa K\u00fc\u00e7\u00fck d\u00f6v\u00fclerek ve b\u0131\u00e7aklanarak \u00f6ld\u00fcr\u00fcld\u00fc. Ama\u00e7 sadece \u00f6ld\u00fcrmek olsayd\u0131 o ya\u015fta bir kad\u0131n i\u00e7in anl\u0131k bir darbe, ya da ate\u015fli bir silah yeterliydi.\u00a0 Oysa Maritsa K\u00fc\u00e7\u00fck uzun s\u00fcre hunharca d\u00f6v\u00fcld\u00fc ve v\u00fccudu b\u0131\u00e7akla parampar\u00e7a edildi&#8230;<\/p>\n<p style=\"text-align: justify;\">\u201cMaritsa K\u00fc\u00e7\u00fck\u2019\u00fcn \u00f6ld\u00fcr\u00fcld\u00fc\u011f\u00fc tarihi de kapsayan, 28 Kas\u0131m 2012 ile 26 Ocak tarihleri aras\u0131nda Samatya\u2019da ba\u015fka ya\u015fl\u0131 Ermeni kad\u0131nlara y\u00f6nelik, birbirine \u00e7ok benzer, a\u011f\u0131r \u015fiddet i\u00e7eren sald\u0131r\u0131lar ya\u015fand\u0131&#8230;<\/p>\n<p style=\"text-align: justify;\">\u201cMurat Nazaryan cinayetin zanl\u0131s\u0131 olarak yakaland\u0131\u011f\u0131nda bas\u0131na tek kaynaktan servis edildi\u011fi belli olan haberlerin hepsinde \u00f6nce Nazaryan\u2019\u0131n Ermeni kimli\u011fi vurgulan\u0131yor, \u2018Samatya sald\u0131rgan\u0131\u2019 denilerek, t\u00fcm sald\u0131r\u0131lardan sorumlu oldu\u011fu izlenimi yarat\u0131l\u0131yor ve sald\u0131r\u0131lar\u0131n \u2018gasp\u2019 ama\u00e7l\u0131 oldu\u011fu belirtiliyordu. Oysa Murat Nazaryan \u015fu anda sadece Maritsa K\u00fc\u00e7\u00fck cinayetinden yarg\u0131lan\u0131yor&#8230;<\/p>\n<p style=\"text-align: justify;\">\u201cMa\u011fdurlar\u0131n aileleriyle yapt\u0131\u011f\u0131m\u0131z g\u00f6r\u00fc\u015fmelerde kesin olan bir \u015fey vard\u0131: Sald\u0131r\u0131lar gasp ama\u00e7l\u0131 de\u011fildi. Turfanda A\u015f\u0131k evin i\u00e7ine \u00e7ekilerek dakikalarca d\u00f6v\u00fclm\u00fc\u015f ama evde bir tek \u00e7ekmece a\u00e7\u0131lmam\u0131\u015ft\u0131. Maritsa K\u00fc\u00e7\u00fck\u2019\u00fcn evinde hi\u00e7bir arama yap\u0131lmam\u0131\u015f, ev derli toplu bulunmu\u015f, masan\u0131n \u00fczerinde duran birka\u00e7 k\u00e2\u011f\u0131t paraya dokunulmam\u0131\u015ft\u0131 bile.<\/p>\n<p style=\"text-align: justify;\">\u201cMaritsa K\u00fc\u00e7\u00fck\u2019\u00fcn ailesi ve avukat\u0131 Eren Keskin olay yeri tespit tutana\u011f\u0131na ve yerinde \u00e7ekilen foto\u011fraflara, di\u011fer emniyet kay\u0131tlar\u0131na dava a\u00e7\u0131l\u0131ncaya kadar, yani tam 6 ay\u00a0 ula\u015famad\u0131. \u00c7\u00fcnk\u00fc savc\u0131l\u0131k dosya \u00fczerinde gizlilik karar\u0131 vermi\u015fti. Adli bir cinayet dosyas\u0131 s\u00f6z konusuyken\u00a0 genellikle organize su\u00e7larda, ya da devlet g\u00fcvenli\u011fi s\u00f6z konusu oldu\u011funda ba\u015fvurulan bu uygulamaya neden gerek duyulmu\u015ftu?<\/p>\n<p style=\"text-align: justify;\">\u201cMurat Nazaryan ilk iki duru\u015fmada konu\u015fmad\u0131. Yaln\u0131zca \u2018ben kimseyi \u00f6ld\u00fcrmedim\u2019 demekle yetindi. 4 Kas\u0131m 2013\u2019te g\u00f6r\u00fclen \u00fc\u00e7\u00fcnc\u00fc duru\u015fmada&#8230; ger\u00e7ekler bir ucundan a\u00e7\u0131\u011fa \u00e7\u0131kmaya ba\u015flad\u0131. Maritsa K\u00fc\u00e7\u00fck\u2019\u00fc \u00f6ld\u00fcrenler, \u00fc\u00e7 ki\u015fiydi. Nazaryan\u2019\u0131 tehditle yanlar\u0131na ald\u0131lar. \u00dczerlerinde silah vard\u0131&#8230; \u00c7etelerden bahsetti. Tehdit edildi\u011fini, korktu\u011funu o y\u00fczden \u015fimdiye kadar konu\u015fmad\u0131\u011f\u0131n\u0131 s\u00f6yledi.\u201d<\/p>\n<p style=\"text-align: justify;\">\u0130nsan haklar\u0131 \u00f6rg\u00fctleri ve ma\u011fdur aileleri Nazaryan\u2019\u0131n bu yeni ifadelerinden sonra, ilk g\u00f6r\u00fcn\u00fc\u015fe g\u00f6re \u00e7ok daha \u00f6rg\u00fctl\u00fc bir sald\u0131r\u0131lar dizisiyle kar\u015f\u0131 kar\u015f\u0131ya olunabilece\u011fini d\u00fc\u015f\u00fcn\u00fcyorlar ve soru\u015fturman\u0131n derinle\u015ftirilmesini istiyorlar. Hen\u00fcz Nazaryan\u2019\u0131n verdi\u011fi ifadeler ba\u015fkaca san\u0131klar\u0131n yakalanmas\u0131na yol a\u00e7masa da, tekrar nefret su\u00e7u olas\u0131l\u0131\u011f\u0131n\u0131 g\u00fcndeme getirdi. Nazaryan\u2019\u0131n bu yeni anlat\u0131mlar\u0131 e\u011fer bir hayal mahsul\u00fcn\u00fcn \u00fcr\u00fcn\u00fc de\u011filse, onun sadece bir piyon oldu\u011funu, cinayet ve sald\u0131r\u0131lar\u0131n arkas\u0131nda ba\u015fka bir yap\u0131 oldu\u011funu ortaya koyuyor.<\/p>\n<p style=\"text-align: justify;\">Nazaryan yakaland\u0131ktan \u00e7ok sonra, 17 A\u011fustos tarihinde yine 80 ya\u015f\u0131ndaki bir ba\u015fka Ermeni kad\u0131n\u0131n \u0130stanbul&#8217;da <a href=\"http:\/\/www.agos.com.tr\/haber.php?seo=saldiri-bu-kez-ferikoyde&amp;haberid=5562\">sald\u0131r\u0131ya u\u011framas\u0131<\/a> da, \u0131rk\u00e7\u0131 ve organize bir \u00f6rg\u00fct\u00fcn varl\u0131\u011f\u0131 y\u00f6n\u00fcndeki hipotezi g\u00fc\u00e7lendiriyor. Mark\u0131r\u0131t Camkoso\u011flu da diye ma\u011fdurlar gibi ciddi bir \u015fekilde fiziksel sald\u0131r\u0131ya u\u011frad\u0131, ancak \u015fans eseri b\u00fcy\u00fck bir yara almadan bu sald\u0131r\u0131dan kurtuldu.<\/p>\n<p style=\"text-align: justify;\">Nazaryan\u2019\u0131n ruhsal sa\u011fl\u0131\u011f\u0131 yerinde olmayan, s\u0131radan bir su\u00e7lu mu, yoksa sadece \u0131rk\u00e7\u0131 bir \u00e7etenin kulland\u0131\u011f\u0131 bir piyon mu oldu\u011funa karar vermek i\u00e7in hen\u00fcz erken g\u00f6r\u00fcn\u00fcyor. Ama her hal\u00fckarda Maritsa K\u00fc\u00e7\u00fck cinayeti ve di\u011fer sald\u0131r\u0131lar, organize bir nefret su\u00e7u olas\u0131l\u0131\u011f\u0131n\u0131 da g\u00f6z \u00f6n\u00fcne alarak, yak\u0131ndan takip etmeyi hak ediyorlar. Ermeni soyk\u0131r\u0131m\u0131n\u0131n 100. Y\u0131l\u0131na do\u011fru T\u00fcrkiye\u2019de baz\u0131 \u00e7eteler, baz\u0131 mesajlar m\u0131 vermek istiyorlar? 2007\u2019de Ermeni k\u00f6kenli Hrant Dink\u2019in \u00f6ld\u00fcr\u00fclmesinden sonra, bir daha tan\u0131k olunmayan Ermenileri hedef alan sald\u0131r\u0131 ve cinayetler tekrar ba\u015flam\u0131\u015f m\u0131 bulunuyor? Nazaryan bu cinayette yaln\u0131z de\u011filse e\u011fer, cevap bekleyecek \u00e7ok say\u0131da sorunun yeniden g\u00fcndemimize gelmesi i\u015ften bile g\u00f6r\u00fcnm\u00fcyor.<\/p>\n<p style=\"text-align: justify;\"><b><i>http:\/\/www.al-monitor.com\/pulse\/tr\/contents\/articles\/originals\/2013\/11\/elderly-armenian-women-hate-crimes.html<\/i><\/b><\/p>\n","protected":false},"excerpt":{"rendered":"<p>Orhan Kemal Cengiz 2012\u2019in son ve 2013\u2019\u00fcn ilk aylar\u0131nda \u0130stanbul&#8217;da pe\u015f pe\u015fe ya\u015fl\u0131 Ermeni kad\u0131nlar sald\u0131r\u0131ya u\u011framaya ba\u015flad\u0131. Sald\u0131r\u0131larda hedef al\u0131nan kad\u0131nlar yaln\u0131z ya\u015fayan, 80\u2019li ya\u015flar\u0131n \u00fczerindeki Ermenilerdi. \u0130kisi feci \u015fekilde d\u00f6v\u00fcld\u00fc ve g\u00f6rme duyular\u0131n\u0131 kaybettiler. Bir tanesi de korkun\u00e7 \u015fekilde d\u00f6v\u00fcl\u00fcp b\u0131\u00e7akland\u0131ktan sonra \u00f6ld\u00fcr\u00fcld\u00fc. \u0130lk olarak 87 ya\u015f\u0131ndaki Turfanda A\u015f\u0131k evinin i\u00e7ine giren bir [&hellip;]<\/p>\n","protected":false},"author":7,"featured_media":0,"comment_status":"open","ping_status":"open","sticky":false,"template":"","format":"standard","meta":{"footnotes":""},"categories":[1],"tags":[],"class_list":["post-27183","post","type-post","status-publish","format-standard","hentry","category-haberler"],"yoast_head":"<!-- This site is optimized with the Yoast SEO plugin v27.4 - https:\/\/yoast.com\/product\/yoast-seo-wordpress\/ -->\n<title>Ya\u015fl\u0131 Ermeni kad\u0131nlar nefret su\u00e7u kurbanlar\u0131 m\u0131? - Bati Ermenistan Ve Bati Ermenileri Sorunlari Ara\u015ftirmalar Merkezi<\/title>\n<meta name=\"robots\" content=\"index, follow, max-snippet:-1, max-image-preview:large, max-video-preview:-1\" \/>\n<link rel=\"canonical\" href=\"https:\/\/akunq.net\/tr\/?p=27183\" \/>\n<meta property=\"og:locale\" content=\"en_US\" \/>\n<meta property=\"og:type\" content=\"article\" \/>\n<meta property=\"og:title\" content=\"Ya\u015fl\u0131 Ermeni kad\u0131nlar nefret su\u00e7u kurbanlar\u0131 m\u0131? - Bati Ermenistan Ve Bati Ermenileri Sorunlari Ara\u015ftirmalar Merkezi\" \/>\n<meta property=\"og:description\" content=\"Orhan Kemal Cengiz 2012\u2019in son ve 2013\u2019\u00fcn ilk aylar\u0131nda \u0130stanbul&#8217;da pe\u015f pe\u015fe ya\u015fl\u0131 Ermeni kad\u0131nlar sald\u0131r\u0131ya u\u011framaya ba\u015flad\u0131. Sald\u0131r\u0131larda hedef al\u0131nan kad\u0131nlar yaln\u0131z ya\u015fayan, 80\u2019li ya\u015flar\u0131n \u00fczerindeki Ermenilerdi. \u0130kisi feci \u015fekilde d\u00f6v\u00fcld\u00fc ve g\u00f6rme duyular\u0131n\u0131 kaybettiler. Bir tanesi de korkun\u00e7 \u015fekilde d\u00f6v\u00fcl\u00fcp b\u0131\u00e7akland\u0131ktan sonra \u00f6ld\u00fcr\u00fcld\u00fc. \u0130lk olarak 87 ya\u015f\u0131ndaki Turfanda A\u015f\u0131k evinin i\u00e7ine giren bir [&hellip;]\" \/>\n<meta property=\"og:url\" content=\"https:\/\/akunq.net\/tr\/?p=27183\" \/>\n<meta property=\"og:site_name\" content=\"Bati Ermenistan Ve Bati Ermenileri Sorunlari Ara\u015ftirmalar Merkezi\" \/>\n<meta property=\"article:published_time\" content=\"2013-11-30T07:00:19+00:00\" \/>\n<meta property=\"og:image\" content=\"http:\/\/akunq.net\/tr\/wp-content\/uploads\/2013\/11\/Al-Monitor.jpg\" \/>\n<meta name=\"author\" content=\"admin\" \/>\n<meta name=\"twitter:card\" content=\"summary_large_image\" \/>\n<meta name=\"twitter:label1\" content=\"Written by\" \/>\n\t<meta name=\"twitter:data1\" content=\"admin\" \/>\n\t<meta name=\"twitter:label2\" content=\"Est. reading time\" \/>\n\t<meta name=\"twitter:data2\" content=\"7 minutes\" \/>\n<script type=\"application\/ld+json\" class=\"yoast-schema-graph\">{\"@context\":\"https:\\\/\\\/schema.org\",\"@graph\":[{\"@type\":\"Article\",\"@id\":\"https:\\\/\\\/akunq.net\\\/tr\\\/?p=27183#article\",\"isPartOf\":{\"@id\":\"https:\\\/\\\/akunq.net\\\/tr\\\/?p=27183\"},\"author\":{\"name\":\"admin\",\"@id\":\"https:\\\/\\\/akunq.net\\\/tr\\\/#\\\/schema\\\/person\\\/096f1d38a12cce57fb855b485ed24c9e\"},\"headline\":\"Ya\u015fl\u0131 Ermeni kad\u0131nlar nefret su\u00e7u kurbanlar\u0131 m\u0131?\",\"datePublished\":\"2013-11-30T07:00:19+00:00\",\"mainEntityOfPage\":{\"@id\":\"https:\\\/\\\/akunq.net\\\/tr\\\/?p=27183\"},\"wordCount\":1384,\"commentCount\":0,\"image\":{\"@id\":\"https:\\\/\\\/akunq.net\\\/tr\\\/?p=27183#primaryimage\"},\"thumbnailUrl\":\"http:\\\/\\\/akunq.net\\\/tr\\\/wp-content\\\/uploads\\\/2013\\\/11\\\/Al-Monitor.jpg\",\"articleSection\":[\"Haberler\"],\"inLanguage\":\"en-US\",\"potentialAction\":[{\"@type\":\"CommentAction\",\"name\":\"Comment\",\"target\":[\"https:\\\/\\\/akunq.net\\\/tr\\\/?p=27183#respond\"]}]},{\"@type\":\"WebPage\",\"@id\":\"https:\\\/\\\/akunq.net\\\/tr\\\/?p=27183\",\"url\":\"https:\\\/\\\/akunq.net\\\/tr\\\/?p=27183\",\"name\":\"Ya\u015fl\u0131 Ermeni kad\u0131nlar nefret su\u00e7u kurbanlar\u0131 m\u0131? - Bati Ermenistan Ve Bati Ermenileri Sorunlari Ara\u015ftirmalar Merkezi\",\"isPartOf\":{\"@id\":\"https:\\\/\\\/akunq.net\\\/tr\\\/#website\"},\"primaryImageOfPage\":{\"@id\":\"https:\\\/\\\/akunq.net\\\/tr\\\/?p=27183#primaryimage\"},\"image\":{\"@id\":\"https:\\\/\\\/akunq.net\\\/tr\\\/?p=27183#primaryimage\"},\"thumbnailUrl\":\"http:\\\/\\\/akunq.net\\\/tr\\\/wp-content\\\/uploads\\\/2013\\\/11\\\/Al-Monitor.jpg\",\"datePublished\":\"2013-11-30T07:00:19+00:00\",\"author\":{\"@id\":\"https:\\\/\\\/akunq.net\\\/tr\\\/#\\\/schema\\\/person\\\/096f1d38a12cce57fb855b485ed24c9e\"},\"breadcrumb\":{\"@id\":\"https:\\\/\\\/akunq.net\\\/tr\\\/?p=27183#breadcrumb\"},\"inLanguage\":\"en-US\",\"potentialAction\":[{\"@type\":\"ReadAction\",\"target\":[\"https:\\\/\\\/akunq.net\\\/tr\\\/?p=27183\"]}]},{\"@type\":\"ImageObject\",\"inLanguage\":\"en-US\",\"@id\":\"https:\\\/\\\/akunq.net\\\/tr\\\/?p=27183#primaryimage\",\"url\":\"http:\\\/\\\/akunq.net\\\/tr\\\/wp-content\\\/uploads\\\/2013\\\/11\\\/Al-Monitor.jpg\",\"contentUrl\":\"http:\\\/\\\/akunq.net\\\/tr\\\/wp-content\\\/uploads\\\/2013\\\/11\\\/Al-Monitor.jpg\"},{\"@type\":\"BreadcrumbList\",\"@id\":\"https:\\\/\\\/akunq.net\\\/tr\\\/?p=27183#breadcrumb\",\"itemListElement\":[{\"@type\":\"ListItem\",\"position\":1,\"name\":\"Home\",\"item\":\"https:\\\/\\\/akunq.net\\\/tr\"},{\"@type\":\"ListItem\",\"position\":2,\"name\":\"Ya\u015fl\u0131 Ermeni kad\u0131nlar nefret su\u00e7u kurbanlar\u0131 m\u0131?\"}]},{\"@type\":\"WebSite\",\"@id\":\"https:\\\/\\\/akunq.net\\\/tr\\\/#website\",\"url\":\"https:\\\/\\\/akunq.net\\\/tr\\\/\",\"name\":\"Bati Ermenistan Ve Bati Ermenileri Sorunlari Ara\u015ftirmalar Merkezi\",\"description\":\"\",\"potentialAction\":[{\"@type\":\"SearchAction\",\"target\":{\"@type\":\"EntryPoint\",\"urlTemplate\":\"https:\\\/\\\/akunq.net\\\/tr\\\/?s={search_term_string}\"},\"query-input\":{\"@type\":\"PropertyValueSpecification\",\"valueRequired\":true,\"valueName\":\"search_term_string\"}}],\"inLanguage\":\"en-US\"},{\"@type\":\"Person\",\"@id\":\"https:\\\/\\\/akunq.net\\\/tr\\\/#\\\/schema\\\/person\\\/096f1d38a12cce57fb855b485ed24c9e\",\"name\":\"admin\",\"url\":\"https:\\\/\\\/akunq.net\\\/tr\\\/?author=7\"}]}<\/script>\n<!-- \/ Yoast SEO plugin. -->","yoast_head_json":{"title":"Ya\u015fl\u0131 Ermeni kad\u0131nlar nefret su\u00e7u kurbanlar\u0131 m\u0131? - Bati Ermenistan Ve Bati Ermenileri Sorunlari Ara\u015ftirmalar Merkezi","robots":{"index":"index","follow":"follow","max-snippet":"max-snippet:-1","max-image-preview":"max-image-preview:large","max-video-preview":"max-video-preview:-1"},"canonical":"https:\/\/akunq.net\/tr\/?p=27183","og_locale":"en_US","og_type":"article","og_title":"Ya\u015fl\u0131 Ermeni kad\u0131nlar nefret su\u00e7u kurbanlar\u0131 m\u0131? - Bati Ermenistan Ve Bati Ermenileri Sorunlari Ara\u015ftirmalar Merkezi","og_description":"Orhan Kemal Cengiz 2012\u2019in son ve 2013\u2019\u00fcn ilk aylar\u0131nda \u0130stanbul&#8217;da pe\u015f pe\u015fe ya\u015fl\u0131 Ermeni kad\u0131nlar sald\u0131r\u0131ya u\u011framaya ba\u015flad\u0131. Sald\u0131r\u0131larda hedef al\u0131nan kad\u0131nlar yaln\u0131z ya\u015fayan, 80\u2019li ya\u015flar\u0131n \u00fczerindeki Ermenilerdi. \u0130kisi feci \u015fekilde d\u00f6v\u00fcld\u00fc ve g\u00f6rme duyular\u0131n\u0131 kaybettiler. Bir tanesi de korkun\u00e7 \u015fekilde d\u00f6v\u00fcl\u00fcp b\u0131\u00e7akland\u0131ktan sonra \u00f6ld\u00fcr\u00fcld\u00fc. \u0130lk olarak 87 ya\u015f\u0131ndaki Turfanda A\u015f\u0131k evinin i\u00e7ine giren bir [&hellip;]","og_url":"https:\/\/akunq.net\/tr\/?p=27183","og_site_name":"Bati Ermenistan Ve Bati Ermenileri Sorunlari Ara\u015ftirmalar Merkezi","article_published_time":"2013-11-30T07:00:19+00:00","og_image":[{"url":"http:\/\/akunq.net\/tr\/wp-content\/uploads\/2013\/11\/Al-Monitor.jpg","type":"","width":"","height":""}],"author":"admin","twitter_card":"summary_large_image","twitter_misc":{"Written by":"admin","Est. reading time":"7 minutes"},"schema":{"@context":"https:\/\/schema.org","@graph":[{"@type":"Article","@id":"https:\/\/akunq.net\/tr\/?p=27183#article","isPartOf":{"@id":"https:\/\/akunq.net\/tr\/?p=27183"},"author":{"name":"admin","@id":"https:\/\/akunq.net\/tr\/#\/schema\/person\/096f1d38a12cce57fb855b485ed24c9e"},"headline":"Ya\u015fl\u0131 Ermeni kad\u0131nlar nefret su\u00e7u kurbanlar\u0131 m\u0131?","datePublished":"2013-11-30T07:00:19+00:00","mainEntityOfPage":{"@id":"https:\/\/akunq.net\/tr\/?p=27183"},"wordCount":1384,"commentCount":0,"image":{"@id":"https:\/\/akunq.net\/tr\/?p=27183#primaryimage"},"thumbnailUrl":"http:\/\/akunq.net\/tr\/wp-content\/uploads\/2013\/11\/Al-Monitor.jpg","articleSection":["Haberler"],"inLanguage":"en-US","potentialAction":[{"@type":"CommentAction","name":"Comment","target":["https:\/\/akunq.net\/tr\/?p=27183#respond"]}]},{"@type":"WebPage","@id":"https:\/\/akunq.net\/tr\/?p=27183","url":"https:\/\/akunq.net\/tr\/?p=27183","name":"Ya\u015fl\u0131 Ermeni kad\u0131nlar nefret su\u00e7u kurbanlar\u0131 m\u0131? - Bati Ermenistan Ve Bati Ermenileri Sorunlari Ara\u015ftirmalar Merkezi","isPartOf":{"@id":"https:\/\/akunq.net\/tr\/#website"},"primaryImageOfPage":{"@id":"https:\/\/akunq.net\/tr\/?p=27183#primaryimage"},"image":{"@id":"https:\/\/akunq.net\/tr\/?p=27183#primaryimage"},"thumbnailUrl":"http:\/\/akunq.net\/tr\/wp-content\/uploads\/2013\/11\/Al-Monitor.jpg","datePublished":"2013-11-30T07:00:19+00:00","author":{"@id":"https:\/\/akunq.net\/tr\/#\/schema\/person\/096f1d38a12cce57fb855b485ed24c9e"},"breadcrumb":{"@id":"https:\/\/akunq.net\/tr\/?p=27183#breadcrumb"},"inLanguage":"en-US","potentialAction":[{"@type":"ReadAction","target":["https:\/\/akunq.net\/tr\/?p=27183"]}]},{"@type":"ImageObject","inLanguage":"en-US","@id":"https:\/\/akunq.net\/tr\/?p=27183#primaryimage","url":"http:\/\/akunq.net\/tr\/wp-content\/uploads\/2013\/11\/Al-Monitor.jpg","contentUrl":"http:\/\/akunq.net\/tr\/wp-content\/uploads\/2013\/11\/Al-Monitor.jpg"},{"@type":"BreadcrumbList","@id":"https:\/\/akunq.net\/tr\/?p=27183#breadcrumb","itemListElement":[{"@type":"ListItem","position":1,"name":"Home","item":"https:\/\/akunq.net\/tr"},{"@type":"ListItem","position":2,"name":"Ya\u015fl\u0131 Ermeni kad\u0131nlar nefret su\u00e7u kurbanlar\u0131 m\u0131?"}]},{"@type":"WebSite","@id":"https:\/\/akunq.net\/tr\/#website","url":"https:\/\/akunq.net\/tr\/","name":"Bati Ermenistan Ve Bati Ermenileri Sorunlari Ara\u015ftirmalar Merkezi","description":"","potentialAction":[{"@type":"SearchAction","target":{"@type":"EntryPoint","urlTemplate":"https:\/\/akunq.net\/tr\/?s={search_term_string}"},"query-input":{"@type":"PropertyValueSpecification","valueRequired":true,"valueName":"search_term_string"}}],"inLanguage":"en-US"},{"@type":"Person","@id":"https:\/\/akunq.net\/tr\/#\/schema\/person\/096f1d38a12cce57fb855b485ed24c9e","name":"admin","url":"https:\/\/akunq.net\/tr\/?author=7"}]}},"_links":{"self":[{"href":"https:\/\/akunq.net\/tr\/index.php?rest_route=\/wp\/v2\/posts\/27183","targetHints":{"allow":["GET"]}}],"collection":[{"href":"https:\/\/akunq.net\/tr\/index.php?rest_route=\/wp\/v2\/posts"}],"about":[{"href":"https:\/\/akunq.net\/tr\/index.php?rest_route=\/wp\/v2\/types\/post"}],"author":[{"embeddable":true,"href":"https:\/\/akunq.net\/tr\/index.php?rest_route=\/wp\/v2\/users\/7"}],"replies":[{"embeddable":true,"href":"https:\/\/akunq.net\/tr\/index.php?rest_route=%2Fwp%2Fv2%2Fcomments&post=27183"}],"version-history":[{"count":1,"href":"https:\/\/akunq.net\/tr\/index.php?rest_route=\/wp\/v2\/posts\/27183\/revisions"}],"predecessor-version":[{"id":27185,"href":"https:\/\/akunq.net\/tr\/index.php?rest_route=\/wp\/v2\/posts\/27183\/revisions\/27185"}],"wp:attachment":[{"href":"https:\/\/akunq.net\/tr\/index.php?rest_route=%2Fwp%2Fv2%2Fmedia&parent=27183"}],"wp:term":[{"taxonomy":"category","embeddable":true,"href":"https:\/\/akunq.net\/tr\/index.php?rest_route=%2Fwp%2Fv2%2Fcategories&post=27183"},{"taxonomy":"post_tag","embeddable":true,"href":"https:\/\/akunq.net\/tr\/index.php?rest_route=%2Fwp%2Fv2%2Ftags&post=27183"}],"curies":[{"name":"wp","href":"https:\/\/api.w.org\/{rel}","templated":true}]}}