{"id":27174,"date":"2013-11-29T03:23:28","date_gmt":"2013-11-29T08:23:28","guid":{"rendered":"http:\/\/akunq.net\/tr\/?p=27174"},"modified":"2013-11-29T03:23:51","modified_gmt":"2013-11-29T08:23:51","slug":"iste-cemaatin-ak-partideki-milletvekili-sayisi","status":"publish","type":"post","link":"https:\/\/akunq.net\/tr\/?p=27174","title":{"rendered":"\u0130\u015fte Cemaatin AK Parti&#8217;deki milletvekili say\u0131s\u0131"},"content":{"rendered":"<p style=\"text-align: justify;\"><b><i><a href=\"http:\/\/akunq.net\/tr\/wp-content\/uploads\/2013\/11\/Cemaatin-AK-Partideki-milletvekili-say\u0131s\u0131.jpg\"><img loading=\"lazy\" decoding=\"async\" class=\"alignright size-medium wp-image-27175\" alt=\"Cemaatin AK Parti'deki milletvekili say\u0131s\u0131\" src=\"http:\/\/akunq.net\/tr\/wp-content\/uploads\/2013\/11\/Cemaatin-AK-Partideki-milletvekili-say\u0131s\u0131-300x161.jpg\" width=\"300\" height=\"161\" srcset=\"https:\/\/akunq.net\/tr\/wp-content\/uploads\/sites\/6\/2013\/11\/Cemaatin-AK-Partideki-milletvekili-say\u0131s\u0131-300x161.jpg 300w, https:\/\/akunq.net\/tr\/wp-content\/uploads\/sites\/6\/2013\/11\/Cemaatin-AK-Partideki-milletvekili-say\u0131s\u0131-600x323.jpg 600w, https:\/\/akunq.net\/tr\/wp-content\/uploads\/sites\/6\/2013\/11\/Cemaatin-AK-Partideki-milletvekili-say\u0131s\u0131.jpg 630w\" sizes=\"auto, (max-width: 300px) 100vw, 300px\" \/><\/a>Cemaat ile AK Parti aras\u0131ndaki gayri resmi ortakl\u0131k bitti. \u015eimdi herkes AKP&#8217;de ka\u00e7 Cemaat vekili var sorusunun pe\u015finde. \u0130\u015fte rakam. <\/i><\/b><\/p>\n<p style=\"text-align: justify;\">AK Parti ile Cemaat aras\u0131ndaki dershane sava\u015f\u0131 h\u00fck\u00fcmetteki gayri resmi ortakl\u0131\u011f\u0131n biti\u015finin de ilan\u0131 oldu.<\/p>\n<p style=\"text-align: justify;\">Habert\u00fcrk Gazetesi Genel Yay\u0131n Y\u00f6netmeni ortadaki tabloyu<b> &#8216;koalisyon bitti&#8217;<\/b> s\u00f6zleri ile tan\u0131ml\u0131yor. Altayl\u0131&#8217;n\u0131n en \u00e7ok merak etti\u011fi ise AK Parti i\u00e7inde ka\u00e7 tane Cemaat milletvekili oldu\u011fu? Bu sorusunun yan\u0131t\u0131 AK Partili bir vekilden alm\u0131\u015f.<\/p>\n<p style=\"text-align: justify;\"><b>AKP&#8217;DE CEMAAT\u00c7\u0130 VEK\u0130L SAYISI<\/b><\/p>\n<p style=\"text-align: justify;\">Fatih Altayl\u0131&#8217;n\u0131n \u00f6\u011frendi\u011fine g\u00f6re AK Parti i\u00e7inde Fethullah G\u00fclen Cemaatinden 12 milletvekili bulunuyor.<\/p>\n<p style=\"text-align: justify;\">Peki bu milletvekilleri kavgan\u0131n ya\u015fand\u0131\u011f\u0131 \u015fu g\u00fcnlerde AK Parti&#8217;den istifa eder mi? Altayl\u0131&#8217;n\u0131n konu\u015ftu\u011fu AK Partili \u015f\u00f6yle diyor;<\/p>\n<p style=\"text-align: justify;\">-&#8220;Niye istifa etsinler can\u0131m? Bu arkada\u015flar i\u00e7inde Cemaat&#8217;e ve Fethullah G\u00fclen Hocaefendi&#8217;ye en yak\u0131n olduklar\u0131n\u0131 bildi\u011fimiz ki\u015filer, t\u00fcm bu tart\u0131\u015fmalar esnas\u0131nda tek bir olumsuz kelime etmediler. Hatta hi\u00e7bir \u015fey s\u00f6ylemediler&#8221;.<\/p>\n<p style=\"text-align: justify;\"><b>CEMAAT \u015e\u0130MD\u0130YE KADAR HANG\u0130 PART\u0130LER\u0130 DESTEKLED\u0130?<br \/>\n<\/b><br \/>\nAK Parti ile yollar\u0131n\u0131 ay\u0131ran Cemaat \u015fimdi hangi partiye arka \u00e7\u0131kar sorusu da son g\u00fcnlerin en merak edilen konusu. Fatih Altayl\u0131, Cemaatin bug\u00fcne kadar destek verdi\u011fi partileri s\u0131ralad\u0131.<\/p>\n<p style=\"text-align: justify;\">&#8220;12 Eyl\u00fcl sonras\u0131 Cemaat, ANAP&#8217;tan yanayd\u0131.<br \/>\nSonra DYP&#8217;ye meyletti, ama ANAP&#8217;\u0131 tam olarak terk etmedi.<br \/>\nBir d\u00f6nem Ecevit&#8217;in DSP&#8217;sini de destekledi, ama Ecevit de Cemaat&#8217;e hi\u00e7 ters d\u00fc\u015fmedi.<\/p>\n<p style=\"text-align: justify;\"><b>CEMAAT\u0130N ASLI YAKINLA\u015eMADI\u011eI PART\u0130<\/b><\/p>\n<p style=\"text-align: justify;\">G\u00fclen Cemaati&#8217;nin asla yak\u0131nla\u015fmad\u0131\u011f\u0131 tek &#8220;sa\u011f siyasi ak\u0131m&#8221;, Erbakan&#8217;m liderli\u011finde temsil edilenler oldu. Hi\u00e7bir vakit ne Milli Selamet, ne Refah, ne Fazilet, ne de Saadet Partisi \u00e7at\u0131s\u0131 alt\u0131nda yer ald\u0131lar.<br \/>\nTam aksine, genelde hasmane bir tutum i\u00e7indeydiler.<\/p>\n<p style=\"text-align: justify;\"><b><i>http:\/\/www.insanhaber.com\/guncel\/iste-cemaatin-ak-partideki-milletvekili-sayisi-h25836.html<\/i><\/b><\/p>\n","protected":false},"excerpt":{"rendered":"<p>Cemaat ile AK Parti aras\u0131ndaki gayri resmi ortakl\u0131k bitti. \u015eimdi herkes AKP&#8217;de ka\u00e7 Cemaat vekili var sorusunun pe\u015finde. \u0130\u015fte rakam. AK Parti ile Cemaat aras\u0131ndaki dershane sava\u015f\u0131 h\u00fck\u00fcmetteki gayri resmi ortakl\u0131\u011f\u0131n biti\u015finin de ilan\u0131 oldu. Habert\u00fcrk Gazetesi Genel Yay\u0131n Y\u00f6netmeni ortadaki tabloyu &#8216;koalisyon bitti&#8217; s\u00f6zleri ile tan\u0131ml\u0131yor. Altayl\u0131&#8217;n\u0131n en \u00e7ok merak etti\u011fi ise AK Parti [&hellip;]<\/p>\n","protected":false},"author":7,"featured_media":0,"comment_status":"open","ping_status":"open","sticky":false,"template":"","format":"standard","meta":{"footnotes":""},"categories":[1],"tags":[],"class_list":["post-27174","post","type-post","status-publish","format-standard","hentry","category-haberler"],"yoast_head":"<!-- This site is optimized with the Yoast SEO plugin v27.4 - https:\/\/yoast.com\/product\/yoast-seo-wordpress\/ -->\n<title>\u0130\u015fte Cemaatin AK Parti&#039;deki milletvekili say\u0131s\u0131 - Bati Ermenistan Ve Bati Ermenileri Sorunlari Ara\u015ftirmalar Merkezi<\/title>\n<meta name=\"robots\" content=\"index, follow, max-snippet:-1, max-image-preview:large, max-video-preview:-1\" \/>\n<link rel=\"canonical\" href=\"https:\/\/akunq.net\/tr\/?p=27174\" \/>\n<meta property=\"og:locale\" content=\"en_US\" \/>\n<meta property=\"og:type\" content=\"article\" \/>\n<meta property=\"og:title\" content=\"\u0130\u015fte Cemaatin AK Parti&#039;deki milletvekili say\u0131s\u0131 - Bati Ermenistan Ve Bati Ermenileri Sorunlari Ara\u015ftirmalar Merkezi\" \/>\n<meta property=\"og:description\" content=\"Cemaat ile AK Parti aras\u0131ndaki gayri resmi ortakl\u0131k bitti. \u015eimdi herkes AKP&#8217;de ka\u00e7 Cemaat vekili var sorusunun pe\u015finde. \u0130\u015fte rakam. AK Parti ile Cemaat aras\u0131ndaki dershane sava\u015f\u0131 h\u00fck\u00fcmetteki gayri resmi ortakl\u0131\u011f\u0131n biti\u015finin de ilan\u0131 oldu. Habert\u00fcrk Gazetesi Genel Yay\u0131n Y\u00f6netmeni ortadaki tabloyu &#8216;koalisyon bitti&#8217; s\u00f6zleri ile tan\u0131ml\u0131yor. Altayl\u0131&#8217;n\u0131n en \u00e7ok merak etti\u011fi ise AK Parti [&hellip;]\" \/>\n<meta property=\"og:url\" content=\"https:\/\/akunq.net\/tr\/?p=27174\" \/>\n<meta property=\"og:site_name\" content=\"Bati Ermenistan Ve Bati Ermenileri Sorunlari Ara\u015ftirmalar Merkezi\" \/>\n<meta property=\"article:published_time\" content=\"2013-11-29T08:23:28+00:00\" \/>\n<meta property=\"article:modified_time\" content=\"2013-11-29T08:23:51+00:00\" \/>\n<meta name=\"author\" content=\"admin\" \/>\n<meta name=\"twitter:card\" content=\"summary_large_image\" \/>\n<meta name=\"twitter:label1\" content=\"Written by\" \/>\n\t<meta name=\"twitter:data1\" content=\"admin\" \/>\n\t<meta name=\"twitter:label2\" content=\"Est. reading time\" \/>\n\t<meta name=\"twitter:data2\" content=\"2 minutes\" \/>\n<script type=\"application\/ld+json\" class=\"yoast-schema-graph\">{\"@context\":\"https:\\\/\\\/schema.org\",\"@graph\":[{\"@type\":\"Article\",\"@id\":\"https:\\\/\\\/akunq.net\\\/tr\\\/?p=27174#article\",\"isPartOf\":{\"@id\":\"https:\\\/\\\/akunq.net\\\/tr\\\/?p=27174\"},\"author\":{\"name\":\"admin\",\"@id\":\"https:\\\/\\\/akunq.net\\\/tr\\\/#\\\/schema\\\/person\\\/096f1d38a12cce57fb855b485ed24c9e\"},\"headline\":\"\u0130\u015fte Cemaatin AK Parti&#8217;deki milletvekili say\u0131s\u0131\",\"datePublished\":\"2013-11-29T08:23:28+00:00\",\"dateModified\":\"2013-11-29T08:23:51+00:00\",\"mainEntityOfPage\":{\"@id\":\"https:\\\/\\\/akunq.net\\\/tr\\\/?p=27174\"},\"wordCount\":321,\"commentCount\":0,\"articleSection\":[\"Haberler\"],\"inLanguage\":\"en-US\",\"potentialAction\":[{\"@type\":\"CommentAction\",\"name\":\"Comment\",\"target\":[\"https:\\\/\\\/akunq.net\\\/tr\\\/?p=27174#respond\"]}]},{\"@type\":\"WebPage\",\"@id\":\"https:\\\/\\\/akunq.net\\\/tr\\\/?p=27174\",\"url\":\"https:\\\/\\\/akunq.net\\\/tr\\\/?p=27174\",\"name\":\"\u0130\u015fte Cemaatin AK Parti'deki milletvekili say\u0131s\u0131 - Bati Ermenistan Ve Bati Ermenileri Sorunlari Ara\u015ftirmalar Merkezi\",\"isPartOf\":{\"@id\":\"https:\\\/\\\/akunq.net\\\/tr\\\/#website\"},\"datePublished\":\"2013-11-29T08:23:28+00:00\",\"dateModified\":\"2013-11-29T08:23:51+00:00\",\"author\":{\"@id\":\"https:\\\/\\\/akunq.net\\\/tr\\\/#\\\/schema\\\/person\\\/096f1d38a12cce57fb855b485ed24c9e\"},\"breadcrumb\":{\"@id\":\"https:\\\/\\\/akunq.net\\\/tr\\\/?p=27174#breadcrumb\"},\"inLanguage\":\"en-US\",\"potentialAction\":[{\"@type\":\"ReadAction\",\"target\":[\"https:\\\/\\\/akunq.net\\\/tr\\\/?p=27174\"]}]},{\"@type\":\"BreadcrumbList\",\"@id\":\"https:\\\/\\\/akunq.net\\\/tr\\\/?p=27174#breadcrumb\",\"itemListElement\":[{\"@type\":\"ListItem\",\"position\":1,\"name\":\"Home\",\"item\":\"https:\\\/\\\/akunq.net\\\/tr\"},{\"@type\":\"ListItem\",\"position\":2,\"name\":\"\u0130\u015fte Cemaatin AK Parti&#8217;deki milletvekili say\u0131s\u0131\"}]},{\"@type\":\"WebSite\",\"@id\":\"https:\\\/\\\/akunq.net\\\/tr\\\/#website\",\"url\":\"https:\\\/\\\/akunq.net\\\/tr\\\/\",\"name\":\"Bati Ermenistan Ve Bati Ermenileri Sorunlari Ara\u015ftirmalar Merkezi\",\"description\":\"\",\"potentialAction\":[{\"@type\":\"SearchAction\",\"target\":{\"@type\":\"EntryPoint\",\"urlTemplate\":\"https:\\\/\\\/akunq.net\\\/tr\\\/?s={search_term_string}\"},\"query-input\":{\"@type\":\"PropertyValueSpecification\",\"valueRequired\":true,\"valueName\":\"search_term_string\"}}],\"inLanguage\":\"en-US\"},{\"@type\":\"Person\",\"@id\":\"https:\\\/\\\/akunq.net\\\/tr\\\/#\\\/schema\\\/person\\\/096f1d38a12cce57fb855b485ed24c9e\",\"name\":\"admin\",\"url\":\"https:\\\/\\\/akunq.net\\\/tr\\\/?author=7\"}]}<\/script>\n<!-- \/ Yoast SEO plugin. -->","yoast_head_json":{"title":"\u0130\u015fte Cemaatin AK Parti'deki milletvekili say\u0131s\u0131 - Bati Ermenistan Ve Bati Ermenileri Sorunlari Ara\u015ftirmalar Merkezi","robots":{"index":"index","follow":"follow","max-snippet":"max-snippet:-1","max-image-preview":"max-image-preview:large","max-video-preview":"max-video-preview:-1"},"canonical":"https:\/\/akunq.net\/tr\/?p=27174","og_locale":"en_US","og_type":"article","og_title":"\u0130\u015fte Cemaatin AK Parti'deki milletvekili say\u0131s\u0131 - Bati Ermenistan Ve Bati Ermenileri Sorunlari Ara\u015ftirmalar Merkezi","og_description":"Cemaat ile AK Parti aras\u0131ndaki gayri resmi ortakl\u0131k bitti. \u015eimdi herkes AKP&#8217;de ka\u00e7 Cemaat vekili var sorusunun pe\u015finde. \u0130\u015fte rakam. AK Parti ile Cemaat aras\u0131ndaki dershane sava\u015f\u0131 h\u00fck\u00fcmetteki gayri resmi ortakl\u0131\u011f\u0131n biti\u015finin de ilan\u0131 oldu. Habert\u00fcrk Gazetesi Genel Yay\u0131n Y\u00f6netmeni ortadaki tabloyu &#8216;koalisyon bitti&#8217; s\u00f6zleri ile tan\u0131ml\u0131yor. Altayl\u0131&#8217;n\u0131n en \u00e7ok merak etti\u011fi ise AK Parti [&hellip;]","og_url":"https:\/\/akunq.net\/tr\/?p=27174","og_site_name":"Bati Ermenistan Ve Bati Ermenileri Sorunlari Ara\u015ftirmalar Merkezi","article_published_time":"2013-11-29T08:23:28+00:00","article_modified_time":"2013-11-29T08:23:51+00:00","author":"admin","twitter_card":"summary_large_image","twitter_misc":{"Written by":"admin","Est. reading time":"2 minutes"},"schema":{"@context":"https:\/\/schema.org","@graph":[{"@type":"Article","@id":"https:\/\/akunq.net\/tr\/?p=27174#article","isPartOf":{"@id":"https:\/\/akunq.net\/tr\/?p=27174"},"author":{"name":"admin","@id":"https:\/\/akunq.net\/tr\/#\/schema\/person\/096f1d38a12cce57fb855b485ed24c9e"},"headline":"\u0130\u015fte Cemaatin AK Parti&#8217;deki milletvekili say\u0131s\u0131","datePublished":"2013-11-29T08:23:28+00:00","dateModified":"2013-11-29T08:23:51+00:00","mainEntityOfPage":{"@id":"https:\/\/akunq.net\/tr\/?p=27174"},"wordCount":321,"commentCount":0,"articleSection":["Haberler"],"inLanguage":"en-US","potentialAction":[{"@type":"CommentAction","name":"Comment","target":["https:\/\/akunq.net\/tr\/?p=27174#respond"]}]},{"@type":"WebPage","@id":"https:\/\/akunq.net\/tr\/?p=27174","url":"https:\/\/akunq.net\/tr\/?p=27174","name":"\u0130\u015fte Cemaatin AK Parti'deki milletvekili say\u0131s\u0131 - Bati Ermenistan Ve Bati Ermenileri Sorunlari Ara\u015ftirmalar Merkezi","isPartOf":{"@id":"https:\/\/akunq.net\/tr\/#website"},"datePublished":"2013-11-29T08:23:28+00:00","dateModified":"2013-11-29T08:23:51+00:00","author":{"@id":"https:\/\/akunq.net\/tr\/#\/schema\/person\/096f1d38a12cce57fb855b485ed24c9e"},"breadcrumb":{"@id":"https:\/\/akunq.net\/tr\/?p=27174#breadcrumb"},"inLanguage":"en-US","potentialAction":[{"@type":"ReadAction","target":["https:\/\/akunq.net\/tr\/?p=27174"]}]},{"@type":"BreadcrumbList","@id":"https:\/\/akunq.net\/tr\/?p=27174#breadcrumb","itemListElement":[{"@type":"ListItem","position":1,"name":"Home","item":"https:\/\/akunq.net\/tr"},{"@type":"ListItem","position":2,"name":"\u0130\u015fte Cemaatin AK Parti&#8217;deki milletvekili say\u0131s\u0131"}]},{"@type":"WebSite","@id":"https:\/\/akunq.net\/tr\/#website","url":"https:\/\/akunq.net\/tr\/","name":"Bati Ermenistan Ve Bati Ermenileri Sorunlari Ara\u015ftirmalar Merkezi","description":"","potentialAction":[{"@type":"SearchAction","target":{"@type":"EntryPoint","urlTemplate":"https:\/\/akunq.net\/tr\/?s={search_term_string}"},"query-input":{"@type":"PropertyValueSpecification","valueRequired":true,"valueName":"search_term_string"}}],"inLanguage":"en-US"},{"@type":"Person","@id":"https:\/\/akunq.net\/tr\/#\/schema\/person\/096f1d38a12cce57fb855b485ed24c9e","name":"admin","url":"https:\/\/akunq.net\/tr\/?author=7"}]}},"_links":{"self":[{"href":"https:\/\/akunq.net\/tr\/index.php?rest_route=\/wp\/v2\/posts\/27174","targetHints":{"allow":["GET"]}}],"collection":[{"href":"https:\/\/akunq.net\/tr\/index.php?rest_route=\/wp\/v2\/posts"}],"about":[{"href":"https:\/\/akunq.net\/tr\/index.php?rest_route=\/wp\/v2\/types\/post"}],"author":[{"embeddable":true,"href":"https:\/\/akunq.net\/tr\/index.php?rest_route=\/wp\/v2\/users\/7"}],"replies":[{"embeddable":true,"href":"https:\/\/akunq.net\/tr\/index.php?rest_route=%2Fwp%2Fv2%2Fcomments&post=27174"}],"version-history":[{"count":2,"href":"https:\/\/akunq.net\/tr\/index.php?rest_route=\/wp\/v2\/posts\/27174\/revisions"}],"predecessor-version":[{"id":27177,"href":"https:\/\/akunq.net\/tr\/index.php?rest_route=\/wp\/v2\/posts\/27174\/revisions\/27177"}],"wp:attachment":[{"href":"https:\/\/akunq.net\/tr\/index.php?rest_route=%2Fwp%2Fv2%2Fmedia&parent=27174"}],"wp:term":[{"taxonomy":"category","embeddable":true,"href":"https:\/\/akunq.net\/tr\/index.php?rest_route=%2Fwp%2Fv2%2Fcategories&post=27174"},{"taxonomy":"post_tag","embeddable":true,"href":"https:\/\/akunq.net\/tr\/index.php?rest_route=%2Fwp%2Fv2%2Ftags&post=27174"}],"curies":[{"name":"wp","href":"https:\/\/api.w.org\/{rel}","templated":true}]}}