{"id":27170,"date":"2013-11-29T03:00:37","date_gmt":"2013-11-29T08:00:37","guid":{"rendered":"http:\/\/akunq.net\/tr\/?p=27170"},"modified":"2013-11-29T03:01:04","modified_gmt":"2013-11-29T08:01:04","slug":"financial-times-erdogan-turk-ulusunu-bolen-adam","status":"publish","type":"post","link":"https:\/\/akunq.net\/tr\/?p=27170","title":{"rendered":"Financial Times: &#8220;Erdo\u011fan: T\u00fcrk ulusunu b\u00f6len adam&#8221;"},"content":{"rendered":"<p style=\"text-align: justify;\"><b><i><a href=\"http:\/\/akunq.net\/tr\/wp-content\/uploads\/2013\/11\/Erdo\u011fan2.jpg\"><img loading=\"lazy\" decoding=\"async\" class=\"alignright size-full wp-image-27171\" alt=\"Erdo\u011fan\" src=\"http:\/\/akunq.net\/tr\/wp-content\/uploads\/2013\/11\/Erdo\u011fan2.jpg\" width=\"292\" height=\"224\" \/><\/a>\u0130ngiliz Financial Times gazetesi, Ba\u015fbakan Erdo\u011fan&#8217;\u0131n son 10 y\u0131ll\u0131k siyasi s\u00fcrecini de\u011ferlendiren iki analize yer verdi. Gazetenin eski T\u00fcrkiye muhabiri Leyla Boulton 2003 y\u0131l\u0131nda ayr\u0131ld\u0131\u011f\u0131 T\u00fcrkiye&#8217;nin de\u011fi\u015fen y\u00fcz\u00fcn\u00fc &#8220;Erdo\u011fan: T\u00fcrk ulusunu b\u00f6len adam&#8221; ba\u015fl\u0131kl\u0131 analizinde anlatt\u0131. <\/i><\/b><\/p>\n<p style=\"text-align: justify;\"><strong>(DHA) &#8211;<\/strong> Ba\u015fbakan Erdo\u011fan&#8217;\u0131n cesur bir reformcudan h\u0131r\u00e7\u0131n bir otoritere d\u00f6n\u00fc\u015f\u00fcr g\u00f6r\u00fcnd\u00fc\u011f\u00fc ifade edilen yaz\u0131da Gezi protestolar\u0131n\u0131n 10 y\u0131l \u00f6nceki T\u00fcrkiye&#8217;yi ne b\u00fcy\u00fck \u00f6l\u00e7\u00fcde de\u011fi\u015ftirdi\u011fine dikkat \u00e7ekildi.<\/p>\n<p style=\"text-align: justify;\">Boulton, yaz\u0131s\u0131nda \u015fu ifadeleri kulland\u0131:<\/p>\n<p style=\"text-align: justify;\">&#8220;Y\u00fczle\u015fmenin iki ba\u015f karakteri var: daha zengin, bir bak\u0131ma daha protesto e\u011filimli, orta s\u0131n\u0131f ve \u00fclkenin ilk son 10 y\u0131ld\u0131r demokratik se\u00e7imle i\u015f ba\u015f\u0131na gelen tek partili h\u00fck\u00fcmeti. K\u0131smen Erdo\u011fan&#8217;\u0131n ba\u015far\u0131s\u0131. Miras\u0131n\u0131n di\u011fer unsurlar\u0131, evler, yollar ve herkese \u00fccretsiz sa\u011fl\u0131k hizmeti ile hala bu pop\u00fcler politikac\u0131, \u00f6n\u00fcm\u00fczdeki y\u0131l ki se\u00e7imleri kazanmay\u0131 garanti ediyor.&#8221;<\/p>\n<p style=\"text-align: justify;\">Son T\u00fcrkiye ziyaretinde 10 y\u0131l \u00f6ncesine g\u00f6re Erdo\u011fan&#8217;a olan ilginin de\u011fi\u015fti\u011fini g\u00f6zlemedi\u011fini belirten Boulton, 10 y\u0131l \u00f6nce ona kollar\u0131n\u0131 a\u00e7arak kar\u015f\u0131layan T\u00fcrklerin \u015fimdi Ba\u015fbakan&#8217;a kar\u015f\u0131 yabanc\u0131la\u015ft\u0131\u011f\u0131n\u0131 d\u00fc\u015f\u00fcnd\u00fc\u011f\u00fcn\u00fc ifade ederek bir liberalin &#8216;onun demokrat oldu\u011funu d\u00fc\u015f\u00fcnm\u00fc\u015ft\u00fck ama o despot biri haline geldi&#8217; a\u00e7\u0131klamas\u0131n\u0131 aktard\u0131.<\/p>\n<p style=\"text-align: justify;\">Boulton ayr\u0131ca, Erdo\u011fan&#8217;\u0131n demokratik olmayan tutumunun partinin kurucular\u0131 aras\u0131nda yer alan Cumhurba\u015fkan\u0131 Abdullah G\u00fcl ve Ba\u015fbakan Yard\u0131mc\u0131s\u0131 B\u00fclent Ar\u0131n\u00e7&#8217;tan bile itirazlar y\u00fckseldi\u011fine dikkat \u00e7ekti.<\/p>\n<p style=\"text-align: justify;\"><strong>&#8220;Erdo\u011fan bilinmeyen sulara y\u00f6neliyor<\/strong><\/p>\n<p style=\"text-align: justify;\">Gazetenin T\u00fcrkiye muhabiri Daniel Dombey ise kaleme ald\u0131\u011f\u0131 &#8220;Erdo\u011fan bilinmeyen sulara y\u00f6neliyor&#8221; ba\u015fl\u0131kl\u0131 yaz\u0131s\u0131nda, T\u00fcrkiye&#8217;nin bir ge\u00e7i\u015f s\u00fcreci ile kar\u015f\u0131 kar\u015f\u0131ya oldu\u011funu dile getirdi.<\/p>\n<p style=\"text-align: justify;\">Ge\u00e7ti\u011fimiz ekim ay\u0131nda Erdo\u011fan&#8217;\u0131n Asya ile Avrupa&#8217;y\u0131 birbirine ba\u011flayan ilk k\u0131talararas\u0131 deniz alt\u0131 t\u00fcnelini hizmete a\u00e7t\u0131\u011f\u0131n\u0131 bunun da \u015fehrin ve yeni T\u00fcrkiye&#8217;ye hizmetle ilgili \u00e7ok say\u0131daki de\u011fi\u015fimden biri oldu\u011fu yorumunu yapan Dombey, \u015f\u00f6yle devam etti:<\/p>\n<p style=\"text-align: justify;\">&#8220;Erdo\u011fan&#8217;\u0131n in\u015faa etti\u011fi T\u00fcrkiye bu. 81 ilin bir \u00e7o\u011funda onun h\u0131rslar\u0131n\u0131n elle tutulur bir bi\u00e7im ald\u0131\u011f\u0131n\u0131 g\u00f6rebilirsiniz. Bir s\u00fcr\u00fc g\u00f6z, yabanc\u0131 ve yerli, d\u00fcnyan\u0131n f\u0131rsat\u0131, Avrupa, Asya, Afrika ve Ortado\u011fu aras\u0131nda 76 milyonun ya\u015fad\u0131\u011f\u0131 800 milyar dolarl\u0131k g\u0131pta edilece\u011fi bir yer.&#8221;<\/p>\n<p style=\"text-align: justify;\">&#8220;Erdo\u011fan&#8217;\u0131n amac\u0131 2023 y\u0131l\u0131na kadar T\u00fcrkiye&#8217;yi d\u00fcnyan\u0131n en b\u00fcy\u00fck 10. ekonomisi haline getirmek. Bu da y\u0131lda y\u00fczde 15 <a href=\"http:\/\/www.cnnturk.com\/guncel.konular\/buyume\/599\/index.html\">b\u00fcy\u00fcme<\/a> gerektirir, eri\u015filemez gibi g\u00f6r\u00fcn\u00fcyor&#8221; diyen yazar, bu seneki Gezi olaylar\u0131n\u0131n T\u00fcrkiye&#8217;nin siyasi \u00f6ng\u00fcr\u00fclemezli\u011fini g\u00f6sterdi\u011fini savundu.<\/p>\n<p style=\"text-align: justify;\">Yazar, protestolardan sonra insanlar\u0131n \u00f6fkelerinden biraz yat\u0131\u015fm\u0131\u015f olabilece\u011fini ancak bu anla\u015fmazl\u0131\u011f\u0131n hat\u0131ralar\u0131n\u0131n ise ge\u00e7meyece\u011fi yorumunu yapt\u0131.<\/p>\n<p style=\"text-align: justify;\">Dombey, yaz\u0131s\u0131n\u0131n sonunda \u015funlar\u0131 kaydetti:<\/p>\n<p style=\"text-align: justify;\">&#8220;Erdo\u011fan&#8217;\u0131n posterleri hemen hemen her yerde ancak \u00fclkenin y\u00f6n\u00fc onun planlad\u0131\u011f\u0131 y\u00f6ne do\u011fru gitmeyebilir. Ekonomik ve politik olaylar\u0131n aras\u0131nda T\u00fcrkiye kendini s\u0131k\u0131nt\u0131l\u0131 sularda bulabilir.&#8221;<\/p>\n<p style=\"text-align: justify;\"><b><i>http:\/\/www.cnnturk.com\/2013\/guncel\/11\/28\/financial.times.erdogan.turk.ulusunu.bolen.adam\/732465.0\/index.html<\/i><\/b><\/p>\n","protected":false},"excerpt":{"rendered":"<p>\u0130ngiliz Financial Times gazetesi, Ba\u015fbakan Erdo\u011fan&#8217;\u0131n son 10 y\u0131ll\u0131k siyasi s\u00fcrecini de\u011ferlendiren iki analize yer verdi. Gazetenin eski T\u00fcrkiye muhabiri Leyla Boulton 2003 y\u0131l\u0131nda ayr\u0131ld\u0131\u011f\u0131 T\u00fcrkiye&#8217;nin de\u011fi\u015fen y\u00fcz\u00fcn\u00fc &#8220;Erdo\u011fan: T\u00fcrk ulusunu b\u00f6len adam&#8221; ba\u015fl\u0131kl\u0131 analizinde anlatt\u0131. (DHA) &#8211; Ba\u015fbakan Erdo\u011fan&#8217;\u0131n cesur bir reformcudan h\u0131r\u00e7\u0131n bir otoritere d\u00f6n\u00fc\u015f\u00fcr g\u00f6r\u00fcnd\u00fc\u011f\u00fc ifade edilen yaz\u0131da Gezi protestolar\u0131n\u0131n 10 y\u0131l [&hellip;]<\/p>\n","protected":false},"author":7,"featured_media":0,"comment_status":"open","ping_status":"open","sticky":false,"template":"","format":"standard","meta":{"footnotes":""},"categories":[1],"tags":[],"class_list":["post-27170","post","type-post","status-publish","format-standard","hentry","category-haberler"],"yoast_head":"<!-- This site is optimized with the Yoast SEO plugin v27.4 - https:\/\/yoast.com\/product\/yoast-seo-wordpress\/ -->\n<title>Financial Times: &quot;Erdo\u011fan: T\u00fcrk ulusunu b\u00f6len adam&quot; - Bati Ermenistan Ve Bati Ermenileri Sorunlari Ara\u015ftirmalar Merkezi<\/title>\n<meta name=\"robots\" content=\"index, follow, max-snippet:-1, max-image-preview:large, max-video-preview:-1\" \/>\n<link rel=\"canonical\" href=\"https:\/\/akunq.net\/tr\/?p=27170\" \/>\n<meta property=\"og:locale\" content=\"en_US\" \/>\n<meta property=\"og:type\" content=\"article\" \/>\n<meta property=\"og:title\" content=\"Financial Times: &quot;Erdo\u011fan: T\u00fcrk ulusunu b\u00f6len adam&quot; - Bati Ermenistan Ve Bati Ermenileri Sorunlari Ara\u015ftirmalar Merkezi\" \/>\n<meta property=\"og:description\" content=\"\u0130ngiliz Financial Times gazetesi, Ba\u015fbakan Erdo\u011fan&#8217;\u0131n son 10 y\u0131ll\u0131k siyasi s\u00fcrecini de\u011ferlendiren iki analize yer verdi. Gazetenin eski T\u00fcrkiye muhabiri Leyla Boulton 2003 y\u0131l\u0131nda ayr\u0131ld\u0131\u011f\u0131 T\u00fcrkiye&#8217;nin de\u011fi\u015fen y\u00fcz\u00fcn\u00fc &#8220;Erdo\u011fan: T\u00fcrk ulusunu b\u00f6len adam&#8221; ba\u015fl\u0131kl\u0131 analizinde anlatt\u0131. (DHA) &#8211; Ba\u015fbakan Erdo\u011fan&#8217;\u0131n cesur bir reformcudan h\u0131r\u00e7\u0131n bir otoritere d\u00f6n\u00fc\u015f\u00fcr g\u00f6r\u00fcnd\u00fc\u011f\u00fc ifade edilen yaz\u0131da Gezi protestolar\u0131n\u0131n 10 y\u0131l [&hellip;]\" \/>\n<meta property=\"og:url\" content=\"https:\/\/akunq.net\/tr\/?p=27170\" \/>\n<meta property=\"og:site_name\" content=\"Bati Ermenistan Ve Bati Ermenileri Sorunlari Ara\u015ftirmalar Merkezi\" \/>\n<meta property=\"article:published_time\" content=\"2013-11-29T08:00:37+00:00\" \/>\n<meta property=\"article:modified_time\" content=\"2013-11-29T08:01:04+00:00\" \/>\n<meta name=\"author\" content=\"admin\" \/>\n<meta name=\"twitter:card\" content=\"summary_large_image\" \/>\n<meta name=\"twitter:label1\" content=\"Written by\" \/>\n\t<meta name=\"twitter:data1\" content=\"admin\" \/>\n\t<meta name=\"twitter:label2\" content=\"Est. reading time\" \/>\n\t<meta name=\"twitter:data2\" content=\"3 minutes\" \/>\n<script type=\"application\/ld+json\" class=\"yoast-schema-graph\">{\"@context\":\"https:\\\/\\\/schema.org\",\"@graph\":[{\"@type\":\"Article\",\"@id\":\"https:\\\/\\\/akunq.net\\\/tr\\\/?p=27170#article\",\"isPartOf\":{\"@id\":\"https:\\\/\\\/akunq.net\\\/tr\\\/?p=27170\"},\"author\":{\"name\":\"admin\",\"@id\":\"https:\\\/\\\/akunq.net\\\/tr\\\/#\\\/schema\\\/person\\\/096f1d38a12cce57fb855b485ed24c9e\"},\"headline\":\"Financial Times: &#8220;Erdo\u011fan: T\u00fcrk ulusunu b\u00f6len adam&#8221;\",\"datePublished\":\"2013-11-29T08:00:37+00:00\",\"dateModified\":\"2013-11-29T08:01:04+00:00\",\"mainEntityOfPage\":{\"@id\":\"https:\\\/\\\/akunq.net\\\/tr\\\/?p=27170\"},\"wordCount\":594,\"commentCount\":0,\"articleSection\":[\"Haberler\"],\"inLanguage\":\"en-US\",\"potentialAction\":[{\"@type\":\"CommentAction\",\"name\":\"Comment\",\"target\":[\"https:\\\/\\\/akunq.net\\\/tr\\\/?p=27170#respond\"]}]},{\"@type\":\"WebPage\",\"@id\":\"https:\\\/\\\/akunq.net\\\/tr\\\/?p=27170\",\"url\":\"https:\\\/\\\/akunq.net\\\/tr\\\/?p=27170\",\"name\":\"Financial Times: \\\"Erdo\u011fan: T\u00fcrk ulusunu b\u00f6len adam\\\" - Bati Ermenistan Ve Bati Ermenileri Sorunlari Ara\u015ftirmalar Merkezi\",\"isPartOf\":{\"@id\":\"https:\\\/\\\/akunq.net\\\/tr\\\/#website\"},\"datePublished\":\"2013-11-29T08:00:37+00:00\",\"dateModified\":\"2013-11-29T08:01:04+00:00\",\"author\":{\"@id\":\"https:\\\/\\\/akunq.net\\\/tr\\\/#\\\/schema\\\/person\\\/096f1d38a12cce57fb855b485ed24c9e\"},\"breadcrumb\":{\"@id\":\"https:\\\/\\\/akunq.net\\\/tr\\\/?p=27170#breadcrumb\"},\"inLanguage\":\"en-US\",\"potentialAction\":[{\"@type\":\"ReadAction\",\"target\":[\"https:\\\/\\\/akunq.net\\\/tr\\\/?p=27170\"]}]},{\"@type\":\"BreadcrumbList\",\"@id\":\"https:\\\/\\\/akunq.net\\\/tr\\\/?p=27170#breadcrumb\",\"itemListElement\":[{\"@type\":\"ListItem\",\"position\":1,\"name\":\"Home\",\"item\":\"https:\\\/\\\/akunq.net\\\/tr\"},{\"@type\":\"ListItem\",\"position\":2,\"name\":\"Financial Times: &#8220;Erdo\u011fan: T\u00fcrk ulusunu b\u00f6len adam&#8221;\"}]},{\"@type\":\"WebSite\",\"@id\":\"https:\\\/\\\/akunq.net\\\/tr\\\/#website\",\"url\":\"https:\\\/\\\/akunq.net\\\/tr\\\/\",\"name\":\"Bati Ermenistan Ve Bati Ermenileri Sorunlari Ara\u015ftirmalar Merkezi\",\"description\":\"\",\"potentialAction\":[{\"@type\":\"SearchAction\",\"target\":{\"@type\":\"EntryPoint\",\"urlTemplate\":\"https:\\\/\\\/akunq.net\\\/tr\\\/?s={search_term_string}\"},\"query-input\":{\"@type\":\"PropertyValueSpecification\",\"valueRequired\":true,\"valueName\":\"search_term_string\"}}],\"inLanguage\":\"en-US\"},{\"@type\":\"Person\",\"@id\":\"https:\\\/\\\/akunq.net\\\/tr\\\/#\\\/schema\\\/person\\\/096f1d38a12cce57fb855b485ed24c9e\",\"name\":\"admin\",\"url\":\"https:\\\/\\\/akunq.net\\\/tr\\\/?author=7\"}]}<\/script>\n<!-- \/ Yoast SEO plugin. -->","yoast_head_json":{"title":"Financial Times: \"Erdo\u011fan: T\u00fcrk ulusunu b\u00f6len adam\" - Bati Ermenistan Ve Bati Ermenileri Sorunlari Ara\u015ftirmalar Merkezi","robots":{"index":"index","follow":"follow","max-snippet":"max-snippet:-1","max-image-preview":"max-image-preview:large","max-video-preview":"max-video-preview:-1"},"canonical":"https:\/\/akunq.net\/tr\/?p=27170","og_locale":"en_US","og_type":"article","og_title":"Financial Times: \"Erdo\u011fan: T\u00fcrk ulusunu b\u00f6len adam\" - Bati Ermenistan Ve Bati Ermenileri Sorunlari Ara\u015ftirmalar Merkezi","og_description":"\u0130ngiliz Financial Times gazetesi, Ba\u015fbakan Erdo\u011fan&#8217;\u0131n son 10 y\u0131ll\u0131k siyasi s\u00fcrecini de\u011ferlendiren iki analize yer verdi. Gazetenin eski T\u00fcrkiye muhabiri Leyla Boulton 2003 y\u0131l\u0131nda ayr\u0131ld\u0131\u011f\u0131 T\u00fcrkiye&#8217;nin de\u011fi\u015fen y\u00fcz\u00fcn\u00fc &#8220;Erdo\u011fan: T\u00fcrk ulusunu b\u00f6len adam&#8221; ba\u015fl\u0131kl\u0131 analizinde anlatt\u0131. (DHA) &#8211; Ba\u015fbakan Erdo\u011fan&#8217;\u0131n cesur bir reformcudan h\u0131r\u00e7\u0131n bir otoritere d\u00f6n\u00fc\u015f\u00fcr g\u00f6r\u00fcnd\u00fc\u011f\u00fc ifade edilen yaz\u0131da Gezi protestolar\u0131n\u0131n 10 y\u0131l [&hellip;]","og_url":"https:\/\/akunq.net\/tr\/?p=27170","og_site_name":"Bati Ermenistan Ve Bati Ermenileri Sorunlari Ara\u015ftirmalar Merkezi","article_published_time":"2013-11-29T08:00:37+00:00","article_modified_time":"2013-11-29T08:01:04+00:00","author":"admin","twitter_card":"summary_large_image","twitter_misc":{"Written by":"admin","Est. reading time":"3 minutes"},"schema":{"@context":"https:\/\/schema.org","@graph":[{"@type":"Article","@id":"https:\/\/akunq.net\/tr\/?p=27170#article","isPartOf":{"@id":"https:\/\/akunq.net\/tr\/?p=27170"},"author":{"name":"admin","@id":"https:\/\/akunq.net\/tr\/#\/schema\/person\/096f1d38a12cce57fb855b485ed24c9e"},"headline":"Financial Times: &#8220;Erdo\u011fan: T\u00fcrk ulusunu b\u00f6len adam&#8221;","datePublished":"2013-11-29T08:00:37+00:00","dateModified":"2013-11-29T08:01:04+00:00","mainEntityOfPage":{"@id":"https:\/\/akunq.net\/tr\/?p=27170"},"wordCount":594,"commentCount":0,"articleSection":["Haberler"],"inLanguage":"en-US","potentialAction":[{"@type":"CommentAction","name":"Comment","target":["https:\/\/akunq.net\/tr\/?p=27170#respond"]}]},{"@type":"WebPage","@id":"https:\/\/akunq.net\/tr\/?p=27170","url":"https:\/\/akunq.net\/tr\/?p=27170","name":"Financial Times: \"Erdo\u011fan: T\u00fcrk ulusunu b\u00f6len adam\" - Bati Ermenistan Ve Bati Ermenileri Sorunlari Ara\u015ftirmalar Merkezi","isPartOf":{"@id":"https:\/\/akunq.net\/tr\/#website"},"datePublished":"2013-11-29T08:00:37+00:00","dateModified":"2013-11-29T08:01:04+00:00","author":{"@id":"https:\/\/akunq.net\/tr\/#\/schema\/person\/096f1d38a12cce57fb855b485ed24c9e"},"breadcrumb":{"@id":"https:\/\/akunq.net\/tr\/?p=27170#breadcrumb"},"inLanguage":"en-US","potentialAction":[{"@type":"ReadAction","target":["https:\/\/akunq.net\/tr\/?p=27170"]}]},{"@type":"BreadcrumbList","@id":"https:\/\/akunq.net\/tr\/?p=27170#breadcrumb","itemListElement":[{"@type":"ListItem","position":1,"name":"Home","item":"https:\/\/akunq.net\/tr"},{"@type":"ListItem","position":2,"name":"Financial Times: &#8220;Erdo\u011fan: T\u00fcrk ulusunu b\u00f6len adam&#8221;"}]},{"@type":"WebSite","@id":"https:\/\/akunq.net\/tr\/#website","url":"https:\/\/akunq.net\/tr\/","name":"Bati Ermenistan Ve Bati Ermenileri Sorunlari Ara\u015ftirmalar Merkezi","description":"","potentialAction":[{"@type":"SearchAction","target":{"@type":"EntryPoint","urlTemplate":"https:\/\/akunq.net\/tr\/?s={search_term_string}"},"query-input":{"@type":"PropertyValueSpecification","valueRequired":true,"valueName":"search_term_string"}}],"inLanguage":"en-US"},{"@type":"Person","@id":"https:\/\/akunq.net\/tr\/#\/schema\/person\/096f1d38a12cce57fb855b485ed24c9e","name":"admin","url":"https:\/\/akunq.net\/tr\/?author=7"}]}},"_links":{"self":[{"href":"https:\/\/akunq.net\/tr\/index.php?rest_route=\/wp\/v2\/posts\/27170","targetHints":{"allow":["GET"]}}],"collection":[{"href":"https:\/\/akunq.net\/tr\/index.php?rest_route=\/wp\/v2\/posts"}],"about":[{"href":"https:\/\/akunq.net\/tr\/index.php?rest_route=\/wp\/v2\/types\/post"}],"author":[{"embeddable":true,"href":"https:\/\/akunq.net\/tr\/index.php?rest_route=\/wp\/v2\/users\/7"}],"replies":[{"embeddable":true,"href":"https:\/\/akunq.net\/tr\/index.php?rest_route=%2Fwp%2Fv2%2Fcomments&post=27170"}],"version-history":[{"count":2,"href":"https:\/\/akunq.net\/tr\/index.php?rest_route=\/wp\/v2\/posts\/27170\/revisions"}],"predecessor-version":[{"id":27173,"href":"https:\/\/akunq.net\/tr\/index.php?rest_route=\/wp\/v2\/posts\/27170\/revisions\/27173"}],"wp:attachment":[{"href":"https:\/\/akunq.net\/tr\/index.php?rest_route=%2Fwp%2Fv2%2Fmedia&parent=27170"}],"wp:term":[{"taxonomy":"category","embeddable":true,"href":"https:\/\/akunq.net\/tr\/index.php?rest_route=%2Fwp%2Fv2%2Fcategories&post=27170"},{"taxonomy":"post_tag","embeddable":true,"href":"https:\/\/akunq.net\/tr\/index.php?rest_route=%2Fwp%2Fv2%2Ftags&post=27170"}],"curies":[{"name":"wp","href":"https:\/\/api.w.org\/{rel}","templated":true}]}}