{"id":27159,"date":"2013-11-29T01:44:15","date_gmt":"2013-11-29T06:44:15","guid":{"rendered":"http:\/\/akunq.net\/tr\/?p=27159"},"modified":"2013-11-29T01:44:50","modified_gmt":"2013-11-29T06:44:50","slug":"mardin-tebligleri","status":"publish","type":"post","link":"https:\/\/akunq.net\/tr\/?p=27159","title":{"rendered":"Mardin Tebli\u011fleri"},"content":{"rendered":"<p style=\"text-align: justify;\"><b><i><a href=\"http:\/\/akunq.net\/tr\/wp-content\/uploads\/2013\/11\/Mardin-Tebli\u011fleri.jpg\"><img loading=\"lazy\" decoding=\"async\" class=\"alignright size-full wp-image-27160\" alt=\"Mardin Tebli\u011fleri\" src=\"http:\/\/akunq.net\/tr\/wp-content\/uploads\/2013\/11\/Mardin-Tebli\u011fleri.jpg\" width=\"200\" height=\"301\" \/><\/a>Mardin Tebli\u011fleri<\/i><\/b><b><i>, 1838-1938 aras\u0131ndaki y\u00fcz y\u0131ll\u0131k s\u00fcrede, Anadolu&#8217;nun farkl\u0131 din, dil ve k\u00fclt\u00fcrlerine be\u015fik olmu\u015f en kozmopolit b\u00f6lgelerinden olan Mardin ve \u00e7evresinde ya\u015fanan toplumsal ve ekonomik de\u011fi\u015fimi t\u00fcm y\u00f6nleriyle ele alan makalelerden olu\u015fuyor.<\/i><\/b><\/p>\n<p style=\"text-align: justify;\">Kitapta, Tanzimat D\u00f6nemi&#8217;nden ba\u015flayarak Cumhuriyet&#8217;in tek parti y\u00f6netiminin ilk 15 y\u0131l\u0131na dek, devlet politikalar\u0131n\u0131n ve genel konjokt\u00fcr\u00fcn y\u00f6reyi nas\u0131l etkiledi\u011fi, k\u00fclt\u00fcr, g\u00fcnl\u00fck hayat, ekonomi, etnik ve dinsel \u00e7at\u0131\u015fmalar, \u015fiddet ekseninde tart\u0131\u015f\u0131l\u0131yor.<\/p>\n<p style=\"text-align: justify;\">Mardin ve \u00e7evresinin, binlerce y\u0131l \u00f6ncesine dayanan medeniyeti, as\u0131rlar\u0131n imbi\u011finden s\u00fcz\u00fcl\u00fcrek \u00e7o\u011fulcu bir k\u00fclt\u00fcr yaratm\u0131\u015ft\u0131. Bug\u00fcne ancak tortusu ula\u015fan bu \u00e7o\u011fulculu\u011fun en canl\u0131 anlat\u0131mlar\u0131 ve nas\u0131l yitirildi\u011fi <i>Mardin Tebli\u011fleri<\/i>&#8216;nde yer al\u0131yor.<\/p>\n<p style=\"text-align: justify;\">&#8220;Bu topraklarda bir\u00e7ok halk, bir\u00e7ok dil, bir\u00e7ok k\u00fclt\u00fcr mahalleleriyle birlikte yok oldular ve yok olan mahalleler \u00e7o\u011fald\u0131k\u00e7a, eski medeniyetlerin be\u015fi\u011fi olan bu topraklar \u00e7orakla\u015ft\u0131, bereket de, sevgi de sevin\u00e7 de biraber gitti.<\/p>\n<p style=\"text-align: justify;\">Diller azald\u0131k\u00e7a buradaki ya\u015fam sessizle\u015fti. \u0130\u015fte bu toplant\u0131lar, bu bir araya gelmeler, bu \u00f6l\u00fcm sessizli\u011fini bozma \u00e7abas\u0131d\u0131r.&#8221;\u00a0<\/p>\n<p style=\"text-align: justify;\"><b><i>Rakel Dink<\/i><\/b><\/p>\n<p style=\"text-align: justify;\"><b><i>http:\/\/www.hrantdink.org\/?Publications=7&amp;id=800<\/i><\/b><\/p>\n","protected":false},"excerpt":{"rendered":"<p>Mardin Tebli\u011fleri, 1838-1938 aras\u0131ndaki y\u00fcz y\u0131ll\u0131k s\u00fcrede, Anadolu&#8217;nun farkl\u0131 din, dil ve k\u00fclt\u00fcrlerine be\u015fik olmu\u015f en kozmopolit b\u00f6lgelerinden olan Mardin ve \u00e7evresinde ya\u015fanan toplumsal ve ekonomik de\u011fi\u015fimi t\u00fcm y\u00f6nleriyle ele alan makalelerden olu\u015fuyor. Kitapta, Tanzimat D\u00f6nemi&#8217;nden ba\u015flayarak Cumhuriyet&#8217;in tek parti y\u00f6netiminin ilk 15 y\u0131l\u0131na dek, devlet politikalar\u0131n\u0131n ve genel konjokt\u00fcr\u00fcn y\u00f6reyi nas\u0131l etkiledi\u011fi, k\u00fclt\u00fcr, g\u00fcnl\u00fck [&hellip;]<\/p>\n","protected":false},"author":7,"featured_media":0,"comment_status":"open","ping_status":"open","sticky":false,"template":"","format":"standard","meta":{"footnotes":""},"categories":[1,54],"tags":[],"class_list":["post-27159","post","type-post","status-publish","format-standard","hentry","category-haberler","category-kitaplar-elestiriler"],"yoast_head":"<!-- This site is optimized with the Yoast SEO plugin v27.4 - https:\/\/yoast.com\/product\/yoast-seo-wordpress\/ -->\n<title>Mardin Tebli\u011fleri - Bati Ermenistan Ve Bati Ermenileri Sorunlari Ara\u015ftirmalar Merkezi<\/title>\n<meta name=\"robots\" content=\"index, follow, max-snippet:-1, max-image-preview:large, max-video-preview:-1\" \/>\n<link rel=\"canonical\" href=\"https:\/\/akunq.net\/tr\/?p=27159\" \/>\n<meta property=\"og:locale\" content=\"en_US\" \/>\n<meta property=\"og:type\" content=\"article\" \/>\n<meta property=\"og:title\" content=\"Mardin Tebli\u011fleri - Bati Ermenistan Ve Bati Ermenileri Sorunlari Ara\u015ftirmalar Merkezi\" \/>\n<meta property=\"og:description\" content=\"Mardin Tebli\u011fleri, 1838-1938 aras\u0131ndaki y\u00fcz y\u0131ll\u0131k s\u00fcrede, Anadolu&#8217;nun farkl\u0131 din, dil ve k\u00fclt\u00fcrlerine be\u015fik olmu\u015f en kozmopolit b\u00f6lgelerinden olan Mardin ve \u00e7evresinde ya\u015fanan toplumsal ve ekonomik de\u011fi\u015fimi t\u00fcm y\u00f6nleriyle ele alan makalelerden olu\u015fuyor. Kitapta, Tanzimat D\u00f6nemi&#8217;nden ba\u015flayarak Cumhuriyet&#8217;in tek parti y\u00f6netiminin ilk 15 y\u0131l\u0131na dek, devlet politikalar\u0131n\u0131n ve genel konjokt\u00fcr\u00fcn y\u00f6reyi nas\u0131l etkiledi\u011fi, k\u00fclt\u00fcr, g\u00fcnl\u00fck [&hellip;]\" \/>\n<meta property=\"og:url\" content=\"https:\/\/akunq.net\/tr\/?p=27159\" \/>\n<meta property=\"og:site_name\" content=\"Bati Ermenistan Ve Bati Ermenileri Sorunlari Ara\u015ftirmalar Merkezi\" \/>\n<meta property=\"article:published_time\" content=\"2013-11-29T06:44:15+00:00\" \/>\n<meta property=\"article:modified_time\" content=\"2013-11-29T06:44:50+00:00\" \/>\n<meta name=\"author\" content=\"admin\" \/>\n<meta name=\"twitter:card\" content=\"summary_large_image\" \/>\n<meta name=\"twitter:label1\" content=\"Written by\" \/>\n\t<meta name=\"twitter:data1\" content=\"admin\" \/>\n\t<meta name=\"twitter:label2\" content=\"Est. reading time\" \/>\n\t<meta name=\"twitter:data2\" content=\"1 minute\" \/>\n<script type=\"application\/ld+json\" class=\"yoast-schema-graph\">{\"@context\":\"https:\\\/\\\/schema.org\",\"@graph\":[{\"@type\":\"Article\",\"@id\":\"https:\\\/\\\/akunq.net\\\/tr\\\/?p=27159#article\",\"isPartOf\":{\"@id\":\"https:\\\/\\\/akunq.net\\\/tr\\\/?p=27159\"},\"author\":{\"name\":\"admin\",\"@id\":\"https:\\\/\\\/akunq.net\\\/tr\\\/#\\\/schema\\\/person\\\/096f1d38a12cce57fb855b485ed24c9e\"},\"headline\":\"Mardin Tebli\u011fleri\",\"datePublished\":\"2013-11-29T06:44:15+00:00\",\"dateModified\":\"2013-11-29T06:44:50+00:00\",\"mainEntityOfPage\":{\"@id\":\"https:\\\/\\\/akunq.net\\\/tr\\\/?p=27159\"},\"wordCount\":230,\"commentCount\":0,\"articleSection\":[\"Haberler\",\"Kitaplar-Ele\u015ftiriler\"],\"inLanguage\":\"en-US\",\"potentialAction\":[{\"@type\":\"CommentAction\",\"name\":\"Comment\",\"target\":[\"https:\\\/\\\/akunq.net\\\/tr\\\/?p=27159#respond\"]}]},{\"@type\":\"WebPage\",\"@id\":\"https:\\\/\\\/akunq.net\\\/tr\\\/?p=27159\",\"url\":\"https:\\\/\\\/akunq.net\\\/tr\\\/?p=27159\",\"name\":\"Mardin Tebli\u011fleri - Bati Ermenistan Ve Bati Ermenileri Sorunlari Ara\u015ftirmalar Merkezi\",\"isPartOf\":{\"@id\":\"https:\\\/\\\/akunq.net\\\/tr\\\/#website\"},\"datePublished\":\"2013-11-29T06:44:15+00:00\",\"dateModified\":\"2013-11-29T06:44:50+00:00\",\"author\":{\"@id\":\"https:\\\/\\\/akunq.net\\\/tr\\\/#\\\/schema\\\/person\\\/096f1d38a12cce57fb855b485ed24c9e\"},\"breadcrumb\":{\"@id\":\"https:\\\/\\\/akunq.net\\\/tr\\\/?p=27159#breadcrumb\"},\"inLanguage\":\"en-US\",\"potentialAction\":[{\"@type\":\"ReadAction\",\"target\":[\"https:\\\/\\\/akunq.net\\\/tr\\\/?p=27159\"]}]},{\"@type\":\"BreadcrumbList\",\"@id\":\"https:\\\/\\\/akunq.net\\\/tr\\\/?p=27159#breadcrumb\",\"itemListElement\":[{\"@type\":\"ListItem\",\"position\":1,\"name\":\"Home\",\"item\":\"https:\\\/\\\/akunq.net\\\/tr\"},{\"@type\":\"ListItem\",\"position\":2,\"name\":\"Mardin Tebli\u011fleri\"}]},{\"@type\":\"WebSite\",\"@id\":\"https:\\\/\\\/akunq.net\\\/tr\\\/#website\",\"url\":\"https:\\\/\\\/akunq.net\\\/tr\\\/\",\"name\":\"Bati Ermenistan Ve Bati Ermenileri Sorunlari Ara\u015ftirmalar Merkezi\",\"description\":\"\",\"potentialAction\":[{\"@type\":\"SearchAction\",\"target\":{\"@type\":\"EntryPoint\",\"urlTemplate\":\"https:\\\/\\\/akunq.net\\\/tr\\\/?s={search_term_string}\"},\"query-input\":{\"@type\":\"PropertyValueSpecification\",\"valueRequired\":true,\"valueName\":\"search_term_string\"}}],\"inLanguage\":\"en-US\"},{\"@type\":\"Person\",\"@id\":\"https:\\\/\\\/akunq.net\\\/tr\\\/#\\\/schema\\\/person\\\/096f1d38a12cce57fb855b485ed24c9e\",\"name\":\"admin\",\"url\":\"https:\\\/\\\/akunq.net\\\/tr\\\/?author=7\"}]}<\/script>\n<!-- \/ Yoast SEO plugin. -->","yoast_head_json":{"title":"Mardin Tebli\u011fleri - Bati Ermenistan Ve Bati Ermenileri Sorunlari Ara\u015ftirmalar Merkezi","robots":{"index":"index","follow":"follow","max-snippet":"max-snippet:-1","max-image-preview":"max-image-preview:large","max-video-preview":"max-video-preview:-1"},"canonical":"https:\/\/akunq.net\/tr\/?p=27159","og_locale":"en_US","og_type":"article","og_title":"Mardin Tebli\u011fleri - Bati Ermenistan Ve Bati Ermenileri Sorunlari Ara\u015ftirmalar Merkezi","og_description":"Mardin Tebli\u011fleri, 1838-1938 aras\u0131ndaki y\u00fcz y\u0131ll\u0131k s\u00fcrede, Anadolu&#8217;nun farkl\u0131 din, dil ve k\u00fclt\u00fcrlerine be\u015fik olmu\u015f en kozmopolit b\u00f6lgelerinden olan Mardin ve \u00e7evresinde ya\u015fanan toplumsal ve ekonomik de\u011fi\u015fimi t\u00fcm y\u00f6nleriyle ele alan makalelerden olu\u015fuyor. Kitapta, Tanzimat D\u00f6nemi&#8217;nden ba\u015flayarak Cumhuriyet&#8217;in tek parti y\u00f6netiminin ilk 15 y\u0131l\u0131na dek, devlet politikalar\u0131n\u0131n ve genel konjokt\u00fcr\u00fcn y\u00f6reyi nas\u0131l etkiledi\u011fi, k\u00fclt\u00fcr, g\u00fcnl\u00fck [&hellip;]","og_url":"https:\/\/akunq.net\/tr\/?p=27159","og_site_name":"Bati Ermenistan Ve Bati Ermenileri Sorunlari Ara\u015ftirmalar Merkezi","article_published_time":"2013-11-29T06:44:15+00:00","article_modified_time":"2013-11-29T06:44:50+00:00","author":"admin","twitter_card":"summary_large_image","twitter_misc":{"Written by":"admin","Est. reading time":"1 minute"},"schema":{"@context":"https:\/\/schema.org","@graph":[{"@type":"Article","@id":"https:\/\/akunq.net\/tr\/?p=27159#article","isPartOf":{"@id":"https:\/\/akunq.net\/tr\/?p=27159"},"author":{"name":"admin","@id":"https:\/\/akunq.net\/tr\/#\/schema\/person\/096f1d38a12cce57fb855b485ed24c9e"},"headline":"Mardin Tebli\u011fleri","datePublished":"2013-11-29T06:44:15+00:00","dateModified":"2013-11-29T06:44:50+00:00","mainEntityOfPage":{"@id":"https:\/\/akunq.net\/tr\/?p=27159"},"wordCount":230,"commentCount":0,"articleSection":["Haberler","Kitaplar-Ele\u015ftiriler"],"inLanguage":"en-US","potentialAction":[{"@type":"CommentAction","name":"Comment","target":["https:\/\/akunq.net\/tr\/?p=27159#respond"]}]},{"@type":"WebPage","@id":"https:\/\/akunq.net\/tr\/?p=27159","url":"https:\/\/akunq.net\/tr\/?p=27159","name":"Mardin Tebli\u011fleri - Bati Ermenistan Ve Bati Ermenileri Sorunlari Ara\u015ftirmalar Merkezi","isPartOf":{"@id":"https:\/\/akunq.net\/tr\/#website"},"datePublished":"2013-11-29T06:44:15+00:00","dateModified":"2013-11-29T06:44:50+00:00","author":{"@id":"https:\/\/akunq.net\/tr\/#\/schema\/person\/096f1d38a12cce57fb855b485ed24c9e"},"breadcrumb":{"@id":"https:\/\/akunq.net\/tr\/?p=27159#breadcrumb"},"inLanguage":"en-US","potentialAction":[{"@type":"ReadAction","target":["https:\/\/akunq.net\/tr\/?p=27159"]}]},{"@type":"BreadcrumbList","@id":"https:\/\/akunq.net\/tr\/?p=27159#breadcrumb","itemListElement":[{"@type":"ListItem","position":1,"name":"Home","item":"https:\/\/akunq.net\/tr"},{"@type":"ListItem","position":2,"name":"Mardin Tebli\u011fleri"}]},{"@type":"WebSite","@id":"https:\/\/akunq.net\/tr\/#website","url":"https:\/\/akunq.net\/tr\/","name":"Bati Ermenistan Ve Bati Ermenileri Sorunlari Ara\u015ftirmalar Merkezi","description":"","potentialAction":[{"@type":"SearchAction","target":{"@type":"EntryPoint","urlTemplate":"https:\/\/akunq.net\/tr\/?s={search_term_string}"},"query-input":{"@type":"PropertyValueSpecification","valueRequired":true,"valueName":"search_term_string"}}],"inLanguage":"en-US"},{"@type":"Person","@id":"https:\/\/akunq.net\/tr\/#\/schema\/person\/096f1d38a12cce57fb855b485ed24c9e","name":"admin","url":"https:\/\/akunq.net\/tr\/?author=7"}]}},"_links":{"self":[{"href":"https:\/\/akunq.net\/tr\/index.php?rest_route=\/wp\/v2\/posts\/27159","targetHints":{"allow":["GET"]}}],"collection":[{"href":"https:\/\/akunq.net\/tr\/index.php?rest_route=\/wp\/v2\/posts"}],"about":[{"href":"https:\/\/akunq.net\/tr\/index.php?rest_route=\/wp\/v2\/types\/post"}],"author":[{"embeddable":true,"href":"https:\/\/akunq.net\/tr\/index.php?rest_route=\/wp\/v2\/users\/7"}],"replies":[{"embeddable":true,"href":"https:\/\/akunq.net\/tr\/index.php?rest_route=%2Fwp%2Fv2%2Fcomments&post=27159"}],"version-history":[{"count":3,"href":"https:\/\/akunq.net\/tr\/index.php?rest_route=\/wp\/v2\/posts\/27159\/revisions"}],"predecessor-version":[{"id":27163,"href":"https:\/\/akunq.net\/tr\/index.php?rest_route=\/wp\/v2\/posts\/27159\/revisions\/27163"}],"wp:attachment":[{"href":"https:\/\/akunq.net\/tr\/index.php?rest_route=%2Fwp%2Fv2%2Fmedia&parent=27159"}],"wp:term":[{"taxonomy":"category","embeddable":true,"href":"https:\/\/akunq.net\/tr\/index.php?rest_route=%2Fwp%2Fv2%2Fcategories&post=27159"},{"taxonomy":"post_tag","embeddable":true,"href":"https:\/\/akunq.net\/tr\/index.php?rest_route=%2Fwp%2Fv2%2Ftags&post=27159"}],"curies":[{"name":"wp","href":"https:\/\/api.w.org\/{rel}","templated":true}]}}