{"id":27156,"date":"2013-11-29T01:27:14","date_gmt":"2013-11-29T06:27:14","guid":{"rendered":"http:\/\/akunq.net\/tr\/?p=27156"},"modified":"2013-11-29T01:27:14","modified_gmt":"2013-11-29T06:27:14","slug":"meclis-bsk-yard-dkcnin-iki-reyondan-cekilmesine-iliskin-gene-ayni-sabah-gene-ayni-tek-adim-ve-ongorusuz-turk-hamlesi","status":"publish","type":"post","link":"https:\/\/akunq.net\/tr\/?p=27156","title":{"rendered":"Meclis B\u015fk. Yard. (DKC\u2019nin iki reyondan \u00e7ekilmesine ili\u015fkin): Gene ayn\u0131 \u00abSabah\u00bb, gene ayn\u0131 tek ad\u0131m ve \u00f6ng\u00f6r\u00fcs\u00fcz T\u00fcrk hamlesi"},"content":{"rendered":"<p style=\"text-align: justify;\"><b><i><a href=\"http:\/\/akunq.net\/tr\/wp-content\/uploads\/2013\/11\/Eduard-\u015earmazanov.jpg\"><img loading=\"lazy\" decoding=\"async\" class=\"alignright size-medium wp-image-27157\" alt=\"Eduard \u015earmazanov\" src=\"http:\/\/akunq.net\/tr\/wp-content\/uploads\/2013\/11\/Eduard-\u015earmazanov-300x226.jpg\" width=\"300\" height=\"226\" srcset=\"https:\/\/akunq.net\/tr\/wp-content\/uploads\/sites\/6\/2013\/11\/Eduard-\u015earmazanov-300x226.jpg 300w, https:\/\/akunq.net\/tr\/wp-content\/uploads\/sites\/6\/2013\/11\/Eduard-\u015earmazanov.jpg 311w\" sizes=\"auto, (max-width: 300px) 100vw, 300px\" \/><\/a>Gene ayn\u0131 \u00abSabah\u00bb, gene ayn\u0131 diplomatik kaynaklar, gene ayn\u0131 tek ad\u0131m ve \u00f6ng\u00f6r\u00fcs\u00fcz T\u00fcrk hamlesi. Ermenistan Millet Meclisi B\u015fk. Yard. Eduard \u015earmazanov\u2019un T\u00fcrkiye\u2019de yay\u0131mlanan \u00abSabah\u00bb gazetesindeki, Da\u011fl\u0131k Karaba\u011f Cumhuriyeti (DKC) iki reyonundan Ermeni kuvvetlerinin \u00e7ekilmesine ili\u015fkin habere tepkisi i\u015fte b\u00f6yle oldu.<\/i><\/b><\/p>\n<p style=\"text-align: justify;\">Meclis B\u015fk. Yard. Eduard \u015earmazanov \u015funlar\u0131 belirtti: \u201cT\u00fcrk-Azeri ikilisinin arzular\u0131n\u0131, bir diplomatik kayna\u011f\u0131 referans g\u00f6stererek \u00abSabah\u00bb arac\u0131l\u0131\u011f\u0131yla meydana d\u00f6kmeleri art\u0131k gelenek haline d\u00f6n\u00fc\u015ft\u00fc. \u00abSabah\u00bb\u0131n diplomatik kayna\u011f\u0131 \u00f6nceden, Ermeni kuvvetlerinin 5 reyondan \u00e7ekilmesi gerekti\u011fini s\u00f6ylerken, \u015fimdi T\u00fcrk-Azeri i\u015ftah\u0131nda keskin azalma var ve diplomatik kaynaklar\u0131 art\u0131k iki reyondan \u00e7ekilmeye ili\u015fkin konu\u015fuyor. E\u011fer bu tempoyla i\u015ftah azalmas\u0131 olursa, bir sonraki haberde \u00abSabah\u00bb\u0131n diplomatik kayna\u011f\u0131, art\u0131k herhangi bir reyondan \u00e7ekilme sorunu olmad\u0131\u011f\u0131 bilgisini verebilir\u201d.<\/p>\n<p style=\"text-align: justify;\">\u00abSabah\u00bb gazetesi diplomatik referansl\u0131\u00a0 haberinde, Ermenistan H\u00fck\u00fcmeti\u2019nin, Azerbaycan\u2019la DKC sorunu konusunda, iki reyondan \u00e7ekilmeye ili\u015fkin s\u00f6zl\u00fc mutabakata vard\u0131\u011f\u0131 kaydedilmekte. T\u00fcrkiye bu konuda Ermenistan\u2019dan resmi a\u00e7\u0131klama yapmas\u0131n\u0131 talep etmekte.<\/p>\n<p style=\"text-align: justify;\"><b><i>http:\/\/news.am\/tur\/news\/182916.html<\/i><\/b><\/p>\n","protected":false},"excerpt":{"rendered":"<p>Gene ayn\u0131 \u00abSabah\u00bb, gene ayn\u0131 diplomatik kaynaklar, gene ayn\u0131 tek ad\u0131m ve \u00f6ng\u00f6r\u00fcs\u00fcz T\u00fcrk hamlesi. Ermenistan Millet Meclisi B\u015fk. Yard. Eduard \u015earmazanov\u2019un T\u00fcrkiye\u2019de yay\u0131mlanan \u00abSabah\u00bb gazetesindeki, Da\u011fl\u0131k Karaba\u011f Cumhuriyeti (DKC) iki reyonundan Ermeni kuvvetlerinin \u00e7ekilmesine ili\u015fkin habere tepkisi i\u015fte b\u00f6yle oldu. Meclis B\u015fk. Yard. Eduard \u015earmazanov \u015funlar\u0131 belirtti: \u201cT\u00fcrk-Azeri ikilisinin arzular\u0131n\u0131, bir diplomatik kayna\u011f\u0131 referans [&hellip;]<\/p>\n","protected":false},"author":7,"featured_media":0,"comment_status":"open","ping_status":"open","sticky":false,"template":"","format":"standard","meta":{"footnotes":""},"categories":[1],"tags":[],"class_list":["post-27156","post","type-post","status-publish","format-standard","hentry","category-haberler"],"yoast_head":"<!-- This site is optimized with the Yoast SEO plugin v27.4 - https:\/\/yoast.com\/product\/yoast-seo-wordpress\/ -->\n<title>Meclis B\u015fk. Yard. (DKC\u2019nin iki reyondan \u00e7ekilmesine ili\u015fkin): Gene ayn\u0131 \u00abSabah\u00bb, gene ayn\u0131 tek ad\u0131m ve \u00f6ng\u00f6r\u00fcs\u00fcz T\u00fcrk hamlesi - Bati Ermenistan Ve Bati Ermenileri Sorunlari Ara\u015ftirmalar Merkezi<\/title>\n<meta name=\"robots\" content=\"index, follow, max-snippet:-1, max-image-preview:large, max-video-preview:-1\" \/>\n<link rel=\"canonical\" href=\"https:\/\/akunq.net\/tr\/?p=27156\" \/>\n<meta property=\"og:locale\" content=\"en_US\" \/>\n<meta property=\"og:type\" content=\"article\" \/>\n<meta property=\"og:title\" content=\"Meclis B\u015fk. Yard. (DKC\u2019nin iki reyondan \u00e7ekilmesine ili\u015fkin): Gene ayn\u0131 \u00abSabah\u00bb, gene ayn\u0131 tek ad\u0131m ve \u00f6ng\u00f6r\u00fcs\u00fcz T\u00fcrk hamlesi - Bati Ermenistan Ve Bati Ermenileri Sorunlari Ara\u015ftirmalar Merkezi\" \/>\n<meta property=\"og:description\" content=\"Gene ayn\u0131 \u00abSabah\u00bb, gene ayn\u0131 diplomatik kaynaklar, gene ayn\u0131 tek ad\u0131m ve \u00f6ng\u00f6r\u00fcs\u00fcz T\u00fcrk hamlesi. Ermenistan Millet Meclisi B\u015fk. Yard. Eduard \u015earmazanov\u2019un T\u00fcrkiye\u2019de yay\u0131mlanan \u00abSabah\u00bb gazetesindeki, Da\u011fl\u0131k Karaba\u011f Cumhuriyeti (DKC) iki reyonundan Ermeni kuvvetlerinin \u00e7ekilmesine ili\u015fkin habere tepkisi i\u015fte b\u00f6yle oldu. Meclis B\u015fk. Yard. Eduard \u015earmazanov \u015funlar\u0131 belirtti: \u201cT\u00fcrk-Azeri ikilisinin arzular\u0131n\u0131, bir diplomatik kayna\u011f\u0131 referans [&hellip;]\" \/>\n<meta property=\"og:url\" content=\"https:\/\/akunq.net\/tr\/?p=27156\" \/>\n<meta property=\"og:site_name\" content=\"Bati Ermenistan Ve Bati Ermenileri Sorunlari Ara\u015ftirmalar Merkezi\" \/>\n<meta property=\"article:published_time\" content=\"2013-11-29T06:27:14+00:00\" \/>\n<meta name=\"author\" content=\"admin\" \/>\n<meta name=\"twitter:card\" content=\"summary_large_image\" \/>\n<meta name=\"twitter:label1\" content=\"Written by\" \/>\n\t<meta name=\"twitter:data1\" content=\"admin\" \/>\n\t<meta name=\"twitter:label2\" content=\"Est. reading time\" \/>\n\t<meta name=\"twitter:data2\" content=\"1 minute\" \/>\n<script type=\"application\/ld+json\" class=\"yoast-schema-graph\">{\"@context\":\"https:\\\/\\\/schema.org\",\"@graph\":[{\"@type\":\"Article\",\"@id\":\"https:\\\/\\\/akunq.net\\\/tr\\\/?p=27156#article\",\"isPartOf\":{\"@id\":\"https:\\\/\\\/akunq.net\\\/tr\\\/?p=27156\"},\"author\":{\"name\":\"admin\",\"@id\":\"https:\\\/\\\/akunq.net\\\/tr\\\/#\\\/schema\\\/person\\\/096f1d38a12cce57fb855b485ed24c9e\"},\"headline\":\"Meclis B\u015fk. Yard. (DKC\u2019nin iki reyondan \u00e7ekilmesine ili\u015fkin): Gene ayn\u0131 \u00abSabah\u00bb, gene ayn\u0131 tek ad\u0131m ve \u00f6ng\u00f6r\u00fcs\u00fcz T\u00fcrk hamlesi\",\"datePublished\":\"2013-11-29T06:27:14+00:00\",\"mainEntityOfPage\":{\"@id\":\"https:\\\/\\\/akunq.net\\\/tr\\\/?p=27156\"},\"wordCount\":219,\"commentCount\":0,\"articleSection\":[\"Haberler\"],\"inLanguage\":\"en-US\",\"potentialAction\":[{\"@type\":\"CommentAction\",\"name\":\"Comment\",\"target\":[\"https:\\\/\\\/akunq.net\\\/tr\\\/?p=27156#respond\"]}]},{\"@type\":\"WebPage\",\"@id\":\"https:\\\/\\\/akunq.net\\\/tr\\\/?p=27156\",\"url\":\"https:\\\/\\\/akunq.net\\\/tr\\\/?p=27156\",\"name\":\"Meclis B\u015fk. Yard. (DKC\u2019nin iki reyondan \u00e7ekilmesine ili\u015fkin): Gene ayn\u0131 \u00abSabah\u00bb, gene ayn\u0131 tek ad\u0131m ve \u00f6ng\u00f6r\u00fcs\u00fcz T\u00fcrk hamlesi - Bati Ermenistan Ve Bati Ermenileri Sorunlari Ara\u015ftirmalar Merkezi\",\"isPartOf\":{\"@id\":\"https:\\\/\\\/akunq.net\\\/tr\\\/#website\"},\"datePublished\":\"2013-11-29T06:27:14+00:00\",\"author\":{\"@id\":\"https:\\\/\\\/akunq.net\\\/tr\\\/#\\\/schema\\\/person\\\/096f1d38a12cce57fb855b485ed24c9e\"},\"breadcrumb\":{\"@id\":\"https:\\\/\\\/akunq.net\\\/tr\\\/?p=27156#breadcrumb\"},\"inLanguage\":\"en-US\",\"potentialAction\":[{\"@type\":\"ReadAction\",\"target\":[\"https:\\\/\\\/akunq.net\\\/tr\\\/?p=27156\"]}]},{\"@type\":\"BreadcrumbList\",\"@id\":\"https:\\\/\\\/akunq.net\\\/tr\\\/?p=27156#breadcrumb\",\"itemListElement\":[{\"@type\":\"ListItem\",\"position\":1,\"name\":\"Home\",\"item\":\"https:\\\/\\\/akunq.net\\\/tr\"},{\"@type\":\"ListItem\",\"position\":2,\"name\":\"Meclis B\u015fk. Yard. (DKC\u2019nin iki reyondan \u00e7ekilmesine ili\u015fkin): Gene ayn\u0131 \u00abSabah\u00bb, gene ayn\u0131 tek ad\u0131m ve \u00f6ng\u00f6r\u00fcs\u00fcz T\u00fcrk hamlesi\"}]},{\"@type\":\"WebSite\",\"@id\":\"https:\\\/\\\/akunq.net\\\/tr\\\/#website\",\"url\":\"https:\\\/\\\/akunq.net\\\/tr\\\/\",\"name\":\"Bati Ermenistan Ve Bati Ermenileri Sorunlari Ara\u015ftirmalar Merkezi\",\"description\":\"\",\"potentialAction\":[{\"@type\":\"SearchAction\",\"target\":{\"@type\":\"EntryPoint\",\"urlTemplate\":\"https:\\\/\\\/akunq.net\\\/tr\\\/?s={search_term_string}\"},\"query-input\":{\"@type\":\"PropertyValueSpecification\",\"valueRequired\":true,\"valueName\":\"search_term_string\"}}],\"inLanguage\":\"en-US\"},{\"@type\":\"Person\",\"@id\":\"https:\\\/\\\/akunq.net\\\/tr\\\/#\\\/schema\\\/person\\\/096f1d38a12cce57fb855b485ed24c9e\",\"name\":\"admin\",\"url\":\"https:\\\/\\\/akunq.net\\\/tr\\\/?author=7\"}]}<\/script>\n<!-- \/ Yoast SEO plugin. -->","yoast_head_json":{"title":"Meclis B\u015fk. Yard. (DKC\u2019nin iki reyondan \u00e7ekilmesine ili\u015fkin): Gene ayn\u0131 \u00abSabah\u00bb, gene ayn\u0131 tek ad\u0131m ve \u00f6ng\u00f6r\u00fcs\u00fcz T\u00fcrk hamlesi - Bati Ermenistan Ve Bati Ermenileri Sorunlari Ara\u015ftirmalar Merkezi","robots":{"index":"index","follow":"follow","max-snippet":"max-snippet:-1","max-image-preview":"max-image-preview:large","max-video-preview":"max-video-preview:-1"},"canonical":"https:\/\/akunq.net\/tr\/?p=27156","og_locale":"en_US","og_type":"article","og_title":"Meclis B\u015fk. Yard. (DKC\u2019nin iki reyondan \u00e7ekilmesine ili\u015fkin): Gene ayn\u0131 \u00abSabah\u00bb, gene ayn\u0131 tek ad\u0131m ve \u00f6ng\u00f6r\u00fcs\u00fcz T\u00fcrk hamlesi - Bati Ermenistan Ve Bati Ermenileri Sorunlari Ara\u015ftirmalar Merkezi","og_description":"Gene ayn\u0131 \u00abSabah\u00bb, gene ayn\u0131 diplomatik kaynaklar, gene ayn\u0131 tek ad\u0131m ve \u00f6ng\u00f6r\u00fcs\u00fcz T\u00fcrk hamlesi. Ermenistan Millet Meclisi B\u015fk. Yard. Eduard \u015earmazanov\u2019un T\u00fcrkiye\u2019de yay\u0131mlanan \u00abSabah\u00bb gazetesindeki, Da\u011fl\u0131k Karaba\u011f Cumhuriyeti (DKC) iki reyonundan Ermeni kuvvetlerinin \u00e7ekilmesine ili\u015fkin habere tepkisi i\u015fte b\u00f6yle oldu. Meclis B\u015fk. Yard. Eduard \u015earmazanov \u015funlar\u0131 belirtti: \u201cT\u00fcrk-Azeri ikilisinin arzular\u0131n\u0131, bir diplomatik kayna\u011f\u0131 referans [&hellip;]","og_url":"https:\/\/akunq.net\/tr\/?p=27156","og_site_name":"Bati Ermenistan Ve Bati Ermenileri Sorunlari Ara\u015ftirmalar Merkezi","article_published_time":"2013-11-29T06:27:14+00:00","author":"admin","twitter_card":"summary_large_image","twitter_misc":{"Written by":"admin","Est. reading time":"1 minute"},"schema":{"@context":"https:\/\/schema.org","@graph":[{"@type":"Article","@id":"https:\/\/akunq.net\/tr\/?p=27156#article","isPartOf":{"@id":"https:\/\/akunq.net\/tr\/?p=27156"},"author":{"name":"admin","@id":"https:\/\/akunq.net\/tr\/#\/schema\/person\/096f1d38a12cce57fb855b485ed24c9e"},"headline":"Meclis B\u015fk. Yard. (DKC\u2019nin iki reyondan \u00e7ekilmesine ili\u015fkin): Gene ayn\u0131 \u00abSabah\u00bb, gene ayn\u0131 tek ad\u0131m ve \u00f6ng\u00f6r\u00fcs\u00fcz T\u00fcrk hamlesi","datePublished":"2013-11-29T06:27:14+00:00","mainEntityOfPage":{"@id":"https:\/\/akunq.net\/tr\/?p=27156"},"wordCount":219,"commentCount":0,"articleSection":["Haberler"],"inLanguage":"en-US","potentialAction":[{"@type":"CommentAction","name":"Comment","target":["https:\/\/akunq.net\/tr\/?p=27156#respond"]}]},{"@type":"WebPage","@id":"https:\/\/akunq.net\/tr\/?p=27156","url":"https:\/\/akunq.net\/tr\/?p=27156","name":"Meclis B\u015fk. Yard. (DKC\u2019nin iki reyondan \u00e7ekilmesine ili\u015fkin): Gene ayn\u0131 \u00abSabah\u00bb, gene ayn\u0131 tek ad\u0131m ve \u00f6ng\u00f6r\u00fcs\u00fcz T\u00fcrk hamlesi - Bati Ermenistan Ve Bati Ermenileri Sorunlari Ara\u015ftirmalar Merkezi","isPartOf":{"@id":"https:\/\/akunq.net\/tr\/#website"},"datePublished":"2013-11-29T06:27:14+00:00","author":{"@id":"https:\/\/akunq.net\/tr\/#\/schema\/person\/096f1d38a12cce57fb855b485ed24c9e"},"breadcrumb":{"@id":"https:\/\/akunq.net\/tr\/?p=27156#breadcrumb"},"inLanguage":"en-US","potentialAction":[{"@type":"ReadAction","target":["https:\/\/akunq.net\/tr\/?p=27156"]}]},{"@type":"BreadcrumbList","@id":"https:\/\/akunq.net\/tr\/?p=27156#breadcrumb","itemListElement":[{"@type":"ListItem","position":1,"name":"Home","item":"https:\/\/akunq.net\/tr"},{"@type":"ListItem","position":2,"name":"Meclis B\u015fk. Yard. (DKC\u2019nin iki reyondan \u00e7ekilmesine ili\u015fkin): Gene ayn\u0131 \u00abSabah\u00bb, gene ayn\u0131 tek ad\u0131m ve \u00f6ng\u00f6r\u00fcs\u00fcz T\u00fcrk hamlesi"}]},{"@type":"WebSite","@id":"https:\/\/akunq.net\/tr\/#website","url":"https:\/\/akunq.net\/tr\/","name":"Bati Ermenistan Ve Bati Ermenileri Sorunlari Ara\u015ftirmalar Merkezi","description":"","potentialAction":[{"@type":"SearchAction","target":{"@type":"EntryPoint","urlTemplate":"https:\/\/akunq.net\/tr\/?s={search_term_string}"},"query-input":{"@type":"PropertyValueSpecification","valueRequired":true,"valueName":"search_term_string"}}],"inLanguage":"en-US"},{"@type":"Person","@id":"https:\/\/akunq.net\/tr\/#\/schema\/person\/096f1d38a12cce57fb855b485ed24c9e","name":"admin","url":"https:\/\/akunq.net\/tr\/?author=7"}]}},"_links":{"self":[{"href":"https:\/\/akunq.net\/tr\/index.php?rest_route=\/wp\/v2\/posts\/27156","targetHints":{"allow":["GET"]}}],"collection":[{"href":"https:\/\/akunq.net\/tr\/index.php?rest_route=\/wp\/v2\/posts"}],"about":[{"href":"https:\/\/akunq.net\/tr\/index.php?rest_route=\/wp\/v2\/types\/post"}],"author":[{"embeddable":true,"href":"https:\/\/akunq.net\/tr\/index.php?rest_route=\/wp\/v2\/users\/7"}],"replies":[{"embeddable":true,"href":"https:\/\/akunq.net\/tr\/index.php?rest_route=%2Fwp%2Fv2%2Fcomments&post=27156"}],"version-history":[{"count":1,"href":"https:\/\/akunq.net\/tr\/index.php?rest_route=\/wp\/v2\/posts\/27156\/revisions"}],"predecessor-version":[{"id":27158,"href":"https:\/\/akunq.net\/tr\/index.php?rest_route=\/wp\/v2\/posts\/27156\/revisions\/27158"}],"wp:attachment":[{"href":"https:\/\/akunq.net\/tr\/index.php?rest_route=%2Fwp%2Fv2%2Fmedia&parent=27156"}],"wp:term":[{"taxonomy":"category","embeddable":true,"href":"https:\/\/akunq.net\/tr\/index.php?rest_route=%2Fwp%2Fv2%2Fcategories&post=27156"},{"taxonomy":"post_tag","embeddable":true,"href":"https:\/\/akunq.net\/tr\/index.php?rest_route=%2Fwp%2Fv2%2Ftags&post=27156"}],"curies":[{"name":"wp","href":"https:\/\/api.w.org\/{rel}","templated":true}]}}