{"id":27153,"date":"2013-11-28T04:55:36","date_gmt":"2013-11-28T09:55:36","guid":{"rendered":"http:\/\/akunq.net\/tr\/?p=27153"},"modified":"2013-11-28T04:55:36","modified_gmt":"2013-11-28T09:55:36","slug":"ermenistanla-iliskilerde-surpriz-cekilme-basliyor","status":"publish","type":"post","link":"https:\/\/akunq.net\/tr\/?p=27153","title":{"rendered":"Ermenistan&#8217;la ili\u015fkilerde s\u00fcrpriz: \u00c7ekilme ba\u015fl\u0131yor"},"content":{"rendered":"<p style=\"text-align: justify;\"><a href=\"http:\/\/akunq.net\/tr\/wp-content\/uploads\/2013\/11\/Ahmet-Davuto\u011flu.jpg\"><img loading=\"lazy\" decoding=\"async\" class=\"alignright size-full wp-image-27154\" alt=\"Ahmet Davuto\u011flu\" src=\"http:\/\/akunq.net\/tr\/wp-content\/uploads\/2013\/11\/Ahmet-Davuto\u011flu.jpg\" width=\"200\" height=\"200\" srcset=\"https:\/\/akunq.net\/tr\/wp-content\/uploads\/sites\/6\/2013\/11\/Ahmet-Davuto\u011flu.jpg 200w, https:\/\/akunq.net\/tr\/wp-content\/uploads\/sites\/6\/2013\/11\/Ahmet-Davuto\u011flu-150x150.jpg 150w\" sizes=\"auto, (max-width: 200px) 100vw, 200px\" \/><\/a>D\u0131\u015fi\u015fleriBakan\u0131 Ahmet Davuto\u011flu&#8217;nun T\u00fcrkiye- Ermenistan ili\u015fkilerine ili\u015fkin &#8220;Baz\u0131 yarat\u0131c\u0131 fikirler, yeni d\u00fc\u015f\u00fcncelerle bunu geli\u015ftirmeye, mesafe almaya \u00e7al\u0131\u015f\u0131yoruz&#8221; mesaj\u0131n\u0131n detaylar\u0131na SABAH ula\u015ft\u0131. Ankara, Davuto\u011flu&#8217;nun ABD temaslar\u0131 ve Ba\u015fbakan&#8217;\u0131n Erdo\u011fan&#8217;\u0131n Putin&#8217;le g\u00f6r\u00fc\u015fmesinde de g\u00fcndeme gelen Kafkaslar&#8217;daki bar\u0131\u015f \u00e7\u00f6z\u00fcm\u00fc i\u00e7in yeni yol haritas\u0131 haz\u0131rlad\u0131. Ermenistan h\u00fck\u00fcmeti, Azerbaycan ile aras\u0131nda kronik bir sorun olan Da\u011fl\u0131k Karaba\u011f&#8217;daki iki reyondan \u00e7ekilmeyi s\u00f6zl\u00fc olarak kabul etti, T\u00fcrkiye ise Ermenistan&#8217;dan resmi a\u00e7\u0131klama yapmas\u0131n\u0131 istedi. &#8220;Reyonlardan \u00e7ekilece\u011fiz&#8221; a\u00e7\u0131klamas\u0131n\u0131n gelmesi halinde, Davuto\u011flu 12 Aral\u0131k&#8217;ta Karadeniz Ekonomik \u0130\u015fbirli\u011fi toplant\u0131s\u0131 i\u00e7in Erivan&#8217;a gidecek. Diplomatik kaynaklar, Azerbaycan&#8217;\u0131n zengin enerji kaynaklar\u0131 ile b\u00fcy\u00fck kalk\u0131nma i\u00e7inde oldu\u011funu buna kar\u015f\u0131n Ermenistan&#8217;\u0131n kaybetti\u011fini belirterek, &#8220;Bu k\u00f6rd\u00fc\u011f\u00fcm\u00fc bir yerden a\u015fmak, bunun i\u00e7in de bir oyun de\u011fi\u015ftirici bulmak laz\u0131m. Bir ad\u0131m at\u0131l\u0131r, yedi reyonun ikisinden \u00e7ekilir. Bunun kar\u015f\u0131l\u0131\u011f\u0131nda da Azerbaycan-T\u00fcrkiye ile ili\u015fkileri a\u00e7\u0131l\u0131r&#8221; yorumunu yapt\u0131.<br \/>\n<b><br \/>\nS\u00dcRE SORUNU <\/b><br \/>\nTaraflar 2010&#8217;da \u00e7ekilmede ilkesel olarak anla\u015fm\u0131\u015ft\u0131. Ermenistan 1992&#8217;den bu yana elinde tuttu\u011fu Kelbecer ve La\u00e7in reyonlar\u0131ndan 10 y\u0131l i\u00e7erisinde \u00e7ekilece\u011fini belirtmi\u015f, Azerbaycan bir y\u0131lda \u00e7ekilme istemi\u015fti. G\u00fcncellenen \u00f6nerilerle Erivan s\u00fcreyi yedi y\u0131la indirmi\u015f, Azerbaycan \u00fc\u00e7 y\u0131la \u00e7\u0131karm\u0131\u015ft\u0131.<\/p>\n<p><b><i>http:\/\/www.sabah.com.tr\/Gundem\/2013\/11\/28\/ermenistanla-iliskilerde-surpriz-cekilme-basliyor#<\/i><\/b><\/p>\n","protected":false},"excerpt":{"rendered":"<p>D\u0131\u015fi\u015fleriBakan\u0131 Ahmet Davuto\u011flu&#8217;nun T\u00fcrkiye- Ermenistan ili\u015fkilerine ili\u015fkin &#8220;Baz\u0131 yarat\u0131c\u0131 fikirler, yeni d\u00fc\u015f\u00fcncelerle bunu geli\u015ftirmeye, mesafe almaya \u00e7al\u0131\u015f\u0131yoruz&#8221; mesaj\u0131n\u0131n detaylar\u0131na SABAH ula\u015ft\u0131. Ankara, Davuto\u011flu&#8217;nun ABD temaslar\u0131 ve Ba\u015fbakan&#8217;\u0131n Erdo\u011fan&#8217;\u0131n Putin&#8217;le g\u00f6r\u00fc\u015fmesinde de g\u00fcndeme gelen Kafkaslar&#8217;daki bar\u0131\u015f \u00e7\u00f6z\u00fcm\u00fc i\u00e7in yeni yol haritas\u0131 haz\u0131rlad\u0131. Ermenistan h\u00fck\u00fcmeti, Azerbaycan ile aras\u0131nda kronik bir sorun olan Da\u011fl\u0131k Karaba\u011f&#8217;daki iki reyondan \u00e7ekilmeyi [&hellip;]<\/p>\n","protected":false},"author":7,"featured_media":0,"comment_status":"open","ping_status":"open","sticky":false,"template":"","format":"standard","meta":{"footnotes":""},"categories":[1],"tags":[],"class_list":["post-27153","post","type-post","status-publish","format-standard","hentry","category-haberler"],"yoast_head":"<!-- This site is optimized with the Yoast SEO plugin v27.4 - https:\/\/yoast.com\/product\/yoast-seo-wordpress\/ -->\n<title>Ermenistan&#039;la ili\u015fkilerde s\u00fcrpriz: \u00c7ekilme ba\u015fl\u0131yor - Bati Ermenistan Ve Bati Ermenileri Sorunlari Ara\u015ftirmalar Merkezi<\/title>\n<meta name=\"robots\" content=\"index, follow, max-snippet:-1, max-image-preview:large, max-video-preview:-1\" \/>\n<link rel=\"canonical\" href=\"https:\/\/akunq.net\/tr\/?p=27153\" \/>\n<meta property=\"og:locale\" content=\"en_US\" \/>\n<meta property=\"og:type\" content=\"article\" \/>\n<meta property=\"og:title\" content=\"Ermenistan&#039;la ili\u015fkilerde s\u00fcrpriz: \u00c7ekilme ba\u015fl\u0131yor - Bati Ermenistan Ve Bati Ermenileri Sorunlari Ara\u015ftirmalar Merkezi\" \/>\n<meta property=\"og:description\" content=\"D\u0131\u015fi\u015fleriBakan\u0131 Ahmet Davuto\u011flu&#8217;nun T\u00fcrkiye- Ermenistan ili\u015fkilerine ili\u015fkin &#8220;Baz\u0131 yarat\u0131c\u0131 fikirler, yeni d\u00fc\u015f\u00fcncelerle bunu geli\u015ftirmeye, mesafe almaya \u00e7al\u0131\u015f\u0131yoruz&#8221; mesaj\u0131n\u0131n detaylar\u0131na SABAH ula\u015ft\u0131. Ankara, Davuto\u011flu&#8217;nun ABD temaslar\u0131 ve Ba\u015fbakan&#8217;\u0131n Erdo\u011fan&#8217;\u0131n Putin&#8217;le g\u00f6r\u00fc\u015fmesinde de g\u00fcndeme gelen Kafkaslar&#8217;daki bar\u0131\u015f \u00e7\u00f6z\u00fcm\u00fc i\u00e7in yeni yol haritas\u0131 haz\u0131rlad\u0131. Ermenistan h\u00fck\u00fcmeti, Azerbaycan ile aras\u0131nda kronik bir sorun olan Da\u011fl\u0131k Karaba\u011f&#8217;daki iki reyondan \u00e7ekilmeyi [&hellip;]\" \/>\n<meta property=\"og:url\" content=\"https:\/\/akunq.net\/tr\/?p=27153\" \/>\n<meta property=\"og:site_name\" content=\"Bati Ermenistan Ve Bati Ermenileri Sorunlari Ara\u015ftirmalar Merkezi\" \/>\n<meta property=\"article:published_time\" content=\"2013-11-28T09:55:36+00:00\" \/>\n<meta name=\"author\" content=\"admin\" \/>\n<meta name=\"twitter:card\" content=\"summary_large_image\" \/>\n<meta name=\"twitter:label1\" content=\"Written by\" \/>\n\t<meta name=\"twitter:data1\" content=\"admin\" \/>\n\t<meta name=\"twitter:label2\" content=\"Est. reading time\" \/>\n\t<meta name=\"twitter:data2\" content=\"1 minute\" \/>\n<script type=\"application\/ld+json\" class=\"yoast-schema-graph\">{\"@context\":\"https:\\\/\\\/schema.org\",\"@graph\":[{\"@type\":\"Article\",\"@id\":\"https:\\\/\\\/akunq.net\\\/tr\\\/?p=27153#article\",\"isPartOf\":{\"@id\":\"https:\\\/\\\/akunq.net\\\/tr\\\/?p=27153\"},\"author\":{\"name\":\"admin\",\"@id\":\"https:\\\/\\\/akunq.net\\\/tr\\\/#\\\/schema\\\/person\\\/096f1d38a12cce57fb855b485ed24c9e\"},\"headline\":\"Ermenistan&#8217;la ili\u015fkilerde s\u00fcrpriz: \u00c7ekilme ba\u015fl\u0131yor\",\"datePublished\":\"2013-11-28T09:55:36+00:00\",\"mainEntityOfPage\":{\"@id\":\"https:\\\/\\\/akunq.net\\\/tr\\\/?p=27153\"},\"wordCount\":263,\"commentCount\":0,\"articleSection\":[\"Haberler\"],\"inLanguage\":\"en-US\",\"potentialAction\":[{\"@type\":\"CommentAction\",\"name\":\"Comment\",\"target\":[\"https:\\\/\\\/akunq.net\\\/tr\\\/?p=27153#respond\"]}]},{\"@type\":\"WebPage\",\"@id\":\"https:\\\/\\\/akunq.net\\\/tr\\\/?p=27153\",\"url\":\"https:\\\/\\\/akunq.net\\\/tr\\\/?p=27153\",\"name\":\"Ermenistan'la ili\u015fkilerde s\u00fcrpriz: \u00c7ekilme ba\u015fl\u0131yor - Bati Ermenistan Ve Bati Ermenileri Sorunlari Ara\u015ftirmalar Merkezi\",\"isPartOf\":{\"@id\":\"https:\\\/\\\/akunq.net\\\/tr\\\/#website\"},\"datePublished\":\"2013-11-28T09:55:36+00:00\",\"author\":{\"@id\":\"https:\\\/\\\/akunq.net\\\/tr\\\/#\\\/schema\\\/person\\\/096f1d38a12cce57fb855b485ed24c9e\"},\"breadcrumb\":{\"@id\":\"https:\\\/\\\/akunq.net\\\/tr\\\/?p=27153#breadcrumb\"},\"inLanguage\":\"en-US\",\"potentialAction\":[{\"@type\":\"ReadAction\",\"target\":[\"https:\\\/\\\/akunq.net\\\/tr\\\/?p=27153\"]}]},{\"@type\":\"BreadcrumbList\",\"@id\":\"https:\\\/\\\/akunq.net\\\/tr\\\/?p=27153#breadcrumb\",\"itemListElement\":[{\"@type\":\"ListItem\",\"position\":1,\"name\":\"Home\",\"item\":\"https:\\\/\\\/akunq.net\\\/tr\"},{\"@type\":\"ListItem\",\"position\":2,\"name\":\"Ermenistan&#8217;la ili\u015fkilerde s\u00fcrpriz: \u00c7ekilme ba\u015fl\u0131yor\"}]},{\"@type\":\"WebSite\",\"@id\":\"https:\\\/\\\/akunq.net\\\/tr\\\/#website\",\"url\":\"https:\\\/\\\/akunq.net\\\/tr\\\/\",\"name\":\"Bati Ermenistan Ve Bati Ermenileri Sorunlari Ara\u015ftirmalar Merkezi\",\"description\":\"\",\"potentialAction\":[{\"@type\":\"SearchAction\",\"target\":{\"@type\":\"EntryPoint\",\"urlTemplate\":\"https:\\\/\\\/akunq.net\\\/tr\\\/?s={search_term_string}\"},\"query-input\":{\"@type\":\"PropertyValueSpecification\",\"valueRequired\":true,\"valueName\":\"search_term_string\"}}],\"inLanguage\":\"en-US\"},{\"@type\":\"Person\",\"@id\":\"https:\\\/\\\/akunq.net\\\/tr\\\/#\\\/schema\\\/person\\\/096f1d38a12cce57fb855b485ed24c9e\",\"name\":\"admin\",\"url\":\"https:\\\/\\\/akunq.net\\\/tr\\\/?author=7\"}]}<\/script>\n<!-- \/ Yoast SEO plugin. -->","yoast_head_json":{"title":"Ermenistan'la ili\u015fkilerde s\u00fcrpriz: \u00c7ekilme ba\u015fl\u0131yor - Bati Ermenistan Ve Bati Ermenileri Sorunlari Ara\u015ftirmalar Merkezi","robots":{"index":"index","follow":"follow","max-snippet":"max-snippet:-1","max-image-preview":"max-image-preview:large","max-video-preview":"max-video-preview:-1"},"canonical":"https:\/\/akunq.net\/tr\/?p=27153","og_locale":"en_US","og_type":"article","og_title":"Ermenistan'la ili\u015fkilerde s\u00fcrpriz: \u00c7ekilme ba\u015fl\u0131yor - Bati Ermenistan Ve Bati Ermenileri Sorunlari Ara\u015ftirmalar Merkezi","og_description":"D\u0131\u015fi\u015fleriBakan\u0131 Ahmet Davuto\u011flu&#8217;nun T\u00fcrkiye- Ermenistan ili\u015fkilerine ili\u015fkin &#8220;Baz\u0131 yarat\u0131c\u0131 fikirler, yeni d\u00fc\u015f\u00fcncelerle bunu geli\u015ftirmeye, mesafe almaya \u00e7al\u0131\u015f\u0131yoruz&#8221; mesaj\u0131n\u0131n detaylar\u0131na SABAH ula\u015ft\u0131. Ankara, Davuto\u011flu&#8217;nun ABD temaslar\u0131 ve Ba\u015fbakan&#8217;\u0131n Erdo\u011fan&#8217;\u0131n Putin&#8217;le g\u00f6r\u00fc\u015fmesinde de g\u00fcndeme gelen Kafkaslar&#8217;daki bar\u0131\u015f \u00e7\u00f6z\u00fcm\u00fc i\u00e7in yeni yol haritas\u0131 haz\u0131rlad\u0131. Ermenistan h\u00fck\u00fcmeti, Azerbaycan ile aras\u0131nda kronik bir sorun olan Da\u011fl\u0131k Karaba\u011f&#8217;daki iki reyondan \u00e7ekilmeyi [&hellip;]","og_url":"https:\/\/akunq.net\/tr\/?p=27153","og_site_name":"Bati Ermenistan Ve Bati Ermenileri Sorunlari Ara\u015ftirmalar Merkezi","article_published_time":"2013-11-28T09:55:36+00:00","author":"admin","twitter_card":"summary_large_image","twitter_misc":{"Written by":"admin","Est. reading time":"1 minute"},"schema":{"@context":"https:\/\/schema.org","@graph":[{"@type":"Article","@id":"https:\/\/akunq.net\/tr\/?p=27153#article","isPartOf":{"@id":"https:\/\/akunq.net\/tr\/?p=27153"},"author":{"name":"admin","@id":"https:\/\/akunq.net\/tr\/#\/schema\/person\/096f1d38a12cce57fb855b485ed24c9e"},"headline":"Ermenistan&#8217;la ili\u015fkilerde s\u00fcrpriz: \u00c7ekilme ba\u015fl\u0131yor","datePublished":"2013-11-28T09:55:36+00:00","mainEntityOfPage":{"@id":"https:\/\/akunq.net\/tr\/?p=27153"},"wordCount":263,"commentCount":0,"articleSection":["Haberler"],"inLanguage":"en-US","potentialAction":[{"@type":"CommentAction","name":"Comment","target":["https:\/\/akunq.net\/tr\/?p=27153#respond"]}]},{"@type":"WebPage","@id":"https:\/\/akunq.net\/tr\/?p=27153","url":"https:\/\/akunq.net\/tr\/?p=27153","name":"Ermenistan'la ili\u015fkilerde s\u00fcrpriz: \u00c7ekilme ba\u015fl\u0131yor - Bati Ermenistan Ve Bati Ermenileri Sorunlari Ara\u015ftirmalar Merkezi","isPartOf":{"@id":"https:\/\/akunq.net\/tr\/#website"},"datePublished":"2013-11-28T09:55:36+00:00","author":{"@id":"https:\/\/akunq.net\/tr\/#\/schema\/person\/096f1d38a12cce57fb855b485ed24c9e"},"breadcrumb":{"@id":"https:\/\/akunq.net\/tr\/?p=27153#breadcrumb"},"inLanguage":"en-US","potentialAction":[{"@type":"ReadAction","target":["https:\/\/akunq.net\/tr\/?p=27153"]}]},{"@type":"BreadcrumbList","@id":"https:\/\/akunq.net\/tr\/?p=27153#breadcrumb","itemListElement":[{"@type":"ListItem","position":1,"name":"Home","item":"https:\/\/akunq.net\/tr"},{"@type":"ListItem","position":2,"name":"Ermenistan&#8217;la ili\u015fkilerde s\u00fcrpriz: \u00c7ekilme ba\u015fl\u0131yor"}]},{"@type":"WebSite","@id":"https:\/\/akunq.net\/tr\/#website","url":"https:\/\/akunq.net\/tr\/","name":"Bati Ermenistan Ve Bati Ermenileri Sorunlari Ara\u015ftirmalar Merkezi","description":"","potentialAction":[{"@type":"SearchAction","target":{"@type":"EntryPoint","urlTemplate":"https:\/\/akunq.net\/tr\/?s={search_term_string}"},"query-input":{"@type":"PropertyValueSpecification","valueRequired":true,"valueName":"search_term_string"}}],"inLanguage":"en-US"},{"@type":"Person","@id":"https:\/\/akunq.net\/tr\/#\/schema\/person\/096f1d38a12cce57fb855b485ed24c9e","name":"admin","url":"https:\/\/akunq.net\/tr\/?author=7"}]}},"_links":{"self":[{"href":"https:\/\/akunq.net\/tr\/index.php?rest_route=\/wp\/v2\/posts\/27153","targetHints":{"allow":["GET"]}}],"collection":[{"href":"https:\/\/akunq.net\/tr\/index.php?rest_route=\/wp\/v2\/posts"}],"about":[{"href":"https:\/\/akunq.net\/tr\/index.php?rest_route=\/wp\/v2\/types\/post"}],"author":[{"embeddable":true,"href":"https:\/\/akunq.net\/tr\/index.php?rest_route=\/wp\/v2\/users\/7"}],"replies":[{"embeddable":true,"href":"https:\/\/akunq.net\/tr\/index.php?rest_route=%2Fwp%2Fv2%2Fcomments&post=27153"}],"version-history":[{"count":1,"href":"https:\/\/akunq.net\/tr\/index.php?rest_route=\/wp\/v2\/posts\/27153\/revisions"}],"predecessor-version":[{"id":27155,"href":"https:\/\/akunq.net\/tr\/index.php?rest_route=\/wp\/v2\/posts\/27153\/revisions\/27155"}],"wp:attachment":[{"href":"https:\/\/akunq.net\/tr\/index.php?rest_route=%2Fwp%2Fv2%2Fmedia&parent=27153"}],"wp:term":[{"taxonomy":"category","embeddable":true,"href":"https:\/\/akunq.net\/tr\/index.php?rest_route=%2Fwp%2Fv2%2Fcategories&post=27153"},{"taxonomy":"post_tag","embeddable":true,"href":"https:\/\/akunq.net\/tr\/index.php?rest_route=%2Fwp%2Fv2%2Ftags&post=27153"}],"curies":[{"name":"wp","href":"https:\/\/api.w.org\/{rel}","templated":true}]}}