{"id":27145,"date":"2013-11-28T02:42:03","date_gmt":"2013-11-28T07:42:03","guid":{"rendered":"http:\/\/akunq.net\/tr\/?p=27145"},"modified":"2013-11-28T02:42:03","modified_gmt":"2013-11-28T07:42:03","slug":"kayseride-cemevi-camii-ve-ermeni-mezari-yanyana","status":"publish","type":"post","link":"https:\/\/akunq.net\/tr\/?p=27145","title":{"rendered":"Kayseri\u2019de Cemevi, Camii ve Ermeni Mezar\u0131 Yanyana"},"content":{"rendered":"<p style=\"text-align: justify;\"><em><strong><a href=\"http:\/\/akunq.net\/tr\/wp-content\/uploads\/2013\/11\/\u057b\u0565\u0574\u0587\u056b.jpg\"><img loading=\"lazy\" decoding=\"async\" class=\"alignright size-full wp-image-27146\" alt=\"\u057b\u0565\u0574\u0587\u056b\" src=\"http:\/\/akunq.net\/tr\/wp-content\/uploads\/2013\/11\/\u057b\u0565\u0574\u0587\u056b.jpg\" width=\"268\" height=\"179\" \/><\/a>KAYSER\u0130 Hac\u0131 Bekta\u015fi Veli K\u00fclt\u00fcr\u00fcn\u00fc Ara\u015ft\u0131rma Ya\u015fatma Derne\u011fi ve Vakf\u0131 Ba\u015fkan\u0131 Feyzullah Keskin, T\u00fcrkiye\u2019nin en b\u00fcy\u00fck cemevinin yakla\u015f\u0131k bir ay sonra hizmete haz\u0131r hale gelece\u011fini belirtti. Keskin, a\u00e7\u0131l\u0131\u015fa Cumhurba\u015fkan\u0131 Abdullah G\u00fcl ba\u015fta olmak \u00fczere t\u00fcm siyasi partilerin genel ba\u015fkanlar\u0131n\u0131 davet edeceklerini de belirterek, &#8220;Cemevinin yan\u0131nda Ermeni mezarl\u0131\u011f\u0131 ve 100 metre yak\u0131n\u0131nda da camii var. Demek ki art niyet olmadan \u00e7\u0131k\u0131lan yolda ho\u015fg\u00f6r\u00fc de beraberinde geliyor\u2019\u2019 dedi.<\/strong><\/em><br \/>\nKayseri Battalgazi Mahallesi\u2019nde yap\u0131m\u0131na 2007 y\u0131l\u0131nda ba\u015flanan ve maddi imk\u00e2ns\u0131zl\u0131klar nedeniyle de bir t\u00fcrl\u00fc tamamlanamayan cemevi in\u015faat\u0131nda, mutlu sona yakla\u015f\u0131l\u0131yor. Toplam 4 bin 160 metrekare alan i\u00e7erisinde 3 katl\u0131 olarak in\u015faat\u0131 devam eden cemevi hakk\u0131nda bilgi veren Kayseri Hac\u0131 Bekta\u015fi Veli K\u00fclt\u00fcr\u00fcn\u00fc Ara\u015ft\u0131rma Ya\u015fatma Derne\u011fi ve Vakf\u0131 Ba\u015fkan\u0131 Feyzullah Keskin, 7 y\u0131l boyunca devam eden in\u015faat\u0131n 1 ay sonra tamamlanaca\u011f\u0131n\u0131 ve cemevinin hizmete haz\u0131r hale gelece\u011fini dile getirdi. T\u00fcm in\u015faat \u00e7al\u0131\u015fmalar\u0131n\u0131n bitmesinin ard\u0131ndan ortaya \u00e7\u0131kacak olan cemevinin T\u00fcrkiye\u2019nin yaln\u0131zca en b\u00fcy\u00fck de\u011fil, ayn\u0131 zamanda en kullan\u0131\u015fl\u0131 cemevi olaca\u011f\u0131n\u0131 da iddia eden Keskin, &#8220;Mimarisi ile dikkat \u00e7eken \u00e7ok ama\u00e7l\u0131 bir cemevi ortaya \u00e7\u0131kacak. Ne yaz\u0131k ki son iki 2 sene maddi s\u0131k\u0131nt\u0131lar nedeniyle in\u015faat durmu\u015ftu. Arkada\u015flar\u0131m\u0131zla birlikte Mart ay\u0131nda g\u00f6reve geldikten sonra \u00f6nceki arkada\u015flar\u0131m\u0131z\u0131n kald\u0131\u011f\u0131 yerden \u00e7al\u0131\u015fmalara devam ettik ve in\u015faat\u0131 1 ayda bitecek seviyeye getirdik\u2019\u2019 dedi.<\/p>\n<p style=\"text-align: justify;\"><strong>E\u011e\u0130T\u0130M VE DANI\u015eMANLIK FAAL\u0130YETLER\u0130 DE OLACAK<\/strong><br \/>\nCemevinde cenaze i\u015flerinin ve kurban kesiminin yap\u0131laca\u011f\u0131 yerlerin yan\u0131 s\u0131ra 800 ki\u015filik konferans ile 1000 ki\u015filik \u00e7ok ama\u00e7l\u0131 salonlar\u0131n, 800 ki\u015filik cem salonunun, \u00f6zellikle \u00f6\u011frencilere bar\u0131nma konusunda hizmet verecek olan misafirhanelerin, e\u011fitim dersliklerinin, farkl\u0131 hizmet odalar\u0131n\u0131n yer alaca\u011f\u0131n\u0131 ifade eden Keskin, &#8220;Cemevi i\u00e7erisinde psikolojik dan\u0131\u015fmanl\u0131k, ailelere \u00f6zel dan\u0131\u015fmanl\u0131k ve gen\u00e7lere y\u00f6nelik faaliyetlerimiz olacak. Buras\u0131 \u00e7ok ama\u00e7l\u0131, kullan\u0131\u015fl\u0131 ve ya\u015fayan bir alan olacak\u2019\u2019 diye konu\u015ftu. Keskin, in\u015faat\u0131n bitiminin k\u0131\u015f ay\u0131na denk geldi\u011fini ancak resmi a\u00e7\u0131l\u0131\u015f\u0131 ise Nisan ya da May\u0131s ay\u0131 i\u00e7erisinde yapmay\u0131 planlad\u0131klar\u0131n\u0131 anlatt\u0131.<\/p>\n<p style=\"text-align: justify;\"><strong>CEMEV\u0130, ERMEN\u0130 MEZARLI\u011eI VE CAM\u0130\u0130 B\u0130RARADA<\/strong><br \/>\nCemevinin tamamlanmas\u0131 ile birlikte b\u00f6lgede ho\u015f g\u00f6r\u00fcn\u00fcn ve karde\u015fli\u011fin en do\u011fal \u015fekilde ve art niyet i\u00e7eren d\u00fc\u015f\u00fcnceler olmadan ortaya \u00e7\u0131kaca\u011f\u0131n\u0131 da vurgulayan Keskin, \u015funlar\u0131 s\u00f6yledi:<br \/>\n&#8220;Cemevi in\u015faat\u0131n\u0131n sa\u011f taraf\u0131nda Ermeni mezarl\u0131\u011f\u0131 var. Bunun yan\u0131nda hemen 100 metre ilerisinde de cami var. Bu durumda g\u00f6steriyor ki baz\u0131lar\u0131n\u0131n art niyetli planlar\u0131na ra\u011fmen art niyetsiz ve samimi bir \u015fekilde \u00e7\u0131k\u0131lan yolda ho\u015fg\u00f6r\u00fc de karde\u015flik de beraberinde geliyor. Bu cemevi de Kayseri\u2019ye yak\u0131\u015f\u0131r \u015fekilde karde\u015fli\u011fi temsil edecek. Kayseri\u2019nin karde\u015flik ruhunu T\u00fcrkiye\u2019ye yans\u0131tacak. Bir s\u00f6z var; ak\u0131l plan yapar kader yukar\u0131dan bakar, g\u00fcler. Plan yapman\u0131za gerek yok. Uzun zamand\u0131r g\u00fcndemde cami-cemevi gibi art niyetli bir d\u00fc\u015f\u00fcnce vard\u0131. Bu proje belli bir kesimi asimile etmeye y\u00f6nelik bir \u00e7al\u0131\u015fmayd\u0131. Demek ki d\u00fc\u015f\u00fcnce art niyetli yani belli bir kesimi asimile etmeye y\u00f6nelik olmazsa, ho\u015fg\u00f6r\u00fc kendili\u011finden ortaya \u00e7\u0131k\u0131yor. Burada Ermeni mezarl\u0131\u011f\u0131 var, camii var, cemevi var. Hepsi bir arada ve olumsuz bir ses yok. \u00c7\u00fcnk\u00fc iyi niyet apa\u00e7\u0131k ortada.\u2019\u2019<\/p>\n<p style=\"text-align: justify;\"><strong>S\u00dcNN\u0130 \u0130\u015eADAMLARI DESTEK VERD\u0130<\/strong><br \/>\n\u0130n\u015faat\u0131n bitmesi i\u00e7in destek veren Kayserili hay\u0131rsever i\u015fadamlar\u0131 ile B\u00fcy\u00fck\u015fehir Belediye Ba\u015fkan\u0131 Mehmet \u00d6zhaseki ve B\u00fcy\u00fck\u015fehir Belediyesi Genel Sekreteri Mustafa Yal\u00e7\u0131n\u2019a da te\u015fekk\u00fcr eden Kayseri Hac\u0131 Bekta\u015fi Veli K\u00fclt\u00fcr\u00fcn\u00fc Ara\u015ft\u0131rma Ya\u015fatma Derne\u011fi ve Vakf\u0131 Ba\u015fkan\u0131 Feyzullah Keskin, Alevi olmayan s\u00fcnni i\u015f adamlar\u0131n\u0131n deste\u011finin de ayr\u0131 ve bir o kadar da anlaml\u0131 oldu\u011funu s\u00f6yledi.<br \/>\nCemevi a\u00e7\u0131l\u0131\u015f\u0131na y\u00f6nelik \u00f6zel bir \u00e7al\u0131\u015fma y\u00fcr\u00fcteceklerini belirten Keskin, hi\u00e7bir d\u00fc\u015f\u00fcnce ve inanc\u0131 ay\u0131rt etmeden herkesi kucaklayacak bir a\u00e7\u0131l\u0131\u015f organize etmeyi ama\u00e7lad\u0131klar\u0131n\u0131 ifade etti.<\/p>\n<p style=\"text-align: justify;\"><strong>\u00d6TEK\u0130LE\u015eT\u0130RME HATASINA D\u00dc\u015eMEYECVE\u011e\u0130Z<\/strong><br \/>\n&#8220;Devletin en \u00fcst seviyesinde yer alan hem\u015ferimiz Cumhurba\u015fkan\u0131 Abdullah G\u00fcl, ba\u015fta olmak \u00fczere t\u00fcm siyasi parti liderleri ile sivil toplum kurulu\u015flar\u0131 temsilcilerini, vatanda\u015flar\u0131m\u0131z\u0131 a\u00e7\u0131l\u0131\u015f\u0131m\u0131za ay\u0131rt etmeden davet edece\u011fiz\u2019\u2019 diyen Keskin, &#8220;Biz burada siyaset yapm\u0131yoruz. Sa\u011fc\u0131, solcu olan nitelendirilen Alevi karde\u015flerimiz de var. Bize g\u00f6re bu topraklar \u00fczerinde ya\u015fayan herkes bu toplumun bile\u015fenleridir ve ayn\u0131 zamanda tutkal\u0131d\u0131r. Alevilik felsefesinde de 72 millete ayn\u0131 g\u00f6zle bakmak vard\u0131r. Biz de bu felsefeden hareketle toplumun farkl\u0131 kesimlerini \u00f6tekile\u015ftirmeden hareket edece\u011fiz. \u00c7\u00fcnk\u00fc biz Aleviler \u00f6tekile\u015ftirmeden y\u0131llard\u0131r \u00e7ok \u00e7ektik ve \u00f6tekile\u015ftirmelerle hep kar\u015f\u0131 kar\u015f\u0131ya kald\u0131k. Ayn\u0131 hataya biz d\u00fc\u015fmeyece\u011fiz\u2019\u2019 diye konu\u015ftu.<\/p>\n<p style=\"text-align: justify;\"><em><strong>http:\/\/www.haber3.com\/kayseride-cemevi-camii-ve-ermeni-mezari-yanyana-haberi-2334256h.htm<\/strong><\/em><\/p>\n","protected":false},"excerpt":{"rendered":"<p>KAYSER\u0130 Hac\u0131 Bekta\u015fi Veli K\u00fclt\u00fcr\u00fcn\u00fc Ara\u015ft\u0131rma Ya\u015fatma Derne\u011fi ve Vakf\u0131 Ba\u015fkan\u0131 Feyzullah Keskin, T\u00fcrkiye\u2019nin en b\u00fcy\u00fck cemevinin yakla\u015f\u0131k bir ay sonra hizmete haz\u0131r hale gelece\u011fini belirtti. Keskin, a\u00e7\u0131l\u0131\u015fa Cumhurba\u015fkan\u0131 Abdullah G\u00fcl ba\u015fta olmak \u00fczere t\u00fcm siyasi partilerin genel ba\u015fkanlar\u0131n\u0131 davet edeceklerini de belirterek, &#8220;Cemevinin yan\u0131nda Ermeni mezarl\u0131\u011f\u0131 ve 100 metre yak\u0131n\u0131nda da camii var. Demek [&hellip;]<\/p>\n","protected":false},"author":7,"featured_media":0,"comment_status":"open","ping_status":"open","sticky":false,"template":"","format":"standard","meta":{"footnotes":""},"categories":[1],"tags":[],"class_list":["post-27145","post","type-post","status-publish","format-standard","hentry","category-haberler"],"yoast_head":"<!-- This site is optimized with the Yoast SEO plugin v27.4 - https:\/\/yoast.com\/product\/yoast-seo-wordpress\/ -->\n<title>Kayseri\u2019de Cemevi, Camii ve Ermeni Mezar\u0131 Yanyana - Bati Ermenistan Ve Bati Ermenileri Sorunlari Ara\u015ftirmalar Merkezi<\/title>\n<meta name=\"robots\" content=\"index, follow, max-snippet:-1, max-image-preview:large, max-video-preview:-1\" \/>\n<link rel=\"canonical\" href=\"https:\/\/akunq.net\/tr\/?p=27145\" \/>\n<meta property=\"og:locale\" content=\"en_US\" \/>\n<meta property=\"og:type\" content=\"article\" \/>\n<meta property=\"og:title\" content=\"Kayseri\u2019de Cemevi, Camii ve Ermeni Mezar\u0131 Yanyana - Bati Ermenistan Ve Bati Ermenileri Sorunlari Ara\u015ftirmalar Merkezi\" \/>\n<meta property=\"og:description\" content=\"KAYSER\u0130 Hac\u0131 Bekta\u015fi Veli K\u00fclt\u00fcr\u00fcn\u00fc Ara\u015ft\u0131rma Ya\u015fatma Derne\u011fi ve Vakf\u0131 Ba\u015fkan\u0131 Feyzullah Keskin, T\u00fcrkiye\u2019nin en b\u00fcy\u00fck cemevinin yakla\u015f\u0131k bir ay sonra hizmete haz\u0131r hale gelece\u011fini belirtti. Keskin, a\u00e7\u0131l\u0131\u015fa Cumhurba\u015fkan\u0131 Abdullah G\u00fcl ba\u015fta olmak \u00fczere t\u00fcm siyasi partilerin genel ba\u015fkanlar\u0131n\u0131 davet edeceklerini de belirterek, &#8220;Cemevinin yan\u0131nda Ermeni mezarl\u0131\u011f\u0131 ve 100 metre yak\u0131n\u0131nda da camii var. Demek [&hellip;]\" \/>\n<meta property=\"og:url\" content=\"https:\/\/akunq.net\/tr\/?p=27145\" \/>\n<meta property=\"og:site_name\" content=\"Bati Ermenistan Ve Bati Ermenileri Sorunlari Ara\u015ftirmalar Merkezi\" \/>\n<meta property=\"article:published_time\" content=\"2013-11-28T07:42:03+00:00\" \/>\n<meta name=\"author\" content=\"admin\" \/>\n<meta name=\"twitter:card\" content=\"summary_large_image\" \/>\n<meta name=\"twitter:label1\" content=\"Written by\" \/>\n\t<meta name=\"twitter:data1\" content=\"admin\" \/>\n\t<meta name=\"twitter:label2\" content=\"Est. reading time\" \/>\n\t<meta name=\"twitter:data2\" content=\"4 minutes\" \/>\n<script type=\"application\/ld+json\" class=\"yoast-schema-graph\">{\"@context\":\"https:\\\/\\\/schema.org\",\"@graph\":[{\"@type\":\"Article\",\"@id\":\"https:\\\/\\\/akunq.net\\\/tr\\\/?p=27145#article\",\"isPartOf\":{\"@id\":\"https:\\\/\\\/akunq.net\\\/tr\\\/?p=27145\"},\"author\":{\"name\":\"admin\",\"@id\":\"https:\\\/\\\/akunq.net\\\/tr\\\/#\\\/schema\\\/person\\\/096f1d38a12cce57fb855b485ed24c9e\"},\"headline\":\"Kayseri\u2019de Cemevi, Camii ve Ermeni Mezar\u0131 Yanyana\",\"datePublished\":\"2013-11-28T07:42:03+00:00\",\"mainEntityOfPage\":{\"@id\":\"https:\\\/\\\/akunq.net\\\/tr\\\/?p=27145\"},\"wordCount\":898,\"commentCount\":0,\"articleSection\":[\"Haberler\"],\"inLanguage\":\"en-US\",\"potentialAction\":[{\"@type\":\"CommentAction\",\"name\":\"Comment\",\"target\":[\"https:\\\/\\\/akunq.net\\\/tr\\\/?p=27145#respond\"]}]},{\"@type\":\"WebPage\",\"@id\":\"https:\\\/\\\/akunq.net\\\/tr\\\/?p=27145\",\"url\":\"https:\\\/\\\/akunq.net\\\/tr\\\/?p=27145\",\"name\":\"Kayseri\u2019de Cemevi, Camii ve Ermeni Mezar\u0131 Yanyana - Bati Ermenistan Ve Bati Ermenileri Sorunlari Ara\u015ftirmalar Merkezi\",\"isPartOf\":{\"@id\":\"https:\\\/\\\/akunq.net\\\/tr\\\/#website\"},\"datePublished\":\"2013-11-28T07:42:03+00:00\",\"author\":{\"@id\":\"https:\\\/\\\/akunq.net\\\/tr\\\/#\\\/schema\\\/person\\\/096f1d38a12cce57fb855b485ed24c9e\"},\"breadcrumb\":{\"@id\":\"https:\\\/\\\/akunq.net\\\/tr\\\/?p=27145#breadcrumb\"},\"inLanguage\":\"en-US\",\"potentialAction\":[{\"@type\":\"ReadAction\",\"target\":[\"https:\\\/\\\/akunq.net\\\/tr\\\/?p=27145\"]}]},{\"@type\":\"BreadcrumbList\",\"@id\":\"https:\\\/\\\/akunq.net\\\/tr\\\/?p=27145#breadcrumb\",\"itemListElement\":[{\"@type\":\"ListItem\",\"position\":1,\"name\":\"Home\",\"item\":\"https:\\\/\\\/akunq.net\\\/tr\"},{\"@type\":\"ListItem\",\"position\":2,\"name\":\"Kayseri\u2019de Cemevi, Camii ve Ermeni Mezar\u0131 Yanyana\"}]},{\"@type\":\"WebSite\",\"@id\":\"https:\\\/\\\/akunq.net\\\/tr\\\/#website\",\"url\":\"https:\\\/\\\/akunq.net\\\/tr\\\/\",\"name\":\"Bati Ermenistan Ve Bati Ermenileri Sorunlari Ara\u015ftirmalar Merkezi\",\"description\":\"\",\"potentialAction\":[{\"@type\":\"SearchAction\",\"target\":{\"@type\":\"EntryPoint\",\"urlTemplate\":\"https:\\\/\\\/akunq.net\\\/tr\\\/?s={search_term_string}\"},\"query-input\":{\"@type\":\"PropertyValueSpecification\",\"valueRequired\":true,\"valueName\":\"search_term_string\"}}],\"inLanguage\":\"en-US\"},{\"@type\":\"Person\",\"@id\":\"https:\\\/\\\/akunq.net\\\/tr\\\/#\\\/schema\\\/person\\\/096f1d38a12cce57fb855b485ed24c9e\",\"name\":\"admin\",\"url\":\"https:\\\/\\\/akunq.net\\\/tr\\\/?author=7\"}]}<\/script>\n<!-- \/ Yoast SEO plugin. -->","yoast_head_json":{"title":"Kayseri\u2019de Cemevi, Camii ve Ermeni Mezar\u0131 Yanyana - Bati Ermenistan Ve Bati Ermenileri Sorunlari Ara\u015ftirmalar Merkezi","robots":{"index":"index","follow":"follow","max-snippet":"max-snippet:-1","max-image-preview":"max-image-preview:large","max-video-preview":"max-video-preview:-1"},"canonical":"https:\/\/akunq.net\/tr\/?p=27145","og_locale":"en_US","og_type":"article","og_title":"Kayseri\u2019de Cemevi, Camii ve Ermeni Mezar\u0131 Yanyana - Bati Ermenistan Ve Bati Ermenileri Sorunlari Ara\u015ftirmalar Merkezi","og_description":"KAYSER\u0130 Hac\u0131 Bekta\u015fi Veli K\u00fclt\u00fcr\u00fcn\u00fc Ara\u015ft\u0131rma Ya\u015fatma Derne\u011fi ve Vakf\u0131 Ba\u015fkan\u0131 Feyzullah Keskin, T\u00fcrkiye\u2019nin en b\u00fcy\u00fck cemevinin yakla\u015f\u0131k bir ay sonra hizmete haz\u0131r hale gelece\u011fini belirtti. Keskin, a\u00e7\u0131l\u0131\u015fa Cumhurba\u015fkan\u0131 Abdullah G\u00fcl ba\u015fta olmak \u00fczere t\u00fcm siyasi partilerin genel ba\u015fkanlar\u0131n\u0131 davet edeceklerini de belirterek, &#8220;Cemevinin yan\u0131nda Ermeni mezarl\u0131\u011f\u0131 ve 100 metre yak\u0131n\u0131nda da camii var. Demek [&hellip;]","og_url":"https:\/\/akunq.net\/tr\/?p=27145","og_site_name":"Bati Ermenistan Ve Bati Ermenileri Sorunlari Ara\u015ftirmalar Merkezi","article_published_time":"2013-11-28T07:42:03+00:00","author":"admin","twitter_card":"summary_large_image","twitter_misc":{"Written by":"admin","Est. reading time":"4 minutes"},"schema":{"@context":"https:\/\/schema.org","@graph":[{"@type":"Article","@id":"https:\/\/akunq.net\/tr\/?p=27145#article","isPartOf":{"@id":"https:\/\/akunq.net\/tr\/?p=27145"},"author":{"name":"admin","@id":"https:\/\/akunq.net\/tr\/#\/schema\/person\/096f1d38a12cce57fb855b485ed24c9e"},"headline":"Kayseri\u2019de Cemevi, Camii ve Ermeni Mezar\u0131 Yanyana","datePublished":"2013-11-28T07:42:03+00:00","mainEntityOfPage":{"@id":"https:\/\/akunq.net\/tr\/?p=27145"},"wordCount":898,"commentCount":0,"articleSection":["Haberler"],"inLanguage":"en-US","potentialAction":[{"@type":"CommentAction","name":"Comment","target":["https:\/\/akunq.net\/tr\/?p=27145#respond"]}]},{"@type":"WebPage","@id":"https:\/\/akunq.net\/tr\/?p=27145","url":"https:\/\/akunq.net\/tr\/?p=27145","name":"Kayseri\u2019de Cemevi, Camii ve Ermeni Mezar\u0131 Yanyana - Bati Ermenistan Ve Bati Ermenileri Sorunlari Ara\u015ftirmalar Merkezi","isPartOf":{"@id":"https:\/\/akunq.net\/tr\/#website"},"datePublished":"2013-11-28T07:42:03+00:00","author":{"@id":"https:\/\/akunq.net\/tr\/#\/schema\/person\/096f1d38a12cce57fb855b485ed24c9e"},"breadcrumb":{"@id":"https:\/\/akunq.net\/tr\/?p=27145#breadcrumb"},"inLanguage":"en-US","potentialAction":[{"@type":"ReadAction","target":["https:\/\/akunq.net\/tr\/?p=27145"]}]},{"@type":"BreadcrumbList","@id":"https:\/\/akunq.net\/tr\/?p=27145#breadcrumb","itemListElement":[{"@type":"ListItem","position":1,"name":"Home","item":"https:\/\/akunq.net\/tr"},{"@type":"ListItem","position":2,"name":"Kayseri\u2019de Cemevi, Camii ve Ermeni Mezar\u0131 Yanyana"}]},{"@type":"WebSite","@id":"https:\/\/akunq.net\/tr\/#website","url":"https:\/\/akunq.net\/tr\/","name":"Bati Ermenistan Ve Bati Ermenileri Sorunlari Ara\u015ftirmalar Merkezi","description":"","potentialAction":[{"@type":"SearchAction","target":{"@type":"EntryPoint","urlTemplate":"https:\/\/akunq.net\/tr\/?s={search_term_string}"},"query-input":{"@type":"PropertyValueSpecification","valueRequired":true,"valueName":"search_term_string"}}],"inLanguage":"en-US"},{"@type":"Person","@id":"https:\/\/akunq.net\/tr\/#\/schema\/person\/096f1d38a12cce57fb855b485ed24c9e","name":"admin","url":"https:\/\/akunq.net\/tr\/?author=7"}]}},"_links":{"self":[{"href":"https:\/\/akunq.net\/tr\/index.php?rest_route=\/wp\/v2\/posts\/27145","targetHints":{"allow":["GET"]}}],"collection":[{"href":"https:\/\/akunq.net\/tr\/index.php?rest_route=\/wp\/v2\/posts"}],"about":[{"href":"https:\/\/akunq.net\/tr\/index.php?rest_route=\/wp\/v2\/types\/post"}],"author":[{"embeddable":true,"href":"https:\/\/akunq.net\/tr\/index.php?rest_route=\/wp\/v2\/users\/7"}],"replies":[{"embeddable":true,"href":"https:\/\/akunq.net\/tr\/index.php?rest_route=%2Fwp%2Fv2%2Fcomments&post=27145"}],"version-history":[{"count":1,"href":"https:\/\/akunq.net\/tr\/index.php?rest_route=\/wp\/v2\/posts\/27145\/revisions"}],"predecessor-version":[{"id":27147,"href":"https:\/\/akunq.net\/tr\/index.php?rest_route=\/wp\/v2\/posts\/27145\/revisions\/27147"}],"wp:attachment":[{"href":"https:\/\/akunq.net\/tr\/index.php?rest_route=%2Fwp%2Fv2%2Fmedia&parent=27145"}],"wp:term":[{"taxonomy":"category","embeddable":true,"href":"https:\/\/akunq.net\/tr\/index.php?rest_route=%2Fwp%2Fv2%2Fcategories&post=27145"},{"taxonomy":"post_tag","embeddable":true,"href":"https:\/\/akunq.net\/tr\/index.php?rest_route=%2Fwp%2Fv2%2Ftags&post=27145"}],"curies":[{"name":"wp","href":"https:\/\/api.w.org\/{rel}","templated":true}]}}