{"id":27137,"date":"2013-11-28T01:55:46","date_gmt":"2013-11-28T06:55:46","guid":{"rendered":"http:\/\/akunq.net\/tr\/?p=27137"},"modified":"2013-11-28T01:55:46","modified_gmt":"2013-11-28T06:55:46","slug":"dink-davasinda-birlestirme-talebi-reddedildi","status":"publish","type":"post","link":"https:\/\/akunq.net\/tr\/?p=27137","title":{"rendered":"Dink davas\u0131nda birle\u015ftirme talebi reddedildi"},"content":{"rendered":"<p style=\"text-align: justify;\"><strong><a href=\"http:\/\/akunq.net\/tr\/wp-content\/uploads\/2013\/11\/\u0534\u056b\u0576\u0584.jpg\"><img loading=\"lazy\" decoding=\"async\" class=\"alignright size-medium wp-image-27138\" alt=\"agos gazetesi hrant dink\" src=\"http:\/\/akunq.net\/tr\/wp-content\/uploads\/2013\/11\/\u0534\u056b\u0576\u0584-300x225.jpg\" width=\"300\" height=\"225\" srcset=\"https:\/\/akunq.net\/tr\/wp-content\/uploads\/sites\/6\/2013\/11\/\u0534\u056b\u0576\u0584-300x225.jpg 300w, https:\/\/akunq.net\/tr\/wp-content\/uploads\/sites\/6\/2013\/11\/\u0534\u056b\u0576\u0584.jpg 312w\" sizes=\"auto, (max-width: 300px) 100vw, 300px\" \/><\/a>Seda KILI\u00c7\/\u0130STANBUL<\/strong><\/p>\n<h2 style=\"text-align: justify;\"><i>Agos Gazetesi Genel Yay\u0131n Y\u00f6netmeni Hrant Dink&#8217;in \u00f6ld\u00fcr\u00fclmesiyle ilgili d\u00f6nemin Trabzon Jandarma komutanlar\u0131 hakk\u0131nda a\u00e7\u0131lan davaya bakan Trabzon&#8217;daki mahkemenin, dosyan\u0131n \u0130stanbul&#8217;daki ana dava ile birle\u015ftirilmesi y\u00f6n\u00fcndeki g\u00f6r\u00fc\u015f\u00fcne ret karar\u0131 \u00e7\u0131kt\u0131.<\/i><\/h2>\n<p style=\"text-align: justify;\">Cinayet d\u00f6neminde Trabzon Jandarma Alay Komutan\u0131 olan Albay Ali \u00d6z&#8217;\u00fcn de aralar\u0131nda bulundu\u011fu san\u0131klar Trabzon 1. A\u011f\u0131r Ceza Mahkemesi&#8217;nde yarg\u0131lan\u0131yor. Davaya bakan mahkeme, ana davan\u0131n g\u00f6r\u00fcld\u00fc\u011f\u00fc \u0130stanbul 14. A\u011f\u0131r Ceza Mahkemesi&#8217;ne iki davan\u0131n birle\u015ftirilmesi y\u00f6n\u00fcnde g\u00f6r\u00fc\u015f sormu\u015ftu. Bu talebi de\u011ferlendiren 14. A\u011f\u0131r Ceza Mahkemesi d\u00fcn karar\u0131n\u0131 a\u00e7\u0131klad\u0131. \u0130stanbul 14. A\u011f\u0131r Ceza Mahkemesi, davalar\u0131n birle\u015ftirilmesine gerek olmad\u0131\u011f\u0131n\u0131 bildirdi.<\/p>\n<p style=\"text-align: justify;\">Mahkeme iki dosya aras\u0131nda hukuki ve fiili irtibat bulunmad\u0131\u011f\u0131 gerek\u00e7esiyle birle\u015ftirilmesi talebini reddetti. Ret karar\u0131nda her iki dosyan\u0131n da Yarg\u0131tay a\u015famas\u0131ndan ge\u00e7ti\u011fi ve her y\u00f6nden inceleme yapan Yarg\u0131tay&#8217;\u0131n birle\u015ftirme y\u00f6n\u00fcnde bir karar vermedi\u011fi vurguland\u0131. Kararda ayr\u0131ca birle\u015ftirmenin karar a\u015famas\u0131na gelen ana davadaki yarg\u0131lamay\u0131 uzataca\u011f\u0131 belirtildi.<\/p>\n<p style=\"text-align: justify;\"><strong>\u015e\u0130MD\u0130 NE OLACAK?<\/strong><\/p>\n<p style=\"text-align: justify;\">14. A\u011f\u0131r Ceza&#8217;n\u0131n ret karar\u0131 sonras\u0131nda Trabzon&#8217;daki mahkeme yarg\u0131lamas\u0131na devam edebilir. Ya da Trabzon&#8217;daki mahkeme, dosyalar\u0131n birle\u015ftirilmesine karar vererek dosyay\u0131 uyu\u015fmazl\u0131k nedeniyle Yarg\u0131tay 5. Ceza Dairesi&#8217;ne g\u00f6nderebilir. 5. Ceza Dairesi de birle\u015ftirmeye gerek g\u00f6rmezse dosyalar\u0131 tekrar kendi mahkemelerine g\u00f6nderir veya birle\u015ftirilmesine karar verebilir.<\/p>\n<p style=\"text-align: justify;\"><strong>MAHKEME G\u00d6R\u00dc\u015e SORMU\u015eTU<\/strong><\/p>\n<p style=\"text-align: justify;\">Dink&#8217;e suikast d\u00fczenlenece\u011fine dair istihbarata sahip olmas\u0131na ra\u011fmen bu konuda \u00f6nlem almayan d\u00f6nemin Trabzon Jandarma Alay Komutan\u0131 Albay Ali \u00d6z&#8217;\u00fcn de yarg\u0131land\u0131\u011f\u0131 davada Trabzon 1. A\u011f\u0131r Ceza Mahkemesi, dosyan\u0131n \u0130stanbul&#8217;daki ana dava ile birle\u015ftirilmesi y\u00f6n\u00fcnde g\u00f6r\u00fc\u015f sormu\u015ftu.<\/p>\n<p style=\"text-align: justify;\"><b><i>http:\/\/www.aksam.com.tr\/spor\/dink-davasinda-birlestirme-talebi-reddedildi\/haber-264249<\/i><\/b><\/p>\n","protected":false},"excerpt":{"rendered":"<p>Seda KILI\u00c7\/\u0130STANBUL Agos Gazetesi Genel Yay\u0131n Y\u00f6netmeni Hrant Dink&#8217;in \u00f6ld\u00fcr\u00fclmesiyle ilgili d\u00f6nemin Trabzon Jandarma komutanlar\u0131 hakk\u0131nda a\u00e7\u0131lan davaya bakan Trabzon&#8217;daki mahkemenin, dosyan\u0131n \u0130stanbul&#8217;daki ana dava ile birle\u015ftirilmesi y\u00f6n\u00fcndeki g\u00f6r\u00fc\u015f\u00fcne ret karar\u0131 \u00e7\u0131kt\u0131. Cinayet d\u00f6neminde Trabzon Jandarma Alay Komutan\u0131 olan Albay Ali \u00d6z&#8217;\u00fcn de aralar\u0131nda bulundu\u011fu san\u0131klar Trabzon 1. A\u011f\u0131r Ceza Mahkemesi&#8217;nde yarg\u0131lan\u0131yor. Davaya bakan mahkeme, [&hellip;]<\/p>\n","protected":false},"author":7,"featured_media":0,"comment_status":"open","ping_status":"open","sticky":false,"template":"","format":"standard","meta":{"footnotes":""},"categories":[1],"tags":[],"class_list":["post-27137","post","type-post","status-publish","format-standard","hentry","category-haberler"],"yoast_head":"<!-- This site is optimized with the Yoast SEO plugin v27.4 - https:\/\/yoast.com\/product\/yoast-seo-wordpress\/ -->\n<title>Dink davas\u0131nda birle\u015ftirme talebi reddedildi - Bati Ermenistan Ve Bati Ermenileri Sorunlari Ara\u015ftirmalar Merkezi<\/title>\n<meta name=\"robots\" content=\"index, follow, max-snippet:-1, max-image-preview:large, max-video-preview:-1\" \/>\n<link rel=\"canonical\" href=\"https:\/\/akunq.net\/tr\/?p=27137\" \/>\n<meta property=\"og:locale\" content=\"en_US\" \/>\n<meta property=\"og:type\" content=\"article\" \/>\n<meta property=\"og:title\" content=\"Dink davas\u0131nda birle\u015ftirme talebi reddedildi - Bati Ermenistan Ve Bati Ermenileri Sorunlari Ara\u015ftirmalar Merkezi\" \/>\n<meta property=\"og:description\" content=\"Seda KILI\u00c7\/\u0130STANBUL Agos Gazetesi Genel Yay\u0131n Y\u00f6netmeni Hrant Dink&#8217;in \u00f6ld\u00fcr\u00fclmesiyle ilgili d\u00f6nemin Trabzon Jandarma komutanlar\u0131 hakk\u0131nda a\u00e7\u0131lan davaya bakan Trabzon&#8217;daki mahkemenin, dosyan\u0131n \u0130stanbul&#8217;daki ana dava ile birle\u015ftirilmesi y\u00f6n\u00fcndeki g\u00f6r\u00fc\u015f\u00fcne ret karar\u0131 \u00e7\u0131kt\u0131. Cinayet d\u00f6neminde Trabzon Jandarma Alay Komutan\u0131 olan Albay Ali \u00d6z&#8217;\u00fcn de aralar\u0131nda bulundu\u011fu san\u0131klar Trabzon 1. A\u011f\u0131r Ceza Mahkemesi&#8217;nde yarg\u0131lan\u0131yor. Davaya bakan mahkeme, [&hellip;]\" \/>\n<meta property=\"og:url\" content=\"https:\/\/akunq.net\/tr\/?p=27137\" \/>\n<meta property=\"og:site_name\" content=\"Bati Ermenistan Ve Bati Ermenileri Sorunlari Ara\u015ftirmalar Merkezi\" \/>\n<meta property=\"article:published_time\" content=\"2013-11-28T06:55:46+00:00\" \/>\n<meta name=\"author\" content=\"admin\" \/>\n<meta name=\"twitter:card\" content=\"summary_large_image\" \/>\n<meta name=\"twitter:label1\" content=\"Written by\" \/>\n\t<meta name=\"twitter:data1\" content=\"admin\" \/>\n\t<meta name=\"twitter:label2\" content=\"Est. reading time\" \/>\n\t<meta name=\"twitter:data2\" content=\"2 minutes\" \/>\n<script type=\"application\/ld+json\" class=\"yoast-schema-graph\">{\"@context\":\"https:\\\/\\\/schema.org\",\"@graph\":[{\"@type\":\"Article\",\"@id\":\"https:\\\/\\\/akunq.net\\\/tr\\\/?p=27137#article\",\"isPartOf\":{\"@id\":\"https:\\\/\\\/akunq.net\\\/tr\\\/?p=27137\"},\"author\":{\"name\":\"admin\",\"@id\":\"https:\\\/\\\/akunq.net\\\/tr\\\/#\\\/schema\\\/person\\\/096f1d38a12cce57fb855b485ed24c9e\"},\"headline\":\"Dink davas\u0131nda birle\u015ftirme talebi reddedildi\",\"datePublished\":\"2013-11-28T06:55:46+00:00\",\"mainEntityOfPage\":{\"@id\":\"https:\\\/\\\/akunq.net\\\/tr\\\/?p=27137\"},\"wordCount\":321,\"commentCount\":0,\"articleSection\":[\"Haberler\"],\"inLanguage\":\"en-US\",\"potentialAction\":[{\"@type\":\"CommentAction\",\"name\":\"Comment\",\"target\":[\"https:\\\/\\\/akunq.net\\\/tr\\\/?p=27137#respond\"]}]},{\"@type\":\"WebPage\",\"@id\":\"https:\\\/\\\/akunq.net\\\/tr\\\/?p=27137\",\"url\":\"https:\\\/\\\/akunq.net\\\/tr\\\/?p=27137\",\"name\":\"Dink davas\u0131nda birle\u015ftirme talebi reddedildi - Bati Ermenistan Ve Bati Ermenileri Sorunlari Ara\u015ftirmalar Merkezi\",\"isPartOf\":{\"@id\":\"https:\\\/\\\/akunq.net\\\/tr\\\/#website\"},\"datePublished\":\"2013-11-28T06:55:46+00:00\",\"author\":{\"@id\":\"https:\\\/\\\/akunq.net\\\/tr\\\/#\\\/schema\\\/person\\\/096f1d38a12cce57fb855b485ed24c9e\"},\"breadcrumb\":{\"@id\":\"https:\\\/\\\/akunq.net\\\/tr\\\/?p=27137#breadcrumb\"},\"inLanguage\":\"en-US\",\"potentialAction\":[{\"@type\":\"ReadAction\",\"target\":[\"https:\\\/\\\/akunq.net\\\/tr\\\/?p=27137\"]}]},{\"@type\":\"BreadcrumbList\",\"@id\":\"https:\\\/\\\/akunq.net\\\/tr\\\/?p=27137#breadcrumb\",\"itemListElement\":[{\"@type\":\"ListItem\",\"position\":1,\"name\":\"Home\",\"item\":\"https:\\\/\\\/akunq.net\\\/tr\"},{\"@type\":\"ListItem\",\"position\":2,\"name\":\"Dink davas\u0131nda birle\u015ftirme talebi reddedildi\"}]},{\"@type\":\"WebSite\",\"@id\":\"https:\\\/\\\/akunq.net\\\/tr\\\/#website\",\"url\":\"https:\\\/\\\/akunq.net\\\/tr\\\/\",\"name\":\"Bati Ermenistan Ve Bati Ermenileri Sorunlari Ara\u015ftirmalar Merkezi\",\"description\":\"\",\"potentialAction\":[{\"@type\":\"SearchAction\",\"target\":{\"@type\":\"EntryPoint\",\"urlTemplate\":\"https:\\\/\\\/akunq.net\\\/tr\\\/?s={search_term_string}\"},\"query-input\":{\"@type\":\"PropertyValueSpecification\",\"valueRequired\":true,\"valueName\":\"search_term_string\"}}],\"inLanguage\":\"en-US\"},{\"@type\":\"Person\",\"@id\":\"https:\\\/\\\/akunq.net\\\/tr\\\/#\\\/schema\\\/person\\\/096f1d38a12cce57fb855b485ed24c9e\",\"name\":\"admin\",\"url\":\"https:\\\/\\\/akunq.net\\\/tr\\\/?author=7\"}]}<\/script>\n<!-- \/ Yoast SEO plugin. -->","yoast_head_json":{"title":"Dink davas\u0131nda birle\u015ftirme talebi reddedildi - Bati Ermenistan Ve Bati Ermenileri Sorunlari Ara\u015ftirmalar Merkezi","robots":{"index":"index","follow":"follow","max-snippet":"max-snippet:-1","max-image-preview":"max-image-preview:large","max-video-preview":"max-video-preview:-1"},"canonical":"https:\/\/akunq.net\/tr\/?p=27137","og_locale":"en_US","og_type":"article","og_title":"Dink davas\u0131nda birle\u015ftirme talebi reddedildi - Bati Ermenistan Ve Bati Ermenileri Sorunlari Ara\u015ftirmalar Merkezi","og_description":"Seda KILI\u00c7\/\u0130STANBUL Agos Gazetesi Genel Yay\u0131n Y\u00f6netmeni Hrant Dink&#8217;in \u00f6ld\u00fcr\u00fclmesiyle ilgili d\u00f6nemin Trabzon Jandarma komutanlar\u0131 hakk\u0131nda a\u00e7\u0131lan davaya bakan Trabzon&#8217;daki mahkemenin, dosyan\u0131n \u0130stanbul&#8217;daki ana dava ile birle\u015ftirilmesi y\u00f6n\u00fcndeki g\u00f6r\u00fc\u015f\u00fcne ret karar\u0131 \u00e7\u0131kt\u0131. Cinayet d\u00f6neminde Trabzon Jandarma Alay Komutan\u0131 olan Albay Ali \u00d6z&#8217;\u00fcn de aralar\u0131nda bulundu\u011fu san\u0131klar Trabzon 1. A\u011f\u0131r Ceza Mahkemesi&#8217;nde yarg\u0131lan\u0131yor. Davaya bakan mahkeme, [&hellip;]","og_url":"https:\/\/akunq.net\/tr\/?p=27137","og_site_name":"Bati Ermenistan Ve Bati Ermenileri Sorunlari Ara\u015ftirmalar Merkezi","article_published_time":"2013-11-28T06:55:46+00:00","author":"admin","twitter_card":"summary_large_image","twitter_misc":{"Written by":"admin","Est. reading time":"2 minutes"},"schema":{"@context":"https:\/\/schema.org","@graph":[{"@type":"Article","@id":"https:\/\/akunq.net\/tr\/?p=27137#article","isPartOf":{"@id":"https:\/\/akunq.net\/tr\/?p=27137"},"author":{"name":"admin","@id":"https:\/\/akunq.net\/tr\/#\/schema\/person\/096f1d38a12cce57fb855b485ed24c9e"},"headline":"Dink davas\u0131nda birle\u015ftirme talebi reddedildi","datePublished":"2013-11-28T06:55:46+00:00","mainEntityOfPage":{"@id":"https:\/\/akunq.net\/tr\/?p=27137"},"wordCount":321,"commentCount":0,"articleSection":["Haberler"],"inLanguage":"en-US","potentialAction":[{"@type":"CommentAction","name":"Comment","target":["https:\/\/akunq.net\/tr\/?p=27137#respond"]}]},{"@type":"WebPage","@id":"https:\/\/akunq.net\/tr\/?p=27137","url":"https:\/\/akunq.net\/tr\/?p=27137","name":"Dink davas\u0131nda birle\u015ftirme talebi reddedildi - Bati Ermenistan Ve Bati Ermenileri Sorunlari Ara\u015ftirmalar Merkezi","isPartOf":{"@id":"https:\/\/akunq.net\/tr\/#website"},"datePublished":"2013-11-28T06:55:46+00:00","author":{"@id":"https:\/\/akunq.net\/tr\/#\/schema\/person\/096f1d38a12cce57fb855b485ed24c9e"},"breadcrumb":{"@id":"https:\/\/akunq.net\/tr\/?p=27137#breadcrumb"},"inLanguage":"en-US","potentialAction":[{"@type":"ReadAction","target":["https:\/\/akunq.net\/tr\/?p=27137"]}]},{"@type":"BreadcrumbList","@id":"https:\/\/akunq.net\/tr\/?p=27137#breadcrumb","itemListElement":[{"@type":"ListItem","position":1,"name":"Home","item":"https:\/\/akunq.net\/tr"},{"@type":"ListItem","position":2,"name":"Dink davas\u0131nda birle\u015ftirme talebi reddedildi"}]},{"@type":"WebSite","@id":"https:\/\/akunq.net\/tr\/#website","url":"https:\/\/akunq.net\/tr\/","name":"Bati Ermenistan Ve Bati Ermenileri Sorunlari Ara\u015ftirmalar Merkezi","description":"","potentialAction":[{"@type":"SearchAction","target":{"@type":"EntryPoint","urlTemplate":"https:\/\/akunq.net\/tr\/?s={search_term_string}"},"query-input":{"@type":"PropertyValueSpecification","valueRequired":true,"valueName":"search_term_string"}}],"inLanguage":"en-US"},{"@type":"Person","@id":"https:\/\/akunq.net\/tr\/#\/schema\/person\/096f1d38a12cce57fb855b485ed24c9e","name":"admin","url":"https:\/\/akunq.net\/tr\/?author=7"}]}},"_links":{"self":[{"href":"https:\/\/akunq.net\/tr\/index.php?rest_route=\/wp\/v2\/posts\/27137","targetHints":{"allow":["GET"]}}],"collection":[{"href":"https:\/\/akunq.net\/tr\/index.php?rest_route=\/wp\/v2\/posts"}],"about":[{"href":"https:\/\/akunq.net\/tr\/index.php?rest_route=\/wp\/v2\/types\/post"}],"author":[{"embeddable":true,"href":"https:\/\/akunq.net\/tr\/index.php?rest_route=\/wp\/v2\/users\/7"}],"replies":[{"embeddable":true,"href":"https:\/\/akunq.net\/tr\/index.php?rest_route=%2Fwp%2Fv2%2Fcomments&post=27137"}],"version-history":[{"count":1,"href":"https:\/\/akunq.net\/tr\/index.php?rest_route=\/wp\/v2\/posts\/27137\/revisions"}],"predecessor-version":[{"id":27139,"href":"https:\/\/akunq.net\/tr\/index.php?rest_route=\/wp\/v2\/posts\/27137\/revisions\/27139"}],"wp:attachment":[{"href":"https:\/\/akunq.net\/tr\/index.php?rest_route=%2Fwp%2Fv2%2Fmedia&parent=27137"}],"wp:term":[{"taxonomy":"category","embeddable":true,"href":"https:\/\/akunq.net\/tr\/index.php?rest_route=%2Fwp%2Fv2%2Fcategories&post=27137"},{"taxonomy":"post_tag","embeddable":true,"href":"https:\/\/akunq.net\/tr\/index.php?rest_route=%2Fwp%2Fv2%2Ftags&post=27137"}],"curies":[{"name":"wp","href":"https:\/\/api.w.org\/{rel}","templated":true}]}}