{"id":27127,"date":"2013-11-27T03:10:31","date_gmt":"2013-11-27T08:10:31","guid":{"rendered":"http:\/\/akunq.net\/tr\/?p=27127"},"modified":"2013-11-27T03:10:31","modified_gmt":"2013-11-27T08:10:31","slug":"ermeni-ud-sanatcisi-diyarbakir-devlet-klasik-turk-muzigi-korosuna-katilmak-icin-basvuruda-bulundu","status":"publish","type":"post","link":"https:\/\/akunq.net\/tr\/?p=27127","title":{"rendered":"Ermeni ud sanat\u00e7\u0131s\u0131 Diyarbak\u0131r Devlet Klasik T\u00fcrk M\u00fczi\u011fi Korosuna kat\u0131lmak i\u00e7in ba\u015fvuruda bulundu"},"content":{"rendered":"<p style=\"text-align: justify;\"><b><i><a href=\"http:\/\/akunq.net\/tr\/wp-content\/uploads\/2013\/11\/Yervant-Bostanc\u0131.jpg\"><img loading=\"lazy\" decoding=\"async\" class=\"alignright size-full wp-image-27128\" alt=\"Yervant Bostanc\u0131\" src=\"http:\/\/akunq.net\/tr\/wp-content\/uploads\/2013\/11\/Yervant-Bostanc\u0131.jpg\" width=\"286\" height=\"215\" \/><\/a>Diyarbak\u0131r\u2019da T\u00fcrkler, K\u00fcrtler, Ermeniler, Yahudilerin bir arada ya\u015fad\u0131\u011f\u0131, halk aras\u0131nda \u2018Gavur Mahallesi\u2019 olarak bilinen Han\u00e7epek\u2019te d\u00fcnyaya gelen ve 1992\u2019de\u00a0ABD\u2019ye yerle\u015fip 21 sene sonra memleketine d\u00f6nen Ermeni ud sanat\u00e7\u0131s\u0131 Yervant Bostanc\u0131 Diyarbak\u0131r Devlet Klasik T\u00fcrk M\u00fczi\u011fi Korosu\u2019nda kadroya al\u0131nmak \u00fczere ba\u015fvurdu.<\/i><\/b><\/p>\n<p style=\"text-align: justify;\"><b><i>T\u00fcrkiye\u2019den \u00abMilliyet\u00bb gazetesinde yer alan haberin devam\u0131nda \u015funlar kaydedilmekte:<\/i><\/b><\/p>\n<p style=\"text-align: justify;\">\u00abM\u00fczik konusunda tabii tutuldu\u011fu \u00f6n s\u0131nav\u0131 ge\u00e7erek ilk a\u015famada \u2018misafir sanat\u00e7\u0131 olarak\u2019 kabul edilen ve ayl\u0131k 800 lira maa\u015f alan Bostanc\u0131, yar\u0131n genel s\u0131nava tabi tutulacak. Bostanc\u0131 s\u0131nav\u0131 ge\u00e7mesi halinde Diyarbak\u0131r Devlet Klasik T\u00fcrk M\u00fczi\u011fi korosunun ilk Ermeni sanat\u00e7\u0131s\u0131 olacak.<\/p>\n<p style=\"text-align: justify;\">Bostanc\u0131, K\u00fclt\u00fcr ve Turizm Bakan\u0131 \u00d6mer \u00c7elik ile Diyarbak\u0131r B\u00fcy\u00fck\u015fehir\u00a0Belediye\u00a0Ba\u015fkan\u0131 Osman Baydemir\u2019in \u2018Yurdunuza d\u00f6n\u00fcn\u2019 \u00e7a\u011fr\u0131s\u0131 \u00fczerine ge\u00e7en haziranda 21 y\u0131l sonra memleketi Diyarbak\u0131r\u2019a d\u00f6nm\u00fc\u015ft\u00fc.\u00a0<\/p>\n<p style=\"text-align: justify;\">ABD\u2019de y\u0131llarca T\u00fcrk\u00e7e, K\u00fcrt\u00e7e, Ermenice \u015fark\u0131lar s\u00f6yleyip ud \u00e7alan Bostanc\u0131, memleketine d\u00f6nd\u00fckten sonra kentin yeni yerle\u015fim yeri olan Kayap\u0131nar \u0130l\u00e7esi\u2019ndeki ayl\u0131k 500 liraya daire kiralad\u0131. ABD\u2019de biriktirdi\u011fi parayla bir iki ay ev kiras\u0131n\u0131 ve masraflar\u0131n\u0131 \u00f6deyebilen Bostanc\u0131, ekonomik s\u0131k\u0131nt\u0131 ya\u015famaya ba\u015flay\u0131nca ev kiras\u0131n\u0131 \u00f6deyemez hale geldi. Bu evden \u00e7\u0131kan Bostanc\u0131, kent merkezinde ba\u015fka bir ev kiralad\u0131. Diyarbak\u0131r Devlet Klasik T\u00fcrk Musikisi Korosu\u2019na K\u00fclt\u00fcr ve Turizm Bakanl\u0131\u011f\u0131 taraf\u0131ndan ilk a\u015famada misafir sanat\u00e7\u0131 olarak kabul edilen Bostanc\u0131\u2019ya 800 lira maa\u015f ba\u011fland\u0131.<\/p>\n<p style=\"text-align: justify;\">Kesin d\u00f6n\u00fc\u015f yapt\u0131ktan sonra ilk konserini 22 Kas\u0131m\u2019da\u00a0Ankara\u2019da veren Yervart Bostanc\u0131, Batman\u2019da Batman Gazeteciler ve Yay\u0131nc\u0131lar Cemiyeti\u2019nin konuk etti\u011fi\u00a0T\u00fcrkiye Gazeteciler Federasyonu gecesinde Diyarbak\u0131r Devlet Klasik T\u00fcrk M\u00fczi\u011fi Korosu\u2019yla sahne ald\u0131. Bostanc\u0131 geceye s\u00f6yledi\u011fi T\u00fcrk\u00e7e, K\u00fcrt\u00e7e ve Ermenice \u015fark\u0131lar\u0131yla renk katt\u0131. Diyarbak\u0131r Devlet Klasik T\u00fcrk M\u00fczi\u011fi Korosu M\u00fcd\u00fcr\u00fc Mehmet Emin G\u00fcne\u015f, udi sanat\u00e7\u0131 Yervant Bostanc\u0131\u2019n\u0131n da 36 ki\u015filik koroya kat\u0131lmas\u0131n\u0131n bir eksikliklerini giderdi\u011fini s\u00f6yledi. G\u00fcne\u015f, \u201c36 ki\u015filik koromuz art\u0131k T\u00fcrk\u00e7e, K\u00fcrt\u00e7e ve Zazac\u0131\u2019n\u0131n yan\u0131 s\u0131ra Ermenice de \u015fark\u0131 s\u00f6yleyecek. Bostanc\u0131\u2019n\u0131n aram\u0131za kat\u0131lmas\u0131 bize g\u00fc\u00e7 verdi. \u00c7\u00fcnk\u00fc koromuzda Ermenice okuyan kimse yoktu. D\u00fcnyada kendini kan\u0131tlayan udi sanat\u00e7\u0131 Yervant Bostanc\u0131\u2019yla bir eksikli\u011fimizi daha gidermi\u015f olduk. Batman\u2019da T\u00fcrkiye\u2019nin d\u00f6rt bir yan\u0131ndaki gazetecilere d\u00f6rt dilden seslenmek keyif vericiydi\u201d dedi.\u00bb<\/p>\n<p style=\"text-align: justify;\"><b><i><a href=\"http:\/\/news.am\/tur\/news\/182658.htmla\">http:\/\/news.am\/tur\/news\/182658.htmla<\/a><\/i><\/b><\/p>\n","protected":false},"excerpt":{"rendered":"<p>Diyarbak\u0131r\u2019da T\u00fcrkler, K\u00fcrtler, Ermeniler, Yahudilerin bir arada ya\u015fad\u0131\u011f\u0131, halk aras\u0131nda \u2018Gavur Mahallesi\u2019 olarak bilinen Han\u00e7epek\u2019te d\u00fcnyaya gelen ve 1992\u2019de\u00a0ABD\u2019ye yerle\u015fip 21 sene sonra memleketine d\u00f6nen Ermeni ud sanat\u00e7\u0131s\u0131 Yervant Bostanc\u0131 Diyarbak\u0131r Devlet Klasik T\u00fcrk M\u00fczi\u011fi Korosu\u2019nda kadroya al\u0131nmak \u00fczere ba\u015fvurdu. T\u00fcrkiye\u2019den \u00abMilliyet\u00bb gazetesinde yer alan haberin devam\u0131nda \u015funlar kaydedilmekte: \u00abM\u00fczik konusunda tabii tutuldu\u011fu \u00f6n s\u0131nav\u0131 [&hellip;]<\/p>\n","protected":false},"author":7,"featured_media":0,"comment_status":"open","ping_status":"open","sticky":false,"template":"","format":"standard","meta":{"footnotes":""},"categories":[1],"tags":[],"class_list":["post-27127","post","type-post","status-publish","format-standard","hentry","category-haberler"],"yoast_head":"<!-- This site is optimized with the Yoast SEO plugin v27.4 - https:\/\/yoast.com\/product\/yoast-seo-wordpress\/ -->\n<title>Ermeni ud sanat\u00e7\u0131s\u0131 Diyarbak\u0131r Devlet Klasik T\u00fcrk M\u00fczi\u011fi Korosuna kat\u0131lmak i\u00e7in ba\u015fvuruda bulundu - Bati Ermenistan Ve Bati Ermenileri Sorunlari Ara\u015ftirmalar Merkezi<\/title>\n<meta name=\"robots\" content=\"index, follow, max-snippet:-1, max-image-preview:large, max-video-preview:-1\" \/>\n<link rel=\"canonical\" href=\"https:\/\/akunq.net\/tr\/?p=27127\" \/>\n<meta property=\"og:locale\" content=\"en_US\" \/>\n<meta property=\"og:type\" content=\"article\" \/>\n<meta property=\"og:title\" content=\"Ermeni ud sanat\u00e7\u0131s\u0131 Diyarbak\u0131r Devlet Klasik T\u00fcrk M\u00fczi\u011fi Korosuna kat\u0131lmak i\u00e7in ba\u015fvuruda bulundu - Bati Ermenistan Ve Bati Ermenileri Sorunlari Ara\u015ftirmalar Merkezi\" \/>\n<meta property=\"og:description\" content=\"Diyarbak\u0131r\u2019da T\u00fcrkler, K\u00fcrtler, Ermeniler, Yahudilerin bir arada ya\u015fad\u0131\u011f\u0131, halk aras\u0131nda \u2018Gavur Mahallesi\u2019 olarak bilinen Han\u00e7epek\u2019te d\u00fcnyaya gelen ve 1992\u2019de\u00a0ABD\u2019ye yerle\u015fip 21 sene sonra memleketine d\u00f6nen Ermeni ud sanat\u00e7\u0131s\u0131 Yervant Bostanc\u0131 Diyarbak\u0131r Devlet Klasik T\u00fcrk M\u00fczi\u011fi Korosu\u2019nda kadroya al\u0131nmak \u00fczere ba\u015fvurdu. T\u00fcrkiye\u2019den \u00abMilliyet\u00bb gazetesinde yer alan haberin devam\u0131nda \u015funlar kaydedilmekte: \u00abM\u00fczik konusunda tabii tutuldu\u011fu \u00f6n s\u0131nav\u0131 [&hellip;]\" \/>\n<meta property=\"og:url\" content=\"https:\/\/akunq.net\/tr\/?p=27127\" \/>\n<meta property=\"og:site_name\" content=\"Bati Ermenistan Ve Bati Ermenileri Sorunlari Ara\u015ftirmalar Merkezi\" \/>\n<meta property=\"article:published_time\" content=\"2013-11-27T08:10:31+00:00\" \/>\n<meta name=\"author\" content=\"admin\" \/>\n<meta name=\"twitter:card\" content=\"summary_large_image\" \/>\n<meta name=\"twitter:label1\" content=\"Written by\" \/>\n\t<meta name=\"twitter:data1\" content=\"admin\" \/>\n\t<meta name=\"twitter:label2\" content=\"Est. reading time\" \/>\n\t<meta name=\"twitter:data2\" content=\"2 minutes\" \/>\n<script type=\"application\/ld+json\" class=\"yoast-schema-graph\">{\"@context\":\"https:\\\/\\\/schema.org\",\"@graph\":[{\"@type\":\"Article\",\"@id\":\"https:\\\/\\\/akunq.net\\\/tr\\\/?p=27127#article\",\"isPartOf\":{\"@id\":\"https:\\\/\\\/akunq.net\\\/tr\\\/?p=27127\"},\"author\":{\"name\":\"admin\",\"@id\":\"https:\\\/\\\/akunq.net\\\/tr\\\/#\\\/schema\\\/person\\\/096f1d38a12cce57fb855b485ed24c9e\"},\"headline\":\"Ermeni ud sanat\u00e7\u0131s\u0131 Diyarbak\u0131r Devlet Klasik T\u00fcrk M\u00fczi\u011fi Korosuna kat\u0131lmak i\u00e7in ba\u015fvuruda bulundu\",\"datePublished\":\"2013-11-27T08:10:31+00:00\",\"mainEntityOfPage\":{\"@id\":\"https:\\\/\\\/akunq.net\\\/tr\\\/?p=27127\"},\"wordCount\":485,\"commentCount\":0,\"articleSection\":[\"Haberler\"],\"inLanguage\":\"en-US\",\"potentialAction\":[{\"@type\":\"CommentAction\",\"name\":\"Comment\",\"target\":[\"https:\\\/\\\/akunq.net\\\/tr\\\/?p=27127#respond\"]}]},{\"@type\":\"WebPage\",\"@id\":\"https:\\\/\\\/akunq.net\\\/tr\\\/?p=27127\",\"url\":\"https:\\\/\\\/akunq.net\\\/tr\\\/?p=27127\",\"name\":\"Ermeni ud sanat\u00e7\u0131s\u0131 Diyarbak\u0131r Devlet Klasik T\u00fcrk M\u00fczi\u011fi Korosuna kat\u0131lmak i\u00e7in ba\u015fvuruda bulundu - Bati Ermenistan Ve Bati Ermenileri Sorunlari Ara\u015ftirmalar Merkezi\",\"isPartOf\":{\"@id\":\"https:\\\/\\\/akunq.net\\\/tr\\\/#website\"},\"datePublished\":\"2013-11-27T08:10:31+00:00\",\"author\":{\"@id\":\"https:\\\/\\\/akunq.net\\\/tr\\\/#\\\/schema\\\/person\\\/096f1d38a12cce57fb855b485ed24c9e\"},\"breadcrumb\":{\"@id\":\"https:\\\/\\\/akunq.net\\\/tr\\\/?p=27127#breadcrumb\"},\"inLanguage\":\"en-US\",\"potentialAction\":[{\"@type\":\"ReadAction\",\"target\":[\"https:\\\/\\\/akunq.net\\\/tr\\\/?p=27127\"]}]},{\"@type\":\"BreadcrumbList\",\"@id\":\"https:\\\/\\\/akunq.net\\\/tr\\\/?p=27127#breadcrumb\",\"itemListElement\":[{\"@type\":\"ListItem\",\"position\":1,\"name\":\"Home\",\"item\":\"https:\\\/\\\/akunq.net\\\/tr\"},{\"@type\":\"ListItem\",\"position\":2,\"name\":\"Ermeni ud sanat\u00e7\u0131s\u0131 Diyarbak\u0131r Devlet Klasik T\u00fcrk M\u00fczi\u011fi Korosuna kat\u0131lmak i\u00e7in ba\u015fvuruda bulundu\"}]},{\"@type\":\"WebSite\",\"@id\":\"https:\\\/\\\/akunq.net\\\/tr\\\/#website\",\"url\":\"https:\\\/\\\/akunq.net\\\/tr\\\/\",\"name\":\"Bati Ermenistan Ve Bati Ermenileri Sorunlari Ara\u015ftirmalar Merkezi\",\"description\":\"\",\"potentialAction\":[{\"@type\":\"SearchAction\",\"target\":{\"@type\":\"EntryPoint\",\"urlTemplate\":\"https:\\\/\\\/akunq.net\\\/tr\\\/?s={search_term_string}\"},\"query-input\":{\"@type\":\"PropertyValueSpecification\",\"valueRequired\":true,\"valueName\":\"search_term_string\"}}],\"inLanguage\":\"en-US\"},{\"@type\":\"Person\",\"@id\":\"https:\\\/\\\/akunq.net\\\/tr\\\/#\\\/schema\\\/person\\\/096f1d38a12cce57fb855b485ed24c9e\",\"name\":\"admin\",\"url\":\"https:\\\/\\\/akunq.net\\\/tr\\\/?author=7\"}]}<\/script>\n<!-- \/ Yoast SEO plugin. -->","yoast_head_json":{"title":"Ermeni ud sanat\u00e7\u0131s\u0131 Diyarbak\u0131r Devlet Klasik T\u00fcrk M\u00fczi\u011fi Korosuna kat\u0131lmak i\u00e7in ba\u015fvuruda bulundu - Bati Ermenistan Ve Bati Ermenileri Sorunlari Ara\u015ftirmalar Merkezi","robots":{"index":"index","follow":"follow","max-snippet":"max-snippet:-1","max-image-preview":"max-image-preview:large","max-video-preview":"max-video-preview:-1"},"canonical":"https:\/\/akunq.net\/tr\/?p=27127","og_locale":"en_US","og_type":"article","og_title":"Ermeni ud sanat\u00e7\u0131s\u0131 Diyarbak\u0131r Devlet Klasik T\u00fcrk M\u00fczi\u011fi Korosuna kat\u0131lmak i\u00e7in ba\u015fvuruda bulundu - Bati Ermenistan Ve Bati Ermenileri Sorunlari Ara\u015ftirmalar Merkezi","og_description":"Diyarbak\u0131r\u2019da T\u00fcrkler, K\u00fcrtler, Ermeniler, Yahudilerin bir arada ya\u015fad\u0131\u011f\u0131, halk aras\u0131nda \u2018Gavur Mahallesi\u2019 olarak bilinen Han\u00e7epek\u2019te d\u00fcnyaya gelen ve 1992\u2019de\u00a0ABD\u2019ye yerle\u015fip 21 sene sonra memleketine d\u00f6nen Ermeni ud sanat\u00e7\u0131s\u0131 Yervant Bostanc\u0131 Diyarbak\u0131r Devlet Klasik T\u00fcrk M\u00fczi\u011fi Korosu\u2019nda kadroya al\u0131nmak \u00fczere ba\u015fvurdu. T\u00fcrkiye\u2019den \u00abMilliyet\u00bb gazetesinde yer alan haberin devam\u0131nda \u015funlar kaydedilmekte: \u00abM\u00fczik konusunda tabii tutuldu\u011fu \u00f6n s\u0131nav\u0131 [&hellip;]","og_url":"https:\/\/akunq.net\/tr\/?p=27127","og_site_name":"Bati Ermenistan Ve Bati Ermenileri Sorunlari Ara\u015ftirmalar Merkezi","article_published_time":"2013-11-27T08:10:31+00:00","author":"admin","twitter_card":"summary_large_image","twitter_misc":{"Written by":"admin","Est. reading time":"2 minutes"},"schema":{"@context":"https:\/\/schema.org","@graph":[{"@type":"Article","@id":"https:\/\/akunq.net\/tr\/?p=27127#article","isPartOf":{"@id":"https:\/\/akunq.net\/tr\/?p=27127"},"author":{"name":"admin","@id":"https:\/\/akunq.net\/tr\/#\/schema\/person\/096f1d38a12cce57fb855b485ed24c9e"},"headline":"Ermeni ud sanat\u00e7\u0131s\u0131 Diyarbak\u0131r Devlet Klasik T\u00fcrk M\u00fczi\u011fi Korosuna kat\u0131lmak i\u00e7in ba\u015fvuruda bulundu","datePublished":"2013-11-27T08:10:31+00:00","mainEntityOfPage":{"@id":"https:\/\/akunq.net\/tr\/?p=27127"},"wordCount":485,"commentCount":0,"articleSection":["Haberler"],"inLanguage":"en-US","potentialAction":[{"@type":"CommentAction","name":"Comment","target":["https:\/\/akunq.net\/tr\/?p=27127#respond"]}]},{"@type":"WebPage","@id":"https:\/\/akunq.net\/tr\/?p=27127","url":"https:\/\/akunq.net\/tr\/?p=27127","name":"Ermeni ud sanat\u00e7\u0131s\u0131 Diyarbak\u0131r Devlet Klasik T\u00fcrk M\u00fczi\u011fi Korosuna kat\u0131lmak i\u00e7in ba\u015fvuruda bulundu - Bati Ermenistan Ve Bati Ermenileri Sorunlari Ara\u015ftirmalar Merkezi","isPartOf":{"@id":"https:\/\/akunq.net\/tr\/#website"},"datePublished":"2013-11-27T08:10:31+00:00","author":{"@id":"https:\/\/akunq.net\/tr\/#\/schema\/person\/096f1d38a12cce57fb855b485ed24c9e"},"breadcrumb":{"@id":"https:\/\/akunq.net\/tr\/?p=27127#breadcrumb"},"inLanguage":"en-US","potentialAction":[{"@type":"ReadAction","target":["https:\/\/akunq.net\/tr\/?p=27127"]}]},{"@type":"BreadcrumbList","@id":"https:\/\/akunq.net\/tr\/?p=27127#breadcrumb","itemListElement":[{"@type":"ListItem","position":1,"name":"Home","item":"https:\/\/akunq.net\/tr"},{"@type":"ListItem","position":2,"name":"Ermeni ud sanat\u00e7\u0131s\u0131 Diyarbak\u0131r Devlet Klasik T\u00fcrk M\u00fczi\u011fi Korosuna kat\u0131lmak i\u00e7in ba\u015fvuruda bulundu"}]},{"@type":"WebSite","@id":"https:\/\/akunq.net\/tr\/#website","url":"https:\/\/akunq.net\/tr\/","name":"Bati Ermenistan Ve Bati Ermenileri Sorunlari Ara\u015ftirmalar Merkezi","description":"","potentialAction":[{"@type":"SearchAction","target":{"@type":"EntryPoint","urlTemplate":"https:\/\/akunq.net\/tr\/?s={search_term_string}"},"query-input":{"@type":"PropertyValueSpecification","valueRequired":true,"valueName":"search_term_string"}}],"inLanguage":"en-US"},{"@type":"Person","@id":"https:\/\/akunq.net\/tr\/#\/schema\/person\/096f1d38a12cce57fb855b485ed24c9e","name":"admin","url":"https:\/\/akunq.net\/tr\/?author=7"}]}},"_links":{"self":[{"href":"https:\/\/akunq.net\/tr\/index.php?rest_route=\/wp\/v2\/posts\/27127","targetHints":{"allow":["GET"]}}],"collection":[{"href":"https:\/\/akunq.net\/tr\/index.php?rest_route=\/wp\/v2\/posts"}],"about":[{"href":"https:\/\/akunq.net\/tr\/index.php?rest_route=\/wp\/v2\/types\/post"}],"author":[{"embeddable":true,"href":"https:\/\/akunq.net\/tr\/index.php?rest_route=\/wp\/v2\/users\/7"}],"replies":[{"embeddable":true,"href":"https:\/\/akunq.net\/tr\/index.php?rest_route=%2Fwp%2Fv2%2Fcomments&post=27127"}],"version-history":[{"count":1,"href":"https:\/\/akunq.net\/tr\/index.php?rest_route=\/wp\/v2\/posts\/27127\/revisions"}],"predecessor-version":[{"id":27129,"href":"https:\/\/akunq.net\/tr\/index.php?rest_route=\/wp\/v2\/posts\/27127\/revisions\/27129"}],"wp:attachment":[{"href":"https:\/\/akunq.net\/tr\/index.php?rest_route=%2Fwp%2Fv2%2Fmedia&parent=27127"}],"wp:term":[{"taxonomy":"category","embeddable":true,"href":"https:\/\/akunq.net\/tr\/index.php?rest_route=%2Fwp%2Fv2%2Fcategories&post=27127"},{"taxonomy":"post_tag","embeddable":true,"href":"https:\/\/akunq.net\/tr\/index.php?rest_route=%2Fwp%2Fv2%2Ftags&post=27127"}],"curies":[{"name":"wp","href":"https:\/\/api.w.org\/{rel}","templated":true}]}}