{"id":27124,"date":"2013-11-27T03:05:59","date_gmt":"2013-11-27T08:05:59","guid":{"rendered":"http:\/\/akunq.net\/tr\/?p=27124"},"modified":"2013-11-27T03:05:59","modified_gmt":"2013-11-27T08:05:59","slug":"devlette-sureklilik-ermeniler-kurtler","status":"publish","type":"post","link":"https:\/\/akunq.net\/tr\/?p=27124","title":{"rendered":"Devlette s\u00fcreklilik, Ermeniler, K\u00fcrtler\u2026"},"content":{"rendered":"<h1 style=\"text-align: justify;\"><a href=\"http:\/\/akunq.net\/tr\/wp-content\/uploads\/2013\/11\/Ay\u015fe-G\u00fcnaysu.jpg\"><img loading=\"lazy\" decoding=\"async\" class=\"alignright size-full wp-image-27125\" alt=\"Ay\u015fe G\u00fcnaysu\" src=\"http:\/\/akunq.net\/tr\/wp-content\/uploads\/2013\/11\/Ay\u015fe-G\u00fcnaysu.jpg\" width=\"300\" height=\"225\" \/><\/a>Ay\u015fe G\u00fcnaysu<\/h1>\n<p style=\"text-align: justify;\"><b><i>Bir avu\u00e7 insan, dilimizde t\u00fcy bitti, \u0130ttihat Terakki ile Cumhuriyet aras\u0131ndaki s\u00fcreklili\u011fi anlataca\u011f\u0131z diye, ama devlet b\u00fcy\u00fcklerimiz an\u0131lar\u0131nda hi\u00e7 e\u011fip b\u00fckmeden, bize g\u00f6re pi\u015fkinlikle, ama kendilerine g\u00f6re hi\u00e7 beis g\u00f6rmeden, b\u00fcy\u00fck bir do\u011fall\u0131kla meseleyi ortaya koyuyorlar.<\/i><\/b><\/p>\n<p style=\"text-align: justify;\">\u0130smet \u0130n\u00f6n\u00fc\u2019n\u00fcn daha \u00f6nce Bilgi Yay\u0131nevi taraf\u0131ndan ciltler halinde yay\u0131nlanm\u0131\u015f an\u0131lar\u0131, ayn\u0131 yay\u0131nevi taraf\u0131ndan bir araya getirilerek, A\u011fustos 2006\u2019da \u201c\u0130smet \u0130n\u00f6n\u00fc \u2013 Hat\u0131ralar\u201d ba\u015fl\u0131\u011f\u0131yla toplu halde yay\u0131nlanm\u0131\u015f.<\/p>\n<p style=\"text-align: justify;\">An\u0131lar\u0131n i\u00e7inde bir\u00e7ok ilgin\u00e7 konu aras\u0131nda Talat Pa\u015fa\u2019ya rastlad\u0131m. Ermeni Soyk\u0131r\u0131m\u0131\u2019n\u0131n mimar\u0131, bir matematik\u00e7i so\u011fukkanl\u0131l\u0131\u011f\u0131yla planlay\u0131c\u0131s\u0131, imhan\u0131n ula\u015ft\u0131\u011f\u0131 dereceyi dikkatle izleyip kaydeden Talat Pa\u015fa\u2019y\u0131, \u201cMilli \u015eef\u201d \u0130smet \u0130n\u00f6n\u00fc, \u201c\u0130ttihat ve Terakki\u2019nin en de\u011ferli adam\u0131\u201d olarak tan\u0131t\u0131yor. S\u0131cakkanl\u0131l\u0131\u011f\u0131n\u0131(!), \u00e7al\u0131\u015fkanl\u0131\u011f\u0131n\u0131(!), insan ili\u015fkilerini(!) \u00f6ve \u00f6ve bitiremiyor. Yakla\u015f\u0131k 3 sayfa boyunca Talat Pa\u015fa\u2019y\u0131, bir halk\u0131n imha operasyonunun ba\u015f\u0131ndaki bu insan\u0131, b\u00fcy\u00fck bir devlet adam\u0131 olarak tan\u0131t\u0131yor ve sonunda aynen \u015f\u00f6yle diyor: \u201cBen, Talat Pa\u015fa\u2019n\u0131n m\u00fctarekeden sonra felakete u\u011frayan memleketi b\u0131rak\u0131p gitmesini bir t\u00fcrl\u00fc anlayamad\u0131m. Fedakar bir adamd\u0131. Ne yaparlarsa yaps\u0131nlar memlekette kal\u0131rd\u0131.\u201d Bu \u201canlayamad\u0131m\u201d s\u00f6z\u00fcndeki neredeyse safdillik derecesindeki do\u011fall\u0131k asl\u0131nda insan\u0131n kan\u0131n\u0131 donduran bir ger\u00e7e\u011fi ortaya koyuyor: Soyk\u0131r\u0131m Cumhuriyet\u2019in en tepesindekiler taraf\u0131ndan yaln\u0131zca inkar edilmiyor. \u00f6v\u00fcl\u00fcyor. Ve \u0130n\u00f6n\u00fc do\u011fru s\u00f6yl\u00fcyor. Talat Pa\u015fa\u2019n\u0131n kendi g\u00fcvenli\u011fi a\u00e7\u0131s\u0131ndan ka\u00e7mas\u0131na hi\u00e7 gerek yoktu. Cumhuriyet onu ba\u015f tac\u0131 ederdi.<\/p>\n<p style=\"text-align: justify;\">Bu s\u00f6zleri s\u00f6yleyen ayn\u0131 \u0130n\u00f6n\u00fc, Cumhuriyet\u2019in inkar ve imhaya dayanan, direni\u015fi yakarak y\u0131karak bast\u0131rmaya dayanan K\u00fcrt politikas\u0131n\u0131n da ba\u015f y\u00fcr\u00fct\u00fcc\u00fclerinden. Ermenilerinden, S\u00fcryanilerinden ar\u0131nd\u0131r\u0131lm\u0131\u015f Bitlis, Diyarbak\u0131r, Van, Hakkari, Mu\u015f, Mardin, Urfa, Siirt illerini kapsayan 1. Umum M\u00fcfetti\u015fli\u011fi\u2019ni kuran o. Onun emriyle haz\u0131rlanan ve \u00f6nerileri 1935\u2019de y\u00fcr\u00fcrl\u00fc\u011fe konulan bu rapor, devlet eliyle y\u00fcr\u00fct\u00fclen a\u00e7\u0131k bir \u0131rk\u00e7\u0131l\u0131\u011f\u0131n maddi kan\u0131t\u0131. Mesela, \u201cGeni\u015f bir b\u00f6lgenin ortas\u0131nda kurulacak bir T\u00fcrkl\u00fck merkezindeki iktisadi hakimiyet, K\u00fcrt\u00e7e ile ilgisini katiyen kesmi\u015f bir z\u00fcmrenin eline ge\u00e7irilmeli, di\u011fer taraftan da (\u2026) her da\u011fl\u0131 K\u00fcrt\u2019\u00fc T\u00fcrk\u00e7e konu\u015fturmak ve h\u00fck\u00fcmete \u0131s\u0131nd\u0131rmak yolunda nas\u0131l \u00e7al\u0131\u015facaklar\u0131 m\u00fcnasip kimseler, halkevleri vas\u0131tas\u0131yla pek a\u00e7\u0131k olarak anlat\u0131lmal\u0131d\u0131r,\u201d deniyor. Ve devam ediliyor: \u201cBuna kar\u015f\u0131l\u0131k k\u00f6y k\u00f6y gezerek her \u00e7e\u015fit e\u015fya satan (\u2026) ve devaml\u0131 K\u00fcrt\u00e7e konu\u015fan (\u2026) ayak sat\u0131c\u0131lar\u0131n\u0131 \u2018ortadan kald\u0131rmak\u2019 laz\u0131m gelir.\u201d Ba\u015fka \u015feyler de deniyor tabii:<\/p>\n<p style=\"text-align: justify;\">\u201cT\u00fcrk\u2019\u00fcn, T\u00fcrk i\u015f\u00e7i ba\u015f\u0131 kullanmak suretiyle kuraca\u011f\u0131 fabrika ve imalathaneler de son derece etkili olacakt\u0131r.\u201d<\/p>\n<p style=\"text-align: justify;\">\u201cMemurdan K\u00fcrt\u00e7e konu\u015fanlar, birincisinde yaz\u0131l\u0131 ihtar, tekrar\u0131nda maa\u015f kesilmesi, K\u00fcrt\u00e7e konu\u015fmaya devam ederse memuriyetten \u00e7\u0131kar\u0131lmal\u0131.\u201d<\/p>\n<p style=\"text-align: justify;\">\u201cHer y\u0131l yakla\u015f\u0131k 3 bin ki\u015finin (K\u00fcrt\u2019\u00fcn) Bat\u0131 illerine al\u0131nmas\u0131 uygulamas\u0131na ge\u00e7ilmeli, b\u00f6ylece on be\u015f, yirmi y\u0131ll\u0131k d\u00fczenli bir programla bu halk \u2018ortadan kald\u0131r\u0131lm\u0131\u015f\u2019, kalanlar\u0131 da T\u00fcrk k\u00fclt\u00fcr\u00fcne y\u00f6nelmi\u015f bir hale getirmi\u015f olunacakt\u0131r.\u201d<\/p>\n<p style=\"text-align: justify;\">\u0130n\u00f6n\u00fc\u2019n\u00fcn an\u0131lar\u0131nda \u00f6rne\u011fini g\u00f6rd\u00fc\u011f\u00fcm\u00fcz gibi, \u0130ttihat\u00e7\u0131 devlet akl\u0131n\u0131n devaml\u0131l\u0131\u011f\u0131, Ermeni ve K\u00fcrt politikalar\u0131n\u0131n asl\u0131nda ayn\u0131 b\u00fct\u00fcn\u00fcn par\u00e7alar\u0131 oldu\u011fu ger\u00e7e\u011fi, sadece alternatif, gayr\u0131-resmi tarih yaz\u0131m\u0131nda de\u011fil, elimizin alt\u0131ndaki, ailelerimizin k\u00fct\u00fcphanelerindeki, ortalama T\u00fcrk ayd\u0131n\u0131n beslendi\u011fi ana ak\u0131m literat\u00fcrden rastgele birini se\u00e7ti\u011finizde g\u00f6zler \u00f6n\u00fcnde. Sadece g\u00f6rebilmek gerek.<\/p>\n<p style=\"text-align: justify;\">(<b><i>\u00d6zg\u00fcr G\u00fcndem)<\/i><\/b><\/p>\n<p style=\"text-align: justify;\"><b><i>http:\/\/www.yesilgazete.org\/blog\/2013\/11\/26\/devlette-sureklilik-ermeniler-kurtler-ayse-gunaysu\/<\/i><\/b><\/p>\n","protected":false},"excerpt":{"rendered":"<p>Ay\u015fe G\u00fcnaysu Bir avu\u00e7 insan, dilimizde t\u00fcy bitti, \u0130ttihat Terakki ile Cumhuriyet aras\u0131ndaki s\u00fcreklili\u011fi anlataca\u011f\u0131z diye, ama devlet b\u00fcy\u00fcklerimiz an\u0131lar\u0131nda hi\u00e7 e\u011fip b\u00fckmeden, bize g\u00f6re pi\u015fkinlikle, ama kendilerine g\u00f6re hi\u00e7 beis g\u00f6rmeden, b\u00fcy\u00fck bir do\u011fall\u0131kla meseleyi ortaya koyuyorlar. \u0130smet \u0130n\u00f6n\u00fc\u2019n\u00fcn daha \u00f6nce Bilgi Yay\u0131nevi taraf\u0131ndan ciltler halinde yay\u0131nlanm\u0131\u015f an\u0131lar\u0131, ayn\u0131 yay\u0131nevi taraf\u0131ndan bir araya getirilerek, [&hellip;]<\/p>\n","protected":false},"author":7,"featured_media":0,"comment_status":"open","ping_status":"open","sticky":false,"template":"","format":"standard","meta":{"footnotes":""},"categories":[1],"tags":[],"class_list":["post-27124","post","type-post","status-publish","format-standard","hentry","category-haberler"],"yoast_head":"<!-- This site is optimized with the Yoast SEO plugin v27.4 - https:\/\/yoast.com\/product\/yoast-seo-wordpress\/ -->\n<title>Devlette s\u00fcreklilik, Ermeniler, K\u00fcrtler\u2026 - Bati Ermenistan Ve Bati Ermenileri Sorunlari Ara\u015ftirmalar Merkezi<\/title>\n<meta name=\"robots\" content=\"index, follow, max-snippet:-1, max-image-preview:large, max-video-preview:-1\" \/>\n<link rel=\"canonical\" href=\"https:\/\/akunq.net\/tr\/?p=27124\" \/>\n<meta property=\"og:locale\" content=\"en_US\" \/>\n<meta property=\"og:type\" content=\"article\" \/>\n<meta property=\"og:title\" content=\"Devlette s\u00fcreklilik, Ermeniler, K\u00fcrtler\u2026 - Bati Ermenistan Ve Bati Ermenileri Sorunlari Ara\u015ftirmalar Merkezi\" \/>\n<meta property=\"og:description\" content=\"Ay\u015fe G\u00fcnaysu Bir avu\u00e7 insan, dilimizde t\u00fcy bitti, \u0130ttihat Terakki ile Cumhuriyet aras\u0131ndaki s\u00fcreklili\u011fi anlataca\u011f\u0131z diye, ama devlet b\u00fcy\u00fcklerimiz an\u0131lar\u0131nda hi\u00e7 e\u011fip b\u00fckmeden, bize g\u00f6re pi\u015fkinlikle, ama kendilerine g\u00f6re hi\u00e7 beis g\u00f6rmeden, b\u00fcy\u00fck bir do\u011fall\u0131kla meseleyi ortaya koyuyorlar. \u0130smet \u0130n\u00f6n\u00fc\u2019n\u00fcn daha \u00f6nce Bilgi Yay\u0131nevi taraf\u0131ndan ciltler halinde yay\u0131nlanm\u0131\u015f an\u0131lar\u0131, ayn\u0131 yay\u0131nevi taraf\u0131ndan bir araya getirilerek, [&hellip;]\" \/>\n<meta property=\"og:url\" content=\"https:\/\/akunq.net\/tr\/?p=27124\" \/>\n<meta property=\"og:site_name\" content=\"Bati Ermenistan Ve Bati Ermenileri Sorunlari Ara\u015ftirmalar Merkezi\" \/>\n<meta property=\"article:published_time\" content=\"2013-11-27T08:05:59+00:00\" \/>\n<meta name=\"author\" content=\"admin\" \/>\n<meta name=\"twitter:card\" content=\"summary_large_image\" \/>\n<meta name=\"twitter:label1\" content=\"Written by\" \/>\n\t<meta name=\"twitter:data1\" content=\"admin\" \/>\n\t<meta name=\"twitter:label2\" content=\"Est. reading time\" \/>\n\t<meta name=\"twitter:data2\" content=\"4 minutes\" \/>\n<script type=\"application\/ld+json\" class=\"yoast-schema-graph\">{\"@context\":\"https:\\\/\\\/schema.org\",\"@graph\":[{\"@type\":\"Article\",\"@id\":\"https:\\\/\\\/akunq.net\\\/tr\\\/?p=27124#article\",\"isPartOf\":{\"@id\":\"https:\\\/\\\/akunq.net\\\/tr\\\/?p=27124\"},\"author\":{\"name\":\"admin\",\"@id\":\"https:\\\/\\\/akunq.net\\\/tr\\\/#\\\/schema\\\/person\\\/096f1d38a12cce57fb855b485ed24c9e\"},\"headline\":\"Devlette s\u00fcreklilik, Ermeniler, K\u00fcrtler\u2026\",\"datePublished\":\"2013-11-27T08:05:59+00:00\",\"mainEntityOfPage\":{\"@id\":\"https:\\\/\\\/akunq.net\\\/tr\\\/?p=27124\"},\"wordCount\":710,\"commentCount\":0,\"articleSection\":[\"Haberler\"],\"inLanguage\":\"en-US\",\"potentialAction\":[{\"@type\":\"CommentAction\",\"name\":\"Comment\",\"target\":[\"https:\\\/\\\/akunq.net\\\/tr\\\/?p=27124#respond\"]}]},{\"@type\":\"WebPage\",\"@id\":\"https:\\\/\\\/akunq.net\\\/tr\\\/?p=27124\",\"url\":\"https:\\\/\\\/akunq.net\\\/tr\\\/?p=27124\",\"name\":\"Devlette s\u00fcreklilik, Ermeniler, K\u00fcrtler\u2026 - Bati Ermenistan Ve Bati Ermenileri Sorunlari Ara\u015ftirmalar Merkezi\",\"isPartOf\":{\"@id\":\"https:\\\/\\\/akunq.net\\\/tr\\\/#website\"},\"datePublished\":\"2013-11-27T08:05:59+00:00\",\"author\":{\"@id\":\"https:\\\/\\\/akunq.net\\\/tr\\\/#\\\/schema\\\/person\\\/096f1d38a12cce57fb855b485ed24c9e\"},\"breadcrumb\":{\"@id\":\"https:\\\/\\\/akunq.net\\\/tr\\\/?p=27124#breadcrumb\"},\"inLanguage\":\"en-US\",\"potentialAction\":[{\"@type\":\"ReadAction\",\"target\":[\"https:\\\/\\\/akunq.net\\\/tr\\\/?p=27124\"]}]},{\"@type\":\"BreadcrumbList\",\"@id\":\"https:\\\/\\\/akunq.net\\\/tr\\\/?p=27124#breadcrumb\",\"itemListElement\":[{\"@type\":\"ListItem\",\"position\":1,\"name\":\"Home\",\"item\":\"https:\\\/\\\/akunq.net\\\/tr\"},{\"@type\":\"ListItem\",\"position\":2,\"name\":\"Devlette s\u00fcreklilik, Ermeniler, K\u00fcrtler\u2026\"}]},{\"@type\":\"WebSite\",\"@id\":\"https:\\\/\\\/akunq.net\\\/tr\\\/#website\",\"url\":\"https:\\\/\\\/akunq.net\\\/tr\\\/\",\"name\":\"Bati Ermenistan Ve Bati Ermenileri Sorunlari Ara\u015ftirmalar Merkezi\",\"description\":\"\",\"potentialAction\":[{\"@type\":\"SearchAction\",\"target\":{\"@type\":\"EntryPoint\",\"urlTemplate\":\"https:\\\/\\\/akunq.net\\\/tr\\\/?s={search_term_string}\"},\"query-input\":{\"@type\":\"PropertyValueSpecification\",\"valueRequired\":true,\"valueName\":\"search_term_string\"}}],\"inLanguage\":\"en-US\"},{\"@type\":\"Person\",\"@id\":\"https:\\\/\\\/akunq.net\\\/tr\\\/#\\\/schema\\\/person\\\/096f1d38a12cce57fb855b485ed24c9e\",\"name\":\"admin\",\"url\":\"https:\\\/\\\/akunq.net\\\/tr\\\/?author=7\"}]}<\/script>\n<!-- \/ Yoast SEO plugin. -->","yoast_head_json":{"title":"Devlette s\u00fcreklilik, Ermeniler, K\u00fcrtler\u2026 - Bati Ermenistan Ve Bati Ermenileri Sorunlari Ara\u015ftirmalar Merkezi","robots":{"index":"index","follow":"follow","max-snippet":"max-snippet:-1","max-image-preview":"max-image-preview:large","max-video-preview":"max-video-preview:-1"},"canonical":"https:\/\/akunq.net\/tr\/?p=27124","og_locale":"en_US","og_type":"article","og_title":"Devlette s\u00fcreklilik, Ermeniler, K\u00fcrtler\u2026 - Bati Ermenistan Ve Bati Ermenileri Sorunlari Ara\u015ftirmalar Merkezi","og_description":"Ay\u015fe G\u00fcnaysu Bir avu\u00e7 insan, dilimizde t\u00fcy bitti, \u0130ttihat Terakki ile Cumhuriyet aras\u0131ndaki s\u00fcreklili\u011fi anlataca\u011f\u0131z diye, ama devlet b\u00fcy\u00fcklerimiz an\u0131lar\u0131nda hi\u00e7 e\u011fip b\u00fckmeden, bize g\u00f6re pi\u015fkinlikle, ama kendilerine g\u00f6re hi\u00e7 beis g\u00f6rmeden, b\u00fcy\u00fck bir do\u011fall\u0131kla meseleyi ortaya koyuyorlar. \u0130smet \u0130n\u00f6n\u00fc\u2019n\u00fcn daha \u00f6nce Bilgi Yay\u0131nevi taraf\u0131ndan ciltler halinde yay\u0131nlanm\u0131\u015f an\u0131lar\u0131, ayn\u0131 yay\u0131nevi taraf\u0131ndan bir araya getirilerek, [&hellip;]","og_url":"https:\/\/akunq.net\/tr\/?p=27124","og_site_name":"Bati Ermenistan Ve Bati Ermenileri Sorunlari Ara\u015ftirmalar Merkezi","article_published_time":"2013-11-27T08:05:59+00:00","author":"admin","twitter_card":"summary_large_image","twitter_misc":{"Written by":"admin","Est. reading time":"4 minutes"},"schema":{"@context":"https:\/\/schema.org","@graph":[{"@type":"Article","@id":"https:\/\/akunq.net\/tr\/?p=27124#article","isPartOf":{"@id":"https:\/\/akunq.net\/tr\/?p=27124"},"author":{"name":"admin","@id":"https:\/\/akunq.net\/tr\/#\/schema\/person\/096f1d38a12cce57fb855b485ed24c9e"},"headline":"Devlette s\u00fcreklilik, Ermeniler, K\u00fcrtler\u2026","datePublished":"2013-11-27T08:05:59+00:00","mainEntityOfPage":{"@id":"https:\/\/akunq.net\/tr\/?p=27124"},"wordCount":710,"commentCount":0,"articleSection":["Haberler"],"inLanguage":"en-US","potentialAction":[{"@type":"CommentAction","name":"Comment","target":["https:\/\/akunq.net\/tr\/?p=27124#respond"]}]},{"@type":"WebPage","@id":"https:\/\/akunq.net\/tr\/?p=27124","url":"https:\/\/akunq.net\/tr\/?p=27124","name":"Devlette s\u00fcreklilik, Ermeniler, K\u00fcrtler\u2026 - Bati Ermenistan Ve Bati Ermenileri Sorunlari Ara\u015ftirmalar Merkezi","isPartOf":{"@id":"https:\/\/akunq.net\/tr\/#website"},"datePublished":"2013-11-27T08:05:59+00:00","author":{"@id":"https:\/\/akunq.net\/tr\/#\/schema\/person\/096f1d38a12cce57fb855b485ed24c9e"},"breadcrumb":{"@id":"https:\/\/akunq.net\/tr\/?p=27124#breadcrumb"},"inLanguage":"en-US","potentialAction":[{"@type":"ReadAction","target":["https:\/\/akunq.net\/tr\/?p=27124"]}]},{"@type":"BreadcrumbList","@id":"https:\/\/akunq.net\/tr\/?p=27124#breadcrumb","itemListElement":[{"@type":"ListItem","position":1,"name":"Home","item":"https:\/\/akunq.net\/tr"},{"@type":"ListItem","position":2,"name":"Devlette s\u00fcreklilik, Ermeniler, K\u00fcrtler\u2026"}]},{"@type":"WebSite","@id":"https:\/\/akunq.net\/tr\/#website","url":"https:\/\/akunq.net\/tr\/","name":"Bati Ermenistan Ve Bati Ermenileri Sorunlari Ara\u015ftirmalar Merkezi","description":"","potentialAction":[{"@type":"SearchAction","target":{"@type":"EntryPoint","urlTemplate":"https:\/\/akunq.net\/tr\/?s={search_term_string}"},"query-input":{"@type":"PropertyValueSpecification","valueRequired":true,"valueName":"search_term_string"}}],"inLanguage":"en-US"},{"@type":"Person","@id":"https:\/\/akunq.net\/tr\/#\/schema\/person\/096f1d38a12cce57fb855b485ed24c9e","name":"admin","url":"https:\/\/akunq.net\/tr\/?author=7"}]}},"_links":{"self":[{"href":"https:\/\/akunq.net\/tr\/index.php?rest_route=\/wp\/v2\/posts\/27124","targetHints":{"allow":["GET"]}}],"collection":[{"href":"https:\/\/akunq.net\/tr\/index.php?rest_route=\/wp\/v2\/posts"}],"about":[{"href":"https:\/\/akunq.net\/tr\/index.php?rest_route=\/wp\/v2\/types\/post"}],"author":[{"embeddable":true,"href":"https:\/\/akunq.net\/tr\/index.php?rest_route=\/wp\/v2\/users\/7"}],"replies":[{"embeddable":true,"href":"https:\/\/akunq.net\/tr\/index.php?rest_route=%2Fwp%2Fv2%2Fcomments&post=27124"}],"version-history":[{"count":1,"href":"https:\/\/akunq.net\/tr\/index.php?rest_route=\/wp\/v2\/posts\/27124\/revisions"}],"predecessor-version":[{"id":27126,"href":"https:\/\/akunq.net\/tr\/index.php?rest_route=\/wp\/v2\/posts\/27124\/revisions\/27126"}],"wp:attachment":[{"href":"https:\/\/akunq.net\/tr\/index.php?rest_route=%2Fwp%2Fv2%2Fmedia&parent=27124"}],"wp:term":[{"taxonomy":"category","embeddable":true,"href":"https:\/\/akunq.net\/tr\/index.php?rest_route=%2Fwp%2Fv2%2Fcategories&post=27124"},{"taxonomy":"post_tag","embeddable":true,"href":"https:\/\/akunq.net\/tr\/index.php?rest_route=%2Fwp%2Fv2%2Ftags&post=27124"}],"curies":[{"name":"wp","href":"https:\/\/api.w.org\/{rel}","templated":true}]}}