{"id":27121,"date":"2013-11-27T02:54:31","date_gmt":"2013-11-27T07:54:31","guid":{"rendered":"http:\/\/akunq.net\/tr\/?p=27121"},"modified":"2013-11-27T02:54:31","modified_gmt":"2013-11-27T07:54:31","slug":"kemal-kilicdaroglundan-sok-suriye-iddiasi","status":"publish","type":"post","link":"https:\/\/akunq.net\/tr\/?p=27121","title":{"rendered":"Kemal K\u0131l\u0131\u00e7daro\u011flu&#8217;ndan \u015fok Suriye iddias\u0131"},"content":{"rendered":"<p style=\"text-align: justify;\"><b><i><a href=\"http:\/\/akunq.net\/tr\/wp-content\/uploads\/2013\/11\/\u0554\u0565\u0574\u0561\u056c-\u0554\u0568\u056c\u0568\u0579\u0564\u0561\u0580\u0585\u0572\u056c\u0578\u0582.jpg\"><img loading=\"lazy\" decoding=\"async\" class=\"alignright size-full wp-image-27122\" alt=\"\u0554\u0565\u0574\u0561\u056c \u0554\u0568\u056c\u0568\u0579\u0564\u0561\u0580\u0585\u0572\u056c\u0578\u0582\" src=\"http:\/\/akunq.net\/tr\/wp-content\/uploads\/2013\/11\/\u0554\u0565\u0574\u0561\u056c-\u0554\u0568\u056c\u0568\u0579\u0564\u0561\u0580\u0585\u0572\u056c\u0578\u0582.jpg\" width=\"263\" height=\"192\" \/><\/a>CHP Genel Ba\u015fkan\u0131 Kemal K\u0131l\u0131\u00e7daro\u011flu partisinin grup toplant\u0131s\u0131nda konu\u015ftu. <\/i><\/b><\/p>\n<p style=\"text-align: justify;\">K\u0131l\u0131\u00e7daro\u011flu, bir uyu\u015fturucu davas\u0131ndaki ifadelere dayanarak a\u00e7\u0131klad\u0131\u011f\u0131 belgelerle &#8220;Siz Suriye\u2019ye silah sevkiyat\u0131 yap\u0131yorsunuz, T\u00fcrkiye\u2019de \u00fcretiyorsunuz, jandarma kontrol\u00fcnde g\u00f6nderiyorsunuz&#8221; dedi.<\/p>\n<p style=\"text-align: justify;\">\u0130\u015fte\u00a0K\u0131l\u0131\u00e7daro\u011flu\u2019nun a\u00e7\u0131klamalar\u0131ndan sat\u0131r ba\u015flar\u0131:<\/p>\n<p style=\"text-align: justify;\">Yeni bir iklim var. E\u011fer iyi \u00e7al\u0131\u015f\u0131rsak, halka gidersek inan\u0131n bu halk bizi ba\u015f tac\u0131 yapacak. Neden? Kul hakk\u0131 yemiyoruz, k\u00f6\u015feyi d\u00f6nm\u00fcyoruz, akrabalar\u0131 i\u015fe yerle\u015ftirmiyoruz. Temiz siyaset yap\u0131yoruz, her kuru\u015fa sayg\u0131 g\u00f6steriyoruz. Ben hepinizle \u00f6zellikle gen\u00e7lerle gurur duyuyorum. Hafta sonu Osmaniye\u2019deydim. Narenciye \u00fcreticileri diyor ki batt\u0131k, bittik. G\u00fcbrenin ortalama fiyat\u0131 200 liradan 800 lira oldu ne yapaca\u011f\u0131z diyorlar. Bir \u015fey yapacaks\u0131n\u0131z sizi ezenleri sand\u0131\u011fa g\u00f6meceksiniz. Emeklisi, \u00f6\u011fretmeni, \u00e7ift\u00e7isi memnun de\u011fil. Kim memnun bu d\u00fczenden?<\/p>\n<p style=\"text-align: justify;\"><strong>&#8220;24 KASIM T\u00dcRK\u0130YE&#8217;N\u0130N AYIPLI B\u0130R TAR\u0130H\u0130D\u0130R&#8221;<\/strong><\/p>\n<p style=\"text-align: justify;\">Onlar da biz de biliyoruz kim memnun bu d\u00fczenden. Yeriniz belli <a title=\"CHP\" href=\"http:\/\/www.mynet.com\/haber\/haberler\/chp-9186\"><b>CHP<\/b><\/a>\u2019dir. \u00d6\u011fretmenler bizim umudumuz. \u00d6\u011fretmenlik y\u00fcce bir meslektir. Ortak bir g\u00f6r\u00fc\u015ft\u00fcr \u00f6\u011fretmenin y\u00fcceli\u011fi. Yery\u00fcz\u00fcnde \u00f6\u011fretmenlikten daha \u015ferefli bir meslek yoktur denilmi\u015f. Bu kadar \u00f6nemli.\u00a0<\/p>\n<p>24 Kas\u0131m \u00d6\u011fretmenler G\u00fcn\u00fc\u2019yd\u00fc. \u00d6\u011fretmenlerin dertleri var. Y\u00fcr\u00fcy\u00fc\u015f yaparlar dertlerini dile getirirler. \u00d6\u011fretmenler soka\u011fa \u00e7\u0131kt\u0131lar. Anayasal haklar\u0131n\u0131 kullan\u0131yorlar. \u0130ktidar\u0131n ilgisizli\u011fini anlatacaklar halka. Ne oldu? \u00d6nce TOMA\u2019lar, sonra biber gaz\u0131 sonra su\u00a0\u00d6\u011fretmene \u015fiddet. 24 Kas\u0131m T\u00fcrkiye\u2019nin ay\u0131pl\u0131 bir tarihidir. Kimi \u00f6\u011fretmenin aya\u011f\u0131, kolu k\u0131r\u0131ld\u0131. HZ. Ali demi\u015f ki bana bir harf \u00f6\u011fretenin k\u0131rk y\u0131l k\u00f6lesi olurum.<\/p>\n<p style=\"text-align: justify;\">\n<strong>&#8220;SEN\u0130 ADAM ETMEYE \u00c7ALI\u015eTILAR, OKUSUN SEN&#8221;<\/strong><\/p>\n<p style=\"text-align: justify;\">Sen ne yap\u0131yorsun? B\u0131rak bir harf \u00f6\u011fretmenin k\u00f6lesi olmay\u0131 \u015fiddet uygulat\u0131yorsun. Seni adam etmeye \u00e7al\u0131\u015ft\u0131lar, okudun sen. Sen ne yapt\u0131n g\u00fcvenlik g\u00fc\u00e7lerini seferber ettin. Hani sen diyordun: Bana bir harf \u00f6\u011fretenin k\u0131rk y\u0131l k\u00f6lesi olurum. \u00d6\u011fretmeni k\u00f6le etmeye \u00e7al\u0131\u015f\u0131yorsun sen. Atamas\u0131 yap\u0131lmayan binlerce \u00f6\u011fretmen var. Atama bekliyorlar. MEB\u2019in kadrolar\u0131 bo\u015f. Oraya da atama yap\u0131lm\u0131yor. Bu \u00f6\u011fretmenler \u00e7ocuklara hayatlar\u0131n\u0131 veriyorlar, en b\u00fcy\u00fck katk\u0131y\u0131 yap\u0131yorlar. Ama siz onlar kendini sorunlar\u0131n\u0131z dile getirmesinler diye ac\u0131mas\u0131zca d\u00f6v\u00fcyorsunuz. Ekim 2013: Yoksulluk S\u0131n\u0131r\u0131: 3147 lira. En d\u00fc\u015f\u00fck \u00d6\u011fretmen ayl\u0131\u011f\u0131: 1947 lira. \u00d6\u011fretmeni itibars\u0131zla\u015ft\u0131rmaya \u00e7al\u0131\u015f\u0131yorlar, d\u00f6verek yapmaya \u00e7al\u0131\u015f\u0131yorlar. Bilimin \u00f6n\u00fcnde kimse duramaz, sen bile duramazs\u0131n.<\/p>\n<p style=\"text-align: justify;\"><strong>\u00d6\u011eRETMENLERE \u015e\u0130DDET<\/strong><br \/>\n\u00d6\u011fretmenlerin \u00e7o\u011fu bor\u00e7lu, y\u00fcr\u00fcmesin de ne yaps\u0131n. Kimisi simit sat\u0131yor, kimisi ka\u011f\u0131t topluyor. Nedir bunlar? Y\u00fczde 66.9\u2019u umutsuzluk i\u00e7inde. Bu kadar zor ko\u015fullarda olan \u00f6\u011fretmenler i\u00e7in bak\u0131n bu diktat\u00f6r\u00a0 ne demi\u015f. \u00d6\u011fretmenlerin 15 saat \u00e7al\u0131\u015f\u0131p y\u00fcksek maa\u015f almas\u0131 haks\u0131zl\u0131k de\u011fil demi\u015f. Verdi\u011fi maa\u015f\u0131 y\u00fcksek g\u00f6r\u00fcyor. En \u00e7ok \u00f6\u011fretmeni \u00e7al\u0131\u015fan \u00fclke T\u00fcrkiye.<\/p>\n<p style=\"text-align: justify;\"><strong>EN ZENG\u0130N BA\u015eBAKAN\u00a0<\/strong><br \/>\nBa\u015fbakan 4 ay tatilleri var, kazan\u0131yorlar diyor. Sen y\u0131rt\u0131k ayakkab\u0131yla siyasete girdi\u011fini s\u00f6yledin, \u015fimdi \u00e7\u0131k bu \u00f6\u011fretmenlerin kar\u015f\u0131s\u0131na d\u00fcnyan\u0131n en zengin Ba\u015fbakan\u0131 oldu\u011funu s\u00f6yle s\u00f6yleyebilirsen. Kefenin cebi olsa bunlar kefeni de doldurur. Sizi kucaklayan parti CHP\u2019dir.<\/p>\n<p style=\"text-align: justify;\"><strong>MISIR\u2019DA DARBE<\/strong><br \/>\nM\u0131s\u0131r\u2019daki darbeyi ilk ele\u015ftiren benim. Demokrasi isteyen m\u0131s\u0131rl\u0131lar\u0131n sesleri kesilmi\u015fti demi\u015ftim. M\u0131s\u0131r\u2019\u0131 d\u00fc\u015fman ilan ettiler. M\u0131s\u0131r halk\u0131n\u0131 neredeyse d\u00fc\u015fman ilan ettiler. B\u00fct\u00fcn M\u0131s\u0131r\u2019da T\u00fcrkiye\u2019ye kar\u015f\u0131 k\u0131r\u0131lma oldu Ba\u015fbakan sayesinde. Kimsin sen? Yaz\u0131k g\u00fcnah de\u011fil mi y\u0131llard\u0131r elde etti\u011fi kazan\u0131mlar\u0131 kulland\u0131\u011f\u0131n bir c\u00fcmle y\u00fcz\u00fcnden \u00e7\u00f6p kovas\u0131na atacaks\u0131n. M\u0131s\u0131r politikas\u0131 iflas etti. \u015eimdi Irak\u2019\u0131 onarmaya \u00e7al\u0131\u015f\u0131yorlar ama bizim sayemizde. M\u0131s\u0131r\u2019da benzer olay oldu. 2 arkada\u015f\u0131m\u0131z\u0131 g\u00f6revlendirdik, her yerde \u015funu s\u00f6yleyin dedik<\/p>\n<p style=\"text-align: justify;\">M\u0131s\u0131r ve T\u00fcrkiye halk\u0131 dosttur karde\u015ftir. Biz mezhep\u00e7i de\u011filiz, t\u00fcm halklar\u0131 kucaklar\u0131z. Herhangi bir uluslararas\u0131nda okuyan \u00f6\u011frencilere sorsan\u0131z. Ortado\u011fu\u2019daki en \u00f6nemli \u00fclkeler hangisidir? \u0130srail der, M\u0131s\u0131r der, Suriye der. \u015eimdi d\u00f6n\u00fcp bakal\u0131m. M\u0131s\u0131r\u2019da, Suriye\u2019de b\u00fcy\u00fckel\u00e7imiz var m\u0131 yok. Neymi\u015f bizim d\u0131\u015fi\u015flerimiz iyiymi\u015f. Sevsinler senin anlay\u0131\u015f\u0131n\u0131. Rabia\u2019y\u0131 \u00e7ok seviyorsan gidersin oran\u0131n vatanda\u015fl\u0131\u011f\u0131na ge\u00e7ersin. Halk peri\u015fan, b\u0131rakm\u0131\u015fs\u0131n oray\u0131 M\u0131s\u0131r\u2019la u\u011fra\u015f\u0131yorsun. Bu ne yapt\u0131 k\u0131rm\u0131z\u0131 hal\u0131lar serdi T\u00fcrkiye\u2019ye davet etti\u00a0Hani sen darbecilere kar\u015f\u0131yd\u0131n. Elini g\u00f6stereceksen ellerinle y\u00fcz\u00fcn\u00fc kapa da ay\u0131b\u0131n\u0131 gizle hi\u00e7 de\u011filse.<\/p>\n<p style=\"text-align: justify;\"><strong>&#8220;\u015eOF\u00d6R\u00dcN \u0130FADES\u0130N\u0130 OKUYUORUM&#8221;<\/strong><\/p>\n<p style=\"text-align: justify;\">Bir uyu\u015fturucu davas\u0131. Takip ediyoruz. Uyu\u015fturucu san\u0131lan kamyondan silahlar \u00e7\u0131k\u0131yor. Silahlar Konya\u2019da temin ediliyor. Size yakalanan \u015fof\u00f6r\u00fcn ifadesini okuyorum. \u015eof\u00f6r\u00fcn ifadesi: Ben bu malzemeleri 2 kez Reyhanl\u0131\u2019ya gidip teslim ettim. Zaten oraya girebilmek i\u00e7in jandarma kontrol\u00fcnde ge\u00e7iyordum. Arac\u0131 aramad\u0131lar, bakmad\u0131lar. O ara\u00e7 ile konu\u015ftular. Sonra o karakol binas\u0131n\u0131n 200 metre \u00f6tesinde \u00e7evrili bir alana y\u00fck\u00fc bo\u015faltt\u0131m. Hepsi sar\u0131l\u0131 bir \u015fekilde idi.<\/p>\n<p style=\"text-align: justify;\"><strong>&#8220;BU B\u0130R SU\u00c7 BELGES\u0130D\u0130R&#8221;<\/strong><\/p>\n<p style=\"text-align: justify;\">Bu bir su\u00e7 belgesidir. Siz Suriye\u2019ye silah sevkiyat\u0131 yap\u0131yorsunuz, T\u00fcrkiye\u2019de \u00fcretiyorsunuz, jandarma kontrol\u00fcnde g\u00f6nderiyorsunuz.\u00a0 T\u00fcrkiye\u2019yi \u015famar o\u011flan\u0131 olan ettiler. Ama \u015famar o\u011flan\u0131 olan TC. de\u011fil, \u015famar o\u011flan\u0131 olan TC\u2019nin ba\u015f\u0131ndaki adamd\u0131r<br \/>\nM\u0131s\u0131r\u2019dan b\u00fcy\u00fckel\u00e7imiz kovuluyor. Kitle imha silahlar\u0131n\u0131n \u00fcretilmesinin \u00f6n\u00fcne ge\u00e7iliyor Cenevre\u2019de. Bu g\u00fczel bir olay. \u0130ran diplomasisini kutlamam\u0131z gerekiyor. Bu b\u00f6lge \u00f6nemli bir b\u00f6lgedir. Bu b\u00f6lgede b\u00fct\u00fcn \u00fclkelerin dostlu\u011fa ihtiyac\u0131 vard\u0131r. Ac\u0131lar da vard\u0131r ama 21. Y\u00fczy\u0131lda bu b\u00f6lgede ortak bar\u0131\u015f\u0131n seslendirilmesi gerekiyor.\u00a0 Eyl\u00fcl 1980 hepimizin belli\u011finde olan bir tarihtir. A\u011f\u0131r bedellerin \u00f6dendi\u011fi bir tarihtir.<\/p>\n<p style=\"text-align: justify;\">Sadece bizim mi binlerce insan\u0131n can\u0131 yand\u0131. 650 bin ki\u015fi g\u00f6zalt\u0131na al\u0131nd\u0131. 230 bin ki\u015fi mahkemelerde yarg\u0131land\u0131. 50 ki\u015fi as\u0131ld\u0131. Erdal Eren\u2019in ya\u015f\u0131n\u0131 b\u00fcy\u00fctt\u00fcler ve \u00f6yle idam ettiler. Y\u00fczlerce ki\u015fi ya faili me\u00e7hule gitti hayat\u0131n\u0131 kaybetti veya i\u015fkencelerde \u00f6ld\u00fcr\u00fcld\u00fc. 14 bin ki\u015fi vatanda\u015fl\u0131ktan \u00e7\u0131kar\u0131ld\u0131. Sak\u0131ncal\u0131 diye 10 binin \u00fczerinde fi\u015flediler.<\/p>\n<p style=\"text-align: justify;\">Maliye bakanl\u0131\u011f\u0131nda, bir arkada\u015f\u0131m vard\u0131 ikimiz de oda ba\u015fkan\u0131yd\u0131k. Yurtd\u0131\u015f\u0131na gitmesi gerekiyordu. Ama o d\u00f6nemin pa\u015falar\u0131 o arkada\u015f\u0131 sak\u0131ncal\u0131 g\u00f6rd\u00fcler. Neden? M\u00fclkiyede okurken h\u00fcviyet kontrol\u00fc yap\u0131yormu\u015f. Odama geldi \u00e7ocuk gibi a\u011flad\u0131. Hi\u00e7 unutmuyorum. \u201cKemal dedi ben bu \u00fclke i\u00e7in babam\u0131 \u015fehit ettim. Babam kore\u2019de \u015fehit oldu, ben g\u00f6rmedim dedim. Pek \u00e7ok uluslararas\u0131 anla\u015fmaya ba\u015fkanl\u0131k yapt\u0131m dedi. \u015eimdi ben yurtd\u0131\u015f\u0131na gidece\u011fim beni sak\u0131ncal\u0131 buluyorlar\u201d \u00e7ok a\u011f\u0131r dramlar ya\u015fand\u0131.<\/p>\n<p style=\"text-align: justify;\">1402 say\u0131l\u0131 yasa \u00e7\u0131kard\u0131lar. Y\u00fczlerce \u00f6\u011fretim \u00fcyesini \u00fcniversitelerden att\u0131lar. Ekme\u011fe muhta\u00e7 hale getirdiler. Darbeciler m\u0131nt\u0131ka temizli\u011fi yapt\u0131lar. Ayd\u0131nlar\u0131 solcular\u0131 devrimcileri \u00fclk\u00fcc\u00fcleri hapishanelerde tuttular. \u0130\u015fkenceden ge\u00e7irdiler.<\/p>\n<p style=\"text-align: justify;\"><strong>&#8220;SADECE B\u0130R GRUBA DOKUNULMADI&#8221;<\/strong><\/p>\n<p style=\"text-align: justify;\">DGM\u2019yi kurdular, Y\u00d6K\u2019\u00fc\u00a0kurdular. Siyasi parti yasas\u0131n\u0131 \u00e7\u0131kard\u0131lar. Y\u00fczde 10 ese\u00e7im baraj\u0131n\u0131 getirdiler. B\u00fct\u00fcn bunlar olurken sadece bir gruba dokunulmad\u0131. Ad\u0131 olan AKP olmayan AKP yanda\u015flar\u0131. Onlara hi\u00e7 kimse dokunmad\u0131. Onlar sadece alk\u0131\u015flad\u0131lar. 11 y\u0131ld\u0131r iktidardalar. Hi\u00e7birisi 12 Eyl\u00fcl darbesinden<\/p>\n<p style=\"text-align: justify;\">\u0130hbar ettiler, muhbir g\u00f6revini zaten seviyorlar. O i\u015fin uzman\u0131 onlar. 12 Eyl\u00fcl \u00fcr\u00fcn\u00fcd\u00fcr Adalet ve Kalk\u0131nma Partisi. S\u00f6zde hesapla\u015fmak i\u00e7in bir dava a\u00e7\u0131ld\u0131. \u0130ki ki\u015fi, Kenan Evren ve Tahsin \u015eahinkaya. Faili me\u00e7hulleri ara\u015ft\u0131ral\u0131m dokunmay\u0131n ona diyorlar. Se\u00e7im baraj\u0131n\u0131 kald\u0131ral\u0131m, olmaz. 12 Eyl\u00fcl \u00fcr\u00fcn\u00fcler. Arada bir fark\u0131 var. Birisinin apoletleri yok, birisinin apoletleri yok. birisi yapt\u0131, di\u011feri aynen devam ettiriyor. Anayasay\u0131 de\u011fi\u015ftirmezseniz 12 Eyl\u00fcl ile hesapla\u015famazs\u0131n\u0131z. Y\u00d6K\u2019\u00fc kald\u0131rmazsan\u0131z hesapla\u015famazs\u0131n\u0131z. Lider suntas\u0131n\u0131 kald\u0131rmazsan\u0131z hesapla\u015famazs\u0131n\u0131z.<\/p>\n<p style=\"text-align: justify;\">Anayasay\u0131 de\u011fi\u015ftirelim, hay hay gel karde\u015fim de\u011fi\u015ftirelim. \u00d6nce \u015funu d\u00fc\u015f\u00fcnd\u00fc, bak biz anayasay\u0131 de\u011fi\u015ftirecektik ama CHP kar\u015f\u0131 \u00e7\u0131kt\u0131 diyecekti. Darbe hukukunu istemiyoruz. \u015ea\u015f\u0131rd\u0131lar tamam dediler, oturduk masaya. Masaya oturduk anayasaya g\u00f6r\u00fc\u015f\u00fcl\u00fcyor. Daha birinci ay\u0131n\u0131 doldurmadan ba\u015fkanl\u0131k sistemini getirece\u011fiz dediler. Neden? CHP\u2019liler k\u0131zar masay\u0131 terk eder. Getir karde\u015fim, ben bunu bu kurulda g\u00f6r\u00fc\u015ft\u00fcrmem. Ve g\u00f6r\u00fc\u015ft\u00fcrmedik. Bakt\u0131 CHP yine masadan kalkm\u0131yor. Efendim 48 madde \u00fczerinde uzla\u015f\u0131ld\u0131, 60 madde \u00fczerinde. \u00c7ek ba\u015fkanl\u0131k sistemini belki \u00e7ok maddede uzla\u015faca\u011f\u0131z. Hay\u0131r \u00e7ekmek diyor.<\/p>\n<p style=\"text-align: justify;\"><strong>&#8220;MASADAN KA\u00c7TI&#8221;<\/strong><\/p>\n<p style=\"text-align: justify;\">Sonuna ne oldu? Bu darbeciler bakt\u0131lar ki bu CHP kendi bildikleri CHP de\u011fil. En iyisi\u00a0Cemil \u00c7i\u00e7ek\u00a0arac\u0131l\u0131\u011f\u0131 ile biz masadan t\u00fcyelim. Burhan Kuzu hatta Obama\u2019ya biraz \u00fcz\u00fcld\u00fc. O ba\u015fkanl\u0131k sistemiyle nas\u0131l ABD\u2019yi y\u00f6netiyorsun diye. Bizde ise diktat\u00f6r olacakt\u0131. Sonunda bakt\u0131 ki o da olmuyor. Ve masadan ka\u00e7t\u0131.<\/p>\n<p style=\"text-align: justify;\">B\u00fct\u00fcn yurtta\u015flar\u0131ma s\u00f6yl\u00fcyorum. Sivil bir anayasa, \u00f6zg\u00fcrl\u00fck\u00e7\u00fc bir anayasa, \u00e7a\u011fda\u015f bir anayasa yapmak istiyorsan\u0131z adresiniz bellidir. Adres Cumhuriyet Halk Partisi\u2019dir. Cemil \u00c7i\u00e7ek de nas\u0131l ka\u00e7acak? O da bir form\u00fcl buldu. \u015e\u00f6yle diyor \u201cMeclis Ba\u015fkan\u0131 olarak bu benim g\u00f6revim de\u011fil. ayr\u0131ld\u0131m gitti\u201d diyor. Yahu bu senin g\u00f6revin, e\u011fer ayr\u0131lacaksan TBMM Ba\u015fkanl\u0131\u011f\u0131\u2019ndan ayr\u0131l, ben de seni kutlayaca\u011f\u0131m.<\/p>\n<p style=\"text-align: justify;\">Bu arada g\u00fczel bir \u015fey daha oldu.\u00a0Anayasa Mahkemesi\u00a0ba\u015fkan\u0131 Ha\u015fim K\u0131l\u0131\u00e7 devreye girdi.\u00a0 G\u00fczel bir c\u00fcmle kurdu. \u201cBen do\u011frusu kendimizi evlenme vaadiyle kand\u0131r\u0131lm\u0131\u015f insanlara benzetiyorum\u201d diye.\u00a0<\/p>\n<p style=\"text-align: justify;\">E g\u00f6z\u00fcn\u00fc sevdi\u011fim de\u011ferli yarg\u0131c\u0131m, sen AKP\u2019nin seni kand\u0131rd\u0131\u011f\u0131n\u0131n yeni mi fark\u0131na var\u0131yorsun? Emekliyi kand\u0131rd\u0131, memuru kand\u0131rd\u0131, \u00f6\u011fretmeni kand\u0131rd\u0131, ayr\u0131ca d\u00f6nd\u00fc, elbette seni kand\u0131racak. Adam\u0131n zaten iste\u011fi o, arzusu o. Anayasay\u0131 de\u011fi\u015ftirmek istemiyor ki, anayasay\u0131 de\u011fi\u015ftirme rol\u00fcn\u00fc \u00fcstleniyor. Biz masaya oturunca bakt\u0131 ki CHP kalkm\u0131yor, boyalar\u0131 d\u00f6k\u00fcld\u00fc.<\/p>\n<p style=\"text-align: justify;\"><strong>&#8220;BU REZALET H\u00dcK\u00dcMETLER\u0130 G\u00d6T\u00dcR\u00dcR&#8221;<\/strong><\/p>\n<p style=\"text-align: justify;\">Ahmet Alkan, Mehmet Baransu, Amberin Zaman, bunlar bir gazetede\u00a0k\u00f6\u015fe yaz\u0131lar\u0131yaz\u0131yorlar. Casusluk iddias\u0131 ile bunlar\u0131n telefonlar\u0131 dinlenmek isteniyor. Ama \u00f6nce gidiyorlar bir iki hakim ayarl\u0131yorlar. Kod ismi kullan\u0131l\u0131yor, ger\u00e7ek isimler de\u011fil. dinlenme karar\u0131 al\u0131n\u0131yor. Y\u00fcrekli bir avukat bunu takip ediyor. &#8220;B\u00f6yle rezalet olmaz&#8221; diyor. Bir insan\u0131 dinlersin ama yasalara uygun olarak. Yarg\u0131\u00e7ta dinlenecek ki\u015finin kimli\u011fini g\u00f6rerek adam gibi g\u00f6r\u00fcr karar verir. Ama Allah b\u00fcy\u00fck ya, bir mektup yazd\u0131. Efendim diyor yarg\u0131\u00e7larla anla\u015ft\u0131k, kod ad\u0131 kullanmaya, onlarla beraber biz bu i\u015fi kurtard\u0131k diyor. M\u0130T yasas\u0131n\u0131n 6. Maddesinin 4. F\u0131kras\u0131. Dinlenen ki\u015finin kimli\u011finin a\u00e7\u0131k\u00e7a yaz\u0131lmas\u0131 laz\u0131m. Normal bir demokraside bu rezalet h\u00fck\u00fcmetleri g\u00f6t\u00fcr\u00fcr. O yarg\u0131c\u0131 g\u00f6t\u00fcr\u00fcr. O M\u0130T M\u00fcste\u015far\u0131n\u0131 g\u00f6t\u00fcr\u00fcr. Ama onlar\u0131 emin olun bu halk g\u00f6t\u00fcrecek.\u00a0<\/p>\n<p style=\"text-align: justify;\">Birazda g\u00fczel bir konuya de\u011fineyim. Ge\u00e7en hafta <a title=\"Ahmet Kaya\" href=\"http:\/\/www.mynet.com\/haber\/haberler\/ahmet-kaya-3107\"><b>Ahmet Kaya<\/b><\/a>\u2019y\u0131 tart\u0131\u015ft\u0131k. Ben hayatta olsayd\u0131 Gezi\u2019cilerin yan\u0131nda olurdu. Dolay\u0131s\u0131yla onlar\u0131n yan\u0131nda olurdu diye d\u00fc\u015f\u00fcncelerimi s\u00f6yledim.\u00a0 Erdo\u011fan grup toplant\u0131s\u0131nda bir konu\u015fma yapt\u0131. Hi\u00e7 yorum yapmad\u0131m. Bir hafta bekledim. Konu\u015fma \u015fu \u201c\u00d6d\u00fcl t\u00f6reninde Ahmet Kaya\u2019ya sald\u0131rd\u0131lar. Kimler sald\u0131rd\u0131? Gezi Park\u0131&#8217;nda bize sald\u0131ranlar kimse onlar sald\u0131rd\u0131. \u015eimdi diyorlar ki ben o s\u0131rada tuvaletteydim, d\u0131\u015fardayd\u0131m. Ulan hepiniz oradayd\u0131n\u0131z. Kamera kay\u0131tlar\u0131nda hepinizi g\u00f6r\u00fcyoruz\u201d<\/p>\n<p style=\"text-align: justify;\"><strong>&#8220;SANAT\u00c7I KORKMAZ&#8221;<\/strong><\/p>\n<p style=\"text-align: justify;\">Neden bir hafta bekledim? Herhalde bunlar\u0131n i\u00e7inden bir sanat\u00e7\u0131 \u015funu der. \u201cBizi ele\u015ftirirsin ama bize ulan diyemezsin\u201d hi\u00e7biri diyemedi.\u00a0 Sizin sanat\u00e7\u0131l\u0131\u011f\u0131n\u0131z su g\u00f6t\u00fcr\u00fcr art\u0131k bu saatten sonra. \u00dcstelik bunlar Gezi\u2019ye kat\u0131lmayanlar. Erdo\u011fan\u2019\u0131n yan\u0131nda olanlar. \u00d6n\u00fcnde diz \u00e7\u00f6kenler. Bir ba\u015fbakan\u0131n \u00f6n\u00fcnde diz \u00e7\u00f6ken, ba\u015fbakan ulan dedi\u011fi zaman sesini \u00e7\u0131karmayan ki\u015fiye d\u00fcnyan\u0131n hi\u00e7bir yerinde sanat\u00e7\u0131 denmez.<\/p>\n<p style=\"text-align: justify;\">E\u011fer ben bu laf\u0131 etseydim, ulan hepiniz oradayd\u0131n\u0131z deseydim. Bunlar koro halinde neler neler s\u00f6ylerlerdi. Neden? \u00c7\u00fcnk\u00fc bizim ho\u015f g\u00f6r\u00fcm\u00fcz\u00fc biliyorlar. Ama korku da\u011flar\u0131 egemen. Sanat\u00e7\u0131 korkmaz. Sanat\u00e7\u0131 r\u00fczgara kar\u015f\u0131 y\u00fcr\u00fcyen adamd\u0131r. Sen sanat\u00e7\u0131n\u0131n s\u2019si bile olamazs\u0131n. Sana hakaret ediliyor, sesin bile \u00e7\u0131km\u0131yor.<\/p>\n<p style=\"text-align: justify;\">Ne diyor? Yalanc\u0131n\u0131n mumu yats\u0131ya kadar yanar. Yalanc\u0131dan ba\u015fbakan olmaz. Bunlar\u0131n tamam\u0131 senin adam\u0131n. Sen s\u0131rtlar\u0131na binip gezdirsen de bir \u015fey demez. Yeri geldi\u011fi zaman akil adam diye sokaklarda gezdiriyorsun, sonra ulan diyorsun. Sana sesini bile \u00e7\u0131kartm\u0131yor.\u00a0<\/p>\n<p style=\"text-align: justify;\">\u00d6\u011fretmenler bizim umudumuz. \u00c7ocuklar\u0131m\u0131z\u0131 \u00f6\u011fretmenlere teslim ediyoruz. \u00d6\u011fretmenlik y\u00fcce bir meslektir. 24 Kas\u0131m \u00d6\u011fretmenler G\u00fcn\u00fc&#8217;yd\u00fc. \u00d6\u011fretmenler soka\u011fa \u00e7\u0131kt\u0131lar, anayasal haklar\u0131n\u0131 kullan\u0131yorlar. Ne oldu? K\u0131z\u0131lay&#8217;a y\u00fcr\u00fcyecekler biber gaz\u0131, job ve tazyikli su. 23 Kas\u0131m 2013\u00a0 T\u00fcrkiye&#8217;nin ay\u0131pl\u0131 bir tarihidir. Kimi \u00f6\u011fretmenin kolu, baca\u011f\u0131 k\u0131r\u0131ld\u0131. &#8216;Bana bir harf \u00f6\u011fretenin kulu k\u00f6lesi olurum.&#8217; B\u0131rak bir harf \u00f6\u011fretmeyi, seni adam etmeye \u00e7al\u0131\u015ft\u0131lar. Sen ne yapt\u0131n? \u00d6\u011fretmeni k\u00f6le yapmaya \u00e7al\u0131\u015ft\u0131n. Atamas\u0131 yap\u0131lmayan binlerce \u00f6\u011fretmen var. Milli E\u011fitim Bakanl\u0131\u011f\u0131&#8217;n\u0131n 127 bin kadrosu bo\u015f.<\/p>\n<p style=\"text-align: justify;\">Rabia i\u015fareti yap\u0131yor birisi. \u00c7ok seviyorsan Rabia&#8217;y\u0131 gider M\u0131s\u0131r&#8217;da ya\u015fars\u0131n. Amigolu\u011fu b\u0131rak elini g\u00f6stereceksen elinle y\u00fcz\u00fcn\u00fc kapa ay\u0131b\u0131n\u0131 gizle. &#8216;Ben darbecilere kar\u015f\u0131y\u0131m&#8217; diyor. Sudan&#8217;da da darbe yap\u0131ld\u0131. \u00d6mer El Be\u015fir binlerce ki\u015fiyi \u00f6ld\u00fcrd\u00fc. Bu, k\u0131rm\u0131z\u0131 hal\u0131lar serdi ve T\u00fcrkiye&#8217;ye davet etti. Demek ki sen darbeye kar\u015f\u0131 de\u011filsin.<\/p>\n<p style=\"text-align: justify;\">Siz T\u00fcrkiye&#8217;de silah \u00fcretiyorsunuz. Jandarma kontrol\u00fcnde g\u00f6t\u00fcr\u00fcyorsunuz. Niye yap\u0131yorsunuz bunu M\u00fcsl\u00fcman&#8217;\u0131 M\u00fcsl\u00fcman&#8217;a k\u0131rd\u0131rmak i\u00e7in. Esad&#8217;\u0131 devirecekti, 2 haftas\u0131 kalm\u0131\u015ft\u0131. Kimsenin T\u00fcrkiye Cumhuriyeti h\u00fck\u00fcmetini bu konuma d\u00fc\u015f\u00fcrmesine hakk\u0131 yok.<\/p>\n<p style=\"text-align: justify;\">Eyl\u00fcl 1980\u2019de 1402 say\u0131l\u0131 yasa \u00e7\u0131kard\u0131lar, y\u00fczlerce \u00f6\u011fretim \u00fcyesini \u00fcniversiteden att\u0131lar. Y\u00d6K\u2019\u00fc kurdular, y\u00fczde 10 se\u00e7im baraj\u0131n\u0131 getirdiler. B\u00fct\u00fcn bunlar yap\u0131l\u0131rken bedeller \u00f6denirken bedel \u00f6demeyenler vard\u0131.<\/p>\n<p style=\"text-align: justify;\">Adalet ve Kalk\u0131nma Partisi 12 Eyl\u00fcl \u00fcr\u00fcn\u00fcd\u00fcr. 12 Eyl\u00fcl \u00fcr\u00fcn\u00fc olan bir parti 12 Eyl\u00fcl\u2019le hesapla\u015famaz. Arada sadece bir fark var yaln\u0131zca birini apoleti var. Birinin apoleti yok. Y\u00fczde 10 baraj\u0131n\u0131 kald\u0131ramazsan\u0131z, anayasay\u0131 de\u011fi\u015ftirmezseniz 12 Eyl\u00fcl\u2019le hesapla\u015fmazs\u0131n\u0131z.<\/p>\n<p style=\"text-align: justify;\">Darbe hukuku istemiyoruz demokrasi istiyoruz. Oturduk masaya birinci ayda ba\u015fkanl\u0131k sistemi getirdiler. 60 maddede uzla\u015f\u0131ld\u0131. \u2018\u00c7ek ba\u015fkanl\u0131k sistemini\u2019 dedik. Hay\u0131r \u00e7ekmem dedi.<\/p>\n<p style=\"text-align: justify;\">Sivil, \u00f6zg\u00fcrl\u00fck\u00e7\u00fc bir anayasa yapmak istiyorsan\u0131z adres CHP\u2019dir. Cemil \u00c7i\u00e7ek de nas\u0131l bahane bulacak \u2018Meclis ba\u015fkan\u0131 olarak bu benim g\u00f6revim de\u011fil\u2019 dedi.<\/p>\n<p style=\"text-align: justify;\">Anayasa Mahkemesi Ba\u015fkan\u0131 \u2018biz kand\u0131r\u0131ld\u0131k\u2019 diyor. G\u00f6z\u00fcn\u00fc sevdi\u011fim yarg\u0131c\u0131m AKP\u2019nin seni kand\u0131rd\u0131\u011f\u0131n\u0131 yeni mi fark\u0131na var\u0131yorsun.<\/p>\n<p style=\"text-align: justify;\">Ge\u00e7en hafta Ahmet Kaya hayatta olsayd\u0131 Gezi\u2019de olurdu diye d\u00fc\u015f\u00fcncelerimi s\u00f6yledim. Erdo\u011fan bir konu\u015fma yapt\u0131. Bir hafta bekledim. Ne dedi \u201c\u00d6d\u00fcl t\u00f6reninde Ahmet Kaya\u2019ya sald\u0131ranlar, Gezi\u2019de bize sald\u0131rd\u0131. Ulan hepiniz oradayd\u0131n\u0131z.\u201d Bir hafta bekledim. Sanat\u00e7\u0131lardan biri \u00e7\u0131k\u0131p \u201cbize ulan diyemezsin\u201d diyecek mi diye. Bir tanesinden bile ses \u00e7\u0131kmad\u0131. Sizin sanat\u00e7\u0131l\u0131\u011f\u0131n\u0131z su g\u00f6t\u00fcr\u00fcr bu saatten sonra. \u00dcstelik bunlar Gezi\u2019ye kat\u0131lmayanlar, Ba\u015fbakan\u2019\u0131n \u00f6n\u00fcnde diz \u00e7\u00f6kenler. Bunlara d\u00fcnyan\u0131n hi\u00e7bir yerinde sanat\u00e7\u0131 denmez. Ben &#8216;ulan&#8217; deseydim, bunlar koro halinde konu\u015furlard\u0131. \u00c7\u00fcnk\u00fc bizim ho\u015fg\u00f6r\u00fcm\u00fcz\u00fc biliyorlar&#8221;.<\/p>\n<p style=\"text-align: justify;\"><b><i>http:\/\/www.mynet.com\/haber\/politika\/kilicdaroglundan-suriye-iddiasi-872845-1<\/i><\/b><\/p>\n","protected":false},"excerpt":{"rendered":"<p>CHP Genel Ba\u015fkan\u0131 Kemal K\u0131l\u0131\u00e7daro\u011flu partisinin grup toplant\u0131s\u0131nda konu\u015ftu. K\u0131l\u0131\u00e7daro\u011flu, bir uyu\u015fturucu davas\u0131ndaki ifadelere dayanarak a\u00e7\u0131klad\u0131\u011f\u0131 belgelerle &#8220;Siz Suriye\u2019ye silah sevkiyat\u0131 yap\u0131yorsunuz, T\u00fcrkiye\u2019de \u00fcretiyorsunuz, jandarma kontrol\u00fcnde g\u00f6nderiyorsunuz&#8221; dedi. \u0130\u015fte\u00a0K\u0131l\u0131\u00e7daro\u011flu\u2019nun a\u00e7\u0131klamalar\u0131ndan sat\u0131r ba\u015flar\u0131: Yeni bir iklim var. E\u011fer iyi \u00e7al\u0131\u015f\u0131rsak, halka gidersek inan\u0131n bu halk bizi ba\u015f tac\u0131 yapacak. Neden? Kul hakk\u0131 yemiyoruz, k\u00f6\u015feyi d\u00f6nm\u00fcyoruz, akrabalar\u0131 [&hellip;]<\/p>\n","protected":false},"author":7,"featured_media":0,"comment_status":"open","ping_status":"open","sticky":false,"template":"","format":"standard","meta":{"footnotes":""},"categories":[1],"tags":[],"class_list":["post-27121","post","type-post","status-publish","format-standard","hentry","category-haberler"],"yoast_head":"<!-- This site is optimized with the Yoast SEO plugin v27.4 - https:\/\/yoast.com\/product\/yoast-seo-wordpress\/ -->\n<title>Kemal K\u0131l\u0131\u00e7daro\u011flu&#039;ndan \u015fok Suriye iddias\u0131 - Bati Ermenistan Ve Bati Ermenileri Sorunlari Ara\u015ftirmalar Merkezi<\/title>\n<meta name=\"robots\" content=\"index, follow, max-snippet:-1, max-image-preview:large, max-video-preview:-1\" \/>\n<link rel=\"canonical\" href=\"https:\/\/akunq.net\/tr\/?p=27121\" \/>\n<meta property=\"og:locale\" content=\"en_US\" \/>\n<meta property=\"og:type\" content=\"article\" \/>\n<meta property=\"og:title\" content=\"Kemal K\u0131l\u0131\u00e7daro\u011flu&#039;ndan \u015fok Suriye iddias\u0131 - Bati Ermenistan Ve Bati Ermenileri Sorunlari Ara\u015ftirmalar Merkezi\" \/>\n<meta property=\"og:description\" content=\"CHP Genel Ba\u015fkan\u0131 Kemal K\u0131l\u0131\u00e7daro\u011flu partisinin grup toplant\u0131s\u0131nda konu\u015ftu. K\u0131l\u0131\u00e7daro\u011flu, bir uyu\u015fturucu davas\u0131ndaki ifadelere dayanarak a\u00e7\u0131klad\u0131\u011f\u0131 belgelerle &#8220;Siz Suriye\u2019ye silah sevkiyat\u0131 yap\u0131yorsunuz, T\u00fcrkiye\u2019de \u00fcretiyorsunuz, jandarma kontrol\u00fcnde g\u00f6nderiyorsunuz&#8221; dedi. \u0130\u015fte\u00a0K\u0131l\u0131\u00e7daro\u011flu\u2019nun a\u00e7\u0131klamalar\u0131ndan sat\u0131r ba\u015flar\u0131: Yeni bir iklim var. E\u011fer iyi \u00e7al\u0131\u015f\u0131rsak, halka gidersek inan\u0131n bu halk bizi ba\u015f tac\u0131 yapacak. Neden? Kul hakk\u0131 yemiyoruz, k\u00f6\u015feyi d\u00f6nm\u00fcyoruz, akrabalar\u0131 [&hellip;]\" \/>\n<meta property=\"og:url\" content=\"https:\/\/akunq.net\/tr\/?p=27121\" \/>\n<meta property=\"og:site_name\" content=\"Bati Ermenistan Ve Bati Ermenileri Sorunlari Ara\u015ftirmalar Merkezi\" \/>\n<meta property=\"article:published_time\" content=\"2013-11-27T07:54:31+00:00\" \/>\n<meta name=\"author\" content=\"admin\" \/>\n<meta name=\"twitter:card\" content=\"summary_large_image\" \/>\n<meta name=\"twitter:label1\" content=\"Written by\" \/>\n\t<meta name=\"twitter:data1\" content=\"admin\" \/>\n\t<meta name=\"twitter:label2\" content=\"Est. reading time\" \/>\n\t<meta name=\"twitter:data2\" content=\"14 minutes\" \/>\n<script type=\"application\/ld+json\" class=\"yoast-schema-graph\">{\"@context\":\"https:\\\/\\\/schema.org\",\"@graph\":[{\"@type\":\"Article\",\"@id\":\"https:\\\/\\\/akunq.net\\\/tr\\\/?p=27121#article\",\"isPartOf\":{\"@id\":\"https:\\\/\\\/akunq.net\\\/tr\\\/?p=27121\"},\"author\":{\"name\":\"admin\",\"@id\":\"https:\\\/\\\/akunq.net\\\/tr\\\/#\\\/schema\\\/person\\\/096f1d38a12cce57fb855b485ed24c9e\"},\"headline\":\"Kemal K\u0131l\u0131\u00e7daro\u011flu&#8217;ndan \u015fok Suriye iddias\u0131\",\"datePublished\":\"2013-11-27T07:54:31+00:00\",\"mainEntityOfPage\":{\"@id\":\"https:\\\/\\\/akunq.net\\\/tr\\\/?p=27121\"},\"wordCount\":2781,\"commentCount\":0,\"articleSection\":[\"Haberler\"],\"inLanguage\":\"en-US\",\"potentialAction\":[{\"@type\":\"CommentAction\",\"name\":\"Comment\",\"target\":[\"https:\\\/\\\/akunq.net\\\/tr\\\/?p=27121#respond\"]}]},{\"@type\":\"WebPage\",\"@id\":\"https:\\\/\\\/akunq.net\\\/tr\\\/?p=27121\",\"url\":\"https:\\\/\\\/akunq.net\\\/tr\\\/?p=27121\",\"name\":\"Kemal K\u0131l\u0131\u00e7daro\u011flu'ndan \u015fok Suriye iddias\u0131 - Bati Ermenistan Ve Bati Ermenileri Sorunlari Ara\u015ftirmalar Merkezi\",\"isPartOf\":{\"@id\":\"https:\\\/\\\/akunq.net\\\/tr\\\/#website\"},\"datePublished\":\"2013-11-27T07:54:31+00:00\",\"author\":{\"@id\":\"https:\\\/\\\/akunq.net\\\/tr\\\/#\\\/schema\\\/person\\\/096f1d38a12cce57fb855b485ed24c9e\"},\"breadcrumb\":{\"@id\":\"https:\\\/\\\/akunq.net\\\/tr\\\/?p=27121#breadcrumb\"},\"inLanguage\":\"en-US\",\"potentialAction\":[{\"@type\":\"ReadAction\",\"target\":[\"https:\\\/\\\/akunq.net\\\/tr\\\/?p=27121\"]}]},{\"@type\":\"BreadcrumbList\",\"@id\":\"https:\\\/\\\/akunq.net\\\/tr\\\/?p=27121#breadcrumb\",\"itemListElement\":[{\"@type\":\"ListItem\",\"position\":1,\"name\":\"Home\",\"item\":\"https:\\\/\\\/akunq.net\\\/tr\"},{\"@type\":\"ListItem\",\"position\":2,\"name\":\"Kemal K\u0131l\u0131\u00e7daro\u011flu&#8217;ndan \u015fok Suriye iddias\u0131\"}]},{\"@type\":\"WebSite\",\"@id\":\"https:\\\/\\\/akunq.net\\\/tr\\\/#website\",\"url\":\"https:\\\/\\\/akunq.net\\\/tr\\\/\",\"name\":\"Bati Ermenistan Ve Bati Ermenileri Sorunlari Ara\u015ftirmalar Merkezi\",\"description\":\"\",\"potentialAction\":[{\"@type\":\"SearchAction\",\"target\":{\"@type\":\"EntryPoint\",\"urlTemplate\":\"https:\\\/\\\/akunq.net\\\/tr\\\/?s={search_term_string}\"},\"query-input\":{\"@type\":\"PropertyValueSpecification\",\"valueRequired\":true,\"valueName\":\"search_term_string\"}}],\"inLanguage\":\"en-US\"},{\"@type\":\"Person\",\"@id\":\"https:\\\/\\\/akunq.net\\\/tr\\\/#\\\/schema\\\/person\\\/096f1d38a12cce57fb855b485ed24c9e\",\"name\":\"admin\",\"url\":\"https:\\\/\\\/akunq.net\\\/tr\\\/?author=7\"}]}<\/script>\n<!-- \/ Yoast SEO plugin. -->","yoast_head_json":{"title":"Kemal K\u0131l\u0131\u00e7daro\u011flu'ndan \u015fok Suriye iddias\u0131 - Bati Ermenistan Ve Bati Ermenileri Sorunlari Ara\u015ftirmalar Merkezi","robots":{"index":"index","follow":"follow","max-snippet":"max-snippet:-1","max-image-preview":"max-image-preview:large","max-video-preview":"max-video-preview:-1"},"canonical":"https:\/\/akunq.net\/tr\/?p=27121","og_locale":"en_US","og_type":"article","og_title":"Kemal K\u0131l\u0131\u00e7daro\u011flu'ndan \u015fok Suriye iddias\u0131 - Bati Ermenistan Ve Bati Ermenileri Sorunlari Ara\u015ftirmalar Merkezi","og_description":"CHP Genel Ba\u015fkan\u0131 Kemal K\u0131l\u0131\u00e7daro\u011flu partisinin grup toplant\u0131s\u0131nda konu\u015ftu. K\u0131l\u0131\u00e7daro\u011flu, bir uyu\u015fturucu davas\u0131ndaki ifadelere dayanarak a\u00e7\u0131klad\u0131\u011f\u0131 belgelerle &#8220;Siz Suriye\u2019ye silah sevkiyat\u0131 yap\u0131yorsunuz, T\u00fcrkiye\u2019de \u00fcretiyorsunuz, jandarma kontrol\u00fcnde g\u00f6nderiyorsunuz&#8221; dedi. \u0130\u015fte\u00a0K\u0131l\u0131\u00e7daro\u011flu\u2019nun a\u00e7\u0131klamalar\u0131ndan sat\u0131r ba\u015flar\u0131: Yeni bir iklim var. E\u011fer iyi \u00e7al\u0131\u015f\u0131rsak, halka gidersek inan\u0131n bu halk bizi ba\u015f tac\u0131 yapacak. Neden? Kul hakk\u0131 yemiyoruz, k\u00f6\u015feyi d\u00f6nm\u00fcyoruz, akrabalar\u0131 [&hellip;]","og_url":"https:\/\/akunq.net\/tr\/?p=27121","og_site_name":"Bati Ermenistan Ve Bati Ermenileri Sorunlari Ara\u015ftirmalar Merkezi","article_published_time":"2013-11-27T07:54:31+00:00","author":"admin","twitter_card":"summary_large_image","twitter_misc":{"Written by":"admin","Est. reading time":"14 minutes"},"schema":{"@context":"https:\/\/schema.org","@graph":[{"@type":"Article","@id":"https:\/\/akunq.net\/tr\/?p=27121#article","isPartOf":{"@id":"https:\/\/akunq.net\/tr\/?p=27121"},"author":{"name":"admin","@id":"https:\/\/akunq.net\/tr\/#\/schema\/person\/096f1d38a12cce57fb855b485ed24c9e"},"headline":"Kemal K\u0131l\u0131\u00e7daro\u011flu&#8217;ndan \u015fok Suriye iddias\u0131","datePublished":"2013-11-27T07:54:31+00:00","mainEntityOfPage":{"@id":"https:\/\/akunq.net\/tr\/?p=27121"},"wordCount":2781,"commentCount":0,"articleSection":["Haberler"],"inLanguage":"en-US","potentialAction":[{"@type":"CommentAction","name":"Comment","target":["https:\/\/akunq.net\/tr\/?p=27121#respond"]}]},{"@type":"WebPage","@id":"https:\/\/akunq.net\/tr\/?p=27121","url":"https:\/\/akunq.net\/tr\/?p=27121","name":"Kemal K\u0131l\u0131\u00e7daro\u011flu'ndan \u015fok Suriye iddias\u0131 - Bati Ermenistan Ve Bati Ermenileri Sorunlari Ara\u015ftirmalar Merkezi","isPartOf":{"@id":"https:\/\/akunq.net\/tr\/#website"},"datePublished":"2013-11-27T07:54:31+00:00","author":{"@id":"https:\/\/akunq.net\/tr\/#\/schema\/person\/096f1d38a12cce57fb855b485ed24c9e"},"breadcrumb":{"@id":"https:\/\/akunq.net\/tr\/?p=27121#breadcrumb"},"inLanguage":"en-US","potentialAction":[{"@type":"ReadAction","target":["https:\/\/akunq.net\/tr\/?p=27121"]}]},{"@type":"BreadcrumbList","@id":"https:\/\/akunq.net\/tr\/?p=27121#breadcrumb","itemListElement":[{"@type":"ListItem","position":1,"name":"Home","item":"https:\/\/akunq.net\/tr"},{"@type":"ListItem","position":2,"name":"Kemal K\u0131l\u0131\u00e7daro\u011flu&#8217;ndan \u015fok Suriye iddias\u0131"}]},{"@type":"WebSite","@id":"https:\/\/akunq.net\/tr\/#website","url":"https:\/\/akunq.net\/tr\/","name":"Bati Ermenistan Ve Bati Ermenileri Sorunlari Ara\u015ftirmalar Merkezi","description":"","potentialAction":[{"@type":"SearchAction","target":{"@type":"EntryPoint","urlTemplate":"https:\/\/akunq.net\/tr\/?s={search_term_string}"},"query-input":{"@type":"PropertyValueSpecification","valueRequired":true,"valueName":"search_term_string"}}],"inLanguage":"en-US"},{"@type":"Person","@id":"https:\/\/akunq.net\/tr\/#\/schema\/person\/096f1d38a12cce57fb855b485ed24c9e","name":"admin","url":"https:\/\/akunq.net\/tr\/?author=7"}]}},"_links":{"self":[{"href":"https:\/\/akunq.net\/tr\/index.php?rest_route=\/wp\/v2\/posts\/27121","targetHints":{"allow":["GET"]}}],"collection":[{"href":"https:\/\/akunq.net\/tr\/index.php?rest_route=\/wp\/v2\/posts"}],"about":[{"href":"https:\/\/akunq.net\/tr\/index.php?rest_route=\/wp\/v2\/types\/post"}],"author":[{"embeddable":true,"href":"https:\/\/akunq.net\/tr\/index.php?rest_route=\/wp\/v2\/users\/7"}],"replies":[{"embeddable":true,"href":"https:\/\/akunq.net\/tr\/index.php?rest_route=%2Fwp%2Fv2%2Fcomments&post=27121"}],"version-history":[{"count":1,"href":"https:\/\/akunq.net\/tr\/index.php?rest_route=\/wp\/v2\/posts\/27121\/revisions"}],"predecessor-version":[{"id":27123,"href":"https:\/\/akunq.net\/tr\/index.php?rest_route=\/wp\/v2\/posts\/27121\/revisions\/27123"}],"wp:attachment":[{"href":"https:\/\/akunq.net\/tr\/index.php?rest_route=%2Fwp%2Fv2%2Fmedia&parent=27121"}],"wp:term":[{"taxonomy":"category","embeddable":true,"href":"https:\/\/akunq.net\/tr\/index.php?rest_route=%2Fwp%2Fv2%2Fcategories&post=27121"},{"taxonomy":"post_tag","embeddable":true,"href":"https:\/\/akunq.net\/tr\/index.php?rest_route=%2Fwp%2Fv2%2Ftags&post=27121"}],"curies":[{"name":"wp","href":"https:\/\/api.w.org\/{rel}","templated":true}]}}