{"id":27112,"date":"2013-11-27T01:34:36","date_gmt":"2013-11-27T06:34:36","guid":{"rendered":"http:\/\/akunq.net\/tr\/?p=27112"},"modified":"2013-11-27T01:34:36","modified_gmt":"2013-11-27T06:34:36","slug":"tutanaktan-cikan-irkci-savunma-sanki-ermenilere-satiyoruz","status":"publish","type":"post","link":"https:\/\/akunq.net\/tr\/?p=27112","title":{"rendered":"Tutanaktan \u00e7\u0131kan \u0131rk\u00e7\u0131 savunma: Sanki Ermenilere sat\u0131yoruz!"},"content":{"rendered":"<p style=\"text-align: justify;\"><b><i><a href=\"http:\/\/akunq.net\/tr\/wp-content\/uploads\/2013\/11\/Sar\u0131g\u00f6l.jpg\"><img loading=\"lazy\" decoding=\"async\" class=\"alignright size-medium wp-image-27113\" alt=\"Sar\u0131g\u00f6l\" src=\"http:\/\/akunq.net\/tr\/wp-content\/uploads\/2013\/11\/Sar\u0131g\u00f6l-300x167.jpg\" width=\"300\" height=\"167\" srcset=\"https:\/\/akunq.net\/tr\/wp-content\/uploads\/sites\/6\/2013\/11\/Sar\u0131g\u00f6l-300x167.jpg 300w, https:\/\/akunq.net\/tr\/wp-content\/uploads\/sites\/6\/2013\/11\/Sar\u0131g\u00f6l.jpg 480w\" sizes=\"auto, (max-width: 300px) 100vw, 300px\" \/><\/a>Gaziosmanpa\u015fa&#8217;da &#8220;Sadece il\u00e7e vatanda\u015flar\u0131na sat\u0131lacak&#8221; denilerek y\u0131k\u0131lan b\u00f6lge, yabanc\u0131lara a\u00e7\u0131ld\u0131. <\/i><\/b><\/p>\n<p style=\"text-align: justify;\"><a href=\"http:\/\/www.muhalifgazete.com\/search.php?s=Gaziosmanpa%C5%9Fa+Belediyesi\">Gaziosmanpa\u015fa Belediyesi<\/a>\u2019nin \u2018gecekondu d\u00f6n\u00fc\u015f\u00fcm\u2019 projesi kapsam\u0131nda yakla\u015f\u0131k 2500 ki\u015finin ya\u015fad\u0131\u011f\u0131 Sar\u0131g\u00f6l\u2019de (\u015een Mahalle) 600 bina bo\u015falt\u0131lm\u0131\u015f ve y\u0131k\u0131lm\u0131\u015ft\u0131. D\u00fcn ola\u011fan\u00fcst\u00fc g\u00fcndem toplant\u0131s\u0131yla toplanan Gaziosmanpa\u015fa Belediyesi Meclisi, \u2018gecekondu d\u00f6n\u00fc\u015f\u00fcm projesi\u2019 kapsam\u0131nda in\u015faat\u0131 devam eden konutlar\u0131n \u2018yaln\u0131zca il\u00e7e vatanda\u015flar\u0131na sat\u0131lmas\u0131\u2019 \u015fart\u0131n\u0131 iptal ederek sat\u0131\u015f\u0131 herkese a\u00e7ma karar\u0131 ald\u0131. Meclis g\u00fcndeminde, il\u00e7e genelinde a\u00e7\u0131lan sat\u0131\u015flarda \u015fu ana kadar 725 konuttan yaln\u0131zca 191\u2019inin sat\u0131ld\u0131\u011f\u0131 belirtildi. Toplant\u0131y\u0131 izleyen vatanda\u015flar\u0131n tepkileri ve <a href=\"http:\/\/www.muhalifgazete.com\/search.php?s=CHP\">CHP<\/a> \u2019li \u00fcyelerin ret oyuna ra\u011fmen karar oy\u00e7oklu\u011fuyla ge\u00e7irildi.<br \/>\nGaziosmanpa\u015fa Belediye Ba\u015fkan\u0131 Erhan Erol, nisan ay\u0131nda Radikal\u2019e verdi\u011fi r\u00f6portaj\u0131nda konutlar\u0131n il\u00e7e d\u0131\u015f\u0131na sat\u0131lmayaca\u011f\u0131n\u0131 belirterek \u201c775 konutun tamam\u0131 il\u00e7e vatanda\u015flar\u0131 i\u00e7in. Vatanda\u015f\u0131n en b\u00fcy\u00fck korkusu \u2018Beni buradan ba\u015fka yere g\u00f6nderecek, buralara zenginlere ev yapacak\u2019. O nedenle biz meclis karar\u0131yla d\u0131\u015far\u0131dan insanlar\u0131n yer almas\u0131n\u0131 engelledik\u201d demi\u015fti.<\/p>\n<p><b>Gecekondu \u00f6nlemede en riskli alana&#8230;<\/b><\/p>\n<p style=\"text-align: justify;\">D\u00f6n\u00fc\u015f\u00fcm alan\u0131 d\u00fcnk\u00fc belediye meclisi karar\u0131yla 775 say\u0131l\u0131 Gecekonu Kanunu kapsam\u0131ndan da \u00e7\u0131kart\u0131ld\u0131. B\u00f6lge, ocak ay\u0131nda \u2018riskli alan\u2019 ilan edilerek 6306 Say\u0131l\u0131 Afet Yasas\u0131 kapsam\u0131na al\u0131nm\u0131\u015ft\u0131, fakat Belediye Ba\u015fkan\u0131 Erhan Erol, mart ay\u0131ndaki halk toplant\u0131s\u0131nda 6306 Say\u0131l\u0131 Yasa\u2019n\u0131n il\u00e7ede uygulanmayaca\u011f\u0131n\u0131 s\u00f6ylemi\u015fti.\u00a0<\/p>\n<p style=\"text-align: justify;\"><a href=\"http:\/\/www.muhalifgazete.com\/search.php?s=TMMOB\">TMMOB<\/a> \u015eehir Planc\u0131lar\u0131 Odas\u0131 \u0130stanbul \u015eube Ba\u015fkan\u0131 Tayfun Kahraman, \u201c775 say\u0131l\u0131 gecekondu kanunu, sosyal konut yap\u0131lmas\u0131n\u0131 \u00f6ng\u00f6r\u00fcr. \u2018Gecekondu \u00f6nleme kanunu\u2019 oldu\u011fu i\u00e7in alt gelir gruplar\u0131na uygun bir \u00e7er\u00e7eve sunar. Bunu 6306 say\u0131l\u0131 yasa kapsam\u0131na al\u0131rsan\u0131z prestij projeleri de dahil olmak \u00fczere her t\u00fcrl\u00fc konut \u00fcretimi i\u00e7in izin vermi\u015f olursunuz. Ama 6306 say\u0131l\u0131 kanun esas olarak idarenin m\u00fcdahalesini kolayla\u015ft\u0131r\u0131r, projeye kat\u0131lma taraftar\u0131 olmayanlar\u0131n da kat\u0131l\u0131m\u0131n\u0131 zorunlu k\u0131lar\u201d diye konu\u015ftu.<br \/>\n<b><br \/>\n\u2018Mahallede en y\u00fcksek gelir ayda 1000 lira\u2019<\/b><\/p>\n<p style=\"text-align: justify;\">Sar\u0131g\u00f6l\u2019deki <a href=\"http:\/\/www.muhalifgazete.com\/search.php?s=kentsel+d%C3%B6n%C3%BC%C5%9F%C3%BCm\">kentsel d\u00f6n\u00fc\u015f\u00fcm<\/a> hakk\u0131nda bir rapor haz\u0131rlayan Uluslararas\u0131 Af \u00d6rg\u00fct\u00fc\u2019n\u00fcn T\u00fcrkiye Ara\u015ft\u0131rmac\u0131s\u0131 Andrew Gardner, \u201cSar\u0131g\u00f6l\u2019de \u015fimdiye kadar 50\u2019nin \u00fczerinde aileyle g\u00f6r\u00fc\u015ft\u00fck.Yaln\u0131zca 1 aile yeni konut projesi i\u00e7in anla\u015fma imzalad\u0131\u011f\u0131n\u0131 ifade etti. Belediyenin projesinden ev alanlar, 10 y\u0131l boyunca bor\u00e7lanarak her ay en az 700 lira \u00f6demek zorunda. Aidat da eklenince bu taksitler Sar\u0131g\u00f6l\u2019de ya\u015fayan bir\u00e7ok ailenin ayl\u0131k gelirinin \u00fczerinde. Konu\u015ftu\u011fumuz ailelerin neredeyse hi\u00e7birinin sosyal g\u00fcvencesi yok. \u00c7o\u011funlukta yorgan satmak gibi i\u015flerle ge\u00e7inen ve ayda 100-150 lira kazanan ki\u015filerden bahsediyoruz. Mahallede rastlad\u0131\u011f\u0131m\u0131z en y\u00fcksek gelir ise 1000 lira civar\u0131nda. Belediye, y\u0131k\u0131lan gecekondular i\u00e7in aile ba\u015f\u0131na 10 bin lira gibi bir enkaz bedeli veriyor\u201d dedi.<\/p>\n<p><b>\u0130\u015fte silinen s\u00f6zler:\u00a0<\/b><\/p>\n<p style=\"text-align: justify;\"><b>\u2018Ermenilere, Yunanl\u0131lara, \u0130sraillilere de\u011fil kendi vatanda\u015f\u0131m\u0131za\u2019<\/b><\/p>\n<p style=\"text-align: justify;\">Meclis toplant\u0131s\u0131nda Gaziosmanpa\u015fa Belediyesi Ba\u015fkan Yard\u0131mc\u0131s\u0131 Y\u0131lmaz \u00d6zkan\u2019\u0131n \u201c\u015eimdi \u00f6yle bi hava estirilmeye \u00e7al\u0131\u015f\u0131l\u0131yor ki sanki biz yurtd\u0131\u015f\u0131ndan i\u015fte Ermenilere, i\u015fte Yunanl\u0131lara, \u0130sraillilere, i\u015fte ba\u015fka milletlere oradan daire sataca\u011f\u0131z&#8230; Buradan daire almak istiyorsa \u0130zmirli vatanda\u015f\u0131m\u0131z als\u0131n Ad\u0131yamanl\u0131 als\u0131n, Diyarbak\u0131rl\u0131, Rizeli, Trabzonlu als\u0131n&#8230; Bizim vatanda\u015f\u0131m\u0131z gelip alacak\u201d ifadesi CHP\u2019li meclis \u00fcyelerince tepkiyle kar\u015f\u0131land\u0131. \u00d6zkan toplant\u0131n\u0131n sonunda ifadesini meclis tutana\u011f\u0131ndan sildirdi.<br \/>\nSar\u0131g\u00f6l\u2019de y\u0131k\u0131m ve zorla tahliyeler h\u00e2l\u00e2 devam ediyor. Y\u0131k\u0131lan evlerin yerine yap\u0131lan in\u015faat projesine 2005\u2019te <a href=\"http:\/\/www.muhalifgazete.com\/search.php?s=TOK%C4%B0\">TOK\u0130<\/a>\u2019yle ba\u015fland\u0131, sonra belediye projeyi TOK\u0130\u2019den devralarak ihaleyle Acar \u0130n\u015faat\u2019a verdi. \u2018D\u00f6n\u00fc\u015f\u00fcm\u2019 projesi kapsam\u0131nda belediye, tapu tahsis belgesi olanlara y\u0131k\u0131ma kar\u015f\u0131 \u00e7\u0131kma hakk\u0131 tan\u0131m\u0131yor, yani tapu tahsisli vatanda\u015f\u0131n projede daire alacak durumu yoksa gecekonduya bi\u00e7ilen enkaz bedelini al\u0131p \u00e7\u0131kmak zorunda. Kalabal\u0131k n\u00fcfuslu ve d\u00fc\u015f\u00fck gelirli bir\u00e7ok hane, olimpik havuzlu projeden daire almak yerine bankaya yat\u0131r\u0131lan paray\u0131 \u00e7ekip evini terk ediyor. Kirac\u0131lar i\u00e7inse evi bo\u015faltmaktan ba\u015fka \u00e7are yok. Sar\u0131g\u00f6l\u2019\u00fcn yan\u0131 ba\u015f\u0131nda \u2018T\u00fcrkiye\u2019nin en b\u00fcy\u00fck e\u011flence merkezi\u2019 Vialand y\u00fckseliyor.<\/p>\n<p style=\"text-align: justify;\"><b><i>(Radikal)<\/i><\/b><\/p>\n<p style=\"text-align: justify;\"><b><i>http:\/\/www.muhalifgazete.com\/haber\/85226\/tutanaktan-cikan-irkci-savunma-sanki-ermenilere-satiyoruz.html<\/i><\/b><\/p>\n","protected":false},"excerpt":{"rendered":"<p>Gaziosmanpa\u015fa&#8217;da &#8220;Sadece il\u00e7e vatanda\u015flar\u0131na sat\u0131lacak&#8221; denilerek y\u0131k\u0131lan b\u00f6lge, yabanc\u0131lara a\u00e7\u0131ld\u0131. Gaziosmanpa\u015fa Belediyesi\u2019nin \u2018gecekondu d\u00f6n\u00fc\u015f\u00fcm\u2019 projesi kapsam\u0131nda yakla\u015f\u0131k 2500 ki\u015finin ya\u015fad\u0131\u011f\u0131 Sar\u0131g\u00f6l\u2019de (\u015een Mahalle) 600 bina bo\u015falt\u0131lm\u0131\u015f ve y\u0131k\u0131lm\u0131\u015ft\u0131. D\u00fcn ola\u011fan\u00fcst\u00fc g\u00fcndem toplant\u0131s\u0131yla toplanan Gaziosmanpa\u015fa Belediyesi Meclisi, \u2018gecekondu d\u00f6n\u00fc\u015f\u00fcm projesi\u2019 kapsam\u0131nda in\u015faat\u0131 devam eden konutlar\u0131n \u2018yaln\u0131zca il\u00e7e vatanda\u015flar\u0131na sat\u0131lmas\u0131\u2019 \u015fart\u0131n\u0131 iptal ederek sat\u0131\u015f\u0131 herkese a\u00e7ma karar\u0131 [&hellip;]<\/p>\n","protected":false},"author":7,"featured_media":0,"comment_status":"open","ping_status":"open","sticky":false,"template":"","format":"standard","meta":{"footnotes":""},"categories":[1],"tags":[],"class_list":["post-27112","post","type-post","status-publish","format-standard","hentry","category-haberler"],"yoast_head":"<!-- This site is optimized with the Yoast SEO plugin v27.4 - https:\/\/yoast.com\/product\/yoast-seo-wordpress\/ -->\n<title>Tutanaktan \u00e7\u0131kan \u0131rk\u00e7\u0131 savunma: Sanki Ermenilere sat\u0131yoruz! - Bati Ermenistan Ve Bati Ermenileri Sorunlari Ara\u015ftirmalar Merkezi<\/title>\n<meta name=\"robots\" content=\"index, follow, max-snippet:-1, max-image-preview:large, max-video-preview:-1\" \/>\n<link rel=\"canonical\" href=\"https:\/\/akunq.net\/tr\/?p=27112\" \/>\n<meta property=\"og:locale\" content=\"en_US\" \/>\n<meta property=\"og:type\" content=\"article\" \/>\n<meta property=\"og:title\" content=\"Tutanaktan \u00e7\u0131kan \u0131rk\u00e7\u0131 savunma: Sanki Ermenilere sat\u0131yoruz! - Bati Ermenistan Ve Bati Ermenileri Sorunlari Ara\u015ftirmalar Merkezi\" \/>\n<meta property=\"og:description\" content=\"Gaziosmanpa\u015fa&#8217;da &#8220;Sadece il\u00e7e vatanda\u015flar\u0131na sat\u0131lacak&#8221; denilerek y\u0131k\u0131lan b\u00f6lge, yabanc\u0131lara a\u00e7\u0131ld\u0131. Gaziosmanpa\u015fa Belediyesi\u2019nin \u2018gecekondu d\u00f6n\u00fc\u015f\u00fcm\u2019 projesi kapsam\u0131nda yakla\u015f\u0131k 2500 ki\u015finin ya\u015fad\u0131\u011f\u0131 Sar\u0131g\u00f6l\u2019de (\u015een Mahalle) 600 bina bo\u015falt\u0131lm\u0131\u015f ve y\u0131k\u0131lm\u0131\u015ft\u0131. D\u00fcn ola\u011fan\u00fcst\u00fc g\u00fcndem toplant\u0131s\u0131yla toplanan Gaziosmanpa\u015fa Belediyesi Meclisi, \u2018gecekondu d\u00f6n\u00fc\u015f\u00fcm projesi\u2019 kapsam\u0131nda in\u015faat\u0131 devam eden konutlar\u0131n \u2018yaln\u0131zca il\u00e7e vatanda\u015flar\u0131na sat\u0131lmas\u0131\u2019 \u015fart\u0131n\u0131 iptal ederek sat\u0131\u015f\u0131 herkese a\u00e7ma karar\u0131 [&hellip;]\" \/>\n<meta property=\"og:url\" content=\"https:\/\/akunq.net\/tr\/?p=27112\" \/>\n<meta property=\"og:site_name\" content=\"Bati Ermenistan Ve Bati Ermenileri Sorunlari Ara\u015ftirmalar Merkezi\" \/>\n<meta property=\"article:published_time\" content=\"2013-11-27T06:34:36+00:00\" \/>\n<meta name=\"author\" content=\"admin\" \/>\n<meta name=\"twitter:card\" content=\"summary_large_image\" \/>\n<meta name=\"twitter:label1\" content=\"Written by\" \/>\n\t<meta name=\"twitter:data1\" content=\"admin\" \/>\n\t<meta name=\"twitter:label2\" content=\"Est. reading time\" \/>\n\t<meta name=\"twitter:data2\" content=\"4 minutes\" \/>\n<script type=\"application\/ld+json\" class=\"yoast-schema-graph\">{\"@context\":\"https:\\\/\\\/schema.org\",\"@graph\":[{\"@type\":\"Article\",\"@id\":\"https:\\\/\\\/akunq.net\\\/tr\\\/?p=27112#article\",\"isPartOf\":{\"@id\":\"https:\\\/\\\/akunq.net\\\/tr\\\/?p=27112\"},\"author\":{\"name\":\"admin\",\"@id\":\"https:\\\/\\\/akunq.net\\\/tr\\\/#\\\/schema\\\/person\\\/096f1d38a12cce57fb855b485ed24c9e\"},\"headline\":\"Tutanaktan \u00e7\u0131kan \u0131rk\u00e7\u0131 savunma: Sanki Ermenilere sat\u0131yoruz!\",\"datePublished\":\"2013-11-27T06:34:36+00:00\",\"mainEntityOfPage\":{\"@id\":\"https:\\\/\\\/akunq.net\\\/tr\\\/?p=27112\"},\"wordCount\":782,\"commentCount\":0,\"articleSection\":[\"Haberler\"],\"inLanguage\":\"en-US\",\"potentialAction\":[{\"@type\":\"CommentAction\",\"name\":\"Comment\",\"target\":[\"https:\\\/\\\/akunq.net\\\/tr\\\/?p=27112#respond\"]}]},{\"@type\":\"WebPage\",\"@id\":\"https:\\\/\\\/akunq.net\\\/tr\\\/?p=27112\",\"url\":\"https:\\\/\\\/akunq.net\\\/tr\\\/?p=27112\",\"name\":\"Tutanaktan \u00e7\u0131kan \u0131rk\u00e7\u0131 savunma: Sanki Ermenilere sat\u0131yoruz! - Bati Ermenistan Ve Bati Ermenileri Sorunlari Ara\u015ftirmalar Merkezi\",\"isPartOf\":{\"@id\":\"https:\\\/\\\/akunq.net\\\/tr\\\/#website\"},\"datePublished\":\"2013-11-27T06:34:36+00:00\",\"author\":{\"@id\":\"https:\\\/\\\/akunq.net\\\/tr\\\/#\\\/schema\\\/person\\\/096f1d38a12cce57fb855b485ed24c9e\"},\"breadcrumb\":{\"@id\":\"https:\\\/\\\/akunq.net\\\/tr\\\/?p=27112#breadcrumb\"},\"inLanguage\":\"en-US\",\"potentialAction\":[{\"@type\":\"ReadAction\",\"target\":[\"https:\\\/\\\/akunq.net\\\/tr\\\/?p=27112\"]}]},{\"@type\":\"BreadcrumbList\",\"@id\":\"https:\\\/\\\/akunq.net\\\/tr\\\/?p=27112#breadcrumb\",\"itemListElement\":[{\"@type\":\"ListItem\",\"position\":1,\"name\":\"Home\",\"item\":\"https:\\\/\\\/akunq.net\\\/tr\"},{\"@type\":\"ListItem\",\"position\":2,\"name\":\"Tutanaktan \u00e7\u0131kan \u0131rk\u00e7\u0131 savunma: Sanki Ermenilere sat\u0131yoruz!\"}]},{\"@type\":\"WebSite\",\"@id\":\"https:\\\/\\\/akunq.net\\\/tr\\\/#website\",\"url\":\"https:\\\/\\\/akunq.net\\\/tr\\\/\",\"name\":\"Bati Ermenistan Ve Bati Ermenileri Sorunlari Ara\u015ftirmalar Merkezi\",\"description\":\"\",\"potentialAction\":[{\"@type\":\"SearchAction\",\"target\":{\"@type\":\"EntryPoint\",\"urlTemplate\":\"https:\\\/\\\/akunq.net\\\/tr\\\/?s={search_term_string}\"},\"query-input\":{\"@type\":\"PropertyValueSpecification\",\"valueRequired\":true,\"valueName\":\"search_term_string\"}}],\"inLanguage\":\"en-US\"},{\"@type\":\"Person\",\"@id\":\"https:\\\/\\\/akunq.net\\\/tr\\\/#\\\/schema\\\/person\\\/096f1d38a12cce57fb855b485ed24c9e\",\"name\":\"admin\",\"url\":\"https:\\\/\\\/akunq.net\\\/tr\\\/?author=7\"}]}<\/script>\n<!-- \/ Yoast SEO plugin. -->","yoast_head_json":{"title":"Tutanaktan \u00e7\u0131kan \u0131rk\u00e7\u0131 savunma: Sanki Ermenilere sat\u0131yoruz! - Bati Ermenistan Ve Bati Ermenileri Sorunlari Ara\u015ftirmalar Merkezi","robots":{"index":"index","follow":"follow","max-snippet":"max-snippet:-1","max-image-preview":"max-image-preview:large","max-video-preview":"max-video-preview:-1"},"canonical":"https:\/\/akunq.net\/tr\/?p=27112","og_locale":"en_US","og_type":"article","og_title":"Tutanaktan \u00e7\u0131kan \u0131rk\u00e7\u0131 savunma: Sanki Ermenilere sat\u0131yoruz! - Bati Ermenistan Ve Bati Ermenileri Sorunlari Ara\u015ftirmalar Merkezi","og_description":"Gaziosmanpa\u015fa&#8217;da &#8220;Sadece il\u00e7e vatanda\u015flar\u0131na sat\u0131lacak&#8221; denilerek y\u0131k\u0131lan b\u00f6lge, yabanc\u0131lara a\u00e7\u0131ld\u0131. Gaziosmanpa\u015fa Belediyesi\u2019nin \u2018gecekondu d\u00f6n\u00fc\u015f\u00fcm\u2019 projesi kapsam\u0131nda yakla\u015f\u0131k 2500 ki\u015finin ya\u015fad\u0131\u011f\u0131 Sar\u0131g\u00f6l\u2019de (\u015een Mahalle) 600 bina bo\u015falt\u0131lm\u0131\u015f ve y\u0131k\u0131lm\u0131\u015ft\u0131. D\u00fcn ola\u011fan\u00fcst\u00fc g\u00fcndem toplant\u0131s\u0131yla toplanan Gaziosmanpa\u015fa Belediyesi Meclisi, \u2018gecekondu d\u00f6n\u00fc\u015f\u00fcm projesi\u2019 kapsam\u0131nda in\u015faat\u0131 devam eden konutlar\u0131n \u2018yaln\u0131zca il\u00e7e vatanda\u015flar\u0131na sat\u0131lmas\u0131\u2019 \u015fart\u0131n\u0131 iptal ederek sat\u0131\u015f\u0131 herkese a\u00e7ma karar\u0131 [&hellip;]","og_url":"https:\/\/akunq.net\/tr\/?p=27112","og_site_name":"Bati Ermenistan Ve Bati Ermenileri Sorunlari Ara\u015ftirmalar Merkezi","article_published_time":"2013-11-27T06:34:36+00:00","author":"admin","twitter_card":"summary_large_image","twitter_misc":{"Written by":"admin","Est. reading time":"4 minutes"},"schema":{"@context":"https:\/\/schema.org","@graph":[{"@type":"Article","@id":"https:\/\/akunq.net\/tr\/?p=27112#article","isPartOf":{"@id":"https:\/\/akunq.net\/tr\/?p=27112"},"author":{"name":"admin","@id":"https:\/\/akunq.net\/tr\/#\/schema\/person\/096f1d38a12cce57fb855b485ed24c9e"},"headline":"Tutanaktan \u00e7\u0131kan \u0131rk\u00e7\u0131 savunma: Sanki Ermenilere sat\u0131yoruz!","datePublished":"2013-11-27T06:34:36+00:00","mainEntityOfPage":{"@id":"https:\/\/akunq.net\/tr\/?p=27112"},"wordCount":782,"commentCount":0,"articleSection":["Haberler"],"inLanguage":"en-US","potentialAction":[{"@type":"CommentAction","name":"Comment","target":["https:\/\/akunq.net\/tr\/?p=27112#respond"]}]},{"@type":"WebPage","@id":"https:\/\/akunq.net\/tr\/?p=27112","url":"https:\/\/akunq.net\/tr\/?p=27112","name":"Tutanaktan \u00e7\u0131kan \u0131rk\u00e7\u0131 savunma: Sanki Ermenilere sat\u0131yoruz! - Bati Ermenistan Ve Bati Ermenileri Sorunlari Ara\u015ftirmalar Merkezi","isPartOf":{"@id":"https:\/\/akunq.net\/tr\/#website"},"datePublished":"2013-11-27T06:34:36+00:00","author":{"@id":"https:\/\/akunq.net\/tr\/#\/schema\/person\/096f1d38a12cce57fb855b485ed24c9e"},"breadcrumb":{"@id":"https:\/\/akunq.net\/tr\/?p=27112#breadcrumb"},"inLanguage":"en-US","potentialAction":[{"@type":"ReadAction","target":["https:\/\/akunq.net\/tr\/?p=27112"]}]},{"@type":"BreadcrumbList","@id":"https:\/\/akunq.net\/tr\/?p=27112#breadcrumb","itemListElement":[{"@type":"ListItem","position":1,"name":"Home","item":"https:\/\/akunq.net\/tr"},{"@type":"ListItem","position":2,"name":"Tutanaktan \u00e7\u0131kan \u0131rk\u00e7\u0131 savunma: Sanki Ermenilere sat\u0131yoruz!"}]},{"@type":"WebSite","@id":"https:\/\/akunq.net\/tr\/#website","url":"https:\/\/akunq.net\/tr\/","name":"Bati Ermenistan Ve Bati Ermenileri Sorunlari Ara\u015ftirmalar Merkezi","description":"","potentialAction":[{"@type":"SearchAction","target":{"@type":"EntryPoint","urlTemplate":"https:\/\/akunq.net\/tr\/?s={search_term_string}"},"query-input":{"@type":"PropertyValueSpecification","valueRequired":true,"valueName":"search_term_string"}}],"inLanguage":"en-US"},{"@type":"Person","@id":"https:\/\/akunq.net\/tr\/#\/schema\/person\/096f1d38a12cce57fb855b485ed24c9e","name":"admin","url":"https:\/\/akunq.net\/tr\/?author=7"}]}},"_links":{"self":[{"href":"https:\/\/akunq.net\/tr\/index.php?rest_route=\/wp\/v2\/posts\/27112","targetHints":{"allow":["GET"]}}],"collection":[{"href":"https:\/\/akunq.net\/tr\/index.php?rest_route=\/wp\/v2\/posts"}],"about":[{"href":"https:\/\/akunq.net\/tr\/index.php?rest_route=\/wp\/v2\/types\/post"}],"author":[{"embeddable":true,"href":"https:\/\/akunq.net\/tr\/index.php?rest_route=\/wp\/v2\/users\/7"}],"replies":[{"embeddable":true,"href":"https:\/\/akunq.net\/tr\/index.php?rest_route=%2Fwp%2Fv2%2Fcomments&post=27112"}],"version-history":[{"count":1,"href":"https:\/\/akunq.net\/tr\/index.php?rest_route=\/wp\/v2\/posts\/27112\/revisions"}],"predecessor-version":[{"id":27114,"href":"https:\/\/akunq.net\/tr\/index.php?rest_route=\/wp\/v2\/posts\/27112\/revisions\/27114"}],"wp:attachment":[{"href":"https:\/\/akunq.net\/tr\/index.php?rest_route=%2Fwp%2Fv2%2Fmedia&parent=27112"}],"wp:term":[{"taxonomy":"category","embeddable":true,"href":"https:\/\/akunq.net\/tr\/index.php?rest_route=%2Fwp%2Fv2%2Fcategories&post=27112"},{"taxonomy":"post_tag","embeddable":true,"href":"https:\/\/akunq.net\/tr\/index.php?rest_route=%2Fwp%2Fv2%2Ftags&post=27112"}],"curies":[{"name":"wp","href":"https:\/\/api.w.org\/{rel}","templated":true}]}}