{"id":27106,"date":"2013-11-26T03:50:38","date_gmt":"2013-11-26T08:50:38","guid":{"rendered":"http:\/\/akunq.net\/tr\/?p=27106"},"modified":"2013-11-26T03:50:38","modified_gmt":"2013-11-26T08:50:38","slug":"kiliseyi-tezek-kokusu-sardi-ruhanilerin-evi-ahir-oldu","status":"publish","type":"post","link":"https:\/\/akunq.net\/tr\/?p=27106","title":{"rendered":"Kiliseyi tezek kokusu sard\u0131, ruhanilerin evi ah\u0131r oldu"},"content":{"rendered":"<p style=\"text-align: justify;\"><b><a href=\"http:\/\/akunq.net\/tr\/wp-content\/uploads\/2013\/11\/Meryem-Ana-Kilisesi.jpg\"><img loading=\"lazy\" decoding=\"async\" class=\"alignright size-medium wp-image-27107\" alt=\"Meryem Ana Kilisesi\" src=\"http:\/\/akunq.net\/tr\/wp-content\/uploads\/2013\/11\/Meryem-Ana-Kilisesi-300x225.jpg\" width=\"300\" height=\"225\" srcset=\"https:\/\/akunq.net\/tr\/wp-content\/uploads\/sites\/6\/2013\/11\/Meryem-Ana-Kilisesi-300x225.jpg 300w, https:\/\/akunq.net\/tr\/wp-content\/uploads\/sites\/6\/2013\/11\/Meryem-Ana-Kilisesi.jpg 550w\" sizes=\"auto, (max-width: 300px) 100vw, 300px\" \/><\/a>SERDAR KORUCU<\/b><\/p>\n<p style=\"text-align: justify;\"><b><i>\u201cKayseri\u2019deki Meryem Ana Kilisesi bug\u00fcn kesif bir koku ile kar\u015f\u0131l\u0131yor misafirlerini. Nedeni yan\u0131 ba\u015f\u0131nda tezek kurutmak i\u00e7in dev bir alan olu\u015fturulmu\u015f olmas\u0131. Kilisenin yan\u0131 ba\u015f\u0131ndaki, bir zamanlar ruhanilerin ikamet etti\u011fi tarihi evler ise, bug\u00fcn ah\u0131r olarak kullan\u0131l\u0131yor.\u201d Serdar Korucu yazd\u0131.<\/i><\/b><\/p>\n<p style=\"text-align: justify;\">Kayseri\u2019nin T\u00fcrk, Ermeni ve Rumlar\u0131n\u0131n bir arada ya\u015fad\u0131\u011f\u0131, tarihi 750 y\u0131l \u00f6nceye dayanan bir k\u00f6y Germir. Daha do\u011frusu art\u0131k mahalle. D\u00f6rt bir yan\u0131nda 1960 darbesindeki isim de\u011fi\u015ftirme dalgas\u0131ndan kalma \u2018Konaklar\u2019 ad\u0131 h\u00e2l\u00e2 var. Her ne kadar resmiyette 13 y\u0131ld\u0131r, Ermenice k\u0131rm\u0131z\u0131 demek olan \u2018garmir\u2019 kelimesinden gelen eski ad\u0131na kavu\u015fmu\u015f olsa da.<\/p>\n<p style=\"text-align: justify;\">Mahallenin en g\u00f6r\u00fcn\u00fcr H\u0131ristiyan mabedi, evlerin t\u00fcm\u00fcn\u00fc tepeden g\u00f6ren \u2018Panagia\u2019 yani Meryem Ana Kilisesi. Bir zamanlar buhur kokusunun yay\u0131ld\u0131\u011f\u0131, dini ayinlerin yap\u0131ld\u0131\u011f\u0131 kilise bug\u00fcn kesif bir koku ile kar\u015f\u0131l\u0131yor misafirlerini. Nedeni yan\u0131 ba\u015f\u0131nda tezek kurutmak i\u00e7in dev bir alan olu\u015fturulmu\u015f olmas\u0131.<\/p>\n<p style=\"text-align: justify;\">Tezekleri ge\u00e7tikten sonra kara bir duman y\u00fckseliyor \u00e7an kulesinin yan\u0131 ba\u015f\u0131na eklenen m\u00fc\u015ftemilattan. Sonradan yap\u0131ya eklenen bacas\u0131ndan \u00e7\u0131kan dumanlar y\u00fczy\u0131l\u0131 ge\u00e7kin kutsal ta\u015flar\u0131n\u0131 siyaha boyuyor. Binan\u0131n kilitli kap\u0131s\u0131ndansa esmer uzun boylu biri \u00e7\u0131k\u0131yor. Y\u00fczy\u0131l \u00f6nce zangocun durdu\u011fu yerde. Art\u0131k o binan\u0131n bug\u00fcnk\u00fc g\u00f6revlisi.<\/p>\n<p style=\"text-align: justify;\">G\u00f6revli, kilisenin yan\u0131 ba\u015f\u0131nda bir zamanlar ruhanilerin ikamet etti\u011fi tarihi evlerde besledi\u011fi koyunlar\u0131na yem verdikten sonra ba\u015fl\u0131yor binan\u0131n son d\u00f6nemdeki durumunu aktarmaya. Cumhurba\u015fkan\u0131 Abdullah G\u00fcl\u2019\u00fcn Ekim ay\u0131n\u0131n sonunda grip nedeniyle yar\u0131da kesti\u011fi ziyaretinde asl\u0131nda buraya u\u011frayaca\u011f\u0131n\u0131 anlat\u0131yor \u00f6nce.<\/p>\n<p style=\"text-align: justify;\">Kilisenin \u00fczerindeki kilitlerin valilik emriyle kapand\u0131\u011f\u0131n\u0131, binan\u0131n bir s\u00fcredir kapal\u0131 oldu\u011funu belirtiyor binan\u0131n g\u00f6revlisi. Kilisenin emanet edildi\u011fi ki\u015fiye g\u00f6re binan\u0131n kap\u0131s\u0131na vurulan kilidin sebebi turistlerin tav\u0131rlar\u0131. G\u00f6revli, \u201cUygunsuz foto\u011fraflar \u00e7ekiyorlard\u0131, T\u00fcrkiye\u2019yi yanl\u0131\u015f tan\u0131t\u0131yorlard\u0131\u201d\u00a0 diyor. Uygunsuzun tan\u0131m\u0131n\u0131 ise \u015f\u00f6yle a\u00e7\u0131kl\u0131yor: \u201cAlkol alan\u0131, kad\u0131n k\u0131z getireni burada oluyor. Bo\u015f buluyorlar, binada her \u015feyi yap\u0131yorlar\u201d diyor. Kendisine ra\u011fmen bunun nas\u0131l oldu\u011fu konusunda ise sessiz.\u00a0 Kapal\u0131 kilisenin kap\u0131s\u0131n\u0131 a\u00e7mak i\u00e7inse tek bir \u015fart\u0131 var, yaln\u0131z gelmek ve bina hakk\u0131nda iyi \u015feyler yazmak konusunda taahh\u00fct vermek\u2026<\/p>\n<p style=\"text-align: justify;\">Uzunca bir s\u00fcre define avc\u0131lar\u0131 taraf\u0131ndan talana u\u011fram\u0131\u015f kilise. Bu nedenle giri\u015findeki ikonalar\u0131 s\u00f6k\u00fclm\u00fc\u015f, yerleri delik de\u015fik edilmi\u015f. Ana giri\u015f kap\u0131s\u0131 molozlarla kapat\u0131lan kilise sonralar\u0131 ah\u0131r olarak kullan\u0131lm\u0131\u015f. Bug\u00fcnse ziyaret\u00e7ilere \u015fartl\u0131 a\u00e7\u0131k durumda\u2026<\/p>\n<p style=\"text-align: justify;\">Kilise i\u00e7inde bir zamanlar\u0131n g\u00f6rkemini yans\u0131tan s\u00fctunlar\u0131, kaz\u0131nmas\u0131na ra\u011fmen h\u00e2l\u00e2 korudu\u011fu baz\u0131 havari tasvirleri ile ge\u00e7mi\u015fini hat\u0131rlat\u0131yor. Ekim ay\u0131n\u0131n ba\u015f\u0131na kadar ziyarete a\u00e7\u0131k oldu\u011fu ise i\u00e7ine kaz\u0131nan yaz\u0131lardan anla\u015f\u0131l\u0131yor\u2026<\/p>\n<p style=\"text-align: justify;\">Kimi a\u015fk\u0131n\u0131 kiminin nefretini kaz\u0131d\u0131\u011f\u0131 kilisenin \u00e7\u0131k\u0131\u015f\u0131nda ise bir yaz\u0131 u\u011furluyor gidenleri. Bir yanda \u201cGiren \u00e7\u0131kamaz\u201d yaz\u0131yor \u00f6te yandaysa \u201cS\u2026 gidin bir daha gelmeyin\u201d\u2026<\/p>\n<p style=\"text-align: justify;\"><b><i>http:\/\/www.agos.com.tr\/haber.php?seo=kiliseyi-tezek-kokusu-sardi-ruhanilerin-evi-ahir-oldu&amp;haberid=6214<\/i><\/b><\/p>\n","protected":false},"excerpt":{"rendered":"<p>SERDAR KORUCU \u201cKayseri\u2019deki Meryem Ana Kilisesi bug\u00fcn kesif bir koku ile kar\u015f\u0131l\u0131yor misafirlerini. Nedeni yan\u0131 ba\u015f\u0131nda tezek kurutmak i\u00e7in dev bir alan olu\u015fturulmu\u015f olmas\u0131. Kilisenin yan\u0131 ba\u015f\u0131ndaki, bir zamanlar ruhanilerin ikamet etti\u011fi tarihi evler ise, bug\u00fcn ah\u0131r olarak kullan\u0131l\u0131yor.\u201d Serdar Korucu yazd\u0131. Kayseri\u2019nin T\u00fcrk, Ermeni ve Rumlar\u0131n\u0131n bir arada ya\u015fad\u0131\u011f\u0131, tarihi 750 y\u0131l \u00f6nceye dayanan [&hellip;]<\/p>\n","protected":false},"author":7,"featured_media":0,"comment_status":"open","ping_status":"open","sticky":false,"template":"","format":"standard","meta":{"footnotes":""},"categories":[1],"tags":[],"class_list":["post-27106","post","type-post","status-publish","format-standard","hentry","category-haberler"],"yoast_head":"<!-- This site is optimized with the Yoast SEO plugin v27.4 - https:\/\/yoast.com\/product\/yoast-seo-wordpress\/ -->\n<title>Kiliseyi tezek kokusu sard\u0131, ruhanilerin evi ah\u0131r oldu - Bati Ermenistan Ve Bati Ermenileri Sorunlari Ara\u015ftirmalar Merkezi<\/title>\n<meta name=\"robots\" content=\"index, follow, max-snippet:-1, max-image-preview:large, max-video-preview:-1\" \/>\n<link rel=\"canonical\" href=\"https:\/\/akunq.net\/tr\/?p=27106\" \/>\n<meta property=\"og:locale\" content=\"en_US\" \/>\n<meta property=\"og:type\" content=\"article\" \/>\n<meta property=\"og:title\" content=\"Kiliseyi tezek kokusu sard\u0131, ruhanilerin evi ah\u0131r oldu - Bati Ermenistan Ve Bati Ermenileri Sorunlari Ara\u015ftirmalar Merkezi\" \/>\n<meta property=\"og:description\" content=\"SERDAR KORUCU \u201cKayseri\u2019deki Meryem Ana Kilisesi bug\u00fcn kesif bir koku ile kar\u015f\u0131l\u0131yor misafirlerini. Nedeni yan\u0131 ba\u015f\u0131nda tezek kurutmak i\u00e7in dev bir alan olu\u015fturulmu\u015f olmas\u0131. Kilisenin yan\u0131 ba\u015f\u0131ndaki, bir zamanlar ruhanilerin ikamet etti\u011fi tarihi evler ise, bug\u00fcn ah\u0131r olarak kullan\u0131l\u0131yor.\u201d Serdar Korucu yazd\u0131. Kayseri\u2019nin T\u00fcrk, Ermeni ve Rumlar\u0131n\u0131n bir arada ya\u015fad\u0131\u011f\u0131, tarihi 750 y\u0131l \u00f6nceye dayanan [&hellip;]\" \/>\n<meta property=\"og:url\" content=\"https:\/\/akunq.net\/tr\/?p=27106\" \/>\n<meta property=\"og:site_name\" content=\"Bati Ermenistan Ve Bati Ermenileri Sorunlari Ara\u015ftirmalar Merkezi\" \/>\n<meta property=\"article:published_time\" content=\"2013-11-26T08:50:38+00:00\" \/>\n<meta property=\"og:image\" content=\"http:\/\/akunq.net\/tr\/wp-content\/uploads\/2013\/11\/Meryem-Ana-Kilisesi-300x225.jpg\" \/>\n<meta name=\"author\" content=\"admin\" \/>\n<meta name=\"twitter:card\" content=\"summary_large_image\" \/>\n<meta name=\"twitter:label1\" content=\"Written by\" \/>\n\t<meta name=\"twitter:data1\" content=\"admin\" \/>\n\t<meta name=\"twitter:label2\" content=\"Est. reading time\" \/>\n\t<meta name=\"twitter:data2\" content=\"3 minutes\" \/>\n<script type=\"application\/ld+json\" class=\"yoast-schema-graph\">{\"@context\":\"https:\\\/\\\/schema.org\",\"@graph\":[{\"@type\":\"Article\",\"@id\":\"https:\\\/\\\/akunq.net\\\/tr\\\/?p=27106#article\",\"isPartOf\":{\"@id\":\"https:\\\/\\\/akunq.net\\\/tr\\\/?p=27106\"},\"author\":{\"name\":\"admin\",\"@id\":\"https:\\\/\\\/akunq.net\\\/tr\\\/#\\\/schema\\\/person\\\/096f1d38a12cce57fb855b485ed24c9e\"},\"headline\":\"Kiliseyi tezek kokusu sard\u0131, ruhanilerin evi ah\u0131r oldu\",\"datePublished\":\"2013-11-26T08:50:38+00:00\",\"mainEntityOfPage\":{\"@id\":\"https:\\\/\\\/akunq.net\\\/tr\\\/?p=27106\"},\"wordCount\":571,\"commentCount\":0,\"image\":{\"@id\":\"https:\\\/\\\/akunq.net\\\/tr\\\/?p=27106#primaryimage\"},\"thumbnailUrl\":\"http:\\\/\\\/akunq.net\\\/tr\\\/wp-content\\\/uploads\\\/2013\\\/11\\\/Meryem-Ana-Kilisesi-300x225.jpg\",\"articleSection\":[\"Haberler\"],\"inLanguage\":\"en-US\",\"potentialAction\":[{\"@type\":\"CommentAction\",\"name\":\"Comment\",\"target\":[\"https:\\\/\\\/akunq.net\\\/tr\\\/?p=27106#respond\"]}]},{\"@type\":\"WebPage\",\"@id\":\"https:\\\/\\\/akunq.net\\\/tr\\\/?p=27106\",\"url\":\"https:\\\/\\\/akunq.net\\\/tr\\\/?p=27106\",\"name\":\"Kiliseyi tezek kokusu sard\u0131, ruhanilerin evi ah\u0131r oldu - Bati Ermenistan Ve Bati Ermenileri Sorunlari Ara\u015ftirmalar Merkezi\",\"isPartOf\":{\"@id\":\"https:\\\/\\\/akunq.net\\\/tr\\\/#website\"},\"primaryImageOfPage\":{\"@id\":\"https:\\\/\\\/akunq.net\\\/tr\\\/?p=27106#primaryimage\"},\"image\":{\"@id\":\"https:\\\/\\\/akunq.net\\\/tr\\\/?p=27106#primaryimage\"},\"thumbnailUrl\":\"http:\\\/\\\/akunq.net\\\/tr\\\/wp-content\\\/uploads\\\/2013\\\/11\\\/Meryem-Ana-Kilisesi-300x225.jpg\",\"datePublished\":\"2013-11-26T08:50:38+00:00\",\"author\":{\"@id\":\"https:\\\/\\\/akunq.net\\\/tr\\\/#\\\/schema\\\/person\\\/096f1d38a12cce57fb855b485ed24c9e\"},\"breadcrumb\":{\"@id\":\"https:\\\/\\\/akunq.net\\\/tr\\\/?p=27106#breadcrumb\"},\"inLanguage\":\"en-US\",\"potentialAction\":[{\"@type\":\"ReadAction\",\"target\":[\"https:\\\/\\\/akunq.net\\\/tr\\\/?p=27106\"]}]},{\"@type\":\"ImageObject\",\"inLanguage\":\"en-US\",\"@id\":\"https:\\\/\\\/akunq.net\\\/tr\\\/?p=27106#primaryimage\",\"url\":\"https:\\\/\\\/akunq.net\\\/tr\\\/wp-content\\\/uploads\\\/sites\\\/6\\\/2013\\\/11\\\/Meryem-Ana-Kilisesi.jpg\",\"contentUrl\":\"https:\\\/\\\/akunq.net\\\/tr\\\/wp-content\\\/uploads\\\/sites\\\/6\\\/2013\\\/11\\\/Meryem-Ana-Kilisesi.jpg\",\"width\":550,\"height\":413},{\"@type\":\"BreadcrumbList\",\"@id\":\"https:\\\/\\\/akunq.net\\\/tr\\\/?p=27106#breadcrumb\",\"itemListElement\":[{\"@type\":\"ListItem\",\"position\":1,\"name\":\"Home\",\"item\":\"https:\\\/\\\/akunq.net\\\/tr\"},{\"@type\":\"ListItem\",\"position\":2,\"name\":\"Kiliseyi tezek kokusu sard\u0131, ruhanilerin evi ah\u0131r oldu\"}]},{\"@type\":\"WebSite\",\"@id\":\"https:\\\/\\\/akunq.net\\\/tr\\\/#website\",\"url\":\"https:\\\/\\\/akunq.net\\\/tr\\\/\",\"name\":\"Bati Ermenistan Ve Bati Ermenileri Sorunlari Ara\u015ftirmalar Merkezi\",\"description\":\"\",\"potentialAction\":[{\"@type\":\"SearchAction\",\"target\":{\"@type\":\"EntryPoint\",\"urlTemplate\":\"https:\\\/\\\/akunq.net\\\/tr\\\/?s={search_term_string}\"},\"query-input\":{\"@type\":\"PropertyValueSpecification\",\"valueRequired\":true,\"valueName\":\"search_term_string\"}}],\"inLanguage\":\"en-US\"},{\"@type\":\"Person\",\"@id\":\"https:\\\/\\\/akunq.net\\\/tr\\\/#\\\/schema\\\/person\\\/096f1d38a12cce57fb855b485ed24c9e\",\"name\":\"admin\",\"url\":\"https:\\\/\\\/akunq.net\\\/tr\\\/?author=7\"}]}<\/script>\n<!-- \/ Yoast SEO plugin. -->","yoast_head_json":{"title":"Kiliseyi tezek kokusu sard\u0131, ruhanilerin evi ah\u0131r oldu - Bati Ermenistan Ve Bati Ermenileri Sorunlari Ara\u015ftirmalar Merkezi","robots":{"index":"index","follow":"follow","max-snippet":"max-snippet:-1","max-image-preview":"max-image-preview:large","max-video-preview":"max-video-preview:-1"},"canonical":"https:\/\/akunq.net\/tr\/?p=27106","og_locale":"en_US","og_type":"article","og_title":"Kiliseyi tezek kokusu sard\u0131, ruhanilerin evi ah\u0131r oldu - Bati Ermenistan Ve Bati Ermenileri Sorunlari Ara\u015ftirmalar Merkezi","og_description":"SERDAR KORUCU \u201cKayseri\u2019deki Meryem Ana Kilisesi bug\u00fcn kesif bir koku ile kar\u015f\u0131l\u0131yor misafirlerini. Nedeni yan\u0131 ba\u015f\u0131nda tezek kurutmak i\u00e7in dev bir alan olu\u015fturulmu\u015f olmas\u0131. Kilisenin yan\u0131 ba\u015f\u0131ndaki, bir zamanlar ruhanilerin ikamet etti\u011fi tarihi evler ise, bug\u00fcn ah\u0131r olarak kullan\u0131l\u0131yor.\u201d Serdar Korucu yazd\u0131. Kayseri\u2019nin T\u00fcrk, Ermeni ve Rumlar\u0131n\u0131n bir arada ya\u015fad\u0131\u011f\u0131, tarihi 750 y\u0131l \u00f6nceye dayanan [&hellip;]","og_url":"https:\/\/akunq.net\/tr\/?p=27106","og_site_name":"Bati Ermenistan Ve Bati Ermenileri Sorunlari Ara\u015ftirmalar Merkezi","article_published_time":"2013-11-26T08:50:38+00:00","og_image":[{"url":"http:\/\/akunq.net\/tr\/wp-content\/uploads\/2013\/11\/Meryem-Ana-Kilisesi-300x225.jpg","type":"","width":"","height":""}],"author":"admin","twitter_card":"summary_large_image","twitter_misc":{"Written by":"admin","Est. reading time":"3 minutes"},"schema":{"@context":"https:\/\/schema.org","@graph":[{"@type":"Article","@id":"https:\/\/akunq.net\/tr\/?p=27106#article","isPartOf":{"@id":"https:\/\/akunq.net\/tr\/?p=27106"},"author":{"name":"admin","@id":"https:\/\/akunq.net\/tr\/#\/schema\/person\/096f1d38a12cce57fb855b485ed24c9e"},"headline":"Kiliseyi tezek kokusu sard\u0131, ruhanilerin evi ah\u0131r oldu","datePublished":"2013-11-26T08:50:38+00:00","mainEntityOfPage":{"@id":"https:\/\/akunq.net\/tr\/?p=27106"},"wordCount":571,"commentCount":0,"image":{"@id":"https:\/\/akunq.net\/tr\/?p=27106#primaryimage"},"thumbnailUrl":"http:\/\/akunq.net\/tr\/wp-content\/uploads\/2013\/11\/Meryem-Ana-Kilisesi-300x225.jpg","articleSection":["Haberler"],"inLanguage":"en-US","potentialAction":[{"@type":"CommentAction","name":"Comment","target":["https:\/\/akunq.net\/tr\/?p=27106#respond"]}]},{"@type":"WebPage","@id":"https:\/\/akunq.net\/tr\/?p=27106","url":"https:\/\/akunq.net\/tr\/?p=27106","name":"Kiliseyi tezek kokusu sard\u0131, ruhanilerin evi ah\u0131r oldu - Bati Ermenistan Ve Bati Ermenileri Sorunlari Ara\u015ftirmalar Merkezi","isPartOf":{"@id":"https:\/\/akunq.net\/tr\/#website"},"primaryImageOfPage":{"@id":"https:\/\/akunq.net\/tr\/?p=27106#primaryimage"},"image":{"@id":"https:\/\/akunq.net\/tr\/?p=27106#primaryimage"},"thumbnailUrl":"http:\/\/akunq.net\/tr\/wp-content\/uploads\/2013\/11\/Meryem-Ana-Kilisesi-300x225.jpg","datePublished":"2013-11-26T08:50:38+00:00","author":{"@id":"https:\/\/akunq.net\/tr\/#\/schema\/person\/096f1d38a12cce57fb855b485ed24c9e"},"breadcrumb":{"@id":"https:\/\/akunq.net\/tr\/?p=27106#breadcrumb"},"inLanguage":"en-US","potentialAction":[{"@type":"ReadAction","target":["https:\/\/akunq.net\/tr\/?p=27106"]}]},{"@type":"ImageObject","inLanguage":"en-US","@id":"https:\/\/akunq.net\/tr\/?p=27106#primaryimage","url":"https:\/\/akunq.net\/tr\/wp-content\/uploads\/sites\/6\/2013\/11\/Meryem-Ana-Kilisesi.jpg","contentUrl":"https:\/\/akunq.net\/tr\/wp-content\/uploads\/sites\/6\/2013\/11\/Meryem-Ana-Kilisesi.jpg","width":550,"height":413},{"@type":"BreadcrumbList","@id":"https:\/\/akunq.net\/tr\/?p=27106#breadcrumb","itemListElement":[{"@type":"ListItem","position":1,"name":"Home","item":"https:\/\/akunq.net\/tr"},{"@type":"ListItem","position":2,"name":"Kiliseyi tezek kokusu sard\u0131, ruhanilerin evi ah\u0131r oldu"}]},{"@type":"WebSite","@id":"https:\/\/akunq.net\/tr\/#website","url":"https:\/\/akunq.net\/tr\/","name":"Bati Ermenistan Ve Bati Ermenileri Sorunlari Ara\u015ftirmalar Merkezi","description":"","potentialAction":[{"@type":"SearchAction","target":{"@type":"EntryPoint","urlTemplate":"https:\/\/akunq.net\/tr\/?s={search_term_string}"},"query-input":{"@type":"PropertyValueSpecification","valueRequired":true,"valueName":"search_term_string"}}],"inLanguage":"en-US"},{"@type":"Person","@id":"https:\/\/akunq.net\/tr\/#\/schema\/person\/096f1d38a12cce57fb855b485ed24c9e","name":"admin","url":"https:\/\/akunq.net\/tr\/?author=7"}]}},"_links":{"self":[{"href":"https:\/\/akunq.net\/tr\/index.php?rest_route=\/wp\/v2\/posts\/27106","targetHints":{"allow":["GET"]}}],"collection":[{"href":"https:\/\/akunq.net\/tr\/index.php?rest_route=\/wp\/v2\/posts"}],"about":[{"href":"https:\/\/akunq.net\/tr\/index.php?rest_route=\/wp\/v2\/types\/post"}],"author":[{"embeddable":true,"href":"https:\/\/akunq.net\/tr\/index.php?rest_route=\/wp\/v2\/users\/7"}],"replies":[{"embeddable":true,"href":"https:\/\/akunq.net\/tr\/index.php?rest_route=%2Fwp%2Fv2%2Fcomments&post=27106"}],"version-history":[{"count":1,"href":"https:\/\/akunq.net\/tr\/index.php?rest_route=\/wp\/v2\/posts\/27106\/revisions"}],"predecessor-version":[{"id":27108,"href":"https:\/\/akunq.net\/tr\/index.php?rest_route=\/wp\/v2\/posts\/27106\/revisions\/27108"}],"wp:attachment":[{"href":"https:\/\/akunq.net\/tr\/index.php?rest_route=%2Fwp%2Fv2%2Fmedia&parent=27106"}],"wp:term":[{"taxonomy":"category","embeddable":true,"href":"https:\/\/akunq.net\/tr\/index.php?rest_route=%2Fwp%2Fv2%2Fcategories&post=27106"},{"taxonomy":"post_tag","embeddable":true,"href":"https:\/\/akunq.net\/tr\/index.php?rest_route=%2Fwp%2Fv2%2Ftags&post=27106"}],"curies":[{"name":"wp","href":"https:\/\/api.w.org\/{rel}","templated":true}]}}