{"id":27074,"date":"2013-11-25T03:24:55","date_gmt":"2013-11-25T08:24:55","guid":{"rendered":"http:\/\/akunq.net\/tr\/?p=27074"},"modified":"2013-11-25T03:24:55","modified_gmt":"2013-11-25T08:24:55","slug":"financial-times-dershane-tartismasi-erdoganin-sonunu-getirebilir","status":"publish","type":"post","link":"https:\/\/akunq.net\/tr\/?p=27074","title":{"rendered":"Financial Times: Dershane tart\u0131\u015fmas\u0131 Erdo\u011fan&#8217;\u0131n sonunu getirebilir"},"content":{"rendered":"<p style=\"text-align: justify;\"><b><i><a href=\"http:\/\/akunq.net\/tr\/wp-content\/uploads\/2013\/11\/Erdo\u011fan1.jpg\"><img loading=\"lazy\" decoding=\"async\" class=\"alignright size-medium wp-image-27075\" alt=\"Erdo\u011fan\" src=\"http:\/\/akunq.net\/tr\/wp-content\/uploads\/2013\/11\/Erdo\u011fan1-300x150.jpg\" width=\"300\" height=\"150\" srcset=\"https:\/\/akunq.net\/tr\/wp-content\/uploads\/sites\/6\/2013\/11\/Erdo\u011fan1-300x150.jpg 300w, https:\/\/akunq.net\/tr\/wp-content\/uploads\/sites\/6\/2013\/11\/Erdo\u011fan1-600x300.jpg 600w, https:\/\/akunq.net\/tr\/wp-content\/uploads\/sites\/6\/2013\/11\/Erdo\u011fan1.jpg 620w\" sizes=\"auto, (max-width: 300px) 100vw, 300px\" \/><\/a>FT: Erdo\u011fan daha b\u00fcy\u00fck zorluklar\u0131n \u00fcstesinden geldi ancak ger\u00e7ek s\u0131nav gelecek yaz yap\u0131lacak se\u00e7imlerden \u00f6nce geliyor.<\/i><\/b><\/p>\n<p style=\"text-align: justify;\">\u0130ngiliz Financial Times gazetesi, T\u00fcrkiye&#8217;de, \u00f6zellikle dershanelerin kapat\u0131lmas\u0131 tasar\u0131s\u0131yla g\u00fcndeme gelen muhafazakar \u00e7evrelerdeki b\u00f6l\u00fcnmelerin, Ba\u015fbakan <b>Recep Tayyip Erdo\u011fan<\/b>&#8216;\u0131n siyasi olarak sonunu getirebilece\u011fini iddia etti.<\/p>\n<p style=\"text-align: justify;\">Gazetenin \u0130stanbul muhabiri <b>Daniel Dombey<\/b> yaz\u0131s\u0131nda, gelecek y\u0131l T\u00fcrkiye&#8217;nin sars\u0131c\u0131 bir ge\u00e7i\u015f s\u00fcreci ya\u015fayaca\u011f\u0131n\u0131 ve \u015fimdiden muhafazakarlar aras\u0131nda kavgan\u0131n ba\u015flad\u0131\u011f\u0131n\u0131 savundu.<\/p>\n<p style=\"text-align: justify;\">Do\u011fan Haber Ajans\u0131\u2019ndan <b>Gonca Ya\u011fc\u0131<\/b>\u2019n\u0131n haberine g\u00f6re yaz\u0131s\u0131nda, Gezi protestolar\u0131 s\u0131ras\u0131nda ele\u015ftirilen Erdo\u011fan&#8217;\u0131n daha \u00f6nce oldu\u011fundan daha fazla kutupla\u015fan bir fig\u00fcr oldu\u011fu yorumunu yapan Dombey, Ba\u015fbakan&#8217;\u0131n erkek ve k\u0131z \u00f6\u011frencilerin bir arada ya\u015famamalar\u0131 yolundaki a\u00e7\u0131klamalar\u0131n\u0131n ard\u0131ndan AKP i\u00e7inde \u00e7atlaklar\u0131n ortaya \u00e7\u0131kt\u0131\u011f\u0131n\u0131 belirterek, &#8216;Daha b\u00fcy\u00fck \u00e7atlaklar Ba\u015fbakan&#8217;\u0131n daha geni\u015f koalisyonunda g\u00f6r\u00fcn\u00fcyor. Erdo\u011fan bir defas\u0131nda \u00f6l\u00fclerin bile Erdo\u011fan&#8217;a oy vermesi gerekti\u011fini s\u00f6yleyerek ge\u00e7mi\u015fte kilit bir destek veren Fethullah G\u00fclen hareketiyle giderek artan bir anla\u015fmazl\u0131k i\u00e7inde&#8217; ifadelerini kulland\u0131.<\/p>\n<p style=\"text-align: justify;\"><b>\u2018Kalplerimize vurulan bir han\u00e7er\u2019<\/b><\/p>\n<p style=\"text-align: justify;\">H\u00fck\u00fcmetin, bir\u00e7o\u011fu G\u00fclen cemaatine ait olan 3 bin 600&#8217;den fazla dershanenin kapat\u0131lmas\u0131nda kararl\u0131 oldu\u011funa vurgu yapan Dombey, G\u00fclen&#8217;in bir vaaz\u0131nda Erdo\u011fan&#8217;a bu a\u00e7\u0131klamas\u0131na &#8216;kalplerimize vurulan bir han\u00e7er&#8217; olarak yan\u0131t verdi\u011fi ve G\u00fclen&#8217;in &#8216;E\u011fer Firavun size kar\u015f\u0131ysa, e\u011fer Karun size kar\u015f\u0131ysa, bu do\u011fru yolda y\u00fcr\u00fcd\u00fc\u011f\u00fcn\u00fcz\u00fc g\u00f6sterir&#8217; s\u00f6zleriyle a\u00e7\u0131k bir \u015fekilde Erdo\u011fan&#8217;a sald\u0131r\u0131da bulundu\u011funu belirtti. G\u00fclen ile Erdo\u011fan aras\u0131nda tansiyona neden olacak bir \u00e7ok olas\u0131l\u0131k oldu\u011funu belirtilen yaz\u0131da, G\u00fclen&#8217;in destekleyenlerin Edo\u011fan&#8217;\u0131n y\u00fczle\u015ftirici yakla\u015f\u0131m\u0131n\u0131 hata olarak g\u00f6rd\u00fckleri ayr\u0131ca G\u00fclencilerin Erdo\u011fan&#8217;\u0131n Gezi protestolar\u0131na a\u015f\u0131r\u0131 tepki g\u00f6sterdi\u011fini s\u00f6ylediklerini ve her iki taraf\u0131n da birbirini a\u015f\u0131r\u0131 g\u00fc\u00e7 aramakla su\u00e7lad\u0131klar\u0131n\u0131 aktard\u0131. G\u00fclenciler ile kal\u0131c\u0131 bir ayr\u0131\u015fman\u0131n Ba\u015fbakan&#8217;\u0131n gelecek y\u0131l yap\u0131lacak se\u00e7imleri kazanmas\u0131n\u0131 daha zor hale getirebilece\u011fini yazan Dombey, bunun \u00f6nemli oldu\u011funu ifade ederek Erdo\u011fan kendisini Ba\u015fkan yapabilmesini sa\u011flayacak anayasay\u0131 de\u011fi\u015ftirmekte ba\u015far\u0131s\u0131z oldu\u011funu yazd\u0131.<\/p>\n<p style=\"text-align: justify;\"><b>\u2018Erdo\u011fan&#8217;\u0131n \u00e7\u00f6k\u00fc\u015f\u00fcn\u00fcn i\u015fareti mi?\u2019<\/b><\/p>\n<p style=\"text-align: justify;\">Dombey yaz\u0131s\u0131n\u0131n sonunda Erdo\u011fan&#8217;\u0131 daha etkili olabilece\u011fi bir makam ama\u00e7lad\u0131\u011f\u0131n\u0131 ancak planlar\u0131 do\u011fru gitmezse g\u00fcc\u00fcn\u00fc kaybedebilece\u011fi yorumunu yaparak \u015f\u00f6yle devam etti:<\/p>\n<p style=\"text-align: justify;\">&#8216;Anketler partisinin 2011 y\u0131l\u0131ndaki parlamento se\u00e7imlerinde elde etti\u011fi y\u00fczde 50&#8217;den \u00e7ok da uzakta olmad\u0131\u011f\u0131n\u0131 g\u00f6steriyor ancak \u00fclkenin di\u011fer yar\u0131s\u0131 da giderek huzursuz hale geliyor. Erdo\u011fan daha b\u00fcy\u00fck zorluklar\u0131n \u00fcstesinden geldi ancak ger\u00e7ek s\u0131nav gelecek yaz yap\u0131lacak se\u00e7imlerden \u00f6nce geliyor. Soru; Ba\u015fbakan se\u00e7imlerden \u00f6nce eski m\u00fcttefikleri ile bir anla\u015fma sa\u011flayabilecek mi? ya da onlara boyun e\u011fdirtebilecek mi? ya da bu kopu\u015f acaba Recep Tayyip Erdo\u011fan&#8217;\u0131n \u00e7\u00f6k\u00fc\u015f\u00fcn\u00fcn i\u015fareti mi?&#8217;<\/p>\n<p style=\"text-align: justify;\"><b><i>https:\/\/t24.com.tr\/haber\/financial-times-dershane-tartismasi-erdoganin-sonunu-getirebilir\/244608<\/i><\/b><\/p>\n","protected":false},"excerpt":{"rendered":"<p>FT: Erdo\u011fan daha b\u00fcy\u00fck zorluklar\u0131n \u00fcstesinden geldi ancak ger\u00e7ek s\u0131nav gelecek yaz yap\u0131lacak se\u00e7imlerden \u00f6nce geliyor. \u0130ngiliz Financial Times gazetesi, T\u00fcrkiye&#8217;de, \u00f6zellikle dershanelerin kapat\u0131lmas\u0131 tasar\u0131s\u0131yla g\u00fcndeme gelen muhafazakar \u00e7evrelerdeki b\u00f6l\u00fcnmelerin, Ba\u015fbakan Recep Tayyip Erdo\u011fan&#8216;\u0131n siyasi olarak sonunu getirebilece\u011fini iddia etti. Gazetenin \u0130stanbul muhabiri Daniel Dombey yaz\u0131s\u0131nda, gelecek y\u0131l T\u00fcrkiye&#8217;nin sars\u0131c\u0131 bir ge\u00e7i\u015f s\u00fcreci ya\u015fayaca\u011f\u0131n\u0131 ve [&hellip;]<\/p>\n","protected":false},"author":7,"featured_media":0,"comment_status":"open","ping_status":"open","sticky":false,"template":"","format":"standard","meta":{"footnotes":""},"categories":[1],"tags":[],"class_list":["post-27074","post","type-post","status-publish","format-standard","hentry","category-haberler"],"yoast_head":"<!-- This site is optimized with the Yoast SEO plugin v27.4 - https:\/\/yoast.com\/product\/yoast-seo-wordpress\/ -->\n<title>Financial Times: Dershane tart\u0131\u015fmas\u0131 Erdo\u011fan&#039;\u0131n sonunu getirebilir - Bati Ermenistan Ve Bati Ermenileri Sorunlari Ara\u015ftirmalar Merkezi<\/title>\n<meta name=\"robots\" content=\"index, follow, max-snippet:-1, max-image-preview:large, max-video-preview:-1\" \/>\n<link rel=\"canonical\" href=\"https:\/\/akunq.net\/tr\/?p=27074\" \/>\n<meta property=\"og:locale\" content=\"en_US\" \/>\n<meta property=\"og:type\" content=\"article\" \/>\n<meta property=\"og:title\" content=\"Financial Times: Dershane tart\u0131\u015fmas\u0131 Erdo\u011fan&#039;\u0131n sonunu getirebilir - Bati Ermenistan Ve Bati Ermenileri Sorunlari Ara\u015ftirmalar Merkezi\" \/>\n<meta property=\"og:description\" content=\"FT: Erdo\u011fan daha b\u00fcy\u00fck zorluklar\u0131n \u00fcstesinden geldi ancak ger\u00e7ek s\u0131nav gelecek yaz yap\u0131lacak se\u00e7imlerden \u00f6nce geliyor. \u0130ngiliz Financial Times gazetesi, T\u00fcrkiye&#8217;de, \u00f6zellikle dershanelerin kapat\u0131lmas\u0131 tasar\u0131s\u0131yla g\u00fcndeme gelen muhafazakar \u00e7evrelerdeki b\u00f6l\u00fcnmelerin, Ba\u015fbakan Recep Tayyip Erdo\u011fan&#8216;\u0131n siyasi olarak sonunu getirebilece\u011fini iddia etti. Gazetenin \u0130stanbul muhabiri Daniel Dombey yaz\u0131s\u0131nda, gelecek y\u0131l T\u00fcrkiye&#8217;nin sars\u0131c\u0131 bir ge\u00e7i\u015f s\u00fcreci ya\u015fayaca\u011f\u0131n\u0131 ve [&hellip;]\" \/>\n<meta property=\"og:url\" content=\"https:\/\/akunq.net\/tr\/?p=27074\" \/>\n<meta property=\"og:site_name\" content=\"Bati Ermenistan Ve Bati Ermenileri Sorunlari Ara\u015ftirmalar Merkezi\" \/>\n<meta property=\"article:published_time\" content=\"2013-11-25T08:24:55+00:00\" \/>\n<meta name=\"author\" content=\"admin\" \/>\n<meta name=\"twitter:card\" content=\"summary_large_image\" \/>\n<meta name=\"twitter:label1\" content=\"Written by\" \/>\n\t<meta name=\"twitter:data1\" content=\"admin\" \/>\n\t<meta name=\"twitter:label2\" content=\"Est. reading time\" \/>\n\t<meta name=\"twitter:data2\" content=\"3 minutes\" \/>\n<script type=\"application\/ld+json\" class=\"yoast-schema-graph\">{\"@context\":\"https:\\\/\\\/schema.org\",\"@graph\":[{\"@type\":\"Article\",\"@id\":\"https:\\\/\\\/akunq.net\\\/tr\\\/?p=27074#article\",\"isPartOf\":{\"@id\":\"https:\\\/\\\/akunq.net\\\/tr\\\/?p=27074\"},\"author\":{\"name\":\"admin\",\"@id\":\"https:\\\/\\\/akunq.net\\\/tr\\\/#\\\/schema\\\/person\\\/096f1d38a12cce57fb855b485ed24c9e\"},\"headline\":\"Financial Times: Dershane tart\u0131\u015fmas\u0131 Erdo\u011fan&#8217;\u0131n sonunu getirebilir\",\"datePublished\":\"2013-11-25T08:24:55+00:00\",\"mainEntityOfPage\":{\"@id\":\"https:\\\/\\\/akunq.net\\\/tr\\\/?p=27074\"},\"wordCount\":581,\"commentCount\":0,\"articleSection\":[\"Haberler\"],\"inLanguage\":\"en-US\",\"potentialAction\":[{\"@type\":\"CommentAction\",\"name\":\"Comment\",\"target\":[\"https:\\\/\\\/akunq.net\\\/tr\\\/?p=27074#respond\"]}]},{\"@type\":\"WebPage\",\"@id\":\"https:\\\/\\\/akunq.net\\\/tr\\\/?p=27074\",\"url\":\"https:\\\/\\\/akunq.net\\\/tr\\\/?p=27074\",\"name\":\"Financial Times: Dershane tart\u0131\u015fmas\u0131 Erdo\u011fan'\u0131n sonunu getirebilir - Bati Ermenistan Ve Bati Ermenileri Sorunlari Ara\u015ftirmalar Merkezi\",\"isPartOf\":{\"@id\":\"https:\\\/\\\/akunq.net\\\/tr\\\/#website\"},\"datePublished\":\"2013-11-25T08:24:55+00:00\",\"author\":{\"@id\":\"https:\\\/\\\/akunq.net\\\/tr\\\/#\\\/schema\\\/person\\\/096f1d38a12cce57fb855b485ed24c9e\"},\"breadcrumb\":{\"@id\":\"https:\\\/\\\/akunq.net\\\/tr\\\/?p=27074#breadcrumb\"},\"inLanguage\":\"en-US\",\"potentialAction\":[{\"@type\":\"ReadAction\",\"target\":[\"https:\\\/\\\/akunq.net\\\/tr\\\/?p=27074\"]}]},{\"@type\":\"BreadcrumbList\",\"@id\":\"https:\\\/\\\/akunq.net\\\/tr\\\/?p=27074#breadcrumb\",\"itemListElement\":[{\"@type\":\"ListItem\",\"position\":1,\"name\":\"Home\",\"item\":\"https:\\\/\\\/akunq.net\\\/tr\"},{\"@type\":\"ListItem\",\"position\":2,\"name\":\"Financial Times: Dershane tart\u0131\u015fmas\u0131 Erdo\u011fan&#8217;\u0131n sonunu getirebilir\"}]},{\"@type\":\"WebSite\",\"@id\":\"https:\\\/\\\/akunq.net\\\/tr\\\/#website\",\"url\":\"https:\\\/\\\/akunq.net\\\/tr\\\/\",\"name\":\"Bati Ermenistan Ve Bati Ermenileri Sorunlari Ara\u015ftirmalar Merkezi\",\"description\":\"\",\"potentialAction\":[{\"@type\":\"SearchAction\",\"target\":{\"@type\":\"EntryPoint\",\"urlTemplate\":\"https:\\\/\\\/akunq.net\\\/tr\\\/?s={search_term_string}\"},\"query-input\":{\"@type\":\"PropertyValueSpecification\",\"valueRequired\":true,\"valueName\":\"search_term_string\"}}],\"inLanguage\":\"en-US\"},{\"@type\":\"Person\",\"@id\":\"https:\\\/\\\/akunq.net\\\/tr\\\/#\\\/schema\\\/person\\\/096f1d38a12cce57fb855b485ed24c9e\",\"name\":\"admin\",\"url\":\"https:\\\/\\\/akunq.net\\\/tr\\\/?author=7\"}]}<\/script>\n<!-- \/ Yoast SEO plugin. -->","yoast_head_json":{"title":"Financial Times: Dershane tart\u0131\u015fmas\u0131 Erdo\u011fan'\u0131n sonunu getirebilir - Bati Ermenistan Ve Bati Ermenileri Sorunlari Ara\u015ftirmalar Merkezi","robots":{"index":"index","follow":"follow","max-snippet":"max-snippet:-1","max-image-preview":"max-image-preview:large","max-video-preview":"max-video-preview:-1"},"canonical":"https:\/\/akunq.net\/tr\/?p=27074","og_locale":"en_US","og_type":"article","og_title":"Financial Times: Dershane tart\u0131\u015fmas\u0131 Erdo\u011fan'\u0131n sonunu getirebilir - Bati Ermenistan Ve Bati Ermenileri Sorunlari Ara\u015ftirmalar Merkezi","og_description":"FT: Erdo\u011fan daha b\u00fcy\u00fck zorluklar\u0131n \u00fcstesinden geldi ancak ger\u00e7ek s\u0131nav gelecek yaz yap\u0131lacak se\u00e7imlerden \u00f6nce geliyor. \u0130ngiliz Financial Times gazetesi, T\u00fcrkiye&#8217;de, \u00f6zellikle dershanelerin kapat\u0131lmas\u0131 tasar\u0131s\u0131yla g\u00fcndeme gelen muhafazakar \u00e7evrelerdeki b\u00f6l\u00fcnmelerin, Ba\u015fbakan Recep Tayyip Erdo\u011fan&#8216;\u0131n siyasi olarak sonunu getirebilece\u011fini iddia etti. Gazetenin \u0130stanbul muhabiri Daniel Dombey yaz\u0131s\u0131nda, gelecek y\u0131l T\u00fcrkiye&#8217;nin sars\u0131c\u0131 bir ge\u00e7i\u015f s\u00fcreci ya\u015fayaca\u011f\u0131n\u0131 ve [&hellip;]","og_url":"https:\/\/akunq.net\/tr\/?p=27074","og_site_name":"Bati Ermenistan Ve Bati Ermenileri Sorunlari Ara\u015ftirmalar Merkezi","article_published_time":"2013-11-25T08:24:55+00:00","author":"admin","twitter_card":"summary_large_image","twitter_misc":{"Written by":"admin","Est. reading time":"3 minutes"},"schema":{"@context":"https:\/\/schema.org","@graph":[{"@type":"Article","@id":"https:\/\/akunq.net\/tr\/?p=27074#article","isPartOf":{"@id":"https:\/\/akunq.net\/tr\/?p=27074"},"author":{"name":"admin","@id":"https:\/\/akunq.net\/tr\/#\/schema\/person\/096f1d38a12cce57fb855b485ed24c9e"},"headline":"Financial Times: Dershane tart\u0131\u015fmas\u0131 Erdo\u011fan&#8217;\u0131n sonunu getirebilir","datePublished":"2013-11-25T08:24:55+00:00","mainEntityOfPage":{"@id":"https:\/\/akunq.net\/tr\/?p=27074"},"wordCount":581,"commentCount":0,"articleSection":["Haberler"],"inLanguage":"en-US","potentialAction":[{"@type":"CommentAction","name":"Comment","target":["https:\/\/akunq.net\/tr\/?p=27074#respond"]}]},{"@type":"WebPage","@id":"https:\/\/akunq.net\/tr\/?p=27074","url":"https:\/\/akunq.net\/tr\/?p=27074","name":"Financial Times: Dershane tart\u0131\u015fmas\u0131 Erdo\u011fan'\u0131n sonunu getirebilir - Bati Ermenistan Ve Bati Ermenileri Sorunlari Ara\u015ftirmalar Merkezi","isPartOf":{"@id":"https:\/\/akunq.net\/tr\/#website"},"datePublished":"2013-11-25T08:24:55+00:00","author":{"@id":"https:\/\/akunq.net\/tr\/#\/schema\/person\/096f1d38a12cce57fb855b485ed24c9e"},"breadcrumb":{"@id":"https:\/\/akunq.net\/tr\/?p=27074#breadcrumb"},"inLanguage":"en-US","potentialAction":[{"@type":"ReadAction","target":["https:\/\/akunq.net\/tr\/?p=27074"]}]},{"@type":"BreadcrumbList","@id":"https:\/\/akunq.net\/tr\/?p=27074#breadcrumb","itemListElement":[{"@type":"ListItem","position":1,"name":"Home","item":"https:\/\/akunq.net\/tr"},{"@type":"ListItem","position":2,"name":"Financial Times: Dershane tart\u0131\u015fmas\u0131 Erdo\u011fan&#8217;\u0131n sonunu getirebilir"}]},{"@type":"WebSite","@id":"https:\/\/akunq.net\/tr\/#website","url":"https:\/\/akunq.net\/tr\/","name":"Bati Ermenistan Ve Bati Ermenileri Sorunlari Ara\u015ftirmalar Merkezi","description":"","potentialAction":[{"@type":"SearchAction","target":{"@type":"EntryPoint","urlTemplate":"https:\/\/akunq.net\/tr\/?s={search_term_string}"},"query-input":{"@type":"PropertyValueSpecification","valueRequired":true,"valueName":"search_term_string"}}],"inLanguage":"en-US"},{"@type":"Person","@id":"https:\/\/akunq.net\/tr\/#\/schema\/person\/096f1d38a12cce57fb855b485ed24c9e","name":"admin","url":"https:\/\/akunq.net\/tr\/?author=7"}]}},"_links":{"self":[{"href":"https:\/\/akunq.net\/tr\/index.php?rest_route=\/wp\/v2\/posts\/27074","targetHints":{"allow":["GET"]}}],"collection":[{"href":"https:\/\/akunq.net\/tr\/index.php?rest_route=\/wp\/v2\/posts"}],"about":[{"href":"https:\/\/akunq.net\/tr\/index.php?rest_route=\/wp\/v2\/types\/post"}],"author":[{"embeddable":true,"href":"https:\/\/akunq.net\/tr\/index.php?rest_route=\/wp\/v2\/users\/7"}],"replies":[{"embeddable":true,"href":"https:\/\/akunq.net\/tr\/index.php?rest_route=%2Fwp%2Fv2%2Fcomments&post=27074"}],"version-history":[{"count":1,"href":"https:\/\/akunq.net\/tr\/index.php?rest_route=\/wp\/v2\/posts\/27074\/revisions"}],"predecessor-version":[{"id":27076,"href":"https:\/\/akunq.net\/tr\/index.php?rest_route=\/wp\/v2\/posts\/27074\/revisions\/27076"}],"wp:attachment":[{"href":"https:\/\/akunq.net\/tr\/index.php?rest_route=%2Fwp%2Fv2%2Fmedia&parent=27074"}],"wp:term":[{"taxonomy":"category","embeddable":true,"href":"https:\/\/akunq.net\/tr\/index.php?rest_route=%2Fwp%2Fv2%2Fcategories&post=27074"},{"taxonomy":"post_tag","embeddable":true,"href":"https:\/\/akunq.net\/tr\/index.php?rest_route=%2Fwp%2Fv2%2Ftags&post=27074"}],"curies":[{"name":"wp","href":"https:\/\/api.w.org\/{rel}","templated":true}]}}