{"id":27071,"date":"2013-11-25T03:17:33","date_gmt":"2013-11-25T08:17:33","guid":{"rendered":"http:\/\/akunq.net\/tr\/?p=27071"},"modified":"2013-11-25T03:17:33","modified_gmt":"2013-11-25T08:17:33","slug":"misirdan-turkiyeye-diplomatik-darbe","status":"publish","type":"post","link":"https:\/\/akunq.net\/tr\/?p=27071","title":{"rendered":"M\u0131s\u0131r&#8217;dan T\u00fcrkiye&#8217;ye diplomatik &#8216;darbe&#8217;"},"content":{"rendered":"<p style=\"text-align: justify;\"><b><i><a href=\"http:\/\/akunq.net\/tr\/wp-content\/uploads\/2013\/11\/H\u00fcseyin-Avni-Botsal\u0131.jpg\"><img loading=\"lazy\" decoding=\"async\" class=\"alignright size-medium wp-image-27072\" alt=\"H\u00fcseyin Avni Botsal\u0131\" src=\"http:\/\/akunq.net\/tr\/wp-content\/uploads\/2013\/11\/H\u00fcseyin-Avni-Botsal\u0131-300x169.jpg\" width=\"300\" height=\"169\" srcset=\"https:\/\/akunq.net\/tr\/wp-content\/uploads\/sites\/6\/2013\/11\/H\u00fcseyin-Avni-Botsal\u0131-300x169.jpg 300w, https:\/\/akunq.net\/tr\/wp-content\/uploads\/sites\/6\/2013\/11\/H\u00fcseyin-Avni-Botsal\u0131-600x338.jpg 600w, https:\/\/akunq.net\/tr\/wp-content\/uploads\/sites\/6\/2013\/11\/H\u00fcseyin-Avni-Botsal\u0131.jpg 620w\" sizes=\"auto, (max-width: 300px) 100vw, 300px\" \/><\/a>M\u0131s\u0131r, T\u00fcrkiye&#8217;nin Kahire B\u00fcy\u00fckel\u00e7isi H\u00fcseyin Avni Botsal\u0131&#8217;y\u0131 &#8220;istenmeyen ki\u015fi&#8221; (persona non grata) ilan etti. &#8220;T\u00fcrkiye&#8217;nin i\u00e7 i\u015flerine m\u00fcdahale etmesini&#8221; gerek\u00e7e g\u00f6steren M\u0131s\u0131r, Ankara&#8217;yla diplomatik ili\u015fkilerin derecesini de d\u00fc\u015f\u00fcrd\u00fc.<\/i><\/b><\/p>\n<p style=\"text-align: justify;\">M\u0131s\u0131r D\u0131\u015fi\u015fleri Bakanl\u0131\u011f\u0131, &#8220;istenmeyen ki\u015fi&#8221; ilan etti\u011fi B\u00fcy\u00fckel\u00e7i Botsal\u0131&#8217;dan \u00fclkeyi terk etmesini istedi.<\/p>\n<p style=\"text-align: justify;\">T\u00fcrkiye&#8217;yle diplomatik ili\u015fkileri maslahatg\u00fczar seviyesine indirme karar\u0131 alan\u00a0M\u0131s\u0131r ayr\u0131ca\u00a0<a title=\"Ankara\" href=\"http:\/\/www.hurriyet.com.tr\/index\/Ankara\" target=\"_blank\">Ankara<\/a> B\u00fcy\u00fckel\u00e7isi&#8217;ni de geri \u00e7a\u011f\u0131rd\u0131. D\u0131\u015fi\u015fleri Bakanl\u0131\u011f\u0131 S\u00f6zc\u00fcs\u00fc Bedir Abd\u00fclati, M\u0131s\u0131r&#8217;\u0131n Ankara B\u00fcy\u00fckel\u00e7isi&#8217;nin hali haz\u0131rda Kahire&#8217;de oldu\u011funu s\u00f6yledi.<\/p>\n<p style=\"text-align: justify;\">Abd\u00fclati, Ankara&#8217;n\u0131n M\u0131s\u0131r&#8217;\u0131n \u00e7\u0131karlar\u0131 aleyhinde kamuoyu olu\u015fturmaya \u00e7al\u0131\u015ft\u0131\u011f\u0131n\u0131 \u00f6ne s\u00fcrerek, &#8220;M\u0131s\u0131r&#8217;da istikrars\u0131zl\u0131k yaratmak isteyen \u00f6rg\u00fctlerin toplant\u0131lar\u0131na destek oluyorlar&#8221; iddias\u0131nda bulundu.<\/p>\n<p style=\"text-align: justify;\"><b>&#8220;T\u00dcRK HALKINI TAKD\u0130R ED\u0130YORUZ&#8221;<br \/>\n<\/b>Anadolu Ajans\u0131&#8217;n\u0131n haberine g\u00f6re, Abd\u00fclati, ba\u015fkent Kahire&#8217;de d\u00fczenledi\u011fi bas\u0131n toplant\u0131s\u0131nda, M\u0131s\u0131r&#8217;\u0131n T\u00fcrk halk\u0131n\u0131 takdir etti\u011fini belirterek, &#8220;T\u00fcrk halk\u0131 ile bizi bir arada tutan ba\u011flar var ancak T\u00fcrk h\u00fck\u00fcmetinin tutumu ve Ba\u015fbakan <a title=\"Tayyip Erdo\u011fan\" href=\"http:\/\/www.hurriyet.com.tr\/index\/recep_tayyip_erdo\u011fan\" target=\"_blank\">Tayyip Erdo\u011fan<\/a>&#8216;\u0131n defalarca M\u0131s\u0131r&#8217;\u0131n i\u00e7 i\u015flerine y\u00f6nelik kabul edilemez, m\u00fcdahaleci ifadeleri kar\u015f\u0131s\u0131nda sessiz kal\u0131namazd\u0131&#8221; \u015feklinde konu\u015ftu.<\/p>\n<p style=\"text-align: justify;\">&#8220;Elbette \u00fclkemizde ya\u015fayan T\u00fcrkleri memnuniyetle kar\u015f\u0131l\u0131yoruz&#8221; diyen Abd\u00fclati, &#8220;\u0130ki \u00fclke aras\u0131nda ya\u015fanan geli\u015fmelerin, T\u00fcrkiye&#8217;de ya\u015fayan M\u0131s\u0131rl\u0131lar\u0131n hak ve \u00e7\u0131karlar\u0131n\u0131 etkilememesini temenni ediyoruz&#8221; ifadesini kulland\u0131.<br \/>\n\u00a0\u00a0\u00a0\u00a0\u00a0<br \/>\n<b>T\u00dcRK \u00d6\u011eRENC\u0130LER\u0130N DURUMU<br \/>\n<\/b>Ezher \u015eeyhi M\u00fcste\u015far\u0131 Abduddayim Nas\u0131r, AA muhabirine yapt\u0131\u011f\u0131 a\u00e7\u0131klamada, \u00fcniversitelerinde okuyan T\u00fcrk \u00f6\u011frencilerin M\u0131s\u0131r ve T\u00fcrkiye aras\u0131ndaki diplomatik ili\u015fkilerden etkilenmeyece\u011fini vurgulayarak &#8220;Ezher \u015eeyhi&#8217;nin T\u00fcrk \u00f6\u011frencilerin siyasetten uzak bir \u015fekilde korunmas\u0131na dair a\u00e7\u0131k ve net talimat\u0131 var&#8221; diye konu\u015ftu.<\/p>\n<p style=\"text-align: justify;\">Ezher \u00dcniversitesi&#8217;nde 485 T\u00fcrk \u00f6\u011frenci e\u011fitim g\u00f6r\u00fcyor.<\/p>\n<p style=\"text-align: justify;\"><b>&#8220;DUA ETMEYE DEVAM EDECE\u011e\u0130M&#8221;<br \/>\n<\/b>M\u0131s\u0131r D\u0131\u015fi\u015fleri Bakanl\u0131\u011f\u0131 Protokol Genel M\u00fcd\u00fcrl\u00fc\u011f\u00fc&#8217;nden ayr\u0131ld\u0131ktan sonra M\u0131s\u0131r h\u00fck\u00fcmetinin ald\u0131\u011f\u0131 karar\u0131 AA&#8217;ya de\u011ferlendiren Botsal\u0131, &#8220;T\u00fcrk ve M\u0131s\u0131r halklar\u0131 karde\u015ftir. M\u0131s\u0131r&#8217;\u0131n iyili\u011fi i\u00e7in dua etmeye devam edece\u011fim. M\u0131s\u0131r \u00e7ok \u00f6nemlidir. M\u0131s\u0131r&#8217;\u0131n demokratik yolda kalmas\u0131 b\u00f6lge ve d\u00fcnya i\u00e7in elzemdir&#8221; diye konu\u015ftu.<\/p>\n<p style=\"text-align: justify;\"><b><i>http:\/\/www.hurriyet.com.tr\/dunya\/25188806.asp<\/i><\/b><\/p>\n","protected":false},"excerpt":{"rendered":"<p>M\u0131s\u0131r, T\u00fcrkiye&#8217;nin Kahire B\u00fcy\u00fckel\u00e7isi H\u00fcseyin Avni Botsal\u0131&#8217;y\u0131 &#8220;istenmeyen ki\u015fi&#8221; (persona non grata) ilan etti. &#8220;T\u00fcrkiye&#8217;nin i\u00e7 i\u015flerine m\u00fcdahale etmesini&#8221; gerek\u00e7e g\u00f6steren M\u0131s\u0131r, Ankara&#8217;yla diplomatik ili\u015fkilerin derecesini de d\u00fc\u015f\u00fcrd\u00fc. M\u0131s\u0131r D\u0131\u015fi\u015fleri Bakanl\u0131\u011f\u0131, &#8220;istenmeyen ki\u015fi&#8221; ilan etti\u011fi B\u00fcy\u00fckel\u00e7i Botsal\u0131&#8217;dan \u00fclkeyi terk etmesini istedi. T\u00fcrkiye&#8217;yle diplomatik ili\u015fkileri maslahatg\u00fczar seviyesine indirme karar\u0131 alan\u00a0M\u0131s\u0131r ayr\u0131ca\u00a0Ankara B\u00fcy\u00fckel\u00e7isi&#8217;ni de geri \u00e7a\u011f\u0131rd\u0131. D\u0131\u015fi\u015fleri [&hellip;]<\/p>\n","protected":false},"author":7,"featured_media":0,"comment_status":"open","ping_status":"open","sticky":false,"template":"","format":"standard","meta":{"footnotes":""},"categories":[1],"tags":[],"class_list":["post-27071","post","type-post","status-publish","format-standard","hentry","category-haberler"],"yoast_head":"<!-- This site is optimized with the Yoast SEO plugin v27.4 - https:\/\/yoast.com\/product\/yoast-seo-wordpress\/ -->\n<title>M\u0131s\u0131r&#039;dan T\u00fcrkiye&#039;ye diplomatik &#039;darbe&#039; - Bati Ermenistan Ve Bati Ermenileri Sorunlari Ara\u015ftirmalar Merkezi<\/title>\n<meta name=\"robots\" content=\"index, follow, max-snippet:-1, max-image-preview:large, max-video-preview:-1\" \/>\n<link rel=\"canonical\" href=\"https:\/\/akunq.net\/tr\/?p=27071\" \/>\n<meta property=\"og:locale\" content=\"en_US\" \/>\n<meta property=\"og:type\" content=\"article\" \/>\n<meta property=\"og:title\" content=\"M\u0131s\u0131r&#039;dan T\u00fcrkiye&#039;ye diplomatik &#039;darbe&#039; - Bati Ermenistan Ve Bati Ermenileri Sorunlari Ara\u015ftirmalar Merkezi\" \/>\n<meta property=\"og:description\" content=\"M\u0131s\u0131r, T\u00fcrkiye&#8217;nin Kahire B\u00fcy\u00fckel\u00e7isi H\u00fcseyin Avni Botsal\u0131&#8217;y\u0131 &#8220;istenmeyen ki\u015fi&#8221; (persona non grata) ilan etti. &#8220;T\u00fcrkiye&#8217;nin i\u00e7 i\u015flerine m\u00fcdahale etmesini&#8221; gerek\u00e7e g\u00f6steren M\u0131s\u0131r, Ankara&#8217;yla diplomatik ili\u015fkilerin derecesini de d\u00fc\u015f\u00fcrd\u00fc. M\u0131s\u0131r D\u0131\u015fi\u015fleri Bakanl\u0131\u011f\u0131, &#8220;istenmeyen ki\u015fi&#8221; ilan etti\u011fi B\u00fcy\u00fckel\u00e7i Botsal\u0131&#8217;dan \u00fclkeyi terk etmesini istedi. T\u00fcrkiye&#8217;yle diplomatik ili\u015fkileri maslahatg\u00fczar seviyesine indirme karar\u0131 alan\u00a0M\u0131s\u0131r ayr\u0131ca\u00a0Ankara B\u00fcy\u00fckel\u00e7isi&#8217;ni de geri \u00e7a\u011f\u0131rd\u0131. D\u0131\u015fi\u015fleri [&hellip;]\" \/>\n<meta property=\"og:url\" content=\"https:\/\/akunq.net\/tr\/?p=27071\" \/>\n<meta property=\"og:site_name\" content=\"Bati Ermenistan Ve Bati Ermenileri Sorunlari Ara\u015ftirmalar Merkezi\" \/>\n<meta property=\"article:published_time\" content=\"2013-11-25T08:17:33+00:00\" \/>\n<meta name=\"author\" content=\"admin\" \/>\n<meta name=\"twitter:card\" content=\"summary_large_image\" \/>\n<meta name=\"twitter:label1\" content=\"Written by\" \/>\n\t<meta name=\"twitter:data1\" content=\"admin\" \/>\n\t<meta name=\"twitter:label2\" content=\"Est. reading time\" \/>\n\t<meta name=\"twitter:data2\" content=\"2 minutes\" \/>\n<script type=\"application\/ld+json\" class=\"yoast-schema-graph\">{\"@context\":\"https:\\\/\\\/schema.org\",\"@graph\":[{\"@type\":\"Article\",\"@id\":\"https:\\\/\\\/akunq.net\\\/tr\\\/?p=27071#article\",\"isPartOf\":{\"@id\":\"https:\\\/\\\/akunq.net\\\/tr\\\/?p=27071\"},\"author\":{\"name\":\"admin\",\"@id\":\"https:\\\/\\\/akunq.net\\\/tr\\\/#\\\/schema\\\/person\\\/096f1d38a12cce57fb855b485ed24c9e\"},\"headline\":\"M\u0131s\u0131r&#8217;dan T\u00fcrkiye&#8217;ye diplomatik &#8216;darbe&#8217;\",\"datePublished\":\"2013-11-25T08:17:33+00:00\",\"mainEntityOfPage\":{\"@id\":\"https:\\\/\\\/akunq.net\\\/tr\\\/?p=27071\"},\"wordCount\":447,\"commentCount\":0,\"articleSection\":[\"Haberler\"],\"inLanguage\":\"en-US\",\"potentialAction\":[{\"@type\":\"CommentAction\",\"name\":\"Comment\",\"target\":[\"https:\\\/\\\/akunq.net\\\/tr\\\/?p=27071#respond\"]}]},{\"@type\":\"WebPage\",\"@id\":\"https:\\\/\\\/akunq.net\\\/tr\\\/?p=27071\",\"url\":\"https:\\\/\\\/akunq.net\\\/tr\\\/?p=27071\",\"name\":\"M\u0131s\u0131r'dan T\u00fcrkiye'ye diplomatik 'darbe' - Bati Ermenistan Ve Bati Ermenileri Sorunlari Ara\u015ftirmalar Merkezi\",\"isPartOf\":{\"@id\":\"https:\\\/\\\/akunq.net\\\/tr\\\/#website\"},\"datePublished\":\"2013-11-25T08:17:33+00:00\",\"author\":{\"@id\":\"https:\\\/\\\/akunq.net\\\/tr\\\/#\\\/schema\\\/person\\\/096f1d38a12cce57fb855b485ed24c9e\"},\"breadcrumb\":{\"@id\":\"https:\\\/\\\/akunq.net\\\/tr\\\/?p=27071#breadcrumb\"},\"inLanguage\":\"en-US\",\"potentialAction\":[{\"@type\":\"ReadAction\",\"target\":[\"https:\\\/\\\/akunq.net\\\/tr\\\/?p=27071\"]}]},{\"@type\":\"BreadcrumbList\",\"@id\":\"https:\\\/\\\/akunq.net\\\/tr\\\/?p=27071#breadcrumb\",\"itemListElement\":[{\"@type\":\"ListItem\",\"position\":1,\"name\":\"Home\",\"item\":\"https:\\\/\\\/akunq.net\\\/tr\"},{\"@type\":\"ListItem\",\"position\":2,\"name\":\"M\u0131s\u0131r&#8217;dan T\u00fcrkiye&#8217;ye diplomatik &#8216;darbe&#8217;\"}]},{\"@type\":\"WebSite\",\"@id\":\"https:\\\/\\\/akunq.net\\\/tr\\\/#website\",\"url\":\"https:\\\/\\\/akunq.net\\\/tr\\\/\",\"name\":\"Bati Ermenistan Ve Bati Ermenileri Sorunlari Ara\u015ftirmalar Merkezi\",\"description\":\"\",\"potentialAction\":[{\"@type\":\"SearchAction\",\"target\":{\"@type\":\"EntryPoint\",\"urlTemplate\":\"https:\\\/\\\/akunq.net\\\/tr\\\/?s={search_term_string}\"},\"query-input\":{\"@type\":\"PropertyValueSpecification\",\"valueRequired\":true,\"valueName\":\"search_term_string\"}}],\"inLanguage\":\"en-US\"},{\"@type\":\"Person\",\"@id\":\"https:\\\/\\\/akunq.net\\\/tr\\\/#\\\/schema\\\/person\\\/096f1d38a12cce57fb855b485ed24c9e\",\"name\":\"admin\",\"url\":\"https:\\\/\\\/akunq.net\\\/tr\\\/?author=7\"}]}<\/script>\n<!-- \/ Yoast SEO plugin. -->","yoast_head_json":{"title":"M\u0131s\u0131r'dan T\u00fcrkiye'ye diplomatik 'darbe' - Bati Ermenistan Ve Bati Ermenileri Sorunlari Ara\u015ftirmalar Merkezi","robots":{"index":"index","follow":"follow","max-snippet":"max-snippet:-1","max-image-preview":"max-image-preview:large","max-video-preview":"max-video-preview:-1"},"canonical":"https:\/\/akunq.net\/tr\/?p=27071","og_locale":"en_US","og_type":"article","og_title":"M\u0131s\u0131r'dan T\u00fcrkiye'ye diplomatik 'darbe' - Bati Ermenistan Ve Bati Ermenileri Sorunlari Ara\u015ftirmalar Merkezi","og_description":"M\u0131s\u0131r, T\u00fcrkiye&#8217;nin Kahire B\u00fcy\u00fckel\u00e7isi H\u00fcseyin Avni Botsal\u0131&#8217;y\u0131 &#8220;istenmeyen ki\u015fi&#8221; (persona non grata) ilan etti. &#8220;T\u00fcrkiye&#8217;nin i\u00e7 i\u015flerine m\u00fcdahale etmesini&#8221; gerek\u00e7e g\u00f6steren M\u0131s\u0131r, Ankara&#8217;yla diplomatik ili\u015fkilerin derecesini de d\u00fc\u015f\u00fcrd\u00fc. M\u0131s\u0131r D\u0131\u015fi\u015fleri Bakanl\u0131\u011f\u0131, &#8220;istenmeyen ki\u015fi&#8221; ilan etti\u011fi B\u00fcy\u00fckel\u00e7i Botsal\u0131&#8217;dan \u00fclkeyi terk etmesini istedi. T\u00fcrkiye&#8217;yle diplomatik ili\u015fkileri maslahatg\u00fczar seviyesine indirme karar\u0131 alan\u00a0M\u0131s\u0131r ayr\u0131ca\u00a0Ankara B\u00fcy\u00fckel\u00e7isi&#8217;ni de geri \u00e7a\u011f\u0131rd\u0131. D\u0131\u015fi\u015fleri [&hellip;]","og_url":"https:\/\/akunq.net\/tr\/?p=27071","og_site_name":"Bati Ermenistan Ve Bati Ermenileri Sorunlari Ara\u015ftirmalar Merkezi","article_published_time":"2013-11-25T08:17:33+00:00","author":"admin","twitter_card":"summary_large_image","twitter_misc":{"Written by":"admin","Est. reading time":"2 minutes"},"schema":{"@context":"https:\/\/schema.org","@graph":[{"@type":"Article","@id":"https:\/\/akunq.net\/tr\/?p=27071#article","isPartOf":{"@id":"https:\/\/akunq.net\/tr\/?p=27071"},"author":{"name":"admin","@id":"https:\/\/akunq.net\/tr\/#\/schema\/person\/096f1d38a12cce57fb855b485ed24c9e"},"headline":"M\u0131s\u0131r&#8217;dan T\u00fcrkiye&#8217;ye diplomatik &#8216;darbe&#8217;","datePublished":"2013-11-25T08:17:33+00:00","mainEntityOfPage":{"@id":"https:\/\/akunq.net\/tr\/?p=27071"},"wordCount":447,"commentCount":0,"articleSection":["Haberler"],"inLanguage":"en-US","potentialAction":[{"@type":"CommentAction","name":"Comment","target":["https:\/\/akunq.net\/tr\/?p=27071#respond"]}]},{"@type":"WebPage","@id":"https:\/\/akunq.net\/tr\/?p=27071","url":"https:\/\/akunq.net\/tr\/?p=27071","name":"M\u0131s\u0131r'dan T\u00fcrkiye'ye diplomatik 'darbe' - Bati Ermenistan Ve Bati Ermenileri Sorunlari Ara\u015ftirmalar Merkezi","isPartOf":{"@id":"https:\/\/akunq.net\/tr\/#website"},"datePublished":"2013-11-25T08:17:33+00:00","author":{"@id":"https:\/\/akunq.net\/tr\/#\/schema\/person\/096f1d38a12cce57fb855b485ed24c9e"},"breadcrumb":{"@id":"https:\/\/akunq.net\/tr\/?p=27071#breadcrumb"},"inLanguage":"en-US","potentialAction":[{"@type":"ReadAction","target":["https:\/\/akunq.net\/tr\/?p=27071"]}]},{"@type":"BreadcrumbList","@id":"https:\/\/akunq.net\/tr\/?p=27071#breadcrumb","itemListElement":[{"@type":"ListItem","position":1,"name":"Home","item":"https:\/\/akunq.net\/tr"},{"@type":"ListItem","position":2,"name":"M\u0131s\u0131r&#8217;dan T\u00fcrkiye&#8217;ye diplomatik &#8216;darbe&#8217;"}]},{"@type":"WebSite","@id":"https:\/\/akunq.net\/tr\/#website","url":"https:\/\/akunq.net\/tr\/","name":"Bati Ermenistan Ve Bati Ermenileri Sorunlari Ara\u015ftirmalar Merkezi","description":"","potentialAction":[{"@type":"SearchAction","target":{"@type":"EntryPoint","urlTemplate":"https:\/\/akunq.net\/tr\/?s={search_term_string}"},"query-input":{"@type":"PropertyValueSpecification","valueRequired":true,"valueName":"search_term_string"}}],"inLanguage":"en-US"},{"@type":"Person","@id":"https:\/\/akunq.net\/tr\/#\/schema\/person\/096f1d38a12cce57fb855b485ed24c9e","name":"admin","url":"https:\/\/akunq.net\/tr\/?author=7"}]}},"_links":{"self":[{"href":"https:\/\/akunq.net\/tr\/index.php?rest_route=\/wp\/v2\/posts\/27071","targetHints":{"allow":["GET"]}}],"collection":[{"href":"https:\/\/akunq.net\/tr\/index.php?rest_route=\/wp\/v2\/posts"}],"about":[{"href":"https:\/\/akunq.net\/tr\/index.php?rest_route=\/wp\/v2\/types\/post"}],"author":[{"embeddable":true,"href":"https:\/\/akunq.net\/tr\/index.php?rest_route=\/wp\/v2\/users\/7"}],"replies":[{"embeddable":true,"href":"https:\/\/akunq.net\/tr\/index.php?rest_route=%2Fwp%2Fv2%2Fcomments&post=27071"}],"version-history":[{"count":1,"href":"https:\/\/akunq.net\/tr\/index.php?rest_route=\/wp\/v2\/posts\/27071\/revisions"}],"predecessor-version":[{"id":27073,"href":"https:\/\/akunq.net\/tr\/index.php?rest_route=\/wp\/v2\/posts\/27071\/revisions\/27073"}],"wp:attachment":[{"href":"https:\/\/akunq.net\/tr\/index.php?rest_route=%2Fwp%2Fv2%2Fmedia&parent=27071"}],"wp:term":[{"taxonomy":"category","embeddable":true,"href":"https:\/\/akunq.net\/tr\/index.php?rest_route=%2Fwp%2Fv2%2Fcategories&post=27071"},{"taxonomy":"post_tag","embeddable":true,"href":"https:\/\/akunq.net\/tr\/index.php?rest_route=%2Fwp%2Fv2%2Ftags&post=27071"}],"curies":[{"name":"wp","href":"https:\/\/api.w.org\/{rel}","templated":true}]}}