{"id":27068,"date":"2013-11-25T02:47:15","date_gmt":"2013-11-25T07:47:15","guid":{"rendered":"http:\/\/akunq.net\/tr\/?p=27068"},"modified":"2013-11-25T02:47:15","modified_gmt":"2013-11-25T07:47:15","slug":"ankara-dusunce-ozgurluk-girisiminden","status":"publish","type":"post","link":"https:\/\/akunq.net\/tr\/?p=27068","title":{"rendered":"Ankara D\u00fc\u015f\u00fcnce \u00d6zg\u00fcrl\u00fck Giri\u015fimi\u2019nden"},"content":{"rendered":"<p style=\"text-align: justify;\"><b><i><a href=\"http:\/\/akunq.net\/tr\/wp-content\/uploads\/2013\/11\/Ankara-D\u00fc\u015f\u00fcnce-\u00d6zg\u00fcrl\u00fck-Giri\u015fimi.jpg\"><img loading=\"lazy\" decoding=\"async\" class=\"alignright size-medium wp-image-27069\" alt=\"Ankara D\u00fc\u015f\u00fcnce \u00d6zg\u00fcrl\u00fck Giri\u015fimi\" src=\"http:\/\/akunq.net\/tr\/wp-content\/uploads\/2013\/11\/Ankara-D\u00fc\u015f\u00fcnce-\u00d6zg\u00fcrl\u00fck-Giri\u015fimi-300x47.jpg\" width=\"300\" height=\"47\" srcset=\"https:\/\/akunq.net\/tr\/wp-content\/uploads\/sites\/6\/2013\/11\/Ankara-D\u00fc\u015f\u00fcnce-\u00d6zg\u00fcrl\u00fck-Giri\u015fimi-300x47.jpg 300w, https:\/\/akunq.net\/tr\/wp-content\/uploads\/sites\/6\/2013\/11\/Ankara-D\u00fc\u015f\u00fcnce-\u00d6zg\u00fcrl\u00fck-Giri\u015fimi.jpg 427w\" sizes=\"auto, (max-width: 300px) 100vw, 300px\" \/><\/a>De\u011ferli dostlar<\/i><\/b><\/p>\n<p style=\"text-align: justify;\">Karde\u015fimiz Hrant\u2019\u0131n katledili\u015finin \u00fczerinden 7 y\u0131l ge\u00e7ti. Hrant Dink\u2019in katli 1915 Soyk\u0131r\u0131m s\u00fcrecinden, ba\u011f\u0131ms\u0131z olmad\u0131\u011f\u0131 gibi. \u201cAdaletin\u00a0 tecelli edemeyi\u015fi\u201d de 1915 s\u00fcrecinden ba\u011f\u0131ms\u0131z de\u011fildir. Cinayetin karart\u0131lmas\u0131, 1915 S\u00fcrecinin inkar\u0131 ve karanl\u0131kta b\u0131rak\u0131lmas\u0131n\u0131n sonu\u00e7lar\u0131ndan biridir. \u201cKurulu\u015f\u201dun 1915\u2019te ba\u015flayan\u00a0 adaletsizli\u011fin \u00fczerinde ger\u00e7ekle\u015ftirilmesi bug\u00fcn i\u00e7inde ya\u015fad\u0131\u011f\u0131m\u0131z adaletsiz s\u00fcrecin en temel kaynaklar\u0131ndan biri ve en ba\u015fta gelen nedenidir. Bu adaletsiz durumun ve ortam\u0131n iyile\u015ftirilmesi, adalet duygusunun geli\u015ftirilmesi i\u00e7in bir \u015feylerin yap\u0131ld\u0131\u011f\u0131 da s\u00f6ylenemez. K\u0131saca 1915 S\u00fcreci y\u00fcz y\u0131ld\u0131r s\u00fcr\u00fcyor.<\/p>\n<p style=\"text-align: justify;\">Bu y\u00fczden, Hrant Dink\u00a0 davas\u0131nda adaletin \u00a0tecelli etmesi bir yana, her g\u00fcn ondan biraz daha uzakla\u015fmakta oldu\u011fumuz \u00a0mahkeme safahat\u0131nda tescillenmektedir. Bug\u00fcn cinayetin oldu\u011fu g\u00fcn\u00fcn gerisine d\u00fc\u015fm\u00fc\u015f bulundu\u011fumuz gibi, toplumda adalet duygusu da kaybolmu\u015ftur.\u00a0 Bu durum ayn\u0131 zamanda T\u00fcrkiye\u2019deki \u201cadalet\u201d mekanizmas\u0131n\u0131n i\u015fleyi\u015finin de\u00a0 a\u00e7\u0131k bir g\u00f6stergesidir. K\u0131saca \u201cadalet\u201d mekanizmas\u0131 i\u00e7inde Hrant Dink cinayeti karart\u0131lm\u0131\u015ft\u0131r. Ba\u015f\u0131nda, HrantDink\u2019e ceza veren Yarg\u0131tay Hakimi Hatipo\u011flu\u2019nun bulundu\u011fu Kamu Denet\u00e7ili\u011fi Kurumu (Ombudsman), Radikal gazetesine g\u00f6nderdi\u011fi bir d\u00fczeltme metninde Hrant Dink\u2019e verilen <i>T\u00fcrkl\u00fc\u011f\u00fc a\u015fa\u011f\u0131lama<\/i> cezas\u0131n\u0131 bir kez daha savunmas\u0131 bu durumu ve durumun vahametini bir kez daha g\u00f6zler \u00f6n\u00fcne sermektedir. <strong>Taraf<\/strong><b> &#8211;<\/b> 24.11.2013)<\/p>\n<p style=\"text-align: justify;\">Adaletsizli\u011fin kayna\u011f\u0131 olan 1915 s\u00fcrecinin 100. Y\u0131l\u0131na yakla\u015ft\u0131\u011f\u0131m\u0131z g\u00fcn\u00fcm\u00fczde bu adaletsizli\u011fin daha da derinle\u015ftirilece\u011finin kararla\u015ft\u0131r\u0131ld\u0131\u011f\u0131n\u0131 ve buna y\u00f6nelik \u00e7al\u0131\u015fmalar\u0131n ba\u015flad\u0131\u011f\u0131 H\u00fck\u00fcmet y\u00f6neticilerinin a\u011fz\u0131ndan aktar\u0131lmaktad\u0131r: 2014 b\u00fct\u00e7esinin g\u00f6r\u00fc\u015f\u00fclmesi s\u0131ras\u0131nda Ba\u015fbakanl\u0131k b\u00fcnyesinde kurulu <i>As\u0131ls\u0131z Soyk\u0131r\u0131m \u0130ddialar\u0131yla M\u00fccadele Koordinasyon Kurulu\u2019<\/i>nun yan\u0131nda <i>T\u00fcrk Tarih Kurumu<\/i>nda da \u00f6zel operasyonlar\u0131n ger\u00e7ekle\u015ftirilece\u011fi, bunun i\u00e7in <i>T\u00fcrk Tarih Kurumu<\/i>na \u00f6zel \u00f6denek tahsis edildi\u011fi ba\u015fbakan yard\u0131mc\u0131s\u0131 taraf\u0131ndan a\u00e7\u0131klanm\u0131\u015ft\u0131r. K\u0131saca H\u00fck\u00fcmet toplumun \u00f6dedi\u011fi vergilerle adaletsizli\u011fi daha da derinle\u015ftirmektedir.<\/p>\n<p style=\"text-align: justify;\">Karde\u015fimiz Hrant\u2019\u0131n katli,\u00a0 1915\u2019ten g\u00fcn\u00fcm\u00fcze uzanan s\u00fcrecin,\u00a0 1915 Soyk\u0131r\u0131m s\u00fcrecinin 100. Y\u0131l d\u00f6n\u00fcm\u00fcne bir y\u0131l kala s\u00fcrece m\u00fcdahale imkanlar\u0131 ve y\u00f6ntemlerinin \u00a0tart\u0131\u015f\u0131laca\u011f\u0131, adaletin talep edilece\u011fi bir yuvarlak masa toplant\u0131s\u0131nda bir arada olmam\u0131z bizi sevindirecektir.<\/p>\n<p style=\"text-align: justify;\"><b><i>ANKARA D\u00dc\u015e\u00dcNCEYE \u00d6ZG\u00dcRL\u00dcK G\u0130R\u0130\u015e\u0130M\u0130<\/i><\/b><\/p>\n<p style=\"text-align: justify;\"><b><i>Toplant\u0131 Tarihi: 18 Ocak 2014<\/i><\/b><\/p>\n<p style=\"text-align: justify;\"><b><i>Toplant\u0131 Saati: 11.00<\/i><\/b><\/p>\n<p style=\"text-align: justify;\"><b><i>Yoplant\u0131 Yeri: Ankara<\/i><\/b><\/p>\n","protected":false},"excerpt":{"rendered":"<p>De\u011ferli dostlar Karde\u015fimiz Hrant\u2019\u0131n katledili\u015finin \u00fczerinden 7 y\u0131l ge\u00e7ti. Hrant Dink\u2019in katli 1915 Soyk\u0131r\u0131m s\u00fcrecinden, ba\u011f\u0131ms\u0131z olmad\u0131\u011f\u0131 gibi. \u201cAdaletin\u00a0 tecelli edemeyi\u015fi\u201d de 1915 s\u00fcrecinden ba\u011f\u0131ms\u0131z de\u011fildir. Cinayetin karart\u0131lmas\u0131, 1915 S\u00fcrecinin inkar\u0131 ve karanl\u0131kta b\u0131rak\u0131lmas\u0131n\u0131n sonu\u00e7lar\u0131ndan biridir. \u201cKurulu\u015f\u201dun 1915\u2019te ba\u015flayan\u00a0 adaletsizli\u011fin \u00fczerinde ger\u00e7ekle\u015ftirilmesi bug\u00fcn i\u00e7inde ya\u015fad\u0131\u011f\u0131m\u0131z adaletsiz s\u00fcrecin en temel kaynaklar\u0131ndan biri ve en ba\u015fta gelen [&hellip;]<\/p>\n","protected":false},"author":7,"featured_media":0,"comment_status":"open","ping_status":"open","sticky":false,"template":"","format":"standard","meta":{"footnotes":""},"categories":[1],"tags":[],"class_list":["post-27068","post","type-post","status-publish","format-standard","hentry","category-haberler"],"yoast_head":"<!-- This site is optimized with the Yoast SEO plugin v27.4 - https:\/\/yoast.com\/product\/yoast-seo-wordpress\/ -->\n<title>Ankara D\u00fc\u015f\u00fcnce \u00d6zg\u00fcrl\u00fck Giri\u015fimi\u2019nden  - Bati Ermenistan Ve Bati Ermenileri Sorunlari Ara\u015ftirmalar Merkezi<\/title>\n<meta name=\"robots\" content=\"index, follow, max-snippet:-1, max-image-preview:large, max-video-preview:-1\" \/>\n<link rel=\"canonical\" href=\"https:\/\/akunq.net\/tr\/?p=27068\" \/>\n<meta property=\"og:locale\" content=\"en_US\" \/>\n<meta property=\"og:type\" content=\"article\" \/>\n<meta property=\"og:title\" content=\"Ankara D\u00fc\u015f\u00fcnce \u00d6zg\u00fcrl\u00fck Giri\u015fimi\u2019nden  - Bati Ermenistan Ve Bati Ermenileri Sorunlari Ara\u015ftirmalar Merkezi\" \/>\n<meta property=\"og:description\" content=\"De\u011ferli dostlar Karde\u015fimiz Hrant\u2019\u0131n katledili\u015finin \u00fczerinden 7 y\u0131l ge\u00e7ti. Hrant Dink\u2019in katli 1915 Soyk\u0131r\u0131m s\u00fcrecinden, ba\u011f\u0131ms\u0131z olmad\u0131\u011f\u0131 gibi. \u201cAdaletin\u00a0 tecelli edemeyi\u015fi\u201d de 1915 s\u00fcrecinden ba\u011f\u0131ms\u0131z de\u011fildir. Cinayetin karart\u0131lmas\u0131, 1915 S\u00fcrecinin inkar\u0131 ve karanl\u0131kta b\u0131rak\u0131lmas\u0131n\u0131n sonu\u00e7lar\u0131ndan biridir. \u201cKurulu\u015f\u201dun 1915\u2019te ba\u015flayan\u00a0 adaletsizli\u011fin \u00fczerinde ger\u00e7ekle\u015ftirilmesi bug\u00fcn i\u00e7inde ya\u015fad\u0131\u011f\u0131m\u0131z adaletsiz s\u00fcrecin en temel kaynaklar\u0131ndan biri ve en ba\u015fta gelen [&hellip;]\" \/>\n<meta property=\"og:url\" content=\"https:\/\/akunq.net\/tr\/?p=27068\" \/>\n<meta property=\"og:site_name\" content=\"Bati Ermenistan Ve Bati Ermenileri Sorunlari Ara\u015ftirmalar Merkezi\" \/>\n<meta property=\"article:published_time\" content=\"2013-11-25T07:47:15+00:00\" \/>\n<meta name=\"author\" content=\"admin\" \/>\n<meta name=\"twitter:card\" content=\"summary_large_image\" \/>\n<meta name=\"twitter:label1\" content=\"Written by\" \/>\n\t<meta name=\"twitter:data1\" content=\"admin\" \/>\n\t<meta name=\"twitter:label2\" content=\"Est. reading time\" \/>\n\t<meta name=\"twitter:data2\" content=\"2 minutes\" \/>\n<script type=\"application\/ld+json\" class=\"yoast-schema-graph\">{\"@context\":\"https:\\\/\\\/schema.org\",\"@graph\":[{\"@type\":\"Article\",\"@id\":\"https:\\\/\\\/akunq.net\\\/tr\\\/?p=27068#article\",\"isPartOf\":{\"@id\":\"https:\\\/\\\/akunq.net\\\/tr\\\/?p=27068\"},\"author\":{\"name\":\"admin\",\"@id\":\"https:\\\/\\\/akunq.net\\\/tr\\\/#\\\/schema\\\/person\\\/096f1d38a12cce57fb855b485ed24c9e\"},\"headline\":\"Ankara D\u00fc\u015f\u00fcnce \u00d6zg\u00fcrl\u00fck Giri\u015fimi\u2019nden\",\"datePublished\":\"2013-11-25T07:47:15+00:00\",\"mainEntityOfPage\":{\"@id\":\"https:\\\/\\\/akunq.net\\\/tr\\\/?p=27068\"},\"wordCount\":472,\"commentCount\":0,\"articleSection\":[\"Haberler\"],\"inLanguage\":\"en-US\",\"potentialAction\":[{\"@type\":\"CommentAction\",\"name\":\"Comment\",\"target\":[\"https:\\\/\\\/akunq.net\\\/tr\\\/?p=27068#respond\"]}]},{\"@type\":\"WebPage\",\"@id\":\"https:\\\/\\\/akunq.net\\\/tr\\\/?p=27068\",\"url\":\"https:\\\/\\\/akunq.net\\\/tr\\\/?p=27068\",\"name\":\"Ankara D\u00fc\u015f\u00fcnce \u00d6zg\u00fcrl\u00fck Giri\u015fimi\u2019nden - Bati Ermenistan Ve Bati Ermenileri Sorunlari Ara\u015ftirmalar Merkezi\",\"isPartOf\":{\"@id\":\"https:\\\/\\\/akunq.net\\\/tr\\\/#website\"},\"datePublished\":\"2013-11-25T07:47:15+00:00\",\"author\":{\"@id\":\"https:\\\/\\\/akunq.net\\\/tr\\\/#\\\/schema\\\/person\\\/096f1d38a12cce57fb855b485ed24c9e\"},\"breadcrumb\":{\"@id\":\"https:\\\/\\\/akunq.net\\\/tr\\\/?p=27068#breadcrumb\"},\"inLanguage\":\"en-US\",\"potentialAction\":[{\"@type\":\"ReadAction\",\"target\":[\"https:\\\/\\\/akunq.net\\\/tr\\\/?p=27068\"]}]},{\"@type\":\"BreadcrumbList\",\"@id\":\"https:\\\/\\\/akunq.net\\\/tr\\\/?p=27068#breadcrumb\",\"itemListElement\":[{\"@type\":\"ListItem\",\"position\":1,\"name\":\"Home\",\"item\":\"https:\\\/\\\/akunq.net\\\/tr\"},{\"@type\":\"ListItem\",\"position\":2,\"name\":\"Ankara D\u00fc\u015f\u00fcnce \u00d6zg\u00fcrl\u00fck Giri\u015fimi\u2019nden\"}]},{\"@type\":\"WebSite\",\"@id\":\"https:\\\/\\\/akunq.net\\\/tr\\\/#website\",\"url\":\"https:\\\/\\\/akunq.net\\\/tr\\\/\",\"name\":\"Bati Ermenistan Ve Bati Ermenileri Sorunlari Ara\u015ftirmalar Merkezi\",\"description\":\"\",\"potentialAction\":[{\"@type\":\"SearchAction\",\"target\":{\"@type\":\"EntryPoint\",\"urlTemplate\":\"https:\\\/\\\/akunq.net\\\/tr\\\/?s={search_term_string}\"},\"query-input\":{\"@type\":\"PropertyValueSpecification\",\"valueRequired\":true,\"valueName\":\"search_term_string\"}}],\"inLanguage\":\"en-US\"},{\"@type\":\"Person\",\"@id\":\"https:\\\/\\\/akunq.net\\\/tr\\\/#\\\/schema\\\/person\\\/096f1d38a12cce57fb855b485ed24c9e\",\"name\":\"admin\",\"url\":\"https:\\\/\\\/akunq.net\\\/tr\\\/?author=7\"}]}<\/script>\n<!-- \/ Yoast SEO plugin. -->","yoast_head_json":{"title":"Ankara D\u00fc\u015f\u00fcnce \u00d6zg\u00fcrl\u00fck Giri\u015fimi\u2019nden  - Bati Ermenistan Ve Bati Ermenileri Sorunlari Ara\u015ftirmalar Merkezi","robots":{"index":"index","follow":"follow","max-snippet":"max-snippet:-1","max-image-preview":"max-image-preview:large","max-video-preview":"max-video-preview:-1"},"canonical":"https:\/\/akunq.net\/tr\/?p=27068","og_locale":"en_US","og_type":"article","og_title":"Ankara D\u00fc\u015f\u00fcnce \u00d6zg\u00fcrl\u00fck Giri\u015fimi\u2019nden  - Bati Ermenistan Ve Bati Ermenileri Sorunlari Ara\u015ftirmalar Merkezi","og_description":"De\u011ferli dostlar Karde\u015fimiz Hrant\u2019\u0131n katledili\u015finin \u00fczerinden 7 y\u0131l ge\u00e7ti. Hrant Dink\u2019in katli 1915 Soyk\u0131r\u0131m s\u00fcrecinden, ba\u011f\u0131ms\u0131z olmad\u0131\u011f\u0131 gibi. \u201cAdaletin\u00a0 tecelli edemeyi\u015fi\u201d de 1915 s\u00fcrecinden ba\u011f\u0131ms\u0131z de\u011fildir. Cinayetin karart\u0131lmas\u0131, 1915 S\u00fcrecinin inkar\u0131 ve karanl\u0131kta b\u0131rak\u0131lmas\u0131n\u0131n sonu\u00e7lar\u0131ndan biridir. \u201cKurulu\u015f\u201dun 1915\u2019te ba\u015flayan\u00a0 adaletsizli\u011fin \u00fczerinde ger\u00e7ekle\u015ftirilmesi bug\u00fcn i\u00e7inde ya\u015fad\u0131\u011f\u0131m\u0131z adaletsiz s\u00fcrecin en temel kaynaklar\u0131ndan biri ve en ba\u015fta gelen [&hellip;]","og_url":"https:\/\/akunq.net\/tr\/?p=27068","og_site_name":"Bati Ermenistan Ve Bati Ermenileri Sorunlari Ara\u015ftirmalar Merkezi","article_published_time":"2013-11-25T07:47:15+00:00","author":"admin","twitter_card":"summary_large_image","twitter_misc":{"Written by":"admin","Est. reading time":"2 minutes"},"schema":{"@context":"https:\/\/schema.org","@graph":[{"@type":"Article","@id":"https:\/\/akunq.net\/tr\/?p=27068#article","isPartOf":{"@id":"https:\/\/akunq.net\/tr\/?p=27068"},"author":{"name":"admin","@id":"https:\/\/akunq.net\/tr\/#\/schema\/person\/096f1d38a12cce57fb855b485ed24c9e"},"headline":"Ankara D\u00fc\u015f\u00fcnce \u00d6zg\u00fcrl\u00fck Giri\u015fimi\u2019nden","datePublished":"2013-11-25T07:47:15+00:00","mainEntityOfPage":{"@id":"https:\/\/akunq.net\/tr\/?p=27068"},"wordCount":472,"commentCount":0,"articleSection":["Haberler"],"inLanguage":"en-US","potentialAction":[{"@type":"CommentAction","name":"Comment","target":["https:\/\/akunq.net\/tr\/?p=27068#respond"]}]},{"@type":"WebPage","@id":"https:\/\/akunq.net\/tr\/?p=27068","url":"https:\/\/akunq.net\/tr\/?p=27068","name":"Ankara D\u00fc\u015f\u00fcnce \u00d6zg\u00fcrl\u00fck Giri\u015fimi\u2019nden - Bati Ermenistan Ve Bati Ermenileri Sorunlari Ara\u015ftirmalar Merkezi","isPartOf":{"@id":"https:\/\/akunq.net\/tr\/#website"},"datePublished":"2013-11-25T07:47:15+00:00","author":{"@id":"https:\/\/akunq.net\/tr\/#\/schema\/person\/096f1d38a12cce57fb855b485ed24c9e"},"breadcrumb":{"@id":"https:\/\/akunq.net\/tr\/?p=27068#breadcrumb"},"inLanguage":"en-US","potentialAction":[{"@type":"ReadAction","target":["https:\/\/akunq.net\/tr\/?p=27068"]}]},{"@type":"BreadcrumbList","@id":"https:\/\/akunq.net\/tr\/?p=27068#breadcrumb","itemListElement":[{"@type":"ListItem","position":1,"name":"Home","item":"https:\/\/akunq.net\/tr"},{"@type":"ListItem","position":2,"name":"Ankara D\u00fc\u015f\u00fcnce \u00d6zg\u00fcrl\u00fck Giri\u015fimi\u2019nden"}]},{"@type":"WebSite","@id":"https:\/\/akunq.net\/tr\/#website","url":"https:\/\/akunq.net\/tr\/","name":"Bati Ermenistan Ve Bati Ermenileri Sorunlari Ara\u015ftirmalar Merkezi","description":"","potentialAction":[{"@type":"SearchAction","target":{"@type":"EntryPoint","urlTemplate":"https:\/\/akunq.net\/tr\/?s={search_term_string}"},"query-input":{"@type":"PropertyValueSpecification","valueRequired":true,"valueName":"search_term_string"}}],"inLanguage":"en-US"},{"@type":"Person","@id":"https:\/\/akunq.net\/tr\/#\/schema\/person\/096f1d38a12cce57fb855b485ed24c9e","name":"admin","url":"https:\/\/akunq.net\/tr\/?author=7"}]}},"_links":{"self":[{"href":"https:\/\/akunq.net\/tr\/index.php?rest_route=\/wp\/v2\/posts\/27068","targetHints":{"allow":["GET"]}}],"collection":[{"href":"https:\/\/akunq.net\/tr\/index.php?rest_route=\/wp\/v2\/posts"}],"about":[{"href":"https:\/\/akunq.net\/tr\/index.php?rest_route=\/wp\/v2\/types\/post"}],"author":[{"embeddable":true,"href":"https:\/\/akunq.net\/tr\/index.php?rest_route=\/wp\/v2\/users\/7"}],"replies":[{"embeddable":true,"href":"https:\/\/akunq.net\/tr\/index.php?rest_route=%2Fwp%2Fv2%2Fcomments&post=27068"}],"version-history":[{"count":1,"href":"https:\/\/akunq.net\/tr\/index.php?rest_route=\/wp\/v2\/posts\/27068\/revisions"}],"predecessor-version":[{"id":27070,"href":"https:\/\/akunq.net\/tr\/index.php?rest_route=\/wp\/v2\/posts\/27068\/revisions\/27070"}],"wp:attachment":[{"href":"https:\/\/akunq.net\/tr\/index.php?rest_route=%2Fwp%2Fv2%2Fmedia&parent=27068"}],"wp:term":[{"taxonomy":"category","embeddable":true,"href":"https:\/\/akunq.net\/tr\/index.php?rest_route=%2Fwp%2Fv2%2Fcategories&post=27068"},{"taxonomy":"post_tag","embeddable":true,"href":"https:\/\/akunq.net\/tr\/index.php?rest_route=%2Fwp%2Fv2%2Ftags&post=27068"}],"curies":[{"name":"wp","href":"https:\/\/api.w.org\/{rel}","templated":true}]}}