{"id":27065,"date":"2013-11-25T01:15:48","date_gmt":"2013-11-25T06:15:48","guid":{"rendered":"http:\/\/akunq.net\/tr\/?p=27065"},"modified":"2013-11-25T01:15:48","modified_gmt":"2013-11-25T06:15:48","slug":"kafkaslara-barisi-turkiye-getirecek","status":"publish","type":"post","link":"https:\/\/akunq.net\/tr\/?p=27065","title":{"rendered":"Kafkaslara bar\u0131\u015f\u0131 T\u00fcrkiye getirecek"},"content":{"rendered":"<p><b><i><img decoding=\"async\" class=\"alignright\" alt=\"\" src=\"http:\/\/ermenihaber.am\/pics\/news\/news_3\/1246.jpg\" \/>T\u00fcrkiye Kafkaslar&#8217;da bar\u0131\u015f i\u00e7in ata\u011fa ge\u00e7ti. <\/i><\/b><b><i>D\u0131\u015fi\u015fleri Bakan\u0131 Ahmet Davuto\u011flu, Erivan&#8217;a gidecek.<\/i><\/b><\/p>\n<p style=\"text-align: justify;\">T\u00fcrkiye, Ermeni iddialar\u0131n\u0131n <i>(<\/i><i>Ermeni<\/i><i>Soyk<\/i><i>\u0131<\/i><i>r<\/i><i>\u0131<\/i><i>m<\/i><i>\u0131<\/i><i>n<\/i><i>\u0131<\/i><i>n<\/i><i>-\u2018<\/i><i>Akunq<\/i><i>\u2019 <\/i><i>web<\/i><i>sayfas<\/i><i>\u0131 <\/i><i>y<\/i><i>\u00f6<\/i><i>neticileri<\/i><i>) <\/i>100&#8217;\u00fcnc\u00fc y\u0131l d\u00f6n\u00fcm\u00fc \u00f6ncesinde Kafkaslar&#8217;da bar\u0131\u015f i\u00e7in ata\u011fa ge\u00e7ti. ABD ziyaretinde \u201cKafkaslar&#8217;da bar\u0131\u015f i\u00e7in taraflar\u0131n motive edilmesi gerekiyor\u201d mesaj\u0131n\u0131 veren Davuto\u011flu, T\u00fcrkiye-Ermenistan ili\u015fkilerine ili\u015fkin \u201cBaz\u0131 yeni fikirlerle mesafe almaya \u00e7al\u0131\u015f\u0131yoruz\u201d demi\u015fti. Konu\u015fulan senaryoya g\u00f6re; Ermenistan daha \u00f6nce de \u00e7ekilmeyi kabul etti\u011fi ancak zaman \u00fczerinde mutabakata var\u0131lamayan iki reyondan \u00e7ekilecek. Bu \u00e7ekilme Bak\u00fc Y\u00f6netimi&#8217;ni memnun edecek. Azerbaycan-Ermenistan aras\u0131ndaki ili\u015fkilerin normalle\u015fmesi Ankara&#8217;n\u0131n elini rahatlatacak. Bahar havas\u0131 T\u00fcrkiye-Ermenistan ili\u015fkilerine olumlu yans\u0131yacak. S\u0131n\u0131r\u0131n a\u00e7\u0131lmas\u0131 g\u00fcndeme gelebilecek. S\u0131n\u0131r\u0131n a\u00e7\u0131lmas\u0131, ekonomik kriz ya\u015fayan ve ki\u015fi ba\u015f\u0131 milli geliri 5 bin dolar olan Ermenistan ekonomisini canland\u0131racak. T\u00fcrkiye ise Ermeni iddialar\u0131n\u0131n 100&#8217;\u00fcnc\u00fc anma y\u0131ld\u00f6n\u00fcm\u00fc \u00f6ncesinde ba\u015far\u0131l\u0131 bir diplomatik atak yapm\u0131\u015f olacak ve Diaspora&#8217;n\u0131n T\u00fcrkiye kar\u015f\u0131t\u0131 \u00e7al\u0131\u015fmalar\u0131n\u0131 bo\u015fa \u00e7\u0131karacak. Davuto\u011flu&#8217;nun 12 Aral\u0131k&#8217;ta Karadeniz Ekonomik \u0130\u015fbirli\u011fi (KE\u0130) toplant\u0131s\u0131na kat\u0131lmak i\u00e7in Ermenistan&#8217;\u0131n ba\u015fkenti Erivan&#8217;a gitmesi bekleniyor.<\/p>\n<p style=\"text-align: justify;\"><b><i>Buket G\u00dcVEN &#8211; ANKARA<\/i><\/b><\/p>\n<p style=\"text-align: justify;\"><b><i>http:\/\/www.turkiyegazetesi.com.tr\/gundem\/105784.aspx<\/i><\/b><\/p>\n","protected":false},"excerpt":{"rendered":"<p>T\u00fcrkiye Kafkaslar&#8217;da bar\u0131\u015f i\u00e7in ata\u011fa ge\u00e7ti. D\u0131\u015fi\u015fleri Bakan\u0131 Ahmet Davuto\u011flu, Erivan&#8217;a gidecek. T\u00fcrkiye, Ermeni iddialar\u0131n\u0131n (ErmeniSoyk\u0131r\u0131m\u0131n\u0131n-\u2018Akunq\u2019 websayfas\u0131 y\u00f6neticileri) 100&#8217;\u00fcnc\u00fc y\u0131l d\u00f6n\u00fcm\u00fc \u00f6ncesinde Kafkaslar&#8217;da bar\u0131\u015f i\u00e7in ata\u011fa ge\u00e7ti. ABD ziyaretinde \u201cKafkaslar&#8217;da bar\u0131\u015f i\u00e7in taraflar\u0131n motive edilmesi gerekiyor\u201d mesaj\u0131n\u0131 veren Davuto\u011flu, T\u00fcrkiye-Ermenistan ili\u015fkilerine ili\u015fkin \u201cBaz\u0131 yeni fikirlerle mesafe almaya \u00e7al\u0131\u015f\u0131yoruz\u201d demi\u015fti. Konu\u015fulan senaryoya g\u00f6re; Ermenistan daha \u00f6nce [&hellip;]<\/p>\n","protected":false},"author":7,"featured_media":0,"comment_status":"open","ping_status":"open","sticky":false,"template":"","format":"standard","meta":{"footnotes":""},"categories":[55,1],"tags":[],"class_list":["post-27065","post","type-post","status-publish","format-standard","hentry","category-ermenistan-turkiye","category-haberler"],"yoast_head":"<!-- This site is optimized with the Yoast SEO plugin v27.4 - https:\/\/yoast.com\/product\/yoast-seo-wordpress\/ -->\n<title>Kafkaslara bar\u0131\u015f\u0131 T\u00fcrkiye getirecek - Bati Ermenistan Ve Bati Ermenileri Sorunlari Ara\u015ftirmalar Merkezi<\/title>\n<meta name=\"robots\" content=\"index, follow, max-snippet:-1, max-image-preview:large, max-video-preview:-1\" \/>\n<link rel=\"canonical\" href=\"https:\/\/akunq.net\/tr\/?p=27065\" \/>\n<meta property=\"og:locale\" content=\"en_US\" \/>\n<meta property=\"og:type\" content=\"article\" \/>\n<meta property=\"og:title\" content=\"Kafkaslara bar\u0131\u015f\u0131 T\u00fcrkiye getirecek - Bati Ermenistan Ve Bati Ermenileri Sorunlari Ara\u015ftirmalar Merkezi\" \/>\n<meta property=\"og:description\" content=\"T\u00fcrkiye Kafkaslar&#8217;da bar\u0131\u015f i\u00e7in ata\u011fa ge\u00e7ti. D\u0131\u015fi\u015fleri Bakan\u0131 Ahmet Davuto\u011flu, Erivan&#8217;a gidecek. T\u00fcrkiye, Ermeni iddialar\u0131n\u0131n (ErmeniSoyk\u0131r\u0131m\u0131n\u0131n-\u2018Akunq\u2019 websayfas\u0131 y\u00f6neticileri) 100&#8217;\u00fcnc\u00fc y\u0131l d\u00f6n\u00fcm\u00fc \u00f6ncesinde Kafkaslar&#8217;da bar\u0131\u015f i\u00e7in ata\u011fa ge\u00e7ti. ABD ziyaretinde \u201cKafkaslar&#8217;da bar\u0131\u015f i\u00e7in taraflar\u0131n motive edilmesi gerekiyor\u201d mesaj\u0131n\u0131 veren Davuto\u011flu, T\u00fcrkiye-Ermenistan ili\u015fkilerine ili\u015fkin \u201cBaz\u0131 yeni fikirlerle mesafe almaya \u00e7al\u0131\u015f\u0131yoruz\u201d demi\u015fti. Konu\u015fulan senaryoya g\u00f6re; Ermenistan daha \u00f6nce [&hellip;]\" \/>\n<meta property=\"og:url\" content=\"https:\/\/akunq.net\/tr\/?p=27065\" \/>\n<meta property=\"og:site_name\" content=\"Bati Ermenistan Ve Bati Ermenileri Sorunlari Ara\u015ftirmalar Merkezi\" \/>\n<meta property=\"article:published_time\" content=\"2013-11-25T06:15:48+00:00\" \/>\n<meta property=\"og:image\" content=\"http:\/\/ermenihaber.am\/pics\/news\/news_3\/1246.jpg\" \/>\n<meta name=\"author\" content=\"admin\" \/>\n<meta name=\"twitter:card\" content=\"summary_large_image\" \/>\n<meta name=\"twitter:label1\" content=\"Written by\" \/>\n\t<meta name=\"twitter:data1\" content=\"admin\" \/>\n\t<meta name=\"twitter:label2\" content=\"Est. reading time\" \/>\n\t<meta name=\"twitter:data2\" content=\"1 minute\" \/>\n<script type=\"application\/ld+json\" class=\"yoast-schema-graph\">{\"@context\":\"https:\\\/\\\/schema.org\",\"@graph\":[{\"@type\":\"Article\",\"@id\":\"https:\\\/\\\/akunq.net\\\/tr\\\/?p=27065#article\",\"isPartOf\":{\"@id\":\"https:\\\/\\\/akunq.net\\\/tr\\\/?p=27065\"},\"author\":{\"name\":\"admin\",\"@id\":\"https:\\\/\\\/akunq.net\\\/tr\\\/#\\\/schema\\\/person\\\/096f1d38a12cce57fb855b485ed24c9e\"},\"headline\":\"Kafkaslara bar\u0131\u015f\u0131 T\u00fcrkiye getirecek\",\"datePublished\":\"2013-11-25T06:15:48+00:00\",\"mainEntityOfPage\":{\"@id\":\"https:\\\/\\\/akunq.net\\\/tr\\\/?p=27065\"},\"wordCount\":241,\"commentCount\":0,\"image\":{\"@id\":\"https:\\\/\\\/akunq.net\\\/tr\\\/?p=27065#primaryimage\"},\"thumbnailUrl\":\"http:\\\/\\\/ermenihaber.am\\\/pics\\\/news\\\/news_3\\\/1246.jpg\",\"articleSection\":[\"Ermenistan-T\u00fcrkiye\",\"Haberler\"],\"inLanguage\":\"en-US\",\"potentialAction\":[{\"@type\":\"CommentAction\",\"name\":\"Comment\",\"target\":[\"https:\\\/\\\/akunq.net\\\/tr\\\/?p=27065#respond\"]}]},{\"@type\":\"WebPage\",\"@id\":\"https:\\\/\\\/akunq.net\\\/tr\\\/?p=27065\",\"url\":\"https:\\\/\\\/akunq.net\\\/tr\\\/?p=27065\",\"name\":\"Kafkaslara bar\u0131\u015f\u0131 T\u00fcrkiye getirecek - Bati Ermenistan Ve Bati Ermenileri Sorunlari Ara\u015ftirmalar Merkezi\",\"isPartOf\":{\"@id\":\"https:\\\/\\\/akunq.net\\\/tr\\\/#website\"},\"primaryImageOfPage\":{\"@id\":\"https:\\\/\\\/akunq.net\\\/tr\\\/?p=27065#primaryimage\"},\"image\":{\"@id\":\"https:\\\/\\\/akunq.net\\\/tr\\\/?p=27065#primaryimage\"},\"thumbnailUrl\":\"http:\\\/\\\/ermenihaber.am\\\/pics\\\/news\\\/news_3\\\/1246.jpg\",\"datePublished\":\"2013-11-25T06:15:48+00:00\",\"author\":{\"@id\":\"https:\\\/\\\/akunq.net\\\/tr\\\/#\\\/schema\\\/person\\\/096f1d38a12cce57fb855b485ed24c9e\"},\"breadcrumb\":{\"@id\":\"https:\\\/\\\/akunq.net\\\/tr\\\/?p=27065#breadcrumb\"},\"inLanguage\":\"en-US\",\"potentialAction\":[{\"@type\":\"ReadAction\",\"target\":[\"https:\\\/\\\/akunq.net\\\/tr\\\/?p=27065\"]}]},{\"@type\":\"ImageObject\",\"inLanguage\":\"en-US\",\"@id\":\"https:\\\/\\\/akunq.net\\\/tr\\\/?p=27065#primaryimage\",\"url\":\"http:\\\/\\\/ermenihaber.am\\\/pics\\\/news\\\/news_3\\\/1246.jpg\",\"contentUrl\":\"http:\\\/\\\/ermenihaber.am\\\/pics\\\/news\\\/news_3\\\/1246.jpg\"},{\"@type\":\"BreadcrumbList\",\"@id\":\"https:\\\/\\\/akunq.net\\\/tr\\\/?p=27065#breadcrumb\",\"itemListElement\":[{\"@type\":\"ListItem\",\"position\":1,\"name\":\"Home\",\"item\":\"https:\\\/\\\/akunq.net\\\/tr\"},{\"@type\":\"ListItem\",\"position\":2,\"name\":\"Kafkaslara bar\u0131\u015f\u0131 T\u00fcrkiye getirecek\"}]},{\"@type\":\"WebSite\",\"@id\":\"https:\\\/\\\/akunq.net\\\/tr\\\/#website\",\"url\":\"https:\\\/\\\/akunq.net\\\/tr\\\/\",\"name\":\"Bati Ermenistan Ve Bati Ermenileri Sorunlari Ara\u015ftirmalar Merkezi\",\"description\":\"\",\"potentialAction\":[{\"@type\":\"SearchAction\",\"target\":{\"@type\":\"EntryPoint\",\"urlTemplate\":\"https:\\\/\\\/akunq.net\\\/tr\\\/?s={search_term_string}\"},\"query-input\":{\"@type\":\"PropertyValueSpecification\",\"valueRequired\":true,\"valueName\":\"search_term_string\"}}],\"inLanguage\":\"en-US\"},{\"@type\":\"Person\",\"@id\":\"https:\\\/\\\/akunq.net\\\/tr\\\/#\\\/schema\\\/person\\\/096f1d38a12cce57fb855b485ed24c9e\",\"name\":\"admin\",\"url\":\"https:\\\/\\\/akunq.net\\\/tr\\\/?author=7\"}]}<\/script>\n<!-- \/ Yoast SEO plugin. -->","yoast_head_json":{"title":"Kafkaslara bar\u0131\u015f\u0131 T\u00fcrkiye getirecek - Bati Ermenistan Ve Bati Ermenileri Sorunlari Ara\u015ftirmalar Merkezi","robots":{"index":"index","follow":"follow","max-snippet":"max-snippet:-1","max-image-preview":"max-image-preview:large","max-video-preview":"max-video-preview:-1"},"canonical":"https:\/\/akunq.net\/tr\/?p=27065","og_locale":"en_US","og_type":"article","og_title":"Kafkaslara bar\u0131\u015f\u0131 T\u00fcrkiye getirecek - Bati Ermenistan Ve Bati Ermenileri Sorunlari Ara\u015ftirmalar Merkezi","og_description":"T\u00fcrkiye Kafkaslar&#8217;da bar\u0131\u015f i\u00e7in ata\u011fa ge\u00e7ti. D\u0131\u015fi\u015fleri Bakan\u0131 Ahmet Davuto\u011flu, Erivan&#8217;a gidecek. T\u00fcrkiye, Ermeni iddialar\u0131n\u0131n (ErmeniSoyk\u0131r\u0131m\u0131n\u0131n-\u2018Akunq\u2019 websayfas\u0131 y\u00f6neticileri) 100&#8217;\u00fcnc\u00fc y\u0131l d\u00f6n\u00fcm\u00fc \u00f6ncesinde Kafkaslar&#8217;da bar\u0131\u015f i\u00e7in ata\u011fa ge\u00e7ti. ABD ziyaretinde \u201cKafkaslar&#8217;da bar\u0131\u015f i\u00e7in taraflar\u0131n motive edilmesi gerekiyor\u201d mesaj\u0131n\u0131 veren Davuto\u011flu, T\u00fcrkiye-Ermenistan ili\u015fkilerine ili\u015fkin \u201cBaz\u0131 yeni fikirlerle mesafe almaya \u00e7al\u0131\u015f\u0131yoruz\u201d demi\u015fti. Konu\u015fulan senaryoya g\u00f6re; Ermenistan daha \u00f6nce [&hellip;]","og_url":"https:\/\/akunq.net\/tr\/?p=27065","og_site_name":"Bati Ermenistan Ve Bati Ermenileri Sorunlari Ara\u015ftirmalar Merkezi","article_published_time":"2013-11-25T06:15:48+00:00","og_image":[{"url":"http:\/\/ermenihaber.am\/pics\/news\/news_3\/1246.jpg","type":"","width":"","height":""}],"author":"admin","twitter_card":"summary_large_image","twitter_misc":{"Written by":"admin","Est. reading time":"1 minute"},"schema":{"@context":"https:\/\/schema.org","@graph":[{"@type":"Article","@id":"https:\/\/akunq.net\/tr\/?p=27065#article","isPartOf":{"@id":"https:\/\/akunq.net\/tr\/?p=27065"},"author":{"name":"admin","@id":"https:\/\/akunq.net\/tr\/#\/schema\/person\/096f1d38a12cce57fb855b485ed24c9e"},"headline":"Kafkaslara bar\u0131\u015f\u0131 T\u00fcrkiye getirecek","datePublished":"2013-11-25T06:15:48+00:00","mainEntityOfPage":{"@id":"https:\/\/akunq.net\/tr\/?p=27065"},"wordCount":241,"commentCount":0,"image":{"@id":"https:\/\/akunq.net\/tr\/?p=27065#primaryimage"},"thumbnailUrl":"http:\/\/ermenihaber.am\/pics\/news\/news_3\/1246.jpg","articleSection":["Ermenistan-T\u00fcrkiye","Haberler"],"inLanguage":"en-US","potentialAction":[{"@type":"CommentAction","name":"Comment","target":["https:\/\/akunq.net\/tr\/?p=27065#respond"]}]},{"@type":"WebPage","@id":"https:\/\/akunq.net\/tr\/?p=27065","url":"https:\/\/akunq.net\/tr\/?p=27065","name":"Kafkaslara bar\u0131\u015f\u0131 T\u00fcrkiye getirecek - Bati Ermenistan Ve Bati Ermenileri Sorunlari Ara\u015ftirmalar Merkezi","isPartOf":{"@id":"https:\/\/akunq.net\/tr\/#website"},"primaryImageOfPage":{"@id":"https:\/\/akunq.net\/tr\/?p=27065#primaryimage"},"image":{"@id":"https:\/\/akunq.net\/tr\/?p=27065#primaryimage"},"thumbnailUrl":"http:\/\/ermenihaber.am\/pics\/news\/news_3\/1246.jpg","datePublished":"2013-11-25T06:15:48+00:00","author":{"@id":"https:\/\/akunq.net\/tr\/#\/schema\/person\/096f1d38a12cce57fb855b485ed24c9e"},"breadcrumb":{"@id":"https:\/\/akunq.net\/tr\/?p=27065#breadcrumb"},"inLanguage":"en-US","potentialAction":[{"@type":"ReadAction","target":["https:\/\/akunq.net\/tr\/?p=27065"]}]},{"@type":"ImageObject","inLanguage":"en-US","@id":"https:\/\/akunq.net\/tr\/?p=27065#primaryimage","url":"http:\/\/ermenihaber.am\/pics\/news\/news_3\/1246.jpg","contentUrl":"http:\/\/ermenihaber.am\/pics\/news\/news_3\/1246.jpg"},{"@type":"BreadcrumbList","@id":"https:\/\/akunq.net\/tr\/?p=27065#breadcrumb","itemListElement":[{"@type":"ListItem","position":1,"name":"Home","item":"https:\/\/akunq.net\/tr"},{"@type":"ListItem","position":2,"name":"Kafkaslara bar\u0131\u015f\u0131 T\u00fcrkiye getirecek"}]},{"@type":"WebSite","@id":"https:\/\/akunq.net\/tr\/#website","url":"https:\/\/akunq.net\/tr\/","name":"Bati Ermenistan Ve Bati Ermenileri Sorunlari Ara\u015ftirmalar Merkezi","description":"","potentialAction":[{"@type":"SearchAction","target":{"@type":"EntryPoint","urlTemplate":"https:\/\/akunq.net\/tr\/?s={search_term_string}"},"query-input":{"@type":"PropertyValueSpecification","valueRequired":true,"valueName":"search_term_string"}}],"inLanguage":"en-US"},{"@type":"Person","@id":"https:\/\/akunq.net\/tr\/#\/schema\/person\/096f1d38a12cce57fb855b485ed24c9e","name":"admin","url":"https:\/\/akunq.net\/tr\/?author=7"}]}},"_links":{"self":[{"href":"https:\/\/akunq.net\/tr\/index.php?rest_route=\/wp\/v2\/posts\/27065","targetHints":{"allow":["GET"]}}],"collection":[{"href":"https:\/\/akunq.net\/tr\/index.php?rest_route=\/wp\/v2\/posts"}],"about":[{"href":"https:\/\/akunq.net\/tr\/index.php?rest_route=\/wp\/v2\/types\/post"}],"author":[{"embeddable":true,"href":"https:\/\/akunq.net\/tr\/index.php?rest_route=\/wp\/v2\/users\/7"}],"replies":[{"embeddable":true,"href":"https:\/\/akunq.net\/tr\/index.php?rest_route=%2Fwp%2Fv2%2Fcomments&post=27065"}],"version-history":[{"count":2,"href":"https:\/\/akunq.net\/tr\/index.php?rest_route=\/wp\/v2\/posts\/27065\/revisions"}],"predecessor-version":[{"id":27067,"href":"https:\/\/akunq.net\/tr\/index.php?rest_route=\/wp\/v2\/posts\/27065\/revisions\/27067"}],"wp:attachment":[{"href":"https:\/\/akunq.net\/tr\/index.php?rest_route=%2Fwp%2Fv2%2Fmedia&parent=27065"}],"wp:term":[{"taxonomy":"category","embeddable":true,"href":"https:\/\/akunq.net\/tr\/index.php?rest_route=%2Fwp%2Fv2%2Fcategories&post=27065"},{"taxonomy":"post_tag","embeddable":true,"href":"https:\/\/akunq.net\/tr\/index.php?rest_route=%2Fwp%2Fv2%2Ftags&post=27065"}],"curies":[{"name":"wp","href":"https:\/\/api.w.org\/{rel}","templated":true}]}}