{"id":27062,"date":"2013-11-25T01:12:19","date_gmt":"2013-11-25T06:12:19","guid":{"rendered":"http:\/\/akunq.net\/tr\/?p=27062"},"modified":"2013-11-25T01:12:19","modified_gmt":"2013-11-25T06:12:19","slug":"abden-236-milyon-euroluk-destek","status":"publish","type":"post","link":"https:\/\/akunq.net\/tr\/?p=27062","title":{"rendered":"AB&#8217;den 236 milyon euroluk destek"},"content":{"rendered":"<p style=\"text-align: justify;\"><b><i><img decoding=\"async\" class=\"alignright\" alt=\"\" src=\"http:\/\/www.tert.am\/g_image.php?id=368791&amp;tmb=3\" \/>AB Bakan\u0131 ve Ba\u015fm\u00fczakereci Egemen Ba\u011f\u0131\u015f, AB Komisyonu taraf\u0131ndan T\u00fcrkiye&#8217;ye verilecek olan 236 milyon euroluk mali destekle birlikte son 11 y\u0131lda yap\u0131lan reformlara b\u00fcy\u00fck bir h\u0131zla devam edilece\u011fini s\u00f6yledi.<\/i><\/b><\/p>\n<p style=\"text-align: justify;\"><b><i>ANKARA &#8211;<\/i><\/b> AB Bakan\u0131 ve Ba\u015fm\u00fczakereci Egemen Ba\u011f\u0131\u015f, Avrupa Birli\u011fi (AB) Komisyonu taraf\u0131ndan T\u00fcrkiye&#8217;ye aktar\u0131lmas\u0131na karar verilen 236 milyon avroluk mali destekle ilgili, &#8220;T\u00fcrkiye son 11 y\u0131lda pe\u015f pe\u015fe hayata ge\u00e7irdi\u011fi devrim niteli\u011findeki reformlarla ileri demokrasi yolunda kazand\u0131\u011f\u0131 ivmeyi bu destekle daha da ileriye ta\u015f\u0131yacakt\u0131r&#8221; dedi.<\/p>\n<p style=\"text-align: justify;\">Avrupa Birli\u011fi Komisyonu&#8217;nun T\u00fcrkiye&#8217;ye 236 milyon avroluk kaynak aktar\u0131lmas\u0131 karar\u0131n\u0131 de\u011ferlendiren Ba\u011f\u0131\u015f, &#8220;milletimizin cebinden tek kuru\u015f dahi \u00e7\u0131kmadan yakla\u015f\u0131k 650 milyon lira tutar\u0131nda kaynak, T\u00fcrkiye\u2019nin geli\u015fimine, ilerlemesine, kalk\u0131nmas\u0131na aktar\u0131lacak. \u00dclkemize, milletimize, AB s\u00fcrecimize hay\u0131rl\u0131 olsun&#8221; ifadesini kulland\u0131.<\/p>\n<p style=\"text-align: justify;\">S\u00f6z konusu kayna\u011f\u0131n aktar\u0131lmas\u0131 konusunda AB nezdinde \u00f6nemli \u00e7aba harcad\u0131klar\u0131n\u0131 dile getiren Ba\u011f\u0131\u015f, AB&#8217;ye ve Geni\u015fleme ve Kom\u015fuluk Politikas\u0131ndan Sorumlu AB Komiseri Stefan F\u00fcle\u2019ye de te\u015fekk\u00fcr etti. Ba\u011f\u0131\u015f, kayna\u011f\u0131n, T\u00fcrkiye\u2019nin reformlar\u0131n\u0131 desteklemesi bak\u0131m\u0131ndan \u00f6nemli oldu\u011fu kadar T\u00fcrkiye\u2019nin reform s\u00fcrecindeki kararl\u0131l\u0131\u011f\u0131na olan inanc\u0131n da bir g\u00f6stergesi oldu\u011funu belirtti. Ba\u011f\u0131\u015f, \u015funlar\u0131 kaydetti:<\/p>\n<p style=\"text-align: justify;\">&#8220;T\u00fcrkiye son 11 y\u0131lda pe\u015f pe\u015fe hayata ge\u00e7irdi\u011fi devrim niteli\u011findeki reformlarla ileri demokrasi yolunda kazand\u0131\u011f\u0131 ivmeyi bu destekle daha da ileriye ta\u015f\u0131yacakt\u0131r. Son s\u00fcre\u00e7te b\u00fcnyesinde bir\u00e7ok demokratik reform ve de\u011fi\u015fime ev sahipli\u011fi yapan T\u00fcrkiye, 2013 kat\u0131l\u0131m \u00f6ncesi mali yard\u0131m\u0131 sayesinde 2012\u2019de elde etmi\u015f oldu\u011fu b\u00fct\u00fcn ekonomik, sosyal ve hukuksal kazan\u0131mlara yenilerini ekleyecektir. Bu y\u0131lki \u0130lerleme Raporunda T\u00fcrkiye ad\u0131na ifade edilen olumlu geli\u015fmeler b\u00f6ylece Avrupa Birli\u011fi taraf\u0131ndan bir kez daha tescillenmi\u015f oldu. T\u00fcrkiye bug\u00fcn reform yorgunu de\u011fil reform olgunu bir \u00fclkedir.&#8221;<\/p>\n<p style=\"text-align: justify;\">T\u00fcrkiye-AB ili\u015fkilerinde son haftalarda g\u00f6r\u00fclen olumlu geli\u015fmelerin devam etmesini arzulad\u0131klar\u0131n\u0131 belirten Ba\u011f\u0131\u015f, bunun da T\u00fcrkiye&#8217;nin ger\u00e7ekle\u015ftirdi\u011fi reformalar ek olarak AB taraf\u0131ndan at\u0131lacak somut ad\u0131mlarla m\u00fcmk\u00fcn oldu\u011funu belirtti.<\/p>\n<p style=\"text-align: justify;\">Kayna\u011f\u0131n T\u00fcrkiye&#8217;ye hay\u0131rl\u0131 olmas\u0131n\u0131 dileyen Ba\u011f\u0131\u015f, &#8220;T\u00fcrkiye\u2019nin bu sayede son y\u0131llarda ba\u015farmaya al\u0131\u015f\u0131k oldu\u011fu reformlar\u0131na yenilerini ekleyece\u011finden kimsenin \u015f\u00fcphesi olmas\u0131n&#8221; dedi.<\/p>\n<p style=\"text-align: justify;\"><b><i>http:\/\/www.dunya.com\/abden-236-milyon-euroluk-destek-209331h.htm<\/i><\/b><\/p>\n","protected":false},"excerpt":{"rendered":"<p>AB Bakan\u0131 ve Ba\u015fm\u00fczakereci Egemen Ba\u011f\u0131\u015f, AB Komisyonu taraf\u0131ndan T\u00fcrkiye&#8217;ye verilecek olan 236 milyon euroluk mali destekle birlikte son 11 y\u0131lda yap\u0131lan reformlara b\u00fcy\u00fck bir h\u0131zla devam edilece\u011fini s\u00f6yledi. ANKARA &#8211; AB Bakan\u0131 ve Ba\u015fm\u00fczakereci Egemen Ba\u011f\u0131\u015f, Avrupa Birli\u011fi (AB) Komisyonu taraf\u0131ndan T\u00fcrkiye&#8217;ye aktar\u0131lmas\u0131na karar verilen 236 milyon avroluk mali destekle ilgili, &#8220;T\u00fcrkiye son 11 [&hellip;]<\/p>\n","protected":false},"author":7,"featured_media":0,"comment_status":"open","ping_status":"open","sticky":false,"template":"","format":"standard","meta":{"footnotes":""},"categories":[1],"tags":[],"class_list":["post-27062","post","type-post","status-publish","format-standard","hentry","category-haberler"],"yoast_head":"<!-- This site is optimized with the Yoast SEO plugin v27.4 - https:\/\/yoast.com\/product\/yoast-seo-wordpress\/ -->\n<title>AB&#039;den 236 milyon euroluk destek - Bati Ermenistan Ve Bati Ermenileri Sorunlari Ara\u015ftirmalar Merkezi<\/title>\n<meta name=\"robots\" content=\"index, follow, max-snippet:-1, max-image-preview:large, max-video-preview:-1\" \/>\n<link rel=\"canonical\" href=\"https:\/\/akunq.net\/tr\/?p=27062\" \/>\n<meta property=\"og:locale\" content=\"en_US\" \/>\n<meta property=\"og:type\" content=\"article\" \/>\n<meta property=\"og:title\" content=\"AB&#039;den 236 milyon euroluk destek - Bati Ermenistan Ve Bati Ermenileri Sorunlari Ara\u015ftirmalar Merkezi\" \/>\n<meta property=\"og:description\" content=\"AB Bakan\u0131 ve Ba\u015fm\u00fczakereci Egemen Ba\u011f\u0131\u015f, AB Komisyonu taraf\u0131ndan T\u00fcrkiye&#8217;ye verilecek olan 236 milyon euroluk mali destekle birlikte son 11 y\u0131lda yap\u0131lan reformlara b\u00fcy\u00fck bir h\u0131zla devam edilece\u011fini s\u00f6yledi. ANKARA &#8211; AB Bakan\u0131 ve Ba\u015fm\u00fczakereci Egemen Ba\u011f\u0131\u015f, Avrupa Birli\u011fi (AB) Komisyonu taraf\u0131ndan T\u00fcrkiye&#8217;ye aktar\u0131lmas\u0131na karar verilen 236 milyon avroluk mali destekle ilgili, &#8220;T\u00fcrkiye son 11 [&hellip;]\" \/>\n<meta property=\"og:url\" content=\"https:\/\/akunq.net\/tr\/?p=27062\" \/>\n<meta property=\"og:site_name\" content=\"Bati Ermenistan Ve Bati Ermenileri Sorunlari Ara\u015ftirmalar Merkezi\" \/>\n<meta property=\"article:published_time\" content=\"2013-11-25T06:12:19+00:00\" \/>\n<meta property=\"og:image\" content=\"http:\/\/www.tert.am\/g_image.php?id=368791&amp;tmb=3\" \/>\n<meta name=\"author\" content=\"admin\" \/>\n<meta name=\"twitter:card\" content=\"summary_large_image\" \/>\n<meta name=\"twitter:label1\" content=\"Written by\" \/>\n\t<meta name=\"twitter:data1\" content=\"admin\" \/>\n\t<meta name=\"twitter:label2\" content=\"Est. reading time\" \/>\n\t<meta name=\"twitter:data2\" content=\"2 minutes\" \/>\n<script type=\"application\/ld+json\" class=\"yoast-schema-graph\">{\"@context\":\"https:\\\/\\\/schema.org\",\"@graph\":[{\"@type\":\"Article\",\"@id\":\"https:\\\/\\\/akunq.net\\\/tr\\\/?p=27062#article\",\"isPartOf\":{\"@id\":\"https:\\\/\\\/akunq.net\\\/tr\\\/?p=27062\"},\"author\":{\"name\":\"admin\",\"@id\":\"https:\\\/\\\/akunq.net\\\/tr\\\/#\\\/schema\\\/person\\\/096f1d38a12cce57fb855b485ed24c9e\"},\"headline\":\"AB&#8217;den 236 milyon euroluk destek\",\"datePublished\":\"2013-11-25T06:12:19+00:00\",\"mainEntityOfPage\":{\"@id\":\"https:\\\/\\\/akunq.net\\\/tr\\\/?p=27062\"},\"wordCount\":425,\"commentCount\":0,\"image\":{\"@id\":\"https:\\\/\\\/akunq.net\\\/tr\\\/?p=27062#primaryimage\"},\"thumbnailUrl\":\"http:\\\/\\\/www.tert.am\\\/g_image.php?id=368791&amp;tmb=3\",\"articleSection\":[\"Haberler\"],\"inLanguage\":\"en-US\",\"potentialAction\":[{\"@type\":\"CommentAction\",\"name\":\"Comment\",\"target\":[\"https:\\\/\\\/akunq.net\\\/tr\\\/?p=27062#respond\"]}]},{\"@type\":\"WebPage\",\"@id\":\"https:\\\/\\\/akunq.net\\\/tr\\\/?p=27062\",\"url\":\"https:\\\/\\\/akunq.net\\\/tr\\\/?p=27062\",\"name\":\"AB'den 236 milyon euroluk destek - Bati Ermenistan Ve Bati Ermenileri Sorunlari Ara\u015ftirmalar Merkezi\",\"isPartOf\":{\"@id\":\"https:\\\/\\\/akunq.net\\\/tr\\\/#website\"},\"primaryImageOfPage\":{\"@id\":\"https:\\\/\\\/akunq.net\\\/tr\\\/?p=27062#primaryimage\"},\"image\":{\"@id\":\"https:\\\/\\\/akunq.net\\\/tr\\\/?p=27062#primaryimage\"},\"thumbnailUrl\":\"http:\\\/\\\/www.tert.am\\\/g_image.php?id=368791&amp;tmb=3\",\"datePublished\":\"2013-11-25T06:12:19+00:00\",\"author\":{\"@id\":\"https:\\\/\\\/akunq.net\\\/tr\\\/#\\\/schema\\\/person\\\/096f1d38a12cce57fb855b485ed24c9e\"},\"breadcrumb\":{\"@id\":\"https:\\\/\\\/akunq.net\\\/tr\\\/?p=27062#breadcrumb\"},\"inLanguage\":\"en-US\",\"potentialAction\":[{\"@type\":\"ReadAction\",\"target\":[\"https:\\\/\\\/akunq.net\\\/tr\\\/?p=27062\"]}]},{\"@type\":\"ImageObject\",\"inLanguage\":\"en-US\",\"@id\":\"https:\\\/\\\/akunq.net\\\/tr\\\/?p=27062#primaryimage\",\"url\":\"http:\\\/\\\/www.tert.am\\\/g_image.php?id=368791&amp;tmb=3\",\"contentUrl\":\"http:\\\/\\\/www.tert.am\\\/g_image.php?id=368791&amp;tmb=3\"},{\"@type\":\"BreadcrumbList\",\"@id\":\"https:\\\/\\\/akunq.net\\\/tr\\\/?p=27062#breadcrumb\",\"itemListElement\":[{\"@type\":\"ListItem\",\"position\":1,\"name\":\"Home\",\"item\":\"https:\\\/\\\/akunq.net\\\/tr\"},{\"@type\":\"ListItem\",\"position\":2,\"name\":\"AB&#8217;den 236 milyon euroluk destek\"}]},{\"@type\":\"WebSite\",\"@id\":\"https:\\\/\\\/akunq.net\\\/tr\\\/#website\",\"url\":\"https:\\\/\\\/akunq.net\\\/tr\\\/\",\"name\":\"Bati Ermenistan Ve Bati Ermenileri Sorunlari Ara\u015ftirmalar Merkezi\",\"description\":\"\",\"potentialAction\":[{\"@type\":\"SearchAction\",\"target\":{\"@type\":\"EntryPoint\",\"urlTemplate\":\"https:\\\/\\\/akunq.net\\\/tr\\\/?s={search_term_string}\"},\"query-input\":{\"@type\":\"PropertyValueSpecification\",\"valueRequired\":true,\"valueName\":\"search_term_string\"}}],\"inLanguage\":\"en-US\"},{\"@type\":\"Person\",\"@id\":\"https:\\\/\\\/akunq.net\\\/tr\\\/#\\\/schema\\\/person\\\/096f1d38a12cce57fb855b485ed24c9e\",\"name\":\"admin\",\"url\":\"https:\\\/\\\/akunq.net\\\/tr\\\/?author=7\"}]}<\/script>\n<!-- \/ Yoast SEO plugin. -->","yoast_head_json":{"title":"AB'den 236 milyon euroluk destek - Bati Ermenistan Ve Bati Ermenileri Sorunlari Ara\u015ftirmalar Merkezi","robots":{"index":"index","follow":"follow","max-snippet":"max-snippet:-1","max-image-preview":"max-image-preview:large","max-video-preview":"max-video-preview:-1"},"canonical":"https:\/\/akunq.net\/tr\/?p=27062","og_locale":"en_US","og_type":"article","og_title":"AB'den 236 milyon euroluk destek - Bati Ermenistan Ve Bati Ermenileri Sorunlari Ara\u015ftirmalar Merkezi","og_description":"AB Bakan\u0131 ve Ba\u015fm\u00fczakereci Egemen Ba\u011f\u0131\u015f, AB Komisyonu taraf\u0131ndan T\u00fcrkiye&#8217;ye verilecek olan 236 milyon euroluk mali destekle birlikte son 11 y\u0131lda yap\u0131lan reformlara b\u00fcy\u00fck bir h\u0131zla devam edilece\u011fini s\u00f6yledi. ANKARA &#8211; AB Bakan\u0131 ve Ba\u015fm\u00fczakereci Egemen Ba\u011f\u0131\u015f, Avrupa Birli\u011fi (AB) Komisyonu taraf\u0131ndan T\u00fcrkiye&#8217;ye aktar\u0131lmas\u0131na karar verilen 236 milyon avroluk mali destekle ilgili, &#8220;T\u00fcrkiye son 11 [&hellip;]","og_url":"https:\/\/akunq.net\/tr\/?p=27062","og_site_name":"Bati Ermenistan Ve Bati Ermenileri Sorunlari Ara\u015ftirmalar Merkezi","article_published_time":"2013-11-25T06:12:19+00:00","og_image":[{"url":"http:\/\/www.tert.am\/g_image.php?id=368791&amp;tmb=3","type":"","width":"","height":""}],"author":"admin","twitter_card":"summary_large_image","twitter_misc":{"Written by":"admin","Est. reading time":"2 minutes"},"schema":{"@context":"https:\/\/schema.org","@graph":[{"@type":"Article","@id":"https:\/\/akunq.net\/tr\/?p=27062#article","isPartOf":{"@id":"https:\/\/akunq.net\/tr\/?p=27062"},"author":{"name":"admin","@id":"https:\/\/akunq.net\/tr\/#\/schema\/person\/096f1d38a12cce57fb855b485ed24c9e"},"headline":"AB&#8217;den 236 milyon euroluk destek","datePublished":"2013-11-25T06:12:19+00:00","mainEntityOfPage":{"@id":"https:\/\/akunq.net\/tr\/?p=27062"},"wordCount":425,"commentCount":0,"image":{"@id":"https:\/\/akunq.net\/tr\/?p=27062#primaryimage"},"thumbnailUrl":"http:\/\/www.tert.am\/g_image.php?id=368791&amp;tmb=3","articleSection":["Haberler"],"inLanguage":"en-US","potentialAction":[{"@type":"CommentAction","name":"Comment","target":["https:\/\/akunq.net\/tr\/?p=27062#respond"]}]},{"@type":"WebPage","@id":"https:\/\/akunq.net\/tr\/?p=27062","url":"https:\/\/akunq.net\/tr\/?p=27062","name":"AB'den 236 milyon euroluk destek - Bati Ermenistan Ve Bati Ermenileri Sorunlari Ara\u015ftirmalar Merkezi","isPartOf":{"@id":"https:\/\/akunq.net\/tr\/#website"},"primaryImageOfPage":{"@id":"https:\/\/akunq.net\/tr\/?p=27062#primaryimage"},"image":{"@id":"https:\/\/akunq.net\/tr\/?p=27062#primaryimage"},"thumbnailUrl":"http:\/\/www.tert.am\/g_image.php?id=368791&amp;tmb=3","datePublished":"2013-11-25T06:12:19+00:00","author":{"@id":"https:\/\/akunq.net\/tr\/#\/schema\/person\/096f1d38a12cce57fb855b485ed24c9e"},"breadcrumb":{"@id":"https:\/\/akunq.net\/tr\/?p=27062#breadcrumb"},"inLanguage":"en-US","potentialAction":[{"@type":"ReadAction","target":["https:\/\/akunq.net\/tr\/?p=27062"]}]},{"@type":"ImageObject","inLanguage":"en-US","@id":"https:\/\/akunq.net\/tr\/?p=27062#primaryimage","url":"http:\/\/www.tert.am\/g_image.php?id=368791&amp;tmb=3","contentUrl":"http:\/\/www.tert.am\/g_image.php?id=368791&amp;tmb=3"},{"@type":"BreadcrumbList","@id":"https:\/\/akunq.net\/tr\/?p=27062#breadcrumb","itemListElement":[{"@type":"ListItem","position":1,"name":"Home","item":"https:\/\/akunq.net\/tr"},{"@type":"ListItem","position":2,"name":"AB&#8217;den 236 milyon euroluk destek"}]},{"@type":"WebSite","@id":"https:\/\/akunq.net\/tr\/#website","url":"https:\/\/akunq.net\/tr\/","name":"Bati Ermenistan Ve Bati Ermenileri Sorunlari Ara\u015ftirmalar Merkezi","description":"","potentialAction":[{"@type":"SearchAction","target":{"@type":"EntryPoint","urlTemplate":"https:\/\/akunq.net\/tr\/?s={search_term_string}"},"query-input":{"@type":"PropertyValueSpecification","valueRequired":true,"valueName":"search_term_string"}}],"inLanguage":"en-US"},{"@type":"Person","@id":"https:\/\/akunq.net\/tr\/#\/schema\/person\/096f1d38a12cce57fb855b485ed24c9e","name":"admin","url":"https:\/\/akunq.net\/tr\/?author=7"}]}},"_links":{"self":[{"href":"https:\/\/akunq.net\/tr\/index.php?rest_route=\/wp\/v2\/posts\/27062","targetHints":{"allow":["GET"]}}],"collection":[{"href":"https:\/\/akunq.net\/tr\/index.php?rest_route=\/wp\/v2\/posts"}],"about":[{"href":"https:\/\/akunq.net\/tr\/index.php?rest_route=\/wp\/v2\/types\/post"}],"author":[{"embeddable":true,"href":"https:\/\/akunq.net\/tr\/index.php?rest_route=\/wp\/v2\/users\/7"}],"replies":[{"embeddable":true,"href":"https:\/\/akunq.net\/tr\/index.php?rest_route=%2Fwp%2Fv2%2Fcomments&post=27062"}],"version-history":[{"count":2,"href":"https:\/\/akunq.net\/tr\/index.php?rest_route=\/wp\/v2\/posts\/27062\/revisions"}],"predecessor-version":[{"id":27064,"href":"https:\/\/akunq.net\/tr\/index.php?rest_route=\/wp\/v2\/posts\/27062\/revisions\/27064"}],"wp:attachment":[{"href":"https:\/\/akunq.net\/tr\/index.php?rest_route=%2Fwp%2Fv2%2Fmedia&parent=27062"}],"wp:term":[{"taxonomy":"category","embeddable":true,"href":"https:\/\/akunq.net\/tr\/index.php?rest_route=%2Fwp%2Fv2%2Fcategories&post=27062"},{"taxonomy":"post_tag","embeddable":true,"href":"https:\/\/akunq.net\/tr\/index.php?rest_route=%2Fwp%2Fv2%2Ftags&post=27062"}],"curies":[{"name":"wp","href":"https:\/\/api.w.org\/{rel}","templated":true}]}}