{"id":27056,"date":"2013-11-25T01:02:37","date_gmt":"2013-11-25T06:02:37","guid":{"rendered":"http:\/\/akunq.net\/tr\/?p=27056"},"modified":"2013-11-25T01:02:37","modified_gmt":"2013-11-25T06:02:37","slug":"tunelin-diger-ucunda-jandarmayla-karsilasinca-kalp-krizi-gecirdi","status":"publish","type":"post","link":"https:\/\/akunq.net\/tr\/?p=27056","title":{"rendered":"T\u00fcnelin di\u011fer ucunda jandarmayla kar\u015f\u0131la\u015f\u0131nca kalp krizi ge\u00e7irdi"},"content":{"rendered":"<h5 style=\"text-align: justify;\"><img decoding=\"async\" class=\"alignright\" title=\"\u0539\u0578\u0582\u0580\u0584\u056b\u0561\u0575\u0578\u0582\u0574 \u0563\u0561\u0576\u0571 \u0563\u057f\u0576\u0565\u056c\u0578\u0582 \u0570\u0561\u0574\u0561\u0580 \u0565\u056f\u0565\u0572\u0565\u0581\u0578\u0582 \u0570\u056b\u0574\u0584\u0565\u0580\u0568 \u0584\u0561\u0576\u0564\u0578\u0572\u0568 \u057d\u0580\u057f\u056b \u056f\u0561\u0569\u057e\u0561\u056e \u0567 \u057d\u057f\u0561\u0581\u0565\u056c\" alt=\"\u0539\u0578\u0582\u0580\u0584\u056b\u0561\u0575\u0578\u0582\u0574 \u0563\u0561\u0576\u0571 \u0563\u057f\u0576\u0565\u056c\u0578\u0582 \u0570\u0561\u0574\u0561\u0580 \u0565\u056f\u0565\u0572\u0565\u0581\u0578\u0582 \u0570\u056b\u0574\u0584\u0565\u0580\u0568 \u0584\u0561\u0576\u0564\u0578\u0572\u0568 \u057d\u0580\u057f\u056b \u056f\u0561\u0569\u057e\u0561\u056e \u0567 \u057d\u057f\u0561\u0581\u0565\u056c\" src=\"http:\/\/img.newsam.com\/news\/182242.jpg\" align=\"left\" \/>Tarihi kilisede alt\u0131n oldu\u011fu iddias\u0131yla 50 metrelik t\u00fcnel kazan iki ki\u015fi, t\u00fcnelin \u00f6b\u00fcr ucunda bekleyen jandarmayla kar\u015f\u0131la\u015ft\u0131. Zanl\u0131lardan biri, olay s\u0131ras\u0131nda kalp krizi ge\u00e7irdi.<\/h5>\n<p style=\"text-align: justify;\">Tarihi kilisede <a href=\"http:\/\/www.radikal.com.tr\/index\/Altin\">alt\u0131n<\/a> oldu\u011fu iddias\u0131yla 50 metrelik t\u00fcnel kazan iki ki\u015fi, t\u00fcnelin \u00f6b\u00fcr ucunda bekleyen jandarmayla kar\u015f\u0131la\u015ft\u0131. Zanl\u0131lardan biri, olay s\u0131ras\u0131nda kalp krizi ge\u00e7irdi.<\/p>\n<p><a href=\"http:\/\/www.radikal.com.tr\/index\/Trabzon\">Trabzon<\/a> &#8216;un \u00c7amoba k\u00f6y\u00fcndeki tarihi Polita Kilisesi&#8217;nde alt\u0131n oldu\u011fu y\u00f6n\u00fcnde duyum alan Ali T. ile Mehmet Y., kapal\u0131 olan kiliseye t\u00fcnel kazarak ula\u015fmaya karar verdi. 3 ay \u00f6nce \u00e7al\u0131\u015fmaya ba\u015flayan defineciler, t\u00fcnelden topra\u011f\u0131 d\u0131\u015far\u0131ya ta\u015f\u0131mak i\u00e7in rayl\u0131 sistem kurdu, Havaland\u0131rmay\u0131 jet fan\u0131yla sa\u011flayan iki arkada\u015f, elektri\u011fi ise ka\u00e7ak olarak t\u00fcnele ba\u011flad\u0131. \u0130hbar \u00fczerine jandarma harekete ge\u00e7ti. \u00d6nceki <a href=\"http:\/\/www.radikal.com.tr\/index\/gece\">gece<\/a> \u00e7al\u0131\u015fmalar\u0131 bitiren defineciler ise kiliseye girmek i\u00e7in harekete ge\u00e7ti. Jandarma tam kilisenin i\u00e7inde beklemeye ba\u015flad\u0131\u011f\u0131 s\u0131rada t\u00fcnelin \u00e7\u0131k\u0131\u015f\u0131n\u0131 bulan defineciler, k\u0131sa s\u00fcreli \u015fok ya\u015fad\u0131. Olay s\u0131ras\u0131nda kalp krizi ge\u00e7iren zanl\u0131lardan Ali T. hastaneye kald\u0131r\u0131ld\u0131. Mehmet Y. ise g\u00f6zalt\u0131na al\u0131nd\u0131.<\/p>\n<p><strong>&#8216;BOR\u00c7LARIM Y\u00dcZ\u00dcNDEN KAZDIM&#8217;<\/strong><\/p>\n<p>Zanl\u0131lar\u0131n kiliseye ula\u015fmak i\u00e7in bir \u015felalenin yan\u0131ndan t\u00fcneli kazd\u0131klar\u0131 belirlendi. Jandarma, uzunlu\u011fu 50 metre, geni\u015fli\u011fi ise 2 metre olan t\u00fcneldeki malzemelere el koydu. Zanl\u0131lardan Ali T., &#8220;Bankaya bor\u00e7lar\u0131m vard\u0131. Bir arkada\u015f\u0131m orada alt\u0131n oldu\u011funu s\u00f6yledi. Arkada\u015f\u0131mla birlikte t\u00fcnel kazarak kiliseye girmek istedik. \u00c7ok pi\u015fman\u0131m&#8221; dedi. Ali T.&#8217;nin hastanedeki tedavisi s\u00fcrerken iki zanl\u0131 savc\u0131l\u0131k\u00e7a serbest b\u0131rak\u0131ld\u0131. Zanl\u0131lara ayr\u0131ca ka\u00e7ak elektrik kulland\u0131klar\u0131 gerek\u00e7esiyle 6 bin lira <a href=\"http:\/\/www.radikal.com.tr\/index\/para\">para<\/a> cezas\u0131 kesildi.<\/p>\n<p style=\"text-align: justify;\"><b><i>http:\/\/www.radikal.com.tr\/turkiye\/kazdiklari_tunel_jandarmaya_cikinca_kalp_krizi_gecirdi-1162538<\/i><\/b><\/p>\n","protected":false},"excerpt":{"rendered":"<p>Tarihi kilisede alt\u0131n oldu\u011fu iddias\u0131yla 50 metrelik t\u00fcnel kazan iki ki\u015fi, t\u00fcnelin \u00f6b\u00fcr ucunda bekleyen jandarmayla kar\u015f\u0131la\u015ft\u0131. Zanl\u0131lardan biri, olay s\u0131ras\u0131nda kalp krizi ge\u00e7irdi. Tarihi kilisede alt\u0131n oldu\u011fu iddias\u0131yla 50 metrelik t\u00fcnel kazan iki ki\u015fi, t\u00fcnelin \u00f6b\u00fcr ucunda bekleyen jandarmayla kar\u015f\u0131la\u015ft\u0131. Zanl\u0131lardan biri, olay s\u0131ras\u0131nda kalp krizi ge\u00e7irdi. Trabzon &#8216;un \u00c7amoba k\u00f6y\u00fcndeki tarihi Polita Kilisesi&#8217;nde [&hellip;]<\/p>\n","protected":false},"author":7,"featured_media":0,"comment_status":"open","ping_status":"open","sticky":false,"template":"","format":"standard","meta":{"footnotes":""},"categories":[1],"tags":[],"class_list":["post-27056","post","type-post","status-publish","format-standard","hentry","category-haberler"],"yoast_head":"<!-- This site is optimized with the Yoast SEO plugin v27.4 - https:\/\/yoast.com\/product\/yoast-seo-wordpress\/ -->\n<title>T\u00fcnelin di\u011fer ucunda jandarmayla kar\u015f\u0131la\u015f\u0131nca kalp krizi ge\u00e7irdi - Bati Ermenistan Ve Bati Ermenileri Sorunlari Ara\u015ftirmalar Merkezi<\/title>\n<meta name=\"robots\" content=\"index, follow, max-snippet:-1, max-image-preview:large, max-video-preview:-1\" \/>\n<link rel=\"canonical\" href=\"https:\/\/akunq.net\/tr\/?p=27056\" \/>\n<meta property=\"og:locale\" content=\"en_US\" \/>\n<meta property=\"og:type\" content=\"article\" \/>\n<meta property=\"og:title\" content=\"T\u00fcnelin di\u011fer ucunda jandarmayla kar\u015f\u0131la\u015f\u0131nca kalp krizi ge\u00e7irdi - Bati Ermenistan Ve Bati Ermenileri Sorunlari Ara\u015ftirmalar Merkezi\" \/>\n<meta property=\"og:description\" content=\"Tarihi kilisede alt\u0131n oldu\u011fu iddias\u0131yla 50 metrelik t\u00fcnel kazan iki ki\u015fi, t\u00fcnelin \u00f6b\u00fcr ucunda bekleyen jandarmayla kar\u015f\u0131la\u015ft\u0131. Zanl\u0131lardan biri, olay s\u0131ras\u0131nda kalp krizi ge\u00e7irdi. Tarihi kilisede alt\u0131n oldu\u011fu iddias\u0131yla 50 metrelik t\u00fcnel kazan iki ki\u015fi, t\u00fcnelin \u00f6b\u00fcr ucunda bekleyen jandarmayla kar\u015f\u0131la\u015ft\u0131. Zanl\u0131lardan biri, olay s\u0131ras\u0131nda kalp krizi ge\u00e7irdi. Trabzon &#8216;un \u00c7amoba k\u00f6y\u00fcndeki tarihi Polita Kilisesi&#8217;nde [&hellip;]\" \/>\n<meta property=\"og:url\" content=\"https:\/\/akunq.net\/tr\/?p=27056\" \/>\n<meta property=\"og:site_name\" content=\"Bati Ermenistan Ve Bati Ermenileri Sorunlari Ara\u015ftirmalar Merkezi\" \/>\n<meta property=\"article:published_time\" content=\"2013-11-25T06:02:37+00:00\" \/>\n<meta property=\"og:image\" content=\"http:\/\/img.newsam.com\/news\/182242.jpg\" \/>\n<meta name=\"author\" content=\"admin\" \/>\n<meta name=\"twitter:card\" content=\"summary_large_image\" \/>\n<meta name=\"twitter:label1\" content=\"Written by\" \/>\n\t<meta name=\"twitter:data1\" content=\"admin\" \/>\n\t<meta name=\"twitter:label2\" content=\"Est. reading time\" \/>\n\t<meta name=\"twitter:data2\" content=\"2 minutes\" \/>\n<script type=\"application\/ld+json\" class=\"yoast-schema-graph\">{\"@context\":\"https:\\\/\\\/schema.org\",\"@graph\":[{\"@type\":\"Article\",\"@id\":\"https:\\\/\\\/akunq.net\\\/tr\\\/?p=27056#article\",\"isPartOf\":{\"@id\":\"https:\\\/\\\/akunq.net\\\/tr\\\/?p=27056\"},\"author\":{\"name\":\"admin\",\"@id\":\"https:\\\/\\\/akunq.net\\\/tr\\\/#\\\/schema\\\/person\\\/096f1d38a12cce57fb855b485ed24c9e\"},\"headline\":\"T\u00fcnelin di\u011fer ucunda jandarmayla kar\u015f\u0131la\u015f\u0131nca kalp krizi ge\u00e7irdi\",\"datePublished\":\"2013-11-25T06:02:37+00:00\",\"mainEntityOfPage\":{\"@id\":\"https:\\\/\\\/akunq.net\\\/tr\\\/?p=27056\"},\"wordCount\":341,\"commentCount\":0,\"image\":{\"@id\":\"https:\\\/\\\/akunq.net\\\/tr\\\/?p=27056#primaryimage\"},\"thumbnailUrl\":\"http:\\\/\\\/img.newsam.com\\\/news\\\/182242.jpg\",\"articleSection\":[\"Haberler\"],\"inLanguage\":\"en-US\",\"potentialAction\":[{\"@type\":\"CommentAction\",\"name\":\"Comment\",\"target\":[\"https:\\\/\\\/akunq.net\\\/tr\\\/?p=27056#respond\"]}]},{\"@type\":\"WebPage\",\"@id\":\"https:\\\/\\\/akunq.net\\\/tr\\\/?p=27056\",\"url\":\"https:\\\/\\\/akunq.net\\\/tr\\\/?p=27056\",\"name\":\"T\u00fcnelin di\u011fer ucunda jandarmayla kar\u015f\u0131la\u015f\u0131nca kalp krizi ge\u00e7irdi - Bati Ermenistan Ve Bati Ermenileri Sorunlari Ara\u015ftirmalar Merkezi\",\"isPartOf\":{\"@id\":\"https:\\\/\\\/akunq.net\\\/tr\\\/#website\"},\"primaryImageOfPage\":{\"@id\":\"https:\\\/\\\/akunq.net\\\/tr\\\/?p=27056#primaryimage\"},\"image\":{\"@id\":\"https:\\\/\\\/akunq.net\\\/tr\\\/?p=27056#primaryimage\"},\"thumbnailUrl\":\"http:\\\/\\\/img.newsam.com\\\/news\\\/182242.jpg\",\"datePublished\":\"2013-11-25T06:02:37+00:00\",\"author\":{\"@id\":\"https:\\\/\\\/akunq.net\\\/tr\\\/#\\\/schema\\\/person\\\/096f1d38a12cce57fb855b485ed24c9e\"},\"breadcrumb\":{\"@id\":\"https:\\\/\\\/akunq.net\\\/tr\\\/?p=27056#breadcrumb\"},\"inLanguage\":\"en-US\",\"potentialAction\":[{\"@type\":\"ReadAction\",\"target\":[\"https:\\\/\\\/akunq.net\\\/tr\\\/?p=27056\"]}]},{\"@type\":\"ImageObject\",\"inLanguage\":\"en-US\",\"@id\":\"https:\\\/\\\/akunq.net\\\/tr\\\/?p=27056#primaryimage\",\"url\":\"http:\\\/\\\/img.newsam.com\\\/news\\\/182242.jpg\",\"contentUrl\":\"http:\\\/\\\/img.newsam.com\\\/news\\\/182242.jpg\"},{\"@type\":\"BreadcrumbList\",\"@id\":\"https:\\\/\\\/akunq.net\\\/tr\\\/?p=27056#breadcrumb\",\"itemListElement\":[{\"@type\":\"ListItem\",\"position\":1,\"name\":\"Home\",\"item\":\"https:\\\/\\\/akunq.net\\\/tr\"},{\"@type\":\"ListItem\",\"position\":2,\"name\":\"T\u00fcnelin di\u011fer ucunda jandarmayla kar\u015f\u0131la\u015f\u0131nca kalp krizi ge\u00e7irdi\"}]},{\"@type\":\"WebSite\",\"@id\":\"https:\\\/\\\/akunq.net\\\/tr\\\/#website\",\"url\":\"https:\\\/\\\/akunq.net\\\/tr\\\/\",\"name\":\"Bati Ermenistan Ve Bati Ermenileri Sorunlari Ara\u015ftirmalar Merkezi\",\"description\":\"\",\"potentialAction\":[{\"@type\":\"SearchAction\",\"target\":{\"@type\":\"EntryPoint\",\"urlTemplate\":\"https:\\\/\\\/akunq.net\\\/tr\\\/?s={search_term_string}\"},\"query-input\":{\"@type\":\"PropertyValueSpecification\",\"valueRequired\":true,\"valueName\":\"search_term_string\"}}],\"inLanguage\":\"en-US\"},{\"@type\":\"Person\",\"@id\":\"https:\\\/\\\/akunq.net\\\/tr\\\/#\\\/schema\\\/person\\\/096f1d38a12cce57fb855b485ed24c9e\",\"name\":\"admin\",\"url\":\"https:\\\/\\\/akunq.net\\\/tr\\\/?author=7\"}]}<\/script>\n<!-- \/ Yoast SEO plugin. -->","yoast_head_json":{"title":"T\u00fcnelin di\u011fer ucunda jandarmayla kar\u015f\u0131la\u015f\u0131nca kalp krizi ge\u00e7irdi - Bati Ermenistan Ve Bati Ermenileri Sorunlari Ara\u015ftirmalar Merkezi","robots":{"index":"index","follow":"follow","max-snippet":"max-snippet:-1","max-image-preview":"max-image-preview:large","max-video-preview":"max-video-preview:-1"},"canonical":"https:\/\/akunq.net\/tr\/?p=27056","og_locale":"en_US","og_type":"article","og_title":"T\u00fcnelin di\u011fer ucunda jandarmayla kar\u015f\u0131la\u015f\u0131nca kalp krizi ge\u00e7irdi - Bati Ermenistan Ve Bati Ermenileri Sorunlari Ara\u015ftirmalar Merkezi","og_description":"Tarihi kilisede alt\u0131n oldu\u011fu iddias\u0131yla 50 metrelik t\u00fcnel kazan iki ki\u015fi, t\u00fcnelin \u00f6b\u00fcr ucunda bekleyen jandarmayla kar\u015f\u0131la\u015ft\u0131. Zanl\u0131lardan biri, olay s\u0131ras\u0131nda kalp krizi ge\u00e7irdi. Tarihi kilisede alt\u0131n oldu\u011fu iddias\u0131yla 50 metrelik t\u00fcnel kazan iki ki\u015fi, t\u00fcnelin \u00f6b\u00fcr ucunda bekleyen jandarmayla kar\u015f\u0131la\u015ft\u0131. Zanl\u0131lardan biri, olay s\u0131ras\u0131nda kalp krizi ge\u00e7irdi. Trabzon &#8216;un \u00c7amoba k\u00f6y\u00fcndeki tarihi Polita Kilisesi&#8217;nde [&hellip;]","og_url":"https:\/\/akunq.net\/tr\/?p=27056","og_site_name":"Bati Ermenistan Ve Bati Ermenileri Sorunlari Ara\u015ftirmalar Merkezi","article_published_time":"2013-11-25T06:02:37+00:00","og_image":[{"url":"http:\/\/img.newsam.com\/news\/182242.jpg","type":"","width":"","height":""}],"author":"admin","twitter_card":"summary_large_image","twitter_misc":{"Written by":"admin","Est. reading time":"2 minutes"},"schema":{"@context":"https:\/\/schema.org","@graph":[{"@type":"Article","@id":"https:\/\/akunq.net\/tr\/?p=27056#article","isPartOf":{"@id":"https:\/\/akunq.net\/tr\/?p=27056"},"author":{"name":"admin","@id":"https:\/\/akunq.net\/tr\/#\/schema\/person\/096f1d38a12cce57fb855b485ed24c9e"},"headline":"T\u00fcnelin di\u011fer ucunda jandarmayla kar\u015f\u0131la\u015f\u0131nca kalp krizi ge\u00e7irdi","datePublished":"2013-11-25T06:02:37+00:00","mainEntityOfPage":{"@id":"https:\/\/akunq.net\/tr\/?p=27056"},"wordCount":341,"commentCount":0,"image":{"@id":"https:\/\/akunq.net\/tr\/?p=27056#primaryimage"},"thumbnailUrl":"http:\/\/img.newsam.com\/news\/182242.jpg","articleSection":["Haberler"],"inLanguage":"en-US","potentialAction":[{"@type":"CommentAction","name":"Comment","target":["https:\/\/akunq.net\/tr\/?p=27056#respond"]}]},{"@type":"WebPage","@id":"https:\/\/akunq.net\/tr\/?p=27056","url":"https:\/\/akunq.net\/tr\/?p=27056","name":"T\u00fcnelin di\u011fer ucunda jandarmayla kar\u015f\u0131la\u015f\u0131nca kalp krizi ge\u00e7irdi - Bati Ermenistan Ve Bati Ermenileri Sorunlari Ara\u015ftirmalar Merkezi","isPartOf":{"@id":"https:\/\/akunq.net\/tr\/#website"},"primaryImageOfPage":{"@id":"https:\/\/akunq.net\/tr\/?p=27056#primaryimage"},"image":{"@id":"https:\/\/akunq.net\/tr\/?p=27056#primaryimage"},"thumbnailUrl":"http:\/\/img.newsam.com\/news\/182242.jpg","datePublished":"2013-11-25T06:02:37+00:00","author":{"@id":"https:\/\/akunq.net\/tr\/#\/schema\/person\/096f1d38a12cce57fb855b485ed24c9e"},"breadcrumb":{"@id":"https:\/\/akunq.net\/tr\/?p=27056#breadcrumb"},"inLanguage":"en-US","potentialAction":[{"@type":"ReadAction","target":["https:\/\/akunq.net\/tr\/?p=27056"]}]},{"@type":"ImageObject","inLanguage":"en-US","@id":"https:\/\/akunq.net\/tr\/?p=27056#primaryimage","url":"http:\/\/img.newsam.com\/news\/182242.jpg","contentUrl":"http:\/\/img.newsam.com\/news\/182242.jpg"},{"@type":"BreadcrumbList","@id":"https:\/\/akunq.net\/tr\/?p=27056#breadcrumb","itemListElement":[{"@type":"ListItem","position":1,"name":"Home","item":"https:\/\/akunq.net\/tr"},{"@type":"ListItem","position":2,"name":"T\u00fcnelin di\u011fer ucunda jandarmayla kar\u015f\u0131la\u015f\u0131nca kalp krizi ge\u00e7irdi"}]},{"@type":"WebSite","@id":"https:\/\/akunq.net\/tr\/#website","url":"https:\/\/akunq.net\/tr\/","name":"Bati Ermenistan Ve Bati Ermenileri Sorunlari Ara\u015ftirmalar Merkezi","description":"","potentialAction":[{"@type":"SearchAction","target":{"@type":"EntryPoint","urlTemplate":"https:\/\/akunq.net\/tr\/?s={search_term_string}"},"query-input":{"@type":"PropertyValueSpecification","valueRequired":true,"valueName":"search_term_string"}}],"inLanguage":"en-US"},{"@type":"Person","@id":"https:\/\/akunq.net\/tr\/#\/schema\/person\/096f1d38a12cce57fb855b485ed24c9e","name":"admin","url":"https:\/\/akunq.net\/tr\/?author=7"}]}},"_links":{"self":[{"href":"https:\/\/akunq.net\/tr\/index.php?rest_route=\/wp\/v2\/posts\/27056","targetHints":{"allow":["GET"]}}],"collection":[{"href":"https:\/\/akunq.net\/tr\/index.php?rest_route=\/wp\/v2\/posts"}],"about":[{"href":"https:\/\/akunq.net\/tr\/index.php?rest_route=\/wp\/v2\/types\/post"}],"author":[{"embeddable":true,"href":"https:\/\/akunq.net\/tr\/index.php?rest_route=\/wp\/v2\/users\/7"}],"replies":[{"embeddable":true,"href":"https:\/\/akunq.net\/tr\/index.php?rest_route=%2Fwp%2Fv2%2Fcomments&post=27056"}],"version-history":[{"count":2,"href":"https:\/\/akunq.net\/tr\/index.php?rest_route=\/wp\/v2\/posts\/27056\/revisions"}],"predecessor-version":[{"id":27058,"href":"https:\/\/akunq.net\/tr\/index.php?rest_route=\/wp\/v2\/posts\/27056\/revisions\/27058"}],"wp:attachment":[{"href":"https:\/\/akunq.net\/tr\/index.php?rest_route=%2Fwp%2Fv2%2Fmedia&parent=27056"}],"wp:term":[{"taxonomy":"category","embeddable":true,"href":"https:\/\/akunq.net\/tr\/index.php?rest_route=%2Fwp%2Fv2%2Fcategories&post=27056"},{"taxonomy":"post_tag","embeddable":true,"href":"https:\/\/akunq.net\/tr\/index.php?rest_route=%2Fwp%2Fv2%2Ftags&post=27056"}],"curies":[{"name":"wp","href":"https:\/\/api.w.org\/{rel}","templated":true}]}}