{"id":27050,"date":"2013-11-23T03:10:45","date_gmt":"2013-11-23T08:10:45","guid":{"rendered":"http:\/\/akunq.net\/tr\/?p=27050"},"modified":"2013-11-23T03:10:45","modified_gmt":"2013-11-23T08:10:45","slug":"ogul-aktuna-ermeni-patrigi-ile-gorustu","status":"publish","type":"post","link":"https:\/\/akunq.net\/tr\/?p=27050","title":{"rendered":"O\u011ful Aktuna Ermeni patri\u011fi ile g\u00f6r\u00fc\u015ft\u00fc"},"content":{"rendered":"<p style=\"text-align: justify;\"><b><i><a href=\"http:\/\/akunq.net\/tr\/wp-content\/uploads\/2013\/11\/O\u011ful-Aktuna-Ermeni-patri\u011fi.jpg\"><img loading=\"lazy\" decoding=\"async\" class=\"alignright size-medium wp-image-27051\" alt=\"O\u011ful Aktuna Ermeni patri\u011fi\" src=\"http:\/\/akunq.net\/tr\/wp-content\/uploads\/2013\/11\/O\u011ful-Aktuna-Ermeni-patri\u011fi-300x168.jpg\" width=\"300\" height=\"168\" srcset=\"https:\/\/akunq.net\/tr\/wp-content\/uploads\/sites\/6\/2013\/11\/O\u011ful-Aktuna-Ermeni-patri\u011fi-300x168.jpg 300w, https:\/\/akunq.net\/tr\/wp-content\/uploads\/sites\/6\/2013\/11\/O\u011ful-Aktuna-Ermeni-patri\u011fi.jpg 480w\" sizes=\"auto, (max-width: 300px) 100vw, 300px\" \/><\/a>Ermenilerin ruhani lideri Ba\u015fpiskopos Aram Ate\u015fyan&#8217;\u0131 ziyaret eden Aktuna, Ermeni yurtta\u015flar\u0131n sorunlar\u0131 hakk\u0131nda bilgi ald\u0131.<\/i><\/b><\/p>\n<p style=\"text-align: justify;\">Ermenilerin ruhani lideri Ba\u015fpiskopos Aram Ate\u015fyan&#8217;\u0131 Kumkap\u0131&#8217;daki \u00a0Patriklik makam\u0131nda ziyaret eden Bak\u0131rk\u00f6y Belediye Ba\u015fkan Aday Aday\u0131 O\u011ful Aktuna, Ermeni vatanda\u015flar\u0131n sorunlar\u0131yla ilgili bilgi ald\u0131.<\/p>\n<p style=\"text-align: justify;\">T\u00fcrkiye genelinde 70 bin Ermeni k\u00f6kenli vatanda\u015f oldu\u011funu s\u00f6yleyen Ba\u015fpiskopos Ate\u015fyan, &#8216;Bunlar\u0131n 20 bini Bak\u0131rk\u00f6y&#8217;de oturuyor. \u0130l\u00e7enizde olan Ermeni\u00a0 k\u00f6kenli vatanda\u015flar\u0131n \u00a0sorunlar\u0131na vak\u0131f oldu\u011funuzu g\u00f6rmek bizleri mutlu etti&#8217; diye konu\u015ftu. Y\u00fczy\u0131llard\u0131r bu topraklarda ya\u015fad\u0131klar\u0131n\u0131 hat\u0131rlatan Ba\u015fpiskopos Aram Ate\u015fyan, &#8216;Fatih Sultan Mehmet \u0130stanbul&#8217;u fethetti\u011fi zaman Anadolu&#8217;daki Ermeni patri\u011fini \u0130stanbul&#8217;a \u00e7a\u011f\u0131rd\u0131. Bundan sonra \u0130stanbul&#8217;da ikamet edin diyerek Patrikhane&#8217;yi \u00a0\u0130stanbul&#8217;a ta\u015f\u0131d\u0131. Ve Ermeniler bu vatan\u0131n \u00f6z evlatlar\u0131d\u0131r diyerek Ermenileri onurland\u0131rd\u0131. Bizler bu \u00fclkenin evlatlar\u0131y\u0131z&#8217; dedi.<\/p>\n<p style=\"text-align: justify;\"><strong>AKTUNA, D\u0130L, D\u0130N, IRK AYRIMI YOK<\/strong><\/p>\n<p style=\"text-align: justify;\">Bak\u0131rk\u00f6y&#8217;\u00fc semt semt, sokak sokak gezerek sorunlar\u0131 bire bir g\u00f6r\u00fc\u015ferek yerinde tespit etti\u011fini s\u00f6yleyen Aktuna, &#8216;Ermeni vatanda\u015flar\u0131m\u0131z\u0131n sorunlar\u0131n\u0131n fark\u0131nday\u0131m. Bu sorunlar\u0131 birlikte, g\u00f6n\u00fcl g\u00f6n\u00fcle \u00e7\u00f6zece\u011fiz. Bak\u0131rk\u00f6y halk\u0131n\u0131n mutlulu\u011fu benim mutlulu\u011fum olacak. Hi\u00e7bir ayr\u0131m g\u00f6zetmeden, \u00f6tekile\u015ftirmeden karde\u015f\u00e7e ya\u015famak ilkemiz olacak&#8217; diye konu\u015ftu.<\/p>\n<p style=\"text-align: justify;\"><b><i>http:\/\/www.gercekgundem.com\/yerel-secim\/6580\/ogul-aktuna-ermeni-patrigi-ile-gorustu<\/i><\/b><\/p>\n","protected":false},"excerpt":{"rendered":"<p>Ermenilerin ruhani lideri Ba\u015fpiskopos Aram Ate\u015fyan&#8217;\u0131 ziyaret eden Aktuna, Ermeni yurtta\u015flar\u0131n sorunlar\u0131 hakk\u0131nda bilgi ald\u0131. Ermenilerin ruhani lideri Ba\u015fpiskopos Aram Ate\u015fyan&#8217;\u0131 Kumkap\u0131&#8217;daki \u00a0Patriklik makam\u0131nda ziyaret eden Bak\u0131rk\u00f6y Belediye Ba\u015fkan Aday Aday\u0131 O\u011ful Aktuna, Ermeni vatanda\u015flar\u0131n sorunlar\u0131yla ilgili bilgi ald\u0131. T\u00fcrkiye genelinde 70 bin Ermeni k\u00f6kenli vatanda\u015f oldu\u011funu s\u00f6yleyen Ba\u015fpiskopos Ate\u015fyan, &#8216;Bunlar\u0131n 20 bini Bak\u0131rk\u00f6y&#8217;de oturuyor. [&hellip;]<\/p>\n","protected":false},"author":7,"featured_media":0,"comment_status":"open","ping_status":"open","sticky":false,"template":"","format":"standard","meta":{"footnotes":""},"categories":[1],"tags":[],"class_list":["post-27050","post","type-post","status-publish","format-standard","hentry","category-haberler"],"yoast_head":"<!-- This site is optimized with the Yoast SEO plugin v27.4 - https:\/\/yoast.com\/product\/yoast-seo-wordpress\/ -->\n<title>O\u011ful Aktuna Ermeni patri\u011fi ile g\u00f6r\u00fc\u015ft\u00fc - Bati Ermenistan Ve Bati Ermenileri Sorunlari Ara\u015ftirmalar Merkezi<\/title>\n<meta name=\"robots\" content=\"index, follow, max-snippet:-1, max-image-preview:large, max-video-preview:-1\" \/>\n<link rel=\"canonical\" href=\"https:\/\/akunq.net\/tr\/?p=27050\" \/>\n<meta property=\"og:locale\" content=\"en_US\" \/>\n<meta property=\"og:type\" content=\"article\" \/>\n<meta property=\"og:title\" content=\"O\u011ful Aktuna Ermeni patri\u011fi ile g\u00f6r\u00fc\u015ft\u00fc - Bati Ermenistan Ve Bati Ermenileri Sorunlari Ara\u015ftirmalar Merkezi\" \/>\n<meta property=\"og:description\" content=\"Ermenilerin ruhani lideri Ba\u015fpiskopos Aram Ate\u015fyan&#8217;\u0131 ziyaret eden Aktuna, Ermeni yurtta\u015flar\u0131n sorunlar\u0131 hakk\u0131nda bilgi ald\u0131. Ermenilerin ruhani lideri Ba\u015fpiskopos Aram Ate\u015fyan&#8217;\u0131 Kumkap\u0131&#8217;daki \u00a0Patriklik makam\u0131nda ziyaret eden Bak\u0131rk\u00f6y Belediye Ba\u015fkan Aday Aday\u0131 O\u011ful Aktuna, Ermeni vatanda\u015flar\u0131n sorunlar\u0131yla ilgili bilgi ald\u0131. T\u00fcrkiye genelinde 70 bin Ermeni k\u00f6kenli vatanda\u015f oldu\u011funu s\u00f6yleyen Ba\u015fpiskopos Ate\u015fyan, &#8216;Bunlar\u0131n 20 bini Bak\u0131rk\u00f6y&#8217;de oturuyor. [&hellip;]\" \/>\n<meta property=\"og:url\" content=\"https:\/\/akunq.net\/tr\/?p=27050\" \/>\n<meta property=\"og:site_name\" content=\"Bati Ermenistan Ve Bati Ermenileri Sorunlari Ara\u015ftirmalar Merkezi\" \/>\n<meta property=\"article:published_time\" content=\"2013-11-23T08:10:45+00:00\" \/>\n<meta name=\"author\" content=\"admin\" \/>\n<meta name=\"twitter:card\" content=\"summary_large_image\" \/>\n<meta name=\"twitter:label1\" content=\"Written by\" \/>\n\t<meta name=\"twitter:data1\" content=\"admin\" \/>\n\t<meta name=\"twitter:label2\" content=\"Est. reading time\" \/>\n\t<meta name=\"twitter:data2\" content=\"1 minute\" \/>\n<script type=\"application\/ld+json\" class=\"yoast-schema-graph\">{\"@context\":\"https:\\\/\\\/schema.org\",\"@graph\":[{\"@type\":\"Article\",\"@id\":\"https:\\\/\\\/akunq.net\\\/tr\\\/?p=27050#article\",\"isPartOf\":{\"@id\":\"https:\\\/\\\/akunq.net\\\/tr\\\/?p=27050\"},\"author\":{\"name\":\"admin\",\"@id\":\"https:\\\/\\\/akunq.net\\\/tr\\\/#\\\/schema\\\/person\\\/096f1d38a12cce57fb855b485ed24c9e\"},\"headline\":\"O\u011ful Aktuna Ermeni patri\u011fi ile g\u00f6r\u00fc\u015ft\u00fc\",\"datePublished\":\"2013-11-23T08:10:45+00:00\",\"mainEntityOfPage\":{\"@id\":\"https:\\\/\\\/akunq.net\\\/tr\\\/?p=27050\"},\"wordCount\":259,\"commentCount\":0,\"articleSection\":[\"Haberler\"],\"inLanguage\":\"en-US\",\"potentialAction\":[{\"@type\":\"CommentAction\",\"name\":\"Comment\",\"target\":[\"https:\\\/\\\/akunq.net\\\/tr\\\/?p=27050#respond\"]}]},{\"@type\":\"WebPage\",\"@id\":\"https:\\\/\\\/akunq.net\\\/tr\\\/?p=27050\",\"url\":\"https:\\\/\\\/akunq.net\\\/tr\\\/?p=27050\",\"name\":\"O\u011ful Aktuna Ermeni patri\u011fi ile g\u00f6r\u00fc\u015ft\u00fc - Bati Ermenistan Ve Bati Ermenileri Sorunlari Ara\u015ftirmalar Merkezi\",\"isPartOf\":{\"@id\":\"https:\\\/\\\/akunq.net\\\/tr\\\/#website\"},\"datePublished\":\"2013-11-23T08:10:45+00:00\",\"author\":{\"@id\":\"https:\\\/\\\/akunq.net\\\/tr\\\/#\\\/schema\\\/person\\\/096f1d38a12cce57fb855b485ed24c9e\"},\"breadcrumb\":{\"@id\":\"https:\\\/\\\/akunq.net\\\/tr\\\/?p=27050#breadcrumb\"},\"inLanguage\":\"en-US\",\"potentialAction\":[{\"@type\":\"ReadAction\",\"target\":[\"https:\\\/\\\/akunq.net\\\/tr\\\/?p=27050\"]}]},{\"@type\":\"BreadcrumbList\",\"@id\":\"https:\\\/\\\/akunq.net\\\/tr\\\/?p=27050#breadcrumb\",\"itemListElement\":[{\"@type\":\"ListItem\",\"position\":1,\"name\":\"Home\",\"item\":\"https:\\\/\\\/akunq.net\\\/tr\"},{\"@type\":\"ListItem\",\"position\":2,\"name\":\"O\u011ful Aktuna Ermeni patri\u011fi ile g\u00f6r\u00fc\u015ft\u00fc\"}]},{\"@type\":\"WebSite\",\"@id\":\"https:\\\/\\\/akunq.net\\\/tr\\\/#website\",\"url\":\"https:\\\/\\\/akunq.net\\\/tr\\\/\",\"name\":\"Bati Ermenistan Ve Bati Ermenileri Sorunlari Ara\u015ftirmalar Merkezi\",\"description\":\"\",\"potentialAction\":[{\"@type\":\"SearchAction\",\"target\":{\"@type\":\"EntryPoint\",\"urlTemplate\":\"https:\\\/\\\/akunq.net\\\/tr\\\/?s={search_term_string}\"},\"query-input\":{\"@type\":\"PropertyValueSpecification\",\"valueRequired\":true,\"valueName\":\"search_term_string\"}}],\"inLanguage\":\"en-US\"},{\"@type\":\"Person\",\"@id\":\"https:\\\/\\\/akunq.net\\\/tr\\\/#\\\/schema\\\/person\\\/096f1d38a12cce57fb855b485ed24c9e\",\"name\":\"admin\",\"url\":\"https:\\\/\\\/akunq.net\\\/tr\\\/?author=7\"}]}<\/script>\n<!-- \/ Yoast SEO plugin. -->","yoast_head_json":{"title":"O\u011ful Aktuna Ermeni patri\u011fi ile g\u00f6r\u00fc\u015ft\u00fc - Bati Ermenistan Ve Bati Ermenileri Sorunlari Ara\u015ftirmalar Merkezi","robots":{"index":"index","follow":"follow","max-snippet":"max-snippet:-1","max-image-preview":"max-image-preview:large","max-video-preview":"max-video-preview:-1"},"canonical":"https:\/\/akunq.net\/tr\/?p=27050","og_locale":"en_US","og_type":"article","og_title":"O\u011ful Aktuna Ermeni patri\u011fi ile g\u00f6r\u00fc\u015ft\u00fc - Bati Ermenistan Ve Bati Ermenileri Sorunlari Ara\u015ftirmalar Merkezi","og_description":"Ermenilerin ruhani lideri Ba\u015fpiskopos Aram Ate\u015fyan&#8217;\u0131 ziyaret eden Aktuna, Ermeni yurtta\u015flar\u0131n sorunlar\u0131 hakk\u0131nda bilgi ald\u0131. Ermenilerin ruhani lideri Ba\u015fpiskopos Aram Ate\u015fyan&#8217;\u0131 Kumkap\u0131&#8217;daki \u00a0Patriklik makam\u0131nda ziyaret eden Bak\u0131rk\u00f6y Belediye Ba\u015fkan Aday Aday\u0131 O\u011ful Aktuna, Ermeni vatanda\u015flar\u0131n sorunlar\u0131yla ilgili bilgi ald\u0131. T\u00fcrkiye genelinde 70 bin Ermeni k\u00f6kenli vatanda\u015f oldu\u011funu s\u00f6yleyen Ba\u015fpiskopos Ate\u015fyan, &#8216;Bunlar\u0131n 20 bini Bak\u0131rk\u00f6y&#8217;de oturuyor. [&hellip;]","og_url":"https:\/\/akunq.net\/tr\/?p=27050","og_site_name":"Bati Ermenistan Ve Bati Ermenileri Sorunlari Ara\u015ftirmalar Merkezi","article_published_time":"2013-11-23T08:10:45+00:00","author":"admin","twitter_card":"summary_large_image","twitter_misc":{"Written by":"admin","Est. reading time":"1 minute"},"schema":{"@context":"https:\/\/schema.org","@graph":[{"@type":"Article","@id":"https:\/\/akunq.net\/tr\/?p=27050#article","isPartOf":{"@id":"https:\/\/akunq.net\/tr\/?p=27050"},"author":{"name":"admin","@id":"https:\/\/akunq.net\/tr\/#\/schema\/person\/096f1d38a12cce57fb855b485ed24c9e"},"headline":"O\u011ful Aktuna Ermeni patri\u011fi ile g\u00f6r\u00fc\u015ft\u00fc","datePublished":"2013-11-23T08:10:45+00:00","mainEntityOfPage":{"@id":"https:\/\/akunq.net\/tr\/?p=27050"},"wordCount":259,"commentCount":0,"articleSection":["Haberler"],"inLanguage":"en-US","potentialAction":[{"@type":"CommentAction","name":"Comment","target":["https:\/\/akunq.net\/tr\/?p=27050#respond"]}]},{"@type":"WebPage","@id":"https:\/\/akunq.net\/tr\/?p=27050","url":"https:\/\/akunq.net\/tr\/?p=27050","name":"O\u011ful Aktuna Ermeni patri\u011fi ile g\u00f6r\u00fc\u015ft\u00fc - Bati Ermenistan Ve Bati Ermenileri Sorunlari Ara\u015ftirmalar Merkezi","isPartOf":{"@id":"https:\/\/akunq.net\/tr\/#website"},"datePublished":"2013-11-23T08:10:45+00:00","author":{"@id":"https:\/\/akunq.net\/tr\/#\/schema\/person\/096f1d38a12cce57fb855b485ed24c9e"},"breadcrumb":{"@id":"https:\/\/akunq.net\/tr\/?p=27050#breadcrumb"},"inLanguage":"en-US","potentialAction":[{"@type":"ReadAction","target":["https:\/\/akunq.net\/tr\/?p=27050"]}]},{"@type":"BreadcrumbList","@id":"https:\/\/akunq.net\/tr\/?p=27050#breadcrumb","itemListElement":[{"@type":"ListItem","position":1,"name":"Home","item":"https:\/\/akunq.net\/tr"},{"@type":"ListItem","position":2,"name":"O\u011ful Aktuna Ermeni patri\u011fi ile g\u00f6r\u00fc\u015ft\u00fc"}]},{"@type":"WebSite","@id":"https:\/\/akunq.net\/tr\/#website","url":"https:\/\/akunq.net\/tr\/","name":"Bati Ermenistan Ve Bati Ermenileri Sorunlari Ara\u015ftirmalar Merkezi","description":"","potentialAction":[{"@type":"SearchAction","target":{"@type":"EntryPoint","urlTemplate":"https:\/\/akunq.net\/tr\/?s={search_term_string}"},"query-input":{"@type":"PropertyValueSpecification","valueRequired":true,"valueName":"search_term_string"}}],"inLanguage":"en-US"},{"@type":"Person","@id":"https:\/\/akunq.net\/tr\/#\/schema\/person\/096f1d38a12cce57fb855b485ed24c9e","name":"admin","url":"https:\/\/akunq.net\/tr\/?author=7"}]}},"_links":{"self":[{"href":"https:\/\/akunq.net\/tr\/index.php?rest_route=\/wp\/v2\/posts\/27050","targetHints":{"allow":["GET"]}}],"collection":[{"href":"https:\/\/akunq.net\/tr\/index.php?rest_route=\/wp\/v2\/posts"}],"about":[{"href":"https:\/\/akunq.net\/tr\/index.php?rest_route=\/wp\/v2\/types\/post"}],"author":[{"embeddable":true,"href":"https:\/\/akunq.net\/tr\/index.php?rest_route=\/wp\/v2\/users\/7"}],"replies":[{"embeddable":true,"href":"https:\/\/akunq.net\/tr\/index.php?rest_route=%2Fwp%2Fv2%2Fcomments&post=27050"}],"version-history":[{"count":1,"href":"https:\/\/akunq.net\/tr\/index.php?rest_route=\/wp\/v2\/posts\/27050\/revisions"}],"predecessor-version":[{"id":27052,"href":"https:\/\/akunq.net\/tr\/index.php?rest_route=\/wp\/v2\/posts\/27050\/revisions\/27052"}],"wp:attachment":[{"href":"https:\/\/akunq.net\/tr\/index.php?rest_route=%2Fwp%2Fv2%2Fmedia&parent=27050"}],"wp:term":[{"taxonomy":"category","embeddable":true,"href":"https:\/\/akunq.net\/tr\/index.php?rest_route=%2Fwp%2Fv2%2Fcategories&post=27050"},{"taxonomy":"post_tag","embeddable":true,"href":"https:\/\/akunq.net\/tr\/index.php?rest_route=%2Fwp%2Fv2%2Ftags&post=27050"}],"curies":[{"name":"wp","href":"https:\/\/api.w.org\/{rel}","templated":true}]}}