{"id":27047,"date":"2013-11-23T02:58:20","date_gmt":"2013-11-23T07:58:20","guid":{"rendered":"http:\/\/akunq.net\/tr\/?p=27047"},"modified":"2013-11-23T02:58:20","modified_gmt":"2013-11-23T07:58:20","slug":"erdogan-ve-putin-karabag-sorununu-gorustuler","status":"publish","type":"post","link":"https:\/\/akunq.net\/tr\/?p=27047","title":{"rendered":"Erdo\u011fan ve Putin Karaba\u011f sorununu g\u00f6r\u00fc\u015ft\u00fcler"},"content":{"rendered":"<p style=\"text-align: justify;\"><strong><i><a href=\"http:\/\/akunq.net\/tr\/wp-content\/uploads\/2013\/11\/Erdo\u011fan-ve-Putin.jpg\"><img loading=\"lazy\" decoding=\"async\" class=\"alignright size-full wp-image-27048\" alt=\"Erdo\u011fan ve Putin\" src=\"http:\/\/akunq.net\/tr\/wp-content\/uploads\/2013\/11\/Erdo\u011fan-ve-Putin.jpg\" width=\"300\" height=\"207\" \/><\/a>T\u00fcrkiye Ba\u015fbakan\u0131 Erdo\u011fan, Rusya Federasyonu Devlet Ba\u015fkan\u0131 Putin ile bir araya geldi. <\/i><\/strong><\/p>\n<p style=\"text-align: justify;\"><b><i>G\u00f6r\u00fc\u015fmede Karaba\u011f sorunu da ele al\u0131nd\u0131.<\/i><\/b><\/p>\n<p style=\"text-align: justify;\">AA\u2019n\u0131n haberine g\u00f6re T\u00fcrkiye &#8211; Rusya 4. \u00dcst D\u00fczey \u0130\u015fbirli\u011fi Konseyi toplant\u0131s\u0131na kat\u0131lmak \u00fczere St. Petersburg&#8217;da bulunan Ba\u015fbakan Recep Tayyip Erdo\u011fan, konsey toplant\u0131s\u0131 \u00f6ncesinde Konstantinovski Saray\u0131&#8217;nda Rusya Federasyonu Devlet Ba\u015fkan\u0131 Vladimir Putin ile g\u00f6r\u00fc\u015ft\u00fc.<\/p>\n<p style=\"text-align: justify;\">G\u00f6r\u00fc\u015fmeye T\u00fcrk taraf\u0131ndan D\u0131\u015fi\u015fleri Bakan\u0131 Ahmet Davuto\u011flu ile AK Parti Genel Ba\u015fkan Yard\u0131mc\u0131s\u0131 Mevl\u00fct \u00c7avu\u015fo\u011flu, Rus taraf\u0131ndan da D\u0131\u015fi\u015fleri Bakan\u0131 Sergey Lavrov ile Kremlin D\u0131\u015f Politika Dan\u0131\u015fman\u0131 Yuriy U\u015fakov da kat\u0131ld\u0131.<\/p>\n<p style=\"text-align: justify;\">Ba\u015fbakan Erdo\u011fan, g\u00f6r\u00fc\u015fme \u00f6ncesinde yapt\u0131\u011f\u0131 k\u0131sa a\u00e7\u0131klamada, 4. \u00dcst D\u00fczey \u0130\u015fbirli\u011fi Konseyi toplant\u0131s\u0131na kat\u0131lmaktan b\u00fcy\u00fck mutluluk duydu\u011funu belirterek, bug\u00fcnk\u00fc g\u00f6r\u00fc\u015fmelerde ele al\u0131nacak iki \u00fclke ili\u015fkileri ve b\u00f6lgesel meselelerin \u00e7ok manidar olaca\u011f\u0131n\u0131 s\u00f6yledi.<\/p>\n<p style=\"text-align: justify;\">T\u00fcrkiye ve Rusya&#8217;n\u0131n m\u00fc\u015fterek atmas\u0131 gereken ad\u0131mlar oldu\u011funu vurgulayan Ba\u015fbakan Erdo\u011fan, &#8220;Bug\u00fcn, bu ad\u0131mlar\u0131 \u00e7ok daha g\u00fc\u00e7lendirerek ataca\u011f\u0131m\u0131za inan\u0131yorum&#8221; dedi.<\/p>\n<p style=\"text-align: justify;\">Rusya Devlet Ba\u015fkan\u0131 Putin de toplant\u0131lar\u0131n iki \u00fclke aras\u0131ndaki ili\u015fkilerin geli\u015fmesine katk\u0131 sa\u011flayaca\u011f\u0131n\u0131 belirtti.<\/p>\n<p style=\"text-align: justify;\"><strong>T\u00fcrkiye-Rusya 4. \u00dcst D\u00fczeyli \u0130\u015fbirli\u011fi Konseyi Toplant\u0131s\u0131<\/strong><\/p>\n<p style=\"text-align: justify;\">St Petersburg&#8217;daki Konstantinovski Saray\u0131\u2019nda, Ba\u015fbakan Erdo\u011fan ve Rusya Federasyonu Devlet Ba\u015fkan\u0131 Vladimir Putin ba\u015fkanl\u0131\u011f\u0131ndaki toplant\u0131 \u00f6ncesinde konu\u015fan Erdo\u011fan, \u015fahs\u0131na ve heyetine g\u00f6sterilen ev sahipli\u011fi dolay\u0131s\u0131yla Putin&#8217;e te\u015fekk\u00fcr etti.<\/p>\n<p style=\"text-align: justify;\">T\u00fcrkiye ve Rusya aras\u0131nda son y\u0131llardaki geli\u015fmelerin bir\u00e7ok \u00fclkeyi k\u0131skand\u0131racak noktaya geldi\u011fini ve farkl\u0131 alanlardaki i\u015fbirli\u011finin her ge\u00e7en g\u00fcn artarak devam etti\u011fini ifade eden Erdo\u011fan, askeri, siyasi, ekonomik, k\u00fclt\u00fcrel alandaki geli\u015fmelerin devam etti\u011fini s\u00f6yledi.<\/p>\n<p style=\"text-align: justify;\">\u0130ki \u00fclke aras\u0131ndaki ticaret hacminin 35 milyar dolara ula\u015ft\u0131\u011f\u0131n\u0131 vurgulayan Erdo\u011fan, 2013 y\u0131l\u0131n\u0131n eyl\u00fcl ay\u0131na kadar ticaret hacminde ya\u015fanan d\u00fc\u015f\u00fc\u015f\u00fcn de k\u00fcresel ekonomik krizden kaynakland\u0131\u011f\u0131n\u0131 dile getirdi.<\/p>\n<p style=\"text-align: justify;\">Ba\u015fbakan Erdo\u011fan, 2020&#8217;de iki \u00fclke aras\u0131ndaki ticaret hacmini 100 milyar dolara \u00e7\u0131karma hedefleri bulundu\u011funu bildirerek, &#8220;\u0130nan\u0131yorum ki bizim giri\u015fimcilerimiz bu konuda haz\u0131rlar. S\u00fcrekli kendilerini te\u015fvik ediyoruz, bir\u00e7ok alanlarda kendilerine bu te\u015fvikimizi s\u00fcrd\u00fcr\u00fcyoruz&#8221; dedi.<\/p>\n<p style=\"text-align: justify;\">Rus Siberbank&#8217;\u0131n T\u00fcrkiye&#8217;ye gelmi\u015f olmas\u0131n\u0131n finans alan\u0131ndaki ili\u015fkileri farkl\u0131 konuma ta\u015f\u0131d\u0131\u011f\u0131n\u0131 vurgulayan Erdo\u011fan, beraberindeki heyette Bankalar Birli\u011fi Ba\u015fkan\u0131 ve Ziraat Bankas\u0131 Genel M\u00fcd\u00fcr\u00fcn\u00fcn de bulundu\u011funu, muhataplar\u0131yla yapacaklar\u0131 \u00e7al\u0131\u015fmalarla kar\u015f\u0131l\u0131kl\u0131 yat\u0131r\u0131mlar konusunda gelece\u011fe y\u00f6nelik perspektifi de ortaya koyaca\u011f\u0131n\u0131 s\u00f6yledi.<\/p>\n<p style=\"text-align: justify;\"><strong>Konular A&#8217;dan Z&#8217;ye ela al\u0131nd\u0131<\/strong><\/p>\n<p style=\"text-align: justify;\">T\u00fcrk firmalar\u0131n\u0131n Rusya&#8217;daki toplam yat\u0131r\u0131m bedelinin 10 milyar dolara ula\u015ft\u0131\u011f\u0131n\u0131 hat\u0131rlatan Erdo\u011fan, &#8220;\u0130kili g\u00f6r\u00fc\u015fmemizde T\u00fcrkiye &#8211; Rusya aras\u0131ndaki konular\u0131 A&#8217;dan Z&#8217;ye ele alma imkan\u0131m\u0131z oldu&#8221; diye konu\u015ftu.<\/p>\n<p style=\"text-align: justify;\">K\u00fclt\u00fcrel alanda Rusya&#8217;n\u0131n \u0130stanbul&#8217;da d\u00fczenledi\u011fi etkinli\u011fin \u00e7ok ses getirdi\u011fini, T\u00fcrkiye&#8217;nin de Rusya&#8217;da atacaklar\u0131 ad\u0131mlar\u0131n \u00f6nemli ses getirece\u011fine inand\u0131\u011f\u0131n\u0131 belirten Erdo\u011fan, Rusya Federasyonu&#8217;nun Ankara&#8217;da bir k\u00fclt\u00fcr merkezi kurmas\u0131na her t\u00fcrl\u00fc deste\u011fi vereceklerini, ayn\u0131 \u015fekilde T\u00fcrkiye&#8217;nin de Moskova&#8217;da Yunus Emre K\u00fclt\u00fcr Merkezi kurmak istedi\u011fini dile getirdi.<\/p>\n<p style=\"text-align: justify;\">Ba\u015fbakan Erdo\u011fan, Rusya&#8217;dan T\u00fcrkiye&#8217;ye gelen turist say\u0131s\u0131n\u0131n 4 milyona ula\u015ft\u0131\u011f\u0131na i\u015faret ederek, &#8220;Biraz daha gayret edilirse birinci s\u0131raya Rusya&#8217;dan gelen dostlar\u0131m\u0131z \u00e7\u0131kacakt\u0131r. Bu halklar\u0131m\u0131z\u0131n kayna\u015fmas\u0131 i\u00e7in \u00e7ok \u00e7ok \u00f6nemli. Temennim odur ki T\u00fcrkiye&#8217;den de Rusya&#8217;ya gelen vatanda\u015flar\u0131m\u0131n say\u0131s\u0131 her ge\u00e7en g\u00fcn daha da arts\u0131n. Bu k\u00fclt\u00fcrel etkinliklerle daha da artacak diye d\u00fc\u015f\u00fcn\u00fcyorum. K\u00fclt\u00fcr ve Turizm Bakan\u0131m da seyahatte bizimle beraber, bu \u00e7al\u0131\u015fmalar\u0131 kar\u015f\u0131l\u0131kl\u0131 y\u00fcr\u00fcteceklerdir&#8221; de\u011ferlendirmesinde bulundu.<\/p>\n<p style=\"text-align: justify;\"><strong>B\u00f6lgesel sorunlar da g\u00f6r\u00fc\u015f\u00fcld\u00fc<\/strong><\/p>\n<p style=\"text-align: justify;\">G\u00f6r\u00fc\u015fmelerde b\u00f6lgesel meselelerin de ele al\u0131nd\u0131\u011f\u0131n\u0131 bildiren Erdo\u011fan, &#8220;B\u00f6lgede \u015fu anda Rusya ve T\u00fcrkiye olarak \u00fczerimizde \u00f6nemli y\u00fcklerin oldu\u011funa inan\u0131yorum. Gerek Azerbaycan &#8211; Ermenistan aras\u0131ndaki konularda gerekse Suriye ile ilgili konularda, Irak&#8217;daki geli\u015fmelerde m\u00fc\u015fterek atabilece\u011fimiz ad\u0131mlar oldu\u011funa inan\u0131yorum ve bu konularda yapt\u0131\u011f\u0131m\u0131z g\u00f6r\u00fc\u015fmelerin gelece\u011fe y\u00f6nelik iyi bir \u00e7er\u00e7eve olu\u015fturmas\u0131n\u0131 temenni ediyorum&#8221; dedi.<\/p>\n<p style=\"text-align: justify;\">Toplant\u0131ya T\u00fcrkiye taraf\u0131ndan D\u0131\u015fi\u015fleri Bakan\u0131 Ahmet Davuto\u011flu, Ekonomi Bakan\u0131 Zafer \u00c7a\u011flayan, Enerji ve Tabii Kaynaklar Bakan\u0131 Taner Y\u0131ld\u0131z, K\u00fclt\u00fcr ve Turizm Bakan\u0131 \u00d6mer \u00c7elik, Ula\u015ft\u0131rma, Denizcilik ve Haberle\u015fme Bakan\u0131 Binali Y\u0131ld\u0131r\u0131m, AK Parti Genel Ba\u015fkan Yard\u0131mc\u0131lar\u0131 Mevl\u00fct \u00c7avu\u015fo\u011flu, Salih Kapusuz, TBMM D\u0131\u015fi\u015fleri Komisyonu Ba\u015fkan\u0131 Volkan Bozk\u0131r, Ba\u015fbakanl\u0131k M\u00fcste\u015far\u0131 Efkan Ala, D\u0131\u015fi\u015fleri Bakanl\u0131\u011f\u0131 M\u00fcste\u015far\u0131 Feridun Sinirlio\u011flu; Rusya taraf\u0131nda da D\u0131\u015fi\u015fleri Bakan\u0131 Sergey Lavrov, Enerji Bakan\u0131 Alexsander Noval,Rusya K\u00fclt\u00fcr Bakan\u0131 Vladimir Medinski, Ula\u015ft\u0131rma Bakan\u0131 Maxim Y. Sokolov, Kremlin D\u0131\u015f Politika Dan\u0131\u015fman\u0131 Yuriy U\u015fakov kat\u0131l\u0131yor.<\/p>\n<p style=\"text-align: justify;\">Erdo\u011fan ve Putin, \u00dcst D\u00fczeyli Stratejik Konsey Toplant\u0131s\u0131&#8217;n\u0131n ard\u0131ndan resmi \u00f6\u011fle yeme\u011fine kat\u0131lacak ve mutab\u0131k kal\u0131nan anla\u015fmalar\u0131n imza t\u00f6reni sonras\u0131nda ortak bas\u0131n toplant\u0131s\u0131 d\u00fczenleyecek.<\/p>\n<p style=\"text-align: justify;\"><strong><i>(AA)<\/i><\/strong><\/p>\n<p style=\"text-align: justify;\"><b><i>http:\/\/www.1news.com.tr\/turkiye\/20131122025733582.html<\/i><\/b><\/p>\n","protected":false},"excerpt":{"rendered":"<p>T\u00fcrkiye Ba\u015fbakan\u0131 Erdo\u011fan, Rusya Federasyonu Devlet Ba\u015fkan\u0131 Putin ile bir araya geldi. G\u00f6r\u00fc\u015fmede Karaba\u011f sorunu da ele al\u0131nd\u0131. AA\u2019n\u0131n haberine g\u00f6re T\u00fcrkiye &#8211; Rusya 4. \u00dcst D\u00fczey \u0130\u015fbirli\u011fi Konseyi toplant\u0131s\u0131na kat\u0131lmak \u00fczere St. Petersburg&#8217;da bulunan Ba\u015fbakan Recep Tayyip Erdo\u011fan, konsey toplant\u0131s\u0131 \u00f6ncesinde Konstantinovski Saray\u0131&#8217;nda Rusya Federasyonu Devlet Ba\u015fkan\u0131 Vladimir Putin ile g\u00f6r\u00fc\u015ft\u00fc. G\u00f6r\u00fc\u015fmeye T\u00fcrk taraf\u0131ndan [&hellip;]<\/p>\n","protected":false},"author":7,"featured_media":0,"comment_status":"open","ping_status":"open","sticky":false,"template":"","format":"standard","meta":{"footnotes":""},"categories":[1],"tags":[],"class_list":["post-27047","post","type-post","status-publish","format-standard","hentry","category-haberler"],"yoast_head":"<!-- This site is optimized with the Yoast SEO plugin v27.4 - https:\/\/yoast.com\/product\/yoast-seo-wordpress\/ -->\n<title>Erdo\u011fan ve Putin Karaba\u011f sorununu g\u00f6r\u00fc\u015ft\u00fcler - Bati Ermenistan Ve Bati Ermenileri Sorunlari Ara\u015ftirmalar Merkezi<\/title>\n<meta name=\"robots\" content=\"index, follow, max-snippet:-1, max-image-preview:large, max-video-preview:-1\" \/>\n<link rel=\"canonical\" href=\"https:\/\/akunq.net\/tr\/?p=27047\" \/>\n<meta property=\"og:locale\" content=\"en_US\" \/>\n<meta property=\"og:type\" content=\"article\" \/>\n<meta property=\"og:title\" content=\"Erdo\u011fan ve Putin Karaba\u011f sorununu g\u00f6r\u00fc\u015ft\u00fcler - Bati Ermenistan Ve Bati Ermenileri Sorunlari Ara\u015ftirmalar Merkezi\" \/>\n<meta property=\"og:description\" content=\"T\u00fcrkiye Ba\u015fbakan\u0131 Erdo\u011fan, Rusya Federasyonu Devlet Ba\u015fkan\u0131 Putin ile bir araya geldi. G\u00f6r\u00fc\u015fmede Karaba\u011f sorunu da ele al\u0131nd\u0131. AA\u2019n\u0131n haberine g\u00f6re T\u00fcrkiye &#8211; Rusya 4. \u00dcst D\u00fczey \u0130\u015fbirli\u011fi Konseyi toplant\u0131s\u0131na kat\u0131lmak \u00fczere St. Petersburg&#8217;da bulunan Ba\u015fbakan Recep Tayyip Erdo\u011fan, konsey toplant\u0131s\u0131 \u00f6ncesinde Konstantinovski Saray\u0131&#8217;nda Rusya Federasyonu Devlet Ba\u015fkan\u0131 Vladimir Putin ile g\u00f6r\u00fc\u015ft\u00fc. G\u00f6r\u00fc\u015fmeye T\u00fcrk taraf\u0131ndan [&hellip;]\" \/>\n<meta property=\"og:url\" content=\"https:\/\/akunq.net\/tr\/?p=27047\" \/>\n<meta property=\"og:site_name\" content=\"Bati Ermenistan Ve Bati Ermenileri Sorunlari Ara\u015ftirmalar Merkezi\" \/>\n<meta property=\"article:published_time\" content=\"2013-11-23T07:58:20+00:00\" \/>\n<meta name=\"author\" content=\"admin\" \/>\n<meta name=\"twitter:card\" content=\"summary_large_image\" \/>\n<meta name=\"twitter:label1\" content=\"Written by\" \/>\n\t<meta name=\"twitter:data1\" content=\"admin\" \/>\n\t<meta name=\"twitter:label2\" content=\"Est. reading time\" \/>\n\t<meta name=\"twitter:data2\" content=\"5 minutes\" \/>\n<script type=\"application\/ld+json\" class=\"yoast-schema-graph\">{\"@context\":\"https:\\\/\\\/schema.org\",\"@graph\":[{\"@type\":\"Article\",\"@id\":\"https:\\\/\\\/akunq.net\\\/tr\\\/?p=27047#article\",\"isPartOf\":{\"@id\":\"https:\\\/\\\/akunq.net\\\/tr\\\/?p=27047\"},\"author\":{\"name\":\"admin\",\"@id\":\"https:\\\/\\\/akunq.net\\\/tr\\\/#\\\/schema\\\/person\\\/096f1d38a12cce57fb855b485ed24c9e\"},\"headline\":\"Erdo\u011fan ve Putin Karaba\u011f sorununu g\u00f6r\u00fc\u015ft\u00fcler\",\"datePublished\":\"2013-11-23T07:58:20+00:00\",\"mainEntityOfPage\":{\"@id\":\"https:\\\/\\\/akunq.net\\\/tr\\\/?p=27047\"},\"wordCount\":979,\"commentCount\":0,\"articleSection\":[\"Haberler\"],\"inLanguage\":\"en-US\",\"potentialAction\":[{\"@type\":\"CommentAction\",\"name\":\"Comment\",\"target\":[\"https:\\\/\\\/akunq.net\\\/tr\\\/?p=27047#respond\"]}]},{\"@type\":\"WebPage\",\"@id\":\"https:\\\/\\\/akunq.net\\\/tr\\\/?p=27047\",\"url\":\"https:\\\/\\\/akunq.net\\\/tr\\\/?p=27047\",\"name\":\"Erdo\u011fan ve Putin Karaba\u011f sorununu g\u00f6r\u00fc\u015ft\u00fcler - Bati Ermenistan Ve Bati Ermenileri Sorunlari Ara\u015ftirmalar Merkezi\",\"isPartOf\":{\"@id\":\"https:\\\/\\\/akunq.net\\\/tr\\\/#website\"},\"datePublished\":\"2013-11-23T07:58:20+00:00\",\"author\":{\"@id\":\"https:\\\/\\\/akunq.net\\\/tr\\\/#\\\/schema\\\/person\\\/096f1d38a12cce57fb855b485ed24c9e\"},\"breadcrumb\":{\"@id\":\"https:\\\/\\\/akunq.net\\\/tr\\\/?p=27047#breadcrumb\"},\"inLanguage\":\"en-US\",\"potentialAction\":[{\"@type\":\"ReadAction\",\"target\":[\"https:\\\/\\\/akunq.net\\\/tr\\\/?p=27047\"]}]},{\"@type\":\"BreadcrumbList\",\"@id\":\"https:\\\/\\\/akunq.net\\\/tr\\\/?p=27047#breadcrumb\",\"itemListElement\":[{\"@type\":\"ListItem\",\"position\":1,\"name\":\"Home\",\"item\":\"https:\\\/\\\/akunq.net\\\/tr\"},{\"@type\":\"ListItem\",\"position\":2,\"name\":\"Erdo\u011fan ve Putin Karaba\u011f sorununu g\u00f6r\u00fc\u015ft\u00fcler\"}]},{\"@type\":\"WebSite\",\"@id\":\"https:\\\/\\\/akunq.net\\\/tr\\\/#website\",\"url\":\"https:\\\/\\\/akunq.net\\\/tr\\\/\",\"name\":\"Bati Ermenistan Ve Bati Ermenileri Sorunlari Ara\u015ftirmalar Merkezi\",\"description\":\"\",\"potentialAction\":[{\"@type\":\"SearchAction\",\"target\":{\"@type\":\"EntryPoint\",\"urlTemplate\":\"https:\\\/\\\/akunq.net\\\/tr\\\/?s={search_term_string}\"},\"query-input\":{\"@type\":\"PropertyValueSpecification\",\"valueRequired\":true,\"valueName\":\"search_term_string\"}}],\"inLanguage\":\"en-US\"},{\"@type\":\"Person\",\"@id\":\"https:\\\/\\\/akunq.net\\\/tr\\\/#\\\/schema\\\/person\\\/096f1d38a12cce57fb855b485ed24c9e\",\"name\":\"admin\",\"url\":\"https:\\\/\\\/akunq.net\\\/tr\\\/?author=7\"}]}<\/script>\n<!-- \/ Yoast SEO plugin. -->","yoast_head_json":{"title":"Erdo\u011fan ve Putin Karaba\u011f sorununu g\u00f6r\u00fc\u015ft\u00fcler - Bati Ermenistan Ve Bati Ermenileri Sorunlari Ara\u015ftirmalar Merkezi","robots":{"index":"index","follow":"follow","max-snippet":"max-snippet:-1","max-image-preview":"max-image-preview:large","max-video-preview":"max-video-preview:-1"},"canonical":"https:\/\/akunq.net\/tr\/?p=27047","og_locale":"en_US","og_type":"article","og_title":"Erdo\u011fan ve Putin Karaba\u011f sorununu g\u00f6r\u00fc\u015ft\u00fcler - Bati Ermenistan Ve Bati Ermenileri Sorunlari Ara\u015ftirmalar Merkezi","og_description":"T\u00fcrkiye Ba\u015fbakan\u0131 Erdo\u011fan, Rusya Federasyonu Devlet Ba\u015fkan\u0131 Putin ile bir araya geldi. G\u00f6r\u00fc\u015fmede Karaba\u011f sorunu da ele al\u0131nd\u0131. AA\u2019n\u0131n haberine g\u00f6re T\u00fcrkiye &#8211; Rusya 4. \u00dcst D\u00fczey \u0130\u015fbirli\u011fi Konseyi toplant\u0131s\u0131na kat\u0131lmak \u00fczere St. Petersburg&#8217;da bulunan Ba\u015fbakan Recep Tayyip Erdo\u011fan, konsey toplant\u0131s\u0131 \u00f6ncesinde Konstantinovski Saray\u0131&#8217;nda Rusya Federasyonu Devlet Ba\u015fkan\u0131 Vladimir Putin ile g\u00f6r\u00fc\u015ft\u00fc. G\u00f6r\u00fc\u015fmeye T\u00fcrk taraf\u0131ndan [&hellip;]","og_url":"https:\/\/akunq.net\/tr\/?p=27047","og_site_name":"Bati Ermenistan Ve Bati Ermenileri Sorunlari Ara\u015ftirmalar Merkezi","article_published_time":"2013-11-23T07:58:20+00:00","author":"admin","twitter_card":"summary_large_image","twitter_misc":{"Written by":"admin","Est. reading time":"5 minutes"},"schema":{"@context":"https:\/\/schema.org","@graph":[{"@type":"Article","@id":"https:\/\/akunq.net\/tr\/?p=27047#article","isPartOf":{"@id":"https:\/\/akunq.net\/tr\/?p=27047"},"author":{"name":"admin","@id":"https:\/\/akunq.net\/tr\/#\/schema\/person\/096f1d38a12cce57fb855b485ed24c9e"},"headline":"Erdo\u011fan ve Putin Karaba\u011f sorununu g\u00f6r\u00fc\u015ft\u00fcler","datePublished":"2013-11-23T07:58:20+00:00","mainEntityOfPage":{"@id":"https:\/\/akunq.net\/tr\/?p=27047"},"wordCount":979,"commentCount":0,"articleSection":["Haberler"],"inLanguage":"en-US","potentialAction":[{"@type":"CommentAction","name":"Comment","target":["https:\/\/akunq.net\/tr\/?p=27047#respond"]}]},{"@type":"WebPage","@id":"https:\/\/akunq.net\/tr\/?p=27047","url":"https:\/\/akunq.net\/tr\/?p=27047","name":"Erdo\u011fan ve Putin Karaba\u011f sorununu g\u00f6r\u00fc\u015ft\u00fcler - Bati Ermenistan Ve Bati Ermenileri Sorunlari Ara\u015ftirmalar Merkezi","isPartOf":{"@id":"https:\/\/akunq.net\/tr\/#website"},"datePublished":"2013-11-23T07:58:20+00:00","author":{"@id":"https:\/\/akunq.net\/tr\/#\/schema\/person\/096f1d38a12cce57fb855b485ed24c9e"},"breadcrumb":{"@id":"https:\/\/akunq.net\/tr\/?p=27047#breadcrumb"},"inLanguage":"en-US","potentialAction":[{"@type":"ReadAction","target":["https:\/\/akunq.net\/tr\/?p=27047"]}]},{"@type":"BreadcrumbList","@id":"https:\/\/akunq.net\/tr\/?p=27047#breadcrumb","itemListElement":[{"@type":"ListItem","position":1,"name":"Home","item":"https:\/\/akunq.net\/tr"},{"@type":"ListItem","position":2,"name":"Erdo\u011fan ve Putin Karaba\u011f sorununu g\u00f6r\u00fc\u015ft\u00fcler"}]},{"@type":"WebSite","@id":"https:\/\/akunq.net\/tr\/#website","url":"https:\/\/akunq.net\/tr\/","name":"Bati Ermenistan Ve Bati Ermenileri Sorunlari Ara\u015ftirmalar Merkezi","description":"","potentialAction":[{"@type":"SearchAction","target":{"@type":"EntryPoint","urlTemplate":"https:\/\/akunq.net\/tr\/?s={search_term_string}"},"query-input":{"@type":"PropertyValueSpecification","valueRequired":true,"valueName":"search_term_string"}}],"inLanguage":"en-US"},{"@type":"Person","@id":"https:\/\/akunq.net\/tr\/#\/schema\/person\/096f1d38a12cce57fb855b485ed24c9e","name":"admin","url":"https:\/\/akunq.net\/tr\/?author=7"}]}},"_links":{"self":[{"href":"https:\/\/akunq.net\/tr\/index.php?rest_route=\/wp\/v2\/posts\/27047","targetHints":{"allow":["GET"]}}],"collection":[{"href":"https:\/\/akunq.net\/tr\/index.php?rest_route=\/wp\/v2\/posts"}],"about":[{"href":"https:\/\/akunq.net\/tr\/index.php?rest_route=\/wp\/v2\/types\/post"}],"author":[{"embeddable":true,"href":"https:\/\/akunq.net\/tr\/index.php?rest_route=\/wp\/v2\/users\/7"}],"replies":[{"embeddable":true,"href":"https:\/\/akunq.net\/tr\/index.php?rest_route=%2Fwp%2Fv2%2Fcomments&post=27047"}],"version-history":[{"count":1,"href":"https:\/\/akunq.net\/tr\/index.php?rest_route=\/wp\/v2\/posts\/27047\/revisions"}],"predecessor-version":[{"id":27049,"href":"https:\/\/akunq.net\/tr\/index.php?rest_route=\/wp\/v2\/posts\/27047\/revisions\/27049"}],"wp:attachment":[{"href":"https:\/\/akunq.net\/tr\/index.php?rest_route=%2Fwp%2Fv2%2Fmedia&parent=27047"}],"wp:term":[{"taxonomy":"category","embeddable":true,"href":"https:\/\/akunq.net\/tr\/index.php?rest_route=%2Fwp%2Fv2%2Fcategories&post=27047"},{"taxonomy":"post_tag","embeddable":true,"href":"https:\/\/akunq.net\/tr\/index.php?rest_route=%2Fwp%2Fv2%2Ftags&post=27047"}],"curies":[{"name":"wp","href":"https:\/\/api.w.org\/{rel}","templated":true}]}}